{"id":93773,"date":"2023-04-21T18:22:44","date_gmt":"2023-04-21T17:22:44","guid":{"rendered":"https:\/\/www.charles-de-flahaut.fr\/wordpress\/?p=93773"},"modified":"2025-10-21T14:24:58","modified_gmt":"2025-10-21T13:24:58","slug":"histoire-et-patrimoine-de-wasquehal-nord","status":"publish","type":"post","link":"https:\/\/www.charles-de-flahaut.fr\/wordpress\/histoire-et-patrimoine-de-wasquehal-nord\/","title":{"rendered":"Histoire et patrimoine de Wasquehal (Nord)"},"content":{"rendered":"<p><strong>Histoire et patrimoine de Wasquehal (Nord)<\/strong><br \/>\n<a href=\"https:\/\/www.ville-wasquehal.fr\/decouvrir-la-ville\/la-ville\/presentation-de-wasquehal\/\" target=\"_blank\" rel=\"noopener\">https:\/\/www.ville-wasquehal.fr\/decouvrir-la-ville\/la-ville\/presentation-de-wasquehal\/<\/a><\/p>\n<p><em>un site r\u00e9f\u00e9renc\u00e9 sur le nouvel\u00a0<a href=\"http:\/\/charles-de-flahaut.fr\/annuaire-histoire-communes\" target=\"_blank\" rel=\"noopener noreferrer\">Annuaire Historique des Communes de France<\/a><\/em><\/p>\n<p style=\"text-align: justify;\"><img loading=\"lazy\" decoding=\"async\" class=\"alignleft size-medium wp-image-47760\" src=\"https:\/\/charles-de-flahaut.fr\/annuaire-histoire-communes\/wp-content\/uploads\/2023\/04\/wasquehal59-300x158.jpg\" alt=\"\" width=\"300\" height=\"158\" \/>C\u00f4t\u00e9 patrimoine b\u00e2ti, les r\u00e9novations se sont amplement succ\u00e9d\u00e9 ces derni\u00e8res ann\u00e9es. Restauration de la Ferme Dehaudt de style flamand, de la surprenante \u00e9glise Saint-Cl\u00e9ment et r\u00e9cemment, de notre embl\u00e9matique Dojo. Aujourd\u2019hui, c\u2019est aussi au tour de l\u2019\u00e9glise Saint-Nicolas, c\u00e9l\u00e8bre pour ses orgues&#8230;<\/p>\n<p><em>(image et extrait du site officiel de la commune&#8230; <a href=\"https:\/\/www.ville-wasquehal.fr\/decouvrir-la-ville\/la-ville\/presentation-de-wasquehal\/\" target=\"_blank\" rel=\"noopener\">lire la suite<\/a>)<\/em><\/p>\n<p style=\"text-align: center;\"><a href=\"https:\/\/amzn.to\/48qlcGo\" target=\"_blank\" rel=\"noopener\"><strong>Ouvrages sur le Nord<\/strong><\/a><\/p>\n<p><a href=\"https:\/\/amzn.to\/3ITt9N2\" target=\"_blank\" rel=\"noopener\"><img loading=\"lazy\" decoding=\"async\" class=\"size-full wp-image-111337 aligncenter\" src=\"https:\/\/www.charles-de-flahaut.fr\/wordpress\/wp-content\/uploads\/2023\/04\/wasquehal.jpg\" alt=\"\" width=\"293\" height=\"425\" srcset=\"https:\/\/www.charles-de-flahaut.fr\/wordpress\/wp-content\/uploads\/2023\/04\/wasquehal.jpg 293w, https:\/\/www.charles-de-flahaut.fr\/wordpress\/wp-content\/uploads\/2023\/04\/wasquehal-207x300.jpg 207w\" sizes=\"auto, (max-width: 293px) 100vw, 293px\" \/><\/a><\/p>\n","protected":false},"excerpt":{"rendered":"<p>Histoire et patrimoine de Wasquehal (Nord) https:\/\/www.ville-wasquehal.fr\/decouvrir-la-ville\/la-ville\/presentation-de-wasquehal\/ un site r\u00e9f\u00e9renc\u00e9 sur le nouvel\u00a0Annuaire Historique des Communes de France C\u00f4t\u00e9 patrimoine b\u00e2ti, les r\u00e9novations se sont amplement succ\u00e9d\u00e9 ces derni\u00e8res ann\u00e9es. Restauration de la Ferme Dehaudt de style flamand, de la surprenante \u00e9glise Saint-Cl\u00e9ment et r\u00e9cemment, de notre embl\u00e9matique Dojo. Aujourd\u2019hui, c\u2019est aussi au tour de &hellip; <\/p>\n<p><a class=\"more-link btn\" href=\"https:\/\/www.charles-de-flahaut.fr\/wordpress\/histoire-et-patrimoine-de-wasquehal-nord\/\">Lire la suite<\/a><\/p>\n","protected":false},"author":117,"featured_media":0,"comment_status":"open","ping_status":"open","sticky":false,"template":"","format":"standard","meta":{"footnotes":""},"categories":[147,16,8],"tags":[],"class_list":["post-93773","post","type-post","status-publish","format-standard","hentry","category-59-nord","category-histoire-regionale","category-patrimoine","item-wrap"],"yoast_head":"<!-- This site is optimized with the Yoast SEO plugin v27.4 - https:\/\/yoast.com\/product\/yoast-seo-wordpress\/ -->\n<title>Histoire et patrimoine de Wasquehal (Nord) - Histoire de France - Communiqu\u00e9s<\/title>\n<meta name=\"description\" content=\"Restauration de la Ferme Dehaudt de style flamand, de la surprenante \u00e9glise Saint-Cl\u00e9ment et r\u00e9cemment....\" \/>\n<meta name=\"robots\" content=\"index, follow, max-snippet:-1, max-image-preview:large, max-video-preview:-1\" \/>\n<link rel=\"canonical\" href=\"https:\/\/www.charles-de-flahaut.fr\/wordpress\/histoire-et-patrimoine-de-wasquehal-nord\/\" \/>\n<meta property=\"og:locale\" content=\"fr_FR\" \/>\n<meta property=\"og:type\" content=\"article\" \/>\n<meta property=\"og:title\" content=\"Histoire et patrimoine de Wasquehal (Nord) - Histoire de France - Communiqu\u00e9s\" \/>\n<meta property=\"og:description\" content=\"Restauration de la Ferme Dehaudt de style flamand, de la surprenante \u00e9glise Saint-Cl\u00e9ment et r\u00e9cemment....\" \/>\n<meta property=\"og:url\" content=\"https:\/\/www.charles-de-flahaut.fr\/wordpress\/histoire-et-patrimoine-de-wasquehal-nord\/\" \/>\n<meta property=\"og:site_name\" content=\"Histoire de France - Communiqu\u00e9s\" \/>\n<meta property=\"article:publisher\" content=\"https:\/\/www.facebook.com\/Sites.HistoiredeFrance\" \/>\n<meta property=\"article:published_time\" content=\"2023-04-21T17:22:44+00:00\" \/>\n<meta property=\"article:modified_time\" content=\"2025-10-21T13:24:58+00:00\" \/>\n<meta property=\"og:image\" content=\"https:\/\/www.charles-de-flahaut.fr\/wordpress\/wp-content\/uploads\/2017\/08\/beaulieusouslaroche85.jpg\" \/>\n\t<meta property=\"og:image:width\" content=\"114\" \/>\n\t<meta property=\"og:image:height\" content=\"174\" \/>\n\t<meta property=\"og:image:type\" content=\"image\/jpeg\" \/>\n<meta name=\"author\" content=\"administrateur\" \/>\n<meta name=\"twitter:card\" content=\"summary_large_image\" \/>\n<meta name=\"twitter:label1\" content=\"\u00c9crit par\" \/>\n\t<meta name=\"twitter:data1\" content=\"administrateur\" \/>\n\t<meta name=\"twitter:label2\" content=\"Dur\u00e9e de lecture estim\u00e9e\" \/>\n\t<meta name=\"twitter:data2\" content=\"1 minute\" \/>\n<script type=\"application\/ld+json\" class=\"yoast-schema-graph\">{\"@context\":\"https:\\\/\\\/schema.org\",\"@graph\":[{\"@type\":\"Article\",\"@id\":\"https:\\\/\\\/www.charles-de-flahaut.fr\\\/wordpress\\\/histoire-et-patrimoine-de-wasquehal-nord\\\/#article\",\"isPartOf\":{\"@id\":\"https:\\\/\\\/www.charles-de-flahaut.fr\\\/wordpress\\\/histoire-et-patrimoine-de-wasquehal-nord\\\/\"},\"author\":{\"name\":\"administrateur\",\"@id\":\"https:\\\/\\\/www.charles-de-flahaut.fr\\\/wordpress\\\/#\\\/schema\\\/person\\\/41c41eaf9ae1d70810ff74a04a786c56\"},\"headline\":\"Histoire et patrimoine de Wasquehal (Nord)\",\"datePublished\":\"2023-04-21T17:22:44+00:00\",\"dateModified\":\"2025-10-21T13:24:58+00:00\",\"mainEntityOfPage\":{\"@id\":\"https:\\\/\\\/www.charles-de-flahaut.fr\\\/wordpress\\\/histoire-et-patrimoine-de-wasquehal-nord\\\/\"},\"wordCount\":106,\"commentCount\":0,\"publisher\":{\"@id\":\"https:\\\/\\\/www.charles-de-flahaut.fr\\\/wordpress\\\/#\\\/schema\\\/person\\\/81011c8b61bc74c05499365a506d49a9\"},\"image\":{\"@id\":\"https:\\\/\\\/www.charles-de-flahaut.fr\\\/wordpress\\\/histoire-et-patrimoine-de-wasquehal-nord\\\/#primaryimage\"},\"thumbnailUrl\":\"https:\\\/\\\/charles-de-flahaut.fr\\\/annuaire-histoire-communes\\\/wp-content\\\/uploads\\\/2023\\\/04\\\/wasquehal59-300x158.jpg\",\"articleSection\":[\"59 - Nord\",\"histoire locale\",\"patrimoine\"],\"inLanguage\":\"fr-FR\",\"potentialAction\":[{\"@type\":\"CommentAction\",\"name\":\"Comment\",\"target\":[\"https:\\\/\\\/www.charles-de-flahaut.fr\\\/wordpress\\\/histoire-et-patrimoine-de-wasquehal-nord\\\/#respond\"]}]},{\"@type\":\"WebPage\",\"@id\":\"https:\\\/\\\/www.charles-de-flahaut.fr\\\/wordpress\\\/histoire-et-patrimoine-de-wasquehal-nord\\\/\",\"url\":\"https:\\\/\\\/www.charles-de-flahaut.fr\\\/wordpress\\\/histoire-et-patrimoine-de-wasquehal-nord\\\/\",\"name\":\"Histoire et patrimoine de Wasquehal (Nord) - Histoire de France - Communiqu\u00e9s\",\"isPartOf\":{\"@id\":\"https:\\\/\\\/www.charles-de-flahaut.fr\\\/wordpress\\\/#website\"},\"primaryImageOfPage\":{\"@id\":\"https:\\\/\\\/www.charles-de-flahaut.fr\\\/wordpress\\\/histoire-et-patrimoine-de-wasquehal-nord\\\/#primaryimage\"},\"image\":{\"@id\":\"https:\\\/\\\/www.charles-de-flahaut.fr\\\/wordpress\\\/histoire-et-patrimoine-de-wasquehal-nord\\\/#primaryimage\"},\"thumbnailUrl\":\"https:\\\/\\\/charles-de-flahaut.fr\\\/annuaire-histoire-communes\\\/wp-content\\\/uploads\\\/2023\\\/04\\\/wasquehal59-300x158.jpg\",\"datePublished\":\"2023-04-21T17:22:44+00:00\",\"dateModified\":\"2025-10-21T13:24:58+00:00\",\"description\":\"Restauration de la Ferme Dehaudt de style flamand, de la surprenante \u00e9glise Saint-Cl\u00e9ment et r\u00e9cemment....\",\"breadcrumb\":{\"@id\":\"https:\\\/\\\/www.charles-de-flahaut.fr\\\/wordpress\\\/histoire-et-patrimoine-de-wasquehal-nord\\\/#breadcrumb\"},\"inLanguage\":\"fr-FR\",\"potentialAction\":[{\"@type\":\"ReadAction\",\"target\":[\"https:\\\/\\\/www.charles-de-flahaut.fr\\\/wordpress\\\/histoire-et-patrimoine-de-wasquehal-nord\\\/\"]}]},{\"@type\":\"ImageObject\",\"inLanguage\":\"fr-FR\",\"@id\":\"https:\\\/\\\/www.charles-de-flahaut.fr\\\/wordpress\\\/histoire-et-patrimoine-de-wasquehal-nord\\\/#primaryimage\",\"url\":\"https:\\\/\\\/charles-de-flahaut.fr\\\/annuaire-histoire-communes\\\/wp-content\\\/uploads\\\/2023\\\/04\\\/wasquehal59-300x158.jpg\",\"contentUrl\":\"https:\\\/\\\/charles-de-flahaut.fr\\\/annuaire-histoire-communes\\\/wp-content\\\/uploads\\\/2023\\\/04\\\/wasquehal59-300x158.jpg\"},{\"@type\":\"BreadcrumbList\",\"@id\":\"https:\\\/\\\/www.charles-de-flahaut.fr\\\/wordpress\\\/histoire-et-patrimoine-de-wasquehal-nord\\\/#breadcrumb\",\"itemListElement\":[{\"@type\":\"ListItem\",\"position\":1,\"name\":\"Accueil\",\"item\":\"https:\\\/\\\/www.charles-de-flahaut.fr\\\/wordpress\\\/\"},{\"@type\":\"ListItem\",\"position\":2,\"name\":\"Histoire et patrimoine de Wasquehal (Nord)\"}]},{\"@type\":\"WebSite\",\"@id\":\"https:\\\/\\\/www.charles-de-flahaut.fr\\\/wordpress\\\/#website\",\"url\":\"https:\\\/\\\/www.charles-de-flahaut.fr\\\/wordpress\\\/\",\"name\":\"Histoire de France - Communiqu\u00e9s\",\"description\":\"Histoire et patrimoine\",\"publisher\":{\"@id\":\"https:\\\/\\\/www.charles-de-flahaut.fr\\\/wordpress\\\/#\\\/schema\\\/person\\\/81011c8b61bc74c05499365a506d49a9\"},\"potentialAction\":[{\"@type\":\"SearchAction\",\"target\":{\"@type\":\"EntryPoint\",\"urlTemplate\":\"https:\\\/\\\/www.charles-de-flahaut.fr\\\/wordpress\\\/?s={search_term_string}\"},\"query-input\":{\"@type\":\"PropertyValueSpecification\",\"valueRequired\":true,\"valueName\":\"search_term_string\"}}],\"inLanguage\":\"fr-FR\"},{\"@type\":[\"Person\",\"Organization\"],\"@id\":\"https:\\\/\\\/www.charles-de-flahaut.fr\\\/wordpress\\\/#\\\/schema\\\/person\\\/81011c8b61bc74c05499365a506d49a9\",\"name\":\"administrateur\",\"logo\":{\"@id\":\"https:\\\/\\\/www.charles-de-flahaut.fr\\\/wordpress\\\/#\\\/schema\\\/person\\\/image\\\/\"},\"sameAs\":[\"http:\\\/\\\/www.charles-de-flahaut.fr\",\"https:\\\/\\\/www.facebook.com\\\/Sites.HistoiredeFrance\"]},{\"@type\":\"Person\",\"@id\":\"https:\\\/\\\/www.charles-de-flahaut.fr\\\/wordpress\\\/#\\\/schema\\\/person\\\/41c41eaf9ae1d70810ff74a04a786c56\",\"name\":\"administrateur\",\"url\":\"https:\\\/\\\/www.charles-de-flahaut.fr\\\/wordpress\\\/author\\\/hist_8la_ad\\\/\"}]}<\/script>\n<!-- \/ Yoast SEO plugin. -->","yoast_head_json":{"title":"Histoire et patrimoine de Wasquehal (Nord) - Histoire de France - Communiqu\u00e9s","description":"Restauration de la Ferme Dehaudt de style flamand, de la surprenante \u00e9glise Saint-Cl\u00e9ment et r\u00e9cemment....","robots":{"index":"index","follow":"follow","max-snippet":"max-snippet:-1","max-image-preview":"max-image-preview:large","max-video-preview":"max-video-preview:-1"},"canonical":"https:\/\/www.charles-de-flahaut.fr\/wordpress\/histoire-et-patrimoine-de-wasquehal-nord\/","og_locale":"fr_FR","og_type":"article","og_title":"Histoire et patrimoine de Wasquehal (Nord) - Histoire de France - Communiqu\u00e9s","og_description":"Restauration de la Ferme Dehaudt de style flamand, de la surprenante \u00e9glise Saint-Cl\u00e9ment et r\u00e9cemment....","og_url":"https:\/\/www.charles-de-flahaut.fr\/wordpress\/histoire-et-patrimoine-de-wasquehal-nord\/","og_site_name":"Histoire de France - Communiqu\u00e9s","article_publisher":"https:\/\/www.facebook.com\/Sites.HistoiredeFrance","article_published_time":"2023-04-21T17:22:44+00:00","article_modified_time":"2025-10-21T13:24:58+00:00","og_image":[{"width":114,"height":174,"url":"https:\/\/www.charles-de-flahaut.fr\/wordpress\/wp-content\/uploads\/2017\/08\/beaulieusouslaroche85.jpg","type":"image\/jpeg"}],"author":"administrateur","twitter_card":"summary_large_image","twitter_misc":{"\u00c9crit par":"administrateur","Dur\u00e9e de lecture estim\u00e9e":"1 minute"},"schema":{"@context":"https:\/\/schema.org","@graph":[{"@type":"Article","@id":"https:\/\/www.charles-de-flahaut.fr\/wordpress\/histoire-et-patrimoine-de-wasquehal-nord\/#article","isPartOf":{"@id":"https:\/\/www.charles-de-flahaut.fr\/wordpress\/histoire-et-patrimoine-de-wasquehal-nord\/"},"author":{"name":"administrateur","@id":"https:\/\/www.charles-de-flahaut.fr\/wordpress\/#\/schema\/person\/41c41eaf9ae1d70810ff74a04a786c56"},"headline":"Histoire et patrimoine de Wasquehal (Nord)","datePublished":"2023-04-21T17:22:44+00:00","dateModified":"2025-10-21T13:24:58+00:00","mainEntityOfPage":{"@id":"https:\/\/www.charles-de-flahaut.fr\/wordpress\/histoire-et-patrimoine-de-wasquehal-nord\/"},"wordCount":106,"commentCount":0,"publisher":{"@id":"https:\/\/www.charles-de-flahaut.fr\/wordpress\/#\/schema\/person\/81011c8b61bc74c05499365a506d49a9"},"image":{"@id":"https:\/\/www.charles-de-flahaut.fr\/wordpress\/histoire-et-patrimoine-de-wasquehal-nord\/#primaryimage"},"thumbnailUrl":"https:\/\/charles-de-flahaut.fr\/annuaire-histoire-communes\/wp-content\/uploads\/2023\/04\/wasquehal59-300x158.jpg","articleSection":["59 - Nord","histoire locale","patrimoine"],"inLanguage":"fr-FR","potentialAction":[{"@type":"CommentAction","name":"Comment","target":["https:\/\/www.charles-de-flahaut.fr\/wordpress\/histoire-et-patrimoine-de-wasquehal-nord\/#respond"]}]},{"@type":"WebPage","@id":"https:\/\/www.charles-de-flahaut.fr\/wordpress\/histoire-et-patrimoine-de-wasquehal-nord\/","url":"https:\/\/www.charles-de-flahaut.fr\/wordpress\/histoire-et-patrimoine-de-wasquehal-nord\/","name":"Histoire et patrimoine de Wasquehal (Nord) - Histoire de France - Communiqu\u00e9s","isPartOf":{"@id":"https:\/\/www.charles-de-flahaut.fr\/wordpress\/#website"},"primaryImageOfPage":{"@id":"https:\/\/www.charles-de-flahaut.fr\/wordpress\/histoire-et-patrimoine-de-wasquehal-nord\/#primaryimage"},"image":{"@id":"https:\/\/www.charles-de-flahaut.fr\/wordpress\/histoire-et-patrimoine-de-wasquehal-nord\/#primaryimage"},"thumbnailUrl":"https:\/\/charles-de-flahaut.fr\/annuaire-histoire-communes\/wp-content\/uploads\/2023\/04\/wasquehal59-300x158.jpg","datePublished":"2023-04-21T17:22:44+00:00","dateModified":"2025-10-21T13:24:58+00:00","description":"Restauration de la Ferme Dehaudt de style flamand, de la surprenante \u00e9glise Saint-Cl\u00e9ment et r\u00e9cemment....","breadcrumb":{"@id":"https:\/\/www.charles-de-flahaut.fr\/wordpress\/histoire-et-patrimoine-de-wasquehal-nord\/#breadcrumb"},"inLanguage":"fr-FR","potentialAction":[{"@type":"ReadAction","target":["https:\/\/www.charles-de-flahaut.fr\/wordpress\/histoire-et-patrimoine-de-wasquehal-nord\/"]}]},{"@type":"ImageObject","inLanguage":"fr-FR","@id":"https:\/\/www.charles-de-flahaut.fr\/wordpress\/histoire-et-patrimoine-de-wasquehal-nord\/#primaryimage","url":"https:\/\/charles-de-flahaut.fr\/annuaire-histoire-communes\/wp-content\/uploads\/2023\/04\/wasquehal59-300x158.jpg","contentUrl":"https:\/\/charles-de-flahaut.fr\/annuaire-histoire-communes\/wp-content\/uploads\/2023\/04\/wasquehal59-300x158.jpg"},{"@type":"BreadcrumbList","@id":"https:\/\/www.charles-de-flahaut.fr\/wordpress\/histoire-et-patrimoine-de-wasquehal-nord\/#breadcrumb","itemListElement":[{"@type":"ListItem","position":1,"name":"Accueil","item":"https:\/\/www.charles-de-flahaut.fr\/wordpress\/"},{"@type":"ListItem","position":2,"name":"Histoire et patrimoine de Wasquehal (Nord)"}]},{"@type":"WebSite","@id":"https:\/\/www.charles-de-flahaut.fr\/wordpress\/#website","url":"https:\/\/www.charles-de-flahaut.fr\/wordpress\/","name":"Histoire de France - Communiqu\u00e9s","description":"Histoire et patrimoine","publisher":{"@id":"https:\/\/www.charles-de-flahaut.fr\/wordpress\/#\/schema\/person\/81011c8b61bc74c05499365a506d49a9"},"potentialAction":[{"@type":"SearchAction","target":{"@type":"EntryPoint","urlTemplate":"https:\/\/www.charles-de-flahaut.fr\/wordpress\/?s={search_term_string}"},"query-input":{"@type":"PropertyValueSpecification","valueRequired":true,"valueName":"search_term_string"}}],"inLanguage":"fr-FR"},{"@type":["Person","Organization"],"@id":"https:\/\/www.charles-de-flahaut.fr\/wordpress\/#\/schema\/person\/81011c8b61bc74c05499365a506d49a9","name":"administrateur","logo":{"@id":"https:\/\/www.charles-de-flahaut.fr\/wordpress\/#\/schema\/person\/image\/"},"sameAs":["http:\/\/www.charles-de-flahaut.fr","https:\/\/www.facebook.com\/Sites.HistoiredeFrance"]},{"@type":"Person","@id":"https:\/\/www.charles-de-flahaut.fr\/wordpress\/#\/schema\/person\/41c41eaf9ae1d70810ff74a04a786c56","name":"administrateur","url":"https:\/\/www.charles-de-flahaut.fr\/wordpress\/author\/hist_8la_ad\/"}]}},"views":14,"amp_enabled":true,"_links":{"self":[{"href":"https:\/\/www.charles-de-flahaut.fr\/wordpress\/wp-json\/wp\/v2\/posts\/93773","targetHints":{"allow":["GET"]}}],"collection":[{"href":"https:\/\/www.charles-de-flahaut.fr\/wordpress\/wp-json\/wp\/v2\/posts"}],"about":[{"href":"https:\/\/www.charles-de-flahaut.fr\/wordpress\/wp-json\/wp\/v2\/types\/post"}],"author":[{"embeddable":true,"href":"https:\/\/www.charles-de-flahaut.fr\/wordpress\/wp-json\/wp\/v2\/users\/117"}],"replies":[{"embeddable":true,"href":"https:\/\/www.charles-de-flahaut.fr\/wordpress\/wp-json\/wp\/v2\/comments?post=93773"}],"version-history":[{"count":3,"href":"https:\/\/www.charles-de-flahaut.fr\/wordpress\/wp-json\/wp\/v2\/posts\/93773\/revisions"}],"predecessor-version":[{"id":111338,"href":"https:\/\/www.charles-de-flahaut.fr\/wordpress\/wp-json\/wp\/v2\/posts\/93773\/revisions\/111338"}],"wp:attachment":[{"href":"https:\/\/www.charles-de-flahaut.fr\/wordpress\/wp-json\/wp\/v2\/media?parent=93773"}],"wp:term":[{"taxonomy":"category","embeddable":true,"href":"https:\/\/www.charles-de-flahaut.fr\/wordpress\/wp-json\/wp\/v2\/categories?post=93773"},{"taxonomy":"post_tag","embeddable":true,"href":"https:\/\/www.charles-de-flahaut.fr\/wordpress\/wp-json\/wp\/v2\/tags?post=93773"}],"curies":[{"name":"wp","href":"https:\/\/api.w.org\/{rel}","templated":true}]}}