{"id":93162,"date":"2023-02-16T09:40:13","date_gmt":"2023-02-16T08:40:13","guid":{"rendered":"https:\/\/www.charles-de-flahaut.fr\/wordpress\/?p=93162"},"modified":"2025-10-30T10:01:41","modified_gmt":"2025-10-30T09:01:41","slug":"histoire-et-patrimoine-de-villey-le-sec-meurthe-et-moselle","status":"publish","type":"post","link":"https:\/\/www.charles-de-flahaut.fr\/wordpress\/histoire-et-patrimoine-de-villey-le-sec-meurthe-et-moselle\/","title":{"rendered":"Histoire et patrimoine de Villey le Sec (Meurthe-et-Moselle)"},"content":{"rendered":"<p><strong>Histoire et patrimoine de Villey le Sec (Meurthe-et-Moselle)<\/strong><br \/>\n<a href=\"https:\/\/villeylesec.fr\/-Historique-\" target=\"_blank\" rel=\"noopener\">https:\/\/villeylesec.fr\/-Historique-<\/a><\/p>\n<p><em>un site r\u00e9f\u00e9renc\u00e9 sur le nouvel\u00a0<a href=\"http:\/\/charles-de-flahaut.fr\/annuaire-histoire-communes\" target=\"_blank\" rel=\"noopener noreferrer\">Annuaire Historique des Communes de France<\/a><\/em><\/p>\n<p style=\"text-align: justify;\"><img loading=\"lazy\" decoding=\"async\" class=\"alignleft size-full wp-image-47168\" src=\"https:\/\/charles-de-flahaut.fr\/annuaire-histoire-communes\/wp-content\/uploads\/2023\/02\/villeylesec54.png\" alt=\"\" width=\"200\" height=\"268\" \/>Notre village poss\u00e8de une histoire atypique.<\/p>\n<p style=\"text-align: justify;\">Lov\u00e9 dans son fort, il est situ\u00e9 \u00e0 324m d\u2019altitude, 8 km de Toul et 23 km de Nancy.<br class=\"autobr\" \/>Il vit au rythme d\u2019une population qui travaille \u00e0 l\u2019ext\u00e9rieur, des enfants qui vont \u00e0 l\u2019\u00e9cole en bus et d\u2019une population qui pratique sa religion dans plusieurs paroisses regroup\u00e9es, les nombreuses visites du fort, les activit\u00e9s du foyer rural et du camping&#8230;.<\/p>\n<p style=\"text-align: justify;\"><em>(image et extrait du site officiel de la commune&#8230; <a href=\"https:\/\/villeylesec.fr\/-Historique-\" target=\"_blank\" rel=\"noopener\">lire la suite<\/a>)<\/em><\/p>\n<p><a href=\"https:\/\/amzn.to\/48EYtq7\" target=\"_blank\" rel=\"noopener\"><strong>Ouvrages sur la Meurthe-et-Mosellle<\/strong><\/a><\/p>\n<p style=\"text-align: center;\"><a href=\"https:\/\/amzn.to\/4hzvpG3\" target=\"_blank\" rel=\"noopener\"><strong>Ouvrages sur Villey le Sec<\/strong><\/a><\/p>\n<p><a href=\"https:\/\/amzn.to\/4hzvpG3\" target=\"_blank\" rel=\"noopener\"><img loading=\"lazy\" decoding=\"async\" class=\"size-full wp-image-111741 aligncenter\" src=\"https:\/\/www.charles-de-flahaut.fr\/wordpress\/wp-content\/uploads\/2023\/02\/villeylesec.jpg\" alt=\"\" width=\"296\" height=\"385\" srcset=\"https:\/\/www.charles-de-flahaut.fr\/wordpress\/wp-content\/uploads\/2023\/02\/villeylesec.jpg 296w, https:\/\/www.charles-de-flahaut.fr\/wordpress\/wp-content\/uploads\/2023\/02\/villeylesec-231x300.jpg 231w\" sizes=\"auto, (max-width: 296px) 100vw, 296px\" \/><\/a><\/p>\n","protected":false},"excerpt":{"rendered":"<p>Histoire et patrimoine de Villey le Sec (Meurthe-et-Moselle) https:\/\/villeylesec.fr\/-Historique- un site r\u00e9f\u00e9renc\u00e9 sur le nouvel\u00a0Annuaire Historique des Communes de France Notre village poss\u00e8de une histoire atypique. Lov\u00e9 dans son fort, il est situ\u00e9 \u00e0 324m d\u2019altitude, 8 km de Toul et 23 km de Nancy.Il vit au rythme d\u2019une population qui travaille \u00e0 l\u2019ext\u00e9rieur, des &hellip; <\/p>\n<p><a class=\"more-link btn\" href=\"https:\/\/www.charles-de-flahaut.fr\/wordpress\/histoire-et-patrimoine-de-villey-le-sec-meurthe-et-moselle\/\">Lire la suite<\/a><\/p>\n","protected":false},"author":117,"featured_media":0,"comment_status":"open","ping_status":"open","sticky":false,"template":"","format":"standard","meta":{"footnotes":""},"categories":[142,16,8],"tags":[],"class_list":["post-93162","post","type-post","status-publish","format-standard","hentry","category-54-meurthe-et-moselle","category-histoire-regionale","category-patrimoine","item-wrap"],"yoast_head":"<!-- This site is optimized with the Yoast SEO plugin v27.5 - https:\/\/yoast.com\/product\/yoast-seo-wordpress\/ -->\n<title>Histoire et patrimoine de Villey le Sec (Meurthe-et-Moselle) - Histoire de France - Communiqu\u00e9s<\/title>\n<meta name=\"description\" content=\"Il vit au rythme d\u2019une population qui travaille \u00e0 l\u2019ext\u00e9rieur, des enfants qui vont \u00e0 l\u2019\u00e9cole en bus et d\u2019une population qui pratique sa religion...\" \/>\n<meta name=\"robots\" content=\"index, follow, max-snippet:-1, max-image-preview:large, max-video-preview:-1\" \/>\n<link rel=\"canonical\" href=\"https:\/\/www.charles-de-flahaut.fr\/wordpress\/histoire-et-patrimoine-de-villey-le-sec-meurthe-et-moselle\/\" \/>\n<meta property=\"og:locale\" content=\"fr_FR\" \/>\n<meta property=\"og:type\" content=\"article\" \/>\n<meta property=\"og:title\" content=\"Histoire et patrimoine de Villey le Sec (Meurthe-et-Moselle) - Histoire de France - Communiqu\u00e9s\" \/>\n<meta property=\"og:description\" content=\"Il vit au rythme d\u2019une population qui travaille \u00e0 l\u2019ext\u00e9rieur, des enfants qui vont \u00e0 l\u2019\u00e9cole en bus et d\u2019une population qui pratique sa religion...\" \/>\n<meta property=\"og:url\" content=\"https:\/\/www.charles-de-flahaut.fr\/wordpress\/histoire-et-patrimoine-de-villey-le-sec-meurthe-et-moselle\/\" \/>\n<meta property=\"og:site_name\" content=\"Histoire de France - Communiqu\u00e9s\" \/>\n<meta property=\"article:publisher\" content=\"https:\/\/www.facebook.com\/Sites.HistoiredeFrance\" \/>\n<meta property=\"article:published_time\" content=\"2023-02-16T08:40:13+00:00\" \/>\n<meta property=\"article:modified_time\" content=\"2025-10-30T09:01:41+00:00\" \/>\n<meta name=\"author\" content=\"administrateur\" \/>\n<meta name=\"twitter:card\" content=\"summary_large_image\" \/>\n<meta name=\"twitter:label1\" content=\"\u00c9crit par\" \/>\n\t<meta name=\"twitter:data1\" content=\"administrateur\" \/>\n\t<meta name=\"twitter:label2\" content=\"Dur\u00e9e de lecture estim\u00e9e\" \/>\n\t<meta name=\"twitter:data2\" content=\"1 minute\" \/>\n<script type=\"application\/ld+json\" class=\"yoast-schema-graph\">{\"@context\":\"https:\\\/\\\/schema.org\",\"@graph\":[{\"@type\":\"Article\",\"@id\":\"https:\\\/\\\/www.charles-de-flahaut.fr\\\/wordpress\\\/histoire-et-patrimoine-de-villey-le-sec-meurthe-et-moselle\\\/#article\",\"isPartOf\":{\"@id\":\"https:\\\/\\\/www.charles-de-flahaut.fr\\\/wordpress\\\/histoire-et-patrimoine-de-villey-le-sec-meurthe-et-moselle\\\/\"},\"author\":{\"name\":\"administrateur\",\"@id\":\"https:\\\/\\\/www.charles-de-flahaut.fr\\\/wordpress\\\/#\\\/schema\\\/person\\\/41c41eaf9ae1d70810ff74a04a786c56\"},\"headline\":\"Histoire et patrimoine de Villey le Sec (Meurthe-et-Moselle)\",\"datePublished\":\"2023-02-16T08:40:13+00:00\",\"dateModified\":\"2025-10-30T09:01:41+00:00\",\"mainEntityOfPage\":{\"@id\":\"https:\\\/\\\/www.charles-de-flahaut.fr\\\/wordpress\\\/histoire-et-patrimoine-de-villey-le-sec-meurthe-et-moselle\\\/\"},\"wordCount\":126,\"commentCount\":0,\"publisher\":{\"@id\":\"https:\\\/\\\/www.charles-de-flahaut.fr\\\/wordpress\\\/#\\\/schema\\\/person\\\/81011c8b61bc74c05499365a506d49a9\"},\"image\":{\"@id\":\"https:\\\/\\\/www.charles-de-flahaut.fr\\\/wordpress\\\/histoire-et-patrimoine-de-villey-le-sec-meurthe-et-moselle\\\/#primaryimage\"},\"thumbnailUrl\":\"https:\\\/\\\/charles-de-flahaut.fr\\\/annuaire-histoire-communes\\\/wp-content\\\/uploads\\\/2023\\\/02\\\/villeylesec54.png\",\"articleSection\":[\"54 - Meurthe-et-Moselle\",\"histoire locale\",\"patrimoine\"],\"inLanguage\":\"fr-FR\",\"potentialAction\":[{\"@type\":\"CommentAction\",\"name\":\"Comment\",\"target\":[\"https:\\\/\\\/www.charles-de-flahaut.fr\\\/wordpress\\\/histoire-et-patrimoine-de-villey-le-sec-meurthe-et-moselle\\\/#respond\"]}]},{\"@type\":\"WebPage\",\"@id\":\"https:\\\/\\\/www.charles-de-flahaut.fr\\\/wordpress\\\/histoire-et-patrimoine-de-villey-le-sec-meurthe-et-moselle\\\/\",\"url\":\"https:\\\/\\\/www.charles-de-flahaut.fr\\\/wordpress\\\/histoire-et-patrimoine-de-villey-le-sec-meurthe-et-moselle\\\/\",\"name\":\"Histoire et patrimoine de Villey le Sec (Meurthe-et-Moselle) - Histoire de France - Communiqu\u00e9s\",\"isPartOf\":{\"@id\":\"https:\\\/\\\/www.charles-de-flahaut.fr\\\/wordpress\\\/#website\"},\"primaryImageOfPage\":{\"@id\":\"https:\\\/\\\/www.charles-de-flahaut.fr\\\/wordpress\\\/histoire-et-patrimoine-de-villey-le-sec-meurthe-et-moselle\\\/#primaryimage\"},\"image\":{\"@id\":\"https:\\\/\\\/www.charles-de-flahaut.fr\\\/wordpress\\\/histoire-et-patrimoine-de-villey-le-sec-meurthe-et-moselle\\\/#primaryimage\"},\"thumbnailUrl\":\"https:\\\/\\\/charles-de-flahaut.fr\\\/annuaire-histoire-communes\\\/wp-content\\\/uploads\\\/2023\\\/02\\\/villeylesec54.png\",\"datePublished\":\"2023-02-16T08:40:13+00:00\",\"dateModified\":\"2025-10-30T09:01:41+00:00\",\"description\":\"Il vit au rythme d\u2019une population qui travaille \u00e0 l\u2019ext\u00e9rieur, des enfants qui vont \u00e0 l\u2019\u00e9cole en bus et d\u2019une population qui pratique sa religion...\",\"breadcrumb\":{\"@id\":\"https:\\\/\\\/www.charles-de-flahaut.fr\\\/wordpress\\\/histoire-et-patrimoine-de-villey-le-sec-meurthe-et-moselle\\\/#breadcrumb\"},\"inLanguage\":\"fr-FR\",\"potentialAction\":[{\"@type\":\"ReadAction\",\"target\":[\"https:\\\/\\\/www.charles-de-flahaut.fr\\\/wordpress\\\/histoire-et-patrimoine-de-villey-le-sec-meurthe-et-moselle\\\/\"]}]},{\"@type\":\"ImageObject\",\"inLanguage\":\"fr-FR\",\"@id\":\"https:\\\/\\\/www.charles-de-flahaut.fr\\\/wordpress\\\/histoire-et-patrimoine-de-villey-le-sec-meurthe-et-moselle\\\/#primaryimage\",\"url\":\"https:\\\/\\\/charles-de-flahaut.fr\\\/annuaire-histoire-communes\\\/wp-content\\\/uploads\\\/2023\\\/02\\\/villeylesec54.png\",\"contentUrl\":\"https:\\\/\\\/charles-de-flahaut.fr\\\/annuaire-histoire-communes\\\/wp-content\\\/uploads\\\/2023\\\/02\\\/villeylesec54.png\"},{\"@type\":\"BreadcrumbList\",\"@id\":\"https:\\\/\\\/www.charles-de-flahaut.fr\\\/wordpress\\\/histoire-et-patrimoine-de-villey-le-sec-meurthe-et-moselle\\\/#breadcrumb\",\"itemListElement\":[{\"@type\":\"ListItem\",\"position\":1,\"name\":\"Accueil\",\"item\":\"https:\\\/\\\/www.charles-de-flahaut.fr\\\/wordpress\\\/\"},{\"@type\":\"ListItem\",\"position\":2,\"name\":\"Histoire et patrimoine de Villey le Sec (Meurthe-et-Moselle)\"}]},{\"@type\":\"WebSite\",\"@id\":\"https:\\\/\\\/www.charles-de-flahaut.fr\\\/wordpress\\\/#website\",\"url\":\"https:\\\/\\\/www.charles-de-flahaut.fr\\\/wordpress\\\/\",\"name\":\"Histoire de France - Communiqu\u00e9s\",\"description\":\"Histoire et patrimoine\",\"publisher\":{\"@id\":\"https:\\\/\\\/www.charles-de-flahaut.fr\\\/wordpress\\\/#\\\/schema\\\/person\\\/81011c8b61bc74c05499365a506d49a9\"},\"potentialAction\":[{\"@type\":\"SearchAction\",\"target\":{\"@type\":\"EntryPoint\",\"urlTemplate\":\"https:\\\/\\\/www.charles-de-flahaut.fr\\\/wordpress\\\/?s={search_term_string}\"},\"query-input\":{\"@type\":\"PropertyValueSpecification\",\"valueRequired\":true,\"valueName\":\"search_term_string\"}}],\"inLanguage\":\"fr-FR\"},{\"@type\":[\"Person\",\"Organization\"],\"@id\":\"https:\\\/\\\/www.charles-de-flahaut.fr\\\/wordpress\\\/#\\\/schema\\\/person\\\/81011c8b61bc74c05499365a506d49a9\",\"name\":\"administrateur\",\"logo\":{\"@id\":\"https:\\\/\\\/www.charles-de-flahaut.fr\\\/wordpress\\\/#\\\/schema\\\/person\\\/image\\\/\"},\"sameAs\":[\"http:\\\/\\\/www.charles-de-flahaut.fr\",\"https:\\\/\\\/www.facebook.com\\\/Sites.HistoiredeFrance\"]},{\"@type\":\"Person\",\"@id\":\"https:\\\/\\\/www.charles-de-flahaut.fr\\\/wordpress\\\/#\\\/schema\\\/person\\\/41c41eaf9ae1d70810ff74a04a786c56\",\"name\":\"administrateur\",\"url\":\"https:\\\/\\\/www.charles-de-flahaut.fr\\\/wordpress\\\/author\\\/hist_8la_ad\\\/\"}]}<\/script>\n<!-- \/ Yoast SEO plugin. -->","yoast_head_json":{"title":"Histoire et patrimoine de Villey le Sec (Meurthe-et-Moselle) - Histoire de France - Communiqu\u00e9s","description":"Il vit au rythme d\u2019une population qui travaille \u00e0 l\u2019ext\u00e9rieur, des enfants qui vont \u00e0 l\u2019\u00e9cole en bus et d\u2019une population qui pratique sa religion...","robots":{"index":"index","follow":"follow","max-snippet":"max-snippet:-1","max-image-preview":"max-image-preview:large","max-video-preview":"max-video-preview:-1"},"canonical":"https:\/\/www.charles-de-flahaut.fr\/wordpress\/histoire-et-patrimoine-de-villey-le-sec-meurthe-et-moselle\/","og_locale":"fr_FR","og_type":"article","og_title":"Histoire et patrimoine de Villey le Sec (Meurthe-et-Moselle) - Histoire de France - Communiqu\u00e9s","og_description":"Il vit au rythme d\u2019une population qui travaille \u00e0 l\u2019ext\u00e9rieur, des enfants qui vont \u00e0 l\u2019\u00e9cole en bus et d\u2019une population qui pratique sa religion...","og_url":"https:\/\/www.charles-de-flahaut.fr\/wordpress\/histoire-et-patrimoine-de-villey-le-sec-meurthe-et-moselle\/","og_site_name":"Histoire de France - Communiqu\u00e9s","article_publisher":"https:\/\/www.facebook.com\/Sites.HistoiredeFrance","article_published_time":"2023-02-16T08:40:13+00:00","article_modified_time":"2025-10-30T09:01:41+00:00","author":"administrateur","twitter_card":"summary_large_image","twitter_misc":{"\u00c9crit par":"administrateur","Dur\u00e9e de lecture estim\u00e9e":"1 minute"},"schema":{"@context":"https:\/\/schema.org","@graph":[{"@type":"Article","@id":"https:\/\/www.charles-de-flahaut.fr\/wordpress\/histoire-et-patrimoine-de-villey-le-sec-meurthe-et-moselle\/#article","isPartOf":{"@id":"https:\/\/www.charles-de-flahaut.fr\/wordpress\/histoire-et-patrimoine-de-villey-le-sec-meurthe-et-moselle\/"},"author":{"name":"administrateur","@id":"https:\/\/www.charles-de-flahaut.fr\/wordpress\/#\/schema\/person\/41c41eaf9ae1d70810ff74a04a786c56"},"headline":"Histoire et patrimoine de Villey le Sec (Meurthe-et-Moselle)","datePublished":"2023-02-16T08:40:13+00:00","dateModified":"2025-10-30T09:01:41+00:00","mainEntityOfPage":{"@id":"https:\/\/www.charles-de-flahaut.fr\/wordpress\/histoire-et-patrimoine-de-villey-le-sec-meurthe-et-moselle\/"},"wordCount":126,"commentCount":0,"publisher":{"@id":"https:\/\/www.charles-de-flahaut.fr\/wordpress\/#\/schema\/person\/81011c8b61bc74c05499365a506d49a9"},"image":{"@id":"https:\/\/www.charles-de-flahaut.fr\/wordpress\/histoire-et-patrimoine-de-villey-le-sec-meurthe-et-moselle\/#primaryimage"},"thumbnailUrl":"https:\/\/charles-de-flahaut.fr\/annuaire-histoire-communes\/wp-content\/uploads\/2023\/02\/villeylesec54.png","articleSection":["54 - Meurthe-et-Moselle","histoire locale","patrimoine"],"inLanguage":"fr-FR","potentialAction":[{"@type":"CommentAction","name":"Comment","target":["https:\/\/www.charles-de-flahaut.fr\/wordpress\/histoire-et-patrimoine-de-villey-le-sec-meurthe-et-moselle\/#respond"]}]},{"@type":"WebPage","@id":"https:\/\/www.charles-de-flahaut.fr\/wordpress\/histoire-et-patrimoine-de-villey-le-sec-meurthe-et-moselle\/","url":"https:\/\/www.charles-de-flahaut.fr\/wordpress\/histoire-et-patrimoine-de-villey-le-sec-meurthe-et-moselle\/","name":"Histoire et patrimoine de Villey le Sec (Meurthe-et-Moselle) - Histoire de France - Communiqu\u00e9s","isPartOf":{"@id":"https:\/\/www.charles-de-flahaut.fr\/wordpress\/#website"},"primaryImageOfPage":{"@id":"https:\/\/www.charles-de-flahaut.fr\/wordpress\/histoire-et-patrimoine-de-villey-le-sec-meurthe-et-moselle\/#primaryimage"},"image":{"@id":"https:\/\/www.charles-de-flahaut.fr\/wordpress\/histoire-et-patrimoine-de-villey-le-sec-meurthe-et-moselle\/#primaryimage"},"thumbnailUrl":"https:\/\/charles-de-flahaut.fr\/annuaire-histoire-communes\/wp-content\/uploads\/2023\/02\/villeylesec54.png","datePublished":"2023-02-16T08:40:13+00:00","dateModified":"2025-10-30T09:01:41+00:00","description":"Il vit au rythme d\u2019une population qui travaille \u00e0 l\u2019ext\u00e9rieur, des enfants qui vont \u00e0 l\u2019\u00e9cole en bus et d\u2019une population qui pratique sa religion...","breadcrumb":{"@id":"https:\/\/www.charles-de-flahaut.fr\/wordpress\/histoire-et-patrimoine-de-villey-le-sec-meurthe-et-moselle\/#breadcrumb"},"inLanguage":"fr-FR","potentialAction":[{"@type":"ReadAction","target":["https:\/\/www.charles-de-flahaut.fr\/wordpress\/histoire-et-patrimoine-de-villey-le-sec-meurthe-et-moselle\/"]}]},{"@type":"ImageObject","inLanguage":"fr-FR","@id":"https:\/\/www.charles-de-flahaut.fr\/wordpress\/histoire-et-patrimoine-de-villey-le-sec-meurthe-et-moselle\/#primaryimage","url":"https:\/\/charles-de-flahaut.fr\/annuaire-histoire-communes\/wp-content\/uploads\/2023\/02\/villeylesec54.png","contentUrl":"https:\/\/charles-de-flahaut.fr\/annuaire-histoire-communes\/wp-content\/uploads\/2023\/02\/villeylesec54.png"},{"@type":"BreadcrumbList","@id":"https:\/\/www.charles-de-flahaut.fr\/wordpress\/histoire-et-patrimoine-de-villey-le-sec-meurthe-et-moselle\/#breadcrumb","itemListElement":[{"@type":"ListItem","position":1,"name":"Accueil","item":"https:\/\/www.charles-de-flahaut.fr\/wordpress\/"},{"@type":"ListItem","position":2,"name":"Histoire et patrimoine de Villey le Sec (Meurthe-et-Moselle)"}]},{"@type":"WebSite","@id":"https:\/\/www.charles-de-flahaut.fr\/wordpress\/#website","url":"https:\/\/www.charles-de-flahaut.fr\/wordpress\/","name":"Histoire de France - Communiqu\u00e9s","description":"Histoire et patrimoine","publisher":{"@id":"https:\/\/www.charles-de-flahaut.fr\/wordpress\/#\/schema\/person\/81011c8b61bc74c05499365a506d49a9"},"potentialAction":[{"@type":"SearchAction","target":{"@type":"EntryPoint","urlTemplate":"https:\/\/www.charles-de-flahaut.fr\/wordpress\/?s={search_term_string}"},"query-input":{"@type":"PropertyValueSpecification","valueRequired":true,"valueName":"search_term_string"}}],"inLanguage":"fr-FR"},{"@type":["Person","Organization"],"@id":"https:\/\/www.charles-de-flahaut.fr\/wordpress\/#\/schema\/person\/81011c8b61bc74c05499365a506d49a9","name":"administrateur","logo":{"@id":"https:\/\/www.charles-de-flahaut.fr\/wordpress\/#\/schema\/person\/image\/"},"sameAs":["http:\/\/www.charles-de-flahaut.fr","https:\/\/www.facebook.com\/Sites.HistoiredeFrance"]},{"@type":"Person","@id":"https:\/\/www.charles-de-flahaut.fr\/wordpress\/#\/schema\/person\/41c41eaf9ae1d70810ff74a04a786c56","name":"administrateur","url":"https:\/\/www.charles-de-flahaut.fr\/wordpress\/author\/hist_8la_ad\/"}]}},"views":26,"amp_enabled":true,"_links":{"self":[{"href":"https:\/\/www.charles-de-flahaut.fr\/wordpress\/wp-json\/wp\/v2\/posts\/93162","targetHints":{"allow":["GET"]}}],"collection":[{"href":"https:\/\/www.charles-de-flahaut.fr\/wordpress\/wp-json\/wp\/v2\/posts"}],"about":[{"href":"https:\/\/www.charles-de-flahaut.fr\/wordpress\/wp-json\/wp\/v2\/types\/post"}],"author":[{"embeddable":true,"href":"https:\/\/www.charles-de-flahaut.fr\/wordpress\/wp-json\/wp\/v2\/users\/117"}],"replies":[{"embeddable":true,"href":"https:\/\/www.charles-de-flahaut.fr\/wordpress\/wp-json\/wp\/v2\/comments?post=93162"}],"version-history":[{"count":4,"href":"https:\/\/www.charles-de-flahaut.fr\/wordpress\/wp-json\/wp\/v2\/posts\/93162\/revisions"}],"predecessor-version":[{"id":111742,"href":"https:\/\/www.charles-de-flahaut.fr\/wordpress\/wp-json\/wp\/v2\/posts\/93162\/revisions\/111742"}],"wp:attachment":[{"href":"https:\/\/www.charles-de-flahaut.fr\/wordpress\/wp-json\/wp\/v2\/media?parent=93162"}],"wp:term":[{"taxonomy":"category","embeddable":true,"href":"https:\/\/www.charles-de-flahaut.fr\/wordpress\/wp-json\/wp\/v2\/categories?post=93162"},{"taxonomy":"post_tag","embeddable":true,"href":"https:\/\/www.charles-de-flahaut.fr\/wordpress\/wp-json\/wp\/v2\/tags?post=93162"}],"curies":[{"name":"wp","href":"https:\/\/api.w.org\/{rel}","templated":true}]}}