{"id":9274,"date":"2014-11-16T11:31:43","date_gmt":"2014-11-16T10:31:43","guid":{"rendered":"http:\/\/www.charles-de-flahaut.fr\/wordpress\/?p=9274"},"modified":"2015-06-03T10:29:28","modified_gmt":"2015-06-03T09:29:28","slug":"montfermeil-seine-saint-denis-dans-lhistoire","status":"publish","type":"post","link":"https:\/\/www.charles-de-flahaut.fr\/wordpress\/montfermeil-seine-saint-denis-dans-lhistoire\/","title":{"rendered":"Montfermeil (Seine-Saint-Denis) dans l&rsquo;Histoire"},"content":{"rendered":"<p><strong>Montfermeil (Seine-Saint-Denis) dans l&rsquo;Histoire<\/strong><br \/>\n<a href=\"http:\/\/www.ville-montfermeil.fr\/-Montfermeil-dans-l-Histoire-.html\">http:\/\/www.ville-montfermeil.fr\/-Montfermeil-dans-l-Histoire-.html<\/a><\/p>\n<p><em>un nouveau site r\u00e9f\u00e9renc\u00e9 sur <a href=\"http:\/\/www.histoire-communes.jpflahaut.fr\/\" target=\"_blank\">Histoire et patrimoine des villes et villages de France<\/a><\/em><\/p>\n<p style=\"text-align: justify;\"><a href=\"http:\/\/www.charles-de-flahaut.fr\/wordpress\/wp-content\/uploads\/2014\/11\/montfermeil.jpg\"><img loading=\"lazy\" decoding=\"async\" class=\"alignleft  wp-image-9275\" src=\"http:\/\/www.charles-de-flahaut.fr\/wordpress\/wp-content\/uploads\/2014\/11\/montfermeil.jpg\" alt=\"montfermeil\" width=\"278\" height=\"179\" \/><\/a>Le nom de Montfermeil est \u00e9crit pour la premi\u00e8re fois, en 1122, sous la forme de Montefirmo et, en 1124, sous celle de Montfermolio dans le Cartulaire G\u00e9n\u00e9ral de Paris. Puis, il est cit\u00e9 en 1165 lors de la fondation du Prieur\u00e9 du Val Adam. Dans ce document, le seigneur ajoute \u00e0 son nom celui de sa terre : Adam de Montfermeil&#8230;<\/p>\n<p><em>(image et extrait du site officiel de la commune &#8230; <a href=\"http:\/\/www.ville-montfermeil.fr\/Montfermeil-des-origines-a-nos.html\" target=\"_blank\">lire la suite<\/a>)<\/em><\/p>\n<p><strong>A lire \u00e9galement :<\/strong><br \/>\n&#8211; <a href=\"http:\/\/www.ville-montfermeil.fr\/Montfermeil-et-son-blason.html\" target=\"_blank\">Montfermeil et son blason<\/a><br \/>\n&#8211; <a href=\"http:\/\/www.ville-montfermeil.fr\/Montfermeil-et-ses-dates.html\" target=\"_blank\">Dates importantes<\/a><br \/>\n&#8211; <a href=\"http:\/\/www.ville-montfermeil.fr\/Dix-des-personnalites-liees-a.html\" target=\"_blank\">Dix des personnalit\u00e9s li\u00e9es \u00e0 Montfermeil<\/a><\/p>\n<p><strong> Le patrimoine de Montfermeil :<\/strong><br \/>\n<a title=\"Les Coudreaux\" href=\"http:\/\/www.ville-montfermeil.fr\/Quartier-des-Coudreaux.html\">&#8211; <\/a><a title=\"Franceville\" href=\"http:\/\/www.ville-montfermeil.fr\/Quartier-de-Franceville.html\">Franceville<\/a><a title=\"Les Coudreaux\" href=\"http:\/\/www.ville-montfermeil.fr\/Quartier-des-Coudreaux.html\"><br \/>\n&#8211; <\/a><a title=\"Le centre ville\" href=\"http:\/\/www.ville-montfermeil.fr\/Le-centre-ville,148.html\">Le centre ville<\/a><a title=\"Les Coudreaux\" href=\"http:\/\/www.ville-montfermeil.fr\/Quartier-des-Coudreaux.html\"><br \/>\n&#8211; <\/a><a title=\"Les Bosquets\" href=\"http:\/\/www.ville-montfermeil.fr\/Quartier-des-Bosquets.html\">Les Bosquets<\/a><\/p>\n<p><iframe loading=\"lazy\" style=\"width: 120px; height: 240px;\" src=\"\/\/ws-eu.amazon-adsystem.com\/widgets\/q?ServiceVersion=20070822&amp;OneJS=1&amp;Operation=GetAdHtml&amp;MarketPlace=FR&amp;source=ac&amp;ref=tf_til&amp;ad_type=product_link&amp;tracking_id=charledeflaha-21&amp;marketplace=amazon&amp;region=FR&amp;placement=2843737184&amp;asins=2843737184&amp;linkId=4QR7RAR3JIMYGTKG&amp;show_border=true&amp;link_opens_in_new_window=true\" width=\"300\" height=\"150\" frameborder=\"0\" marginwidth=\"0\" marginheight=\"0\" scrolling=\"no\"><br \/>\n<\/iframe><\/p>\n","protected":false},"excerpt":{"rendered":"<p>Montfermeil (Seine-Saint-Denis) dans l&rsquo;Histoire http:\/\/www.ville-montfermeil.fr\/-Montfermeil-dans-l-Histoire-.html un nouveau site r\u00e9f\u00e9renc\u00e9 sur Histoire et patrimoine des villes et villages de France Le nom de Montfermeil est \u00e9crit pour la premi\u00e8re fois, en 1122, sous la forme de Montefirmo et, en 1124, sous celle de Montfermolio dans le Cartulaire G\u00e9n\u00e9ral de Paris. Puis, il est cit\u00e9 en 1165 &hellip; <\/p>\n<p><a class=\"more-link btn\" href=\"https:\/\/www.charles-de-flahaut.fr\/wordpress\/montfermeil-seine-saint-denis-dans-lhistoire\/\">Lire la suite<\/a><\/p>\n","protected":false},"author":117,"featured_media":0,"comment_status":"open","ping_status":"open","sticky":false,"template":"","format":"standard","meta":{"footnotes":""},"categories":[181,13,16,8,79],"tags":[],"class_list":["post-9274","post","type-post","status-publish","format-standard","hentry","category-93-seine-saint-denis","category-armoiries-blasons","category-histoire-regionale","category-patrimoine","category-personnages-celebres","item-wrap"],"yoast_head":"<!-- This site is optimized with the Yoast SEO plugin v27.5 - https:\/\/yoast.com\/product\/yoast-seo-wordpress\/ -->\n<title>Montfermeil (Seine-Saint-Denis) dans l&#039;Histoire - Histoire de France - Communiqu\u00e9s<\/title>\n<meta name=\"robots\" content=\"index, follow, max-snippet:-1, max-image-preview:large, max-video-preview:-1\" \/>\n<link rel=\"canonical\" href=\"https:\/\/www.charles-de-flahaut.fr\/wordpress\/montfermeil-seine-saint-denis-dans-lhistoire\/\" \/>\n<meta property=\"og:locale\" content=\"fr_FR\" \/>\n<meta property=\"og:type\" content=\"article\" \/>\n<meta property=\"og:title\" content=\"Montfermeil (Seine-Saint-Denis) dans l&#039;Histoire - Histoire de France - Communiqu\u00e9s\" \/>\n<meta property=\"og:description\" content=\"Montfermeil (Seine-Saint-Denis) dans l&rsquo;Histoire http:\/\/www.ville-montfermeil.fr\/-Montfermeil-dans-l-Histoire-.html un nouveau site r\u00e9f\u00e9renc\u00e9 sur Histoire et patrimoine des villes et villages de France Le nom de Montfermeil est \u00e9crit pour la premi\u00e8re fois, en 1122, sous la forme de Montefirmo et, en 1124, sous celle de Montfermolio dans le Cartulaire G\u00e9n\u00e9ral de Paris. Puis, il est cit\u00e9 en 1165 &hellip; Lire la suite\" \/>\n<meta property=\"og:url\" content=\"https:\/\/www.charles-de-flahaut.fr\/wordpress\/montfermeil-seine-saint-denis-dans-lhistoire\/\" \/>\n<meta property=\"og:site_name\" content=\"Histoire de France - Communiqu\u00e9s\" \/>\n<meta property=\"article:publisher\" content=\"https:\/\/www.facebook.com\/Sites.HistoiredeFrance\" \/>\n<meta property=\"article:published_time\" content=\"2014-11-16T10:31:43+00:00\" \/>\n<meta property=\"article:modified_time\" content=\"2015-06-03T09:29:28+00:00\" \/>\n<meta property=\"og:image\" content=\"http:\/\/www.charles-de-flahaut.fr\/wordpress\/wp-content\/uploads\/2014\/11\/montfermeil.jpg\" \/>\n<meta name=\"author\" content=\"administrateur\" \/>\n<meta name=\"twitter:card\" content=\"summary_large_image\" \/>\n<meta name=\"twitter:label1\" content=\"\u00c9crit par\" \/>\n\t<meta name=\"twitter:data1\" content=\"administrateur\" \/>\n\t<meta name=\"twitter:label2\" content=\"Dur\u00e9e de lecture estim\u00e9e\" \/>\n\t<meta name=\"twitter:data2\" content=\"1 minute\" \/>\n<script type=\"application\/ld+json\" class=\"yoast-schema-graph\">{\"@context\":\"https:\\\/\\\/schema.org\",\"@graph\":[{\"@type\":\"Article\",\"@id\":\"https:\\\/\\\/www.charles-de-flahaut.fr\\\/wordpress\\\/montfermeil-seine-saint-denis-dans-lhistoire\\\/#article\",\"isPartOf\":{\"@id\":\"https:\\\/\\\/www.charles-de-flahaut.fr\\\/wordpress\\\/montfermeil-seine-saint-denis-dans-lhistoire\\\/\"},\"author\":{\"name\":\"administrateur\",\"@id\":\"https:\\\/\\\/www.charles-de-flahaut.fr\\\/wordpress\\\/#\\\/schema\\\/person\\\/41c41eaf9ae1d70810ff74a04a786c56\"},\"headline\":\"Montfermeil (Seine-Saint-Denis) dans l&rsquo;Histoire\",\"datePublished\":\"2014-11-16T10:31:43+00:00\",\"dateModified\":\"2015-06-03T09:29:28+00:00\",\"mainEntityOfPage\":{\"@id\":\"https:\\\/\\\/www.charles-de-flahaut.fr\\\/wordpress\\\/montfermeil-seine-saint-denis-dans-lhistoire\\\/\"},\"wordCount\":136,\"commentCount\":0,\"publisher\":{\"@id\":\"https:\\\/\\\/www.charles-de-flahaut.fr\\\/wordpress\\\/#\\\/schema\\\/person\\\/81011c8b61bc74c05499365a506d49a9\"},\"image\":{\"@id\":\"https:\\\/\\\/www.charles-de-flahaut.fr\\\/wordpress\\\/montfermeil-seine-saint-denis-dans-lhistoire\\\/#primaryimage\"},\"thumbnailUrl\":\"http:\\\/\\\/www.charles-de-flahaut.fr\\\/wordpress\\\/wp-content\\\/uploads\\\/2014\\\/11\\\/montfermeil.jpg\",\"articleSection\":[\"93 - Seine-Saint-Denis\",\"armoiries, blasons\",\"histoire locale\",\"patrimoine\",\"personnages c\u00e9l\u00e8bres\"],\"inLanguage\":\"fr-FR\",\"potentialAction\":[{\"@type\":\"CommentAction\",\"name\":\"Comment\",\"target\":[\"https:\\\/\\\/www.charles-de-flahaut.fr\\\/wordpress\\\/montfermeil-seine-saint-denis-dans-lhistoire\\\/#respond\"]}]},{\"@type\":\"WebPage\",\"@id\":\"https:\\\/\\\/www.charles-de-flahaut.fr\\\/wordpress\\\/montfermeil-seine-saint-denis-dans-lhistoire\\\/\",\"url\":\"https:\\\/\\\/www.charles-de-flahaut.fr\\\/wordpress\\\/montfermeil-seine-saint-denis-dans-lhistoire\\\/\",\"name\":\"Montfermeil (Seine-Saint-Denis) dans l'Histoire - Histoire de France - Communiqu\u00e9s\",\"isPartOf\":{\"@id\":\"https:\\\/\\\/www.charles-de-flahaut.fr\\\/wordpress\\\/#website\"},\"primaryImageOfPage\":{\"@id\":\"https:\\\/\\\/www.charles-de-flahaut.fr\\\/wordpress\\\/montfermeil-seine-saint-denis-dans-lhistoire\\\/#primaryimage\"},\"image\":{\"@id\":\"https:\\\/\\\/www.charles-de-flahaut.fr\\\/wordpress\\\/montfermeil-seine-saint-denis-dans-lhistoire\\\/#primaryimage\"},\"thumbnailUrl\":\"http:\\\/\\\/www.charles-de-flahaut.fr\\\/wordpress\\\/wp-content\\\/uploads\\\/2014\\\/11\\\/montfermeil.jpg\",\"datePublished\":\"2014-11-16T10:31:43+00:00\",\"dateModified\":\"2015-06-03T09:29:28+00:00\",\"breadcrumb\":{\"@id\":\"https:\\\/\\\/www.charles-de-flahaut.fr\\\/wordpress\\\/montfermeil-seine-saint-denis-dans-lhistoire\\\/#breadcrumb\"},\"inLanguage\":\"fr-FR\",\"potentialAction\":[{\"@type\":\"ReadAction\",\"target\":[\"https:\\\/\\\/www.charles-de-flahaut.fr\\\/wordpress\\\/montfermeil-seine-saint-denis-dans-lhistoire\\\/\"]}]},{\"@type\":\"ImageObject\",\"inLanguage\":\"fr-FR\",\"@id\":\"https:\\\/\\\/www.charles-de-flahaut.fr\\\/wordpress\\\/montfermeil-seine-saint-denis-dans-lhistoire\\\/#primaryimage\",\"url\":\"http:\\\/\\\/www.charles-de-flahaut.fr\\\/wordpress\\\/wp-content\\\/uploads\\\/2014\\\/11\\\/montfermeil.jpg\",\"contentUrl\":\"http:\\\/\\\/www.charles-de-flahaut.fr\\\/wordpress\\\/wp-content\\\/uploads\\\/2014\\\/11\\\/montfermeil.jpg\"},{\"@type\":\"BreadcrumbList\",\"@id\":\"https:\\\/\\\/www.charles-de-flahaut.fr\\\/wordpress\\\/montfermeil-seine-saint-denis-dans-lhistoire\\\/#breadcrumb\",\"itemListElement\":[{\"@type\":\"ListItem\",\"position\":1,\"name\":\"Accueil\",\"item\":\"https:\\\/\\\/www.charles-de-flahaut.fr\\\/wordpress\\\/\"},{\"@type\":\"ListItem\",\"position\":2,\"name\":\"Montfermeil (Seine-Saint-Denis) dans l&rsquo;Histoire\"}]},{\"@type\":\"WebSite\",\"@id\":\"https:\\\/\\\/www.charles-de-flahaut.fr\\\/wordpress\\\/#website\",\"url\":\"https:\\\/\\\/www.charles-de-flahaut.fr\\\/wordpress\\\/\",\"name\":\"Histoire de France - Communiqu\u00e9s\",\"description\":\"Histoire et patrimoine\",\"publisher\":{\"@id\":\"https:\\\/\\\/www.charles-de-flahaut.fr\\\/wordpress\\\/#\\\/schema\\\/person\\\/81011c8b61bc74c05499365a506d49a9\"},\"potentialAction\":[{\"@type\":\"SearchAction\",\"target\":{\"@type\":\"EntryPoint\",\"urlTemplate\":\"https:\\\/\\\/www.charles-de-flahaut.fr\\\/wordpress\\\/?s={search_term_string}\"},\"query-input\":{\"@type\":\"PropertyValueSpecification\",\"valueRequired\":true,\"valueName\":\"search_term_string\"}}],\"inLanguage\":\"fr-FR\"},{\"@type\":[\"Person\",\"Organization\"],\"@id\":\"https:\\\/\\\/www.charles-de-flahaut.fr\\\/wordpress\\\/#\\\/schema\\\/person\\\/81011c8b61bc74c05499365a506d49a9\",\"name\":\"administrateur\",\"logo\":{\"@id\":\"https:\\\/\\\/www.charles-de-flahaut.fr\\\/wordpress\\\/#\\\/schema\\\/person\\\/image\\\/\"},\"sameAs\":[\"http:\\\/\\\/www.charles-de-flahaut.fr\",\"https:\\\/\\\/www.facebook.com\\\/Sites.HistoiredeFrance\"]},{\"@type\":\"Person\",\"@id\":\"https:\\\/\\\/www.charles-de-flahaut.fr\\\/wordpress\\\/#\\\/schema\\\/person\\\/41c41eaf9ae1d70810ff74a04a786c56\",\"name\":\"administrateur\",\"url\":\"https:\\\/\\\/www.charles-de-flahaut.fr\\\/wordpress\\\/author\\\/hist_8la_ad\\\/\"}]}<\/script>\n<!-- \/ Yoast SEO plugin. -->","yoast_head_json":{"title":"Montfermeil (Seine-Saint-Denis) dans l'Histoire - Histoire de France - Communiqu\u00e9s","robots":{"index":"index","follow":"follow","max-snippet":"max-snippet:-1","max-image-preview":"max-image-preview:large","max-video-preview":"max-video-preview:-1"},"canonical":"https:\/\/www.charles-de-flahaut.fr\/wordpress\/montfermeil-seine-saint-denis-dans-lhistoire\/","og_locale":"fr_FR","og_type":"article","og_title":"Montfermeil (Seine-Saint-Denis) dans l'Histoire - Histoire de France - Communiqu\u00e9s","og_description":"Montfermeil (Seine-Saint-Denis) dans l&rsquo;Histoire http:\/\/www.ville-montfermeil.fr\/-Montfermeil-dans-l-Histoire-.html un nouveau site r\u00e9f\u00e9renc\u00e9 sur Histoire et patrimoine des villes et villages de France Le nom de Montfermeil est \u00e9crit pour la premi\u00e8re fois, en 1122, sous la forme de Montefirmo et, en 1124, sous celle de Montfermolio dans le Cartulaire G\u00e9n\u00e9ral de Paris. Puis, il est cit\u00e9 en 1165 &hellip; Lire la suite","og_url":"https:\/\/www.charles-de-flahaut.fr\/wordpress\/montfermeil-seine-saint-denis-dans-lhistoire\/","og_site_name":"Histoire de France - Communiqu\u00e9s","article_publisher":"https:\/\/www.facebook.com\/Sites.HistoiredeFrance","article_published_time":"2014-11-16T10:31:43+00:00","article_modified_time":"2015-06-03T09:29:28+00:00","og_image":[{"url":"http:\/\/www.charles-de-flahaut.fr\/wordpress\/wp-content\/uploads\/2014\/11\/montfermeil.jpg","type":"","width":"","height":""}],"author":"administrateur","twitter_card":"summary_large_image","twitter_misc":{"\u00c9crit par":"administrateur","Dur\u00e9e de lecture estim\u00e9e":"1 minute"},"schema":{"@context":"https:\/\/schema.org","@graph":[{"@type":"Article","@id":"https:\/\/www.charles-de-flahaut.fr\/wordpress\/montfermeil-seine-saint-denis-dans-lhistoire\/#article","isPartOf":{"@id":"https:\/\/www.charles-de-flahaut.fr\/wordpress\/montfermeil-seine-saint-denis-dans-lhistoire\/"},"author":{"name":"administrateur","@id":"https:\/\/www.charles-de-flahaut.fr\/wordpress\/#\/schema\/person\/41c41eaf9ae1d70810ff74a04a786c56"},"headline":"Montfermeil (Seine-Saint-Denis) dans l&rsquo;Histoire","datePublished":"2014-11-16T10:31:43+00:00","dateModified":"2015-06-03T09:29:28+00:00","mainEntityOfPage":{"@id":"https:\/\/www.charles-de-flahaut.fr\/wordpress\/montfermeil-seine-saint-denis-dans-lhistoire\/"},"wordCount":136,"commentCount":0,"publisher":{"@id":"https:\/\/www.charles-de-flahaut.fr\/wordpress\/#\/schema\/person\/81011c8b61bc74c05499365a506d49a9"},"image":{"@id":"https:\/\/www.charles-de-flahaut.fr\/wordpress\/montfermeil-seine-saint-denis-dans-lhistoire\/#primaryimage"},"thumbnailUrl":"http:\/\/www.charles-de-flahaut.fr\/wordpress\/wp-content\/uploads\/2014\/11\/montfermeil.jpg","articleSection":["93 - Seine-Saint-Denis","armoiries, blasons","histoire locale","patrimoine","personnages c\u00e9l\u00e8bres"],"inLanguage":"fr-FR","potentialAction":[{"@type":"CommentAction","name":"Comment","target":["https:\/\/www.charles-de-flahaut.fr\/wordpress\/montfermeil-seine-saint-denis-dans-lhistoire\/#respond"]}]},{"@type":"WebPage","@id":"https:\/\/www.charles-de-flahaut.fr\/wordpress\/montfermeil-seine-saint-denis-dans-lhistoire\/","url":"https:\/\/www.charles-de-flahaut.fr\/wordpress\/montfermeil-seine-saint-denis-dans-lhistoire\/","name":"Montfermeil (Seine-Saint-Denis) dans l'Histoire - Histoire de France - Communiqu\u00e9s","isPartOf":{"@id":"https:\/\/www.charles-de-flahaut.fr\/wordpress\/#website"},"primaryImageOfPage":{"@id":"https:\/\/www.charles-de-flahaut.fr\/wordpress\/montfermeil-seine-saint-denis-dans-lhistoire\/#primaryimage"},"image":{"@id":"https:\/\/www.charles-de-flahaut.fr\/wordpress\/montfermeil-seine-saint-denis-dans-lhistoire\/#primaryimage"},"thumbnailUrl":"http:\/\/www.charles-de-flahaut.fr\/wordpress\/wp-content\/uploads\/2014\/11\/montfermeil.jpg","datePublished":"2014-11-16T10:31:43+00:00","dateModified":"2015-06-03T09:29:28+00:00","breadcrumb":{"@id":"https:\/\/www.charles-de-flahaut.fr\/wordpress\/montfermeil-seine-saint-denis-dans-lhistoire\/#breadcrumb"},"inLanguage":"fr-FR","potentialAction":[{"@type":"ReadAction","target":["https:\/\/www.charles-de-flahaut.fr\/wordpress\/montfermeil-seine-saint-denis-dans-lhistoire\/"]}]},{"@type":"ImageObject","inLanguage":"fr-FR","@id":"https:\/\/www.charles-de-flahaut.fr\/wordpress\/montfermeil-seine-saint-denis-dans-lhistoire\/#primaryimage","url":"http:\/\/www.charles-de-flahaut.fr\/wordpress\/wp-content\/uploads\/2014\/11\/montfermeil.jpg","contentUrl":"http:\/\/www.charles-de-flahaut.fr\/wordpress\/wp-content\/uploads\/2014\/11\/montfermeil.jpg"},{"@type":"BreadcrumbList","@id":"https:\/\/www.charles-de-flahaut.fr\/wordpress\/montfermeil-seine-saint-denis-dans-lhistoire\/#breadcrumb","itemListElement":[{"@type":"ListItem","position":1,"name":"Accueil","item":"https:\/\/www.charles-de-flahaut.fr\/wordpress\/"},{"@type":"ListItem","position":2,"name":"Montfermeil (Seine-Saint-Denis) dans l&rsquo;Histoire"}]},{"@type":"WebSite","@id":"https:\/\/www.charles-de-flahaut.fr\/wordpress\/#website","url":"https:\/\/www.charles-de-flahaut.fr\/wordpress\/","name":"Histoire de France - Communiqu\u00e9s","description":"Histoire et patrimoine","publisher":{"@id":"https:\/\/www.charles-de-flahaut.fr\/wordpress\/#\/schema\/person\/81011c8b61bc74c05499365a506d49a9"},"potentialAction":[{"@type":"SearchAction","target":{"@type":"EntryPoint","urlTemplate":"https:\/\/www.charles-de-flahaut.fr\/wordpress\/?s={search_term_string}"},"query-input":{"@type":"PropertyValueSpecification","valueRequired":true,"valueName":"search_term_string"}}],"inLanguage":"fr-FR"},{"@type":["Person","Organization"],"@id":"https:\/\/www.charles-de-flahaut.fr\/wordpress\/#\/schema\/person\/81011c8b61bc74c05499365a506d49a9","name":"administrateur","logo":{"@id":"https:\/\/www.charles-de-flahaut.fr\/wordpress\/#\/schema\/person\/image\/"},"sameAs":["http:\/\/www.charles-de-flahaut.fr","https:\/\/www.facebook.com\/Sites.HistoiredeFrance"]},{"@type":"Person","@id":"https:\/\/www.charles-de-flahaut.fr\/wordpress\/#\/schema\/person\/41c41eaf9ae1d70810ff74a04a786c56","name":"administrateur","url":"https:\/\/www.charles-de-flahaut.fr\/wordpress\/author\/hist_8la_ad\/"}]}},"views":536,"amp_enabled":true,"_links":{"self":[{"href":"https:\/\/www.charles-de-flahaut.fr\/wordpress\/wp-json\/wp\/v2\/posts\/9274","targetHints":{"allow":["GET"]}}],"collection":[{"href":"https:\/\/www.charles-de-flahaut.fr\/wordpress\/wp-json\/wp\/v2\/posts"}],"about":[{"href":"https:\/\/www.charles-de-flahaut.fr\/wordpress\/wp-json\/wp\/v2\/types\/post"}],"author":[{"embeddable":true,"href":"https:\/\/www.charles-de-flahaut.fr\/wordpress\/wp-json\/wp\/v2\/users\/117"}],"replies":[{"embeddable":true,"href":"https:\/\/www.charles-de-flahaut.fr\/wordpress\/wp-json\/wp\/v2\/comments?post=9274"}],"version-history":[{"count":3,"href":"https:\/\/www.charles-de-flahaut.fr\/wordpress\/wp-json\/wp\/v2\/posts\/9274\/revisions"}],"predecessor-version":[{"id":13743,"href":"https:\/\/www.charles-de-flahaut.fr\/wordpress\/wp-json\/wp\/v2\/posts\/9274\/revisions\/13743"}],"wp:attachment":[{"href":"https:\/\/www.charles-de-flahaut.fr\/wordpress\/wp-json\/wp\/v2\/media?parent=9274"}],"wp:term":[{"taxonomy":"category","embeddable":true,"href":"https:\/\/www.charles-de-flahaut.fr\/wordpress\/wp-json\/wp\/v2\/categories?post=9274"},{"taxonomy":"post_tag","embeddable":true,"href":"https:\/\/www.charles-de-flahaut.fr\/wordpress\/wp-json\/wp\/v2\/tags?post=9274"}],"curies":[{"name":"wp","href":"https:\/\/api.w.org\/{rel}","templated":true}]}}