{"id":92257,"date":"2022-12-23T20:14:26","date_gmt":"2022-12-23T19:14:26","guid":{"rendered":"https:\/\/www.charles-de-flahaut.fr\/wordpress\/?p=92257"},"modified":"2025-11-12T09:03:39","modified_gmt":"2025-11-12T08:03:39","slug":"histoire-et-patrimoine-de-varogne-haute-saone","status":"publish","type":"post","link":"https:\/\/www.charles-de-flahaut.fr\/wordpress\/histoire-et-patrimoine-de-varogne-haute-saone\/","title":{"rendered":"Histoire et patrimoine de Varogne (Haute-Sa\u00f4ne)"},"content":{"rendered":"<p><strong>Histoire et patrimoine de Varogne (Haute-Sa\u00f4ne)<\/strong><br \/>\n<a href=\"https:\/\/varogne.fr\/presentation-de-la-commune\/\" target=\"_blank\" rel=\"noopener\">https:\/\/varogne.fr\/presentation-de-la-commune\/<\/a><\/p>\n<p><em>un site r\u00e9f\u00e9renc\u00e9 sur le nouvel\u00a0\u00a0<a href=\"https:\/\/charles-de-flahaut.fr\/annuaire-histoire-communes\" target=\"_blank\" rel=\"noopener noreferrer\">Annuaire Historique des Communes de France<\/a><\/em><\/p>\n<p style=\"text-align: justify;\"><img loading=\"lazy\" decoding=\"async\" class=\"alignleft size-medium wp-image-46314\" src=\"https:\/\/charles-de-flahaut.fr\/annuaire-histoire-communes\/wp-content\/uploads\/2022\/12\/varogne70-300x190.jpg\" alt=\"\" width=\"300\" height=\"190\" \/>On y trouve : la fontaine Voyo, dites \u201cLa Vieille Cave\u201d, antique fontaine vo\u00fbt\u00e9e intarissable, elle se gonfle rapidement par temps de pluie, elle est la source du \u201cRuisseau de Vienne\u201d qui se jette dans \u201cLe B\u00e2tard\u201d peu avant Flagy, ainsi que des vestiges de la voie romaine de Port-Sur-Sa\u00f4ne \u00e0 Luxeuil, appel\u00e9s Chemin des Sarrasins&#8230;.<\/p>\n<p><em>(image et extrait du site officiel de la commune&#8230; <a href=\"https:\/\/varogne.fr\/presentation-de-la-commune\/\" target=\"_blank\" rel=\"noopener\">lire la suit<\/a>e)<\/em><\/p>\n<p style=\"text-align: center;\"><a href=\"https:\/\/amzn.to\/49f2Wjh\" target=\"_blank\" rel=\"noopener\"><strong>Ouvrages sur la Haute-Sa\u00f4ne<\/strong><\/a><\/p>\n<p><a href=\"https:\/\/amzn.to\/4hVBX1D\" target=\"_blank\" rel=\"noopener\"><img loading=\"lazy\" decoding=\"async\" class=\"size-full wp-image-100191 aligncenter\" src=\"https:\/\/www.charles-de-flahaut.fr\/wordpress\/wp-content\/uploads\/2021\/12\/hautesaone3.jpg\" alt=\"\" width=\"309\" height=\"445\" srcset=\"https:\/\/www.charles-de-flahaut.fr\/wordpress\/wp-content\/uploads\/2021\/12\/hautesaone3.jpg 309w, https:\/\/www.charles-de-flahaut.fr\/wordpress\/wp-content\/uploads\/2021\/12\/hautesaone3-208x300.jpg 208w\" sizes=\"auto, (max-width: 309px) 100vw, 309px\" \/><\/a><\/p>\n","protected":false},"excerpt":{"rendered":"<p>Histoire et patrimoine de Varogne (Haute-Sa\u00f4ne) https:\/\/varogne.fr\/presentation-de-la-commune\/ un site r\u00e9f\u00e9renc\u00e9 sur le nouvel\u00a0\u00a0Annuaire Historique des Communes de France On y trouve : la fontaine Voyo, dites \u201cLa Vieille Cave\u201d, antique fontaine vo\u00fbt\u00e9e intarissable, elle se gonfle rapidement par temps de pluie, elle est la source du \u201cRuisseau de Vienne\u201d qui se jette dans \u201cLe B\u00e2tard\u201d &hellip; <\/p>\n<p><a class=\"more-link btn\" href=\"https:\/\/www.charles-de-flahaut.fr\/wordpress\/histoire-et-patrimoine-de-varogne-haute-saone\/\">Lire la suite<\/a><\/p>\n","protected":false},"author":117,"featured_media":0,"comment_status":"open","ping_status":"open","sticky":false,"template":"","format":"standard","meta":{"footnotes":""},"categories":[158,16,8],"tags":[],"class_list":["post-92257","post","type-post","status-publish","format-standard","hentry","category-70-haute-saone","category-histoire-regionale","category-patrimoine","item-wrap"],"yoast_head":"<!-- This site is optimized with the Yoast SEO plugin v27.4 - https:\/\/yoast.com\/product\/yoast-seo-wordpress\/ -->\n<title>Histoire et patrimoine de Varogne (Haute-Sa\u00f4ne) - Histoire de France - Communiqu\u00e9s<\/title>\n<meta name=\"description\" content=\"vestiges de la voie romaine de Port-Sur-Sa\u00f4ne \u00e0 Luxeuil, appel\u00e9s Chemin des Sarrasins....\" \/>\n<meta name=\"robots\" content=\"index, follow, max-snippet:-1, max-image-preview:large, max-video-preview:-1\" \/>\n<link rel=\"canonical\" href=\"https:\/\/www.charles-de-flahaut.fr\/wordpress\/histoire-et-patrimoine-de-varogne-haute-saone\/\" \/>\n<meta property=\"og:locale\" content=\"fr_FR\" \/>\n<meta property=\"og:type\" content=\"article\" \/>\n<meta property=\"og:title\" content=\"Histoire et patrimoine de Varogne (Haute-Sa\u00f4ne) - Histoire de France - Communiqu\u00e9s\" \/>\n<meta property=\"og:description\" content=\"vestiges de la voie romaine de Port-Sur-Sa\u00f4ne \u00e0 Luxeuil, appel\u00e9s Chemin des Sarrasins....\" \/>\n<meta property=\"og:url\" content=\"https:\/\/www.charles-de-flahaut.fr\/wordpress\/histoire-et-patrimoine-de-varogne-haute-saone\/\" \/>\n<meta property=\"og:site_name\" content=\"Histoire de France - Communiqu\u00e9s\" \/>\n<meta property=\"article:publisher\" content=\"https:\/\/www.facebook.com\/Sites.HistoiredeFrance\" \/>\n<meta property=\"article:published_time\" content=\"2022-12-23T19:14:26+00:00\" \/>\n<meta property=\"article:modified_time\" content=\"2025-11-12T08:03:39+00:00\" \/>\n<meta name=\"author\" content=\"administrateur\" \/>\n<meta name=\"twitter:card\" content=\"summary_large_image\" \/>\n<meta name=\"twitter:label1\" content=\"\u00c9crit par\" \/>\n\t<meta name=\"twitter:data1\" content=\"administrateur\" \/>\n\t<meta name=\"twitter:label2\" content=\"Dur\u00e9e de lecture estim\u00e9e\" \/>\n\t<meta name=\"twitter:data2\" content=\"1 minute\" \/>\n<script type=\"application\/ld+json\" class=\"yoast-schema-graph\">{\"@context\":\"https:\\\/\\\/schema.org\",\"@graph\":[{\"@type\":\"Article\",\"@id\":\"https:\\\/\\\/www.charles-de-flahaut.fr\\\/wordpress\\\/histoire-et-patrimoine-de-varogne-haute-saone\\\/#article\",\"isPartOf\":{\"@id\":\"https:\\\/\\\/www.charles-de-flahaut.fr\\\/wordpress\\\/histoire-et-patrimoine-de-varogne-haute-saone\\\/\"},\"author\":{\"name\":\"administrateur\",\"@id\":\"https:\\\/\\\/www.charles-de-flahaut.fr\\\/wordpress\\\/#\\\/schema\\\/person\\\/41c41eaf9ae1d70810ff74a04a786c56\"},\"headline\":\"Histoire et patrimoine de Varogne (Haute-Sa\u00f4ne)\",\"datePublished\":\"2022-12-23T19:14:26+00:00\",\"dateModified\":\"2025-11-12T08:03:39+00:00\",\"mainEntityOfPage\":{\"@id\":\"https:\\\/\\\/www.charles-de-flahaut.fr\\\/wordpress\\\/histoire-et-patrimoine-de-varogne-haute-saone\\\/\"},\"wordCount\":108,\"commentCount\":0,\"publisher\":{\"@id\":\"https:\\\/\\\/www.charles-de-flahaut.fr\\\/wordpress\\\/#\\\/schema\\\/person\\\/81011c8b61bc74c05499365a506d49a9\"},\"image\":{\"@id\":\"https:\\\/\\\/www.charles-de-flahaut.fr\\\/wordpress\\\/histoire-et-patrimoine-de-varogne-haute-saone\\\/#primaryimage\"},\"thumbnailUrl\":\"https:\\\/\\\/charles-de-flahaut.fr\\\/annuaire-histoire-communes\\\/wp-content\\\/uploads\\\/2022\\\/12\\\/varogne70-300x190.jpg\",\"articleSection\":[\"70 - Haute-Sa\u00f4ne\",\"histoire locale\",\"patrimoine\"],\"inLanguage\":\"fr-FR\",\"potentialAction\":[{\"@type\":\"CommentAction\",\"name\":\"Comment\",\"target\":[\"https:\\\/\\\/www.charles-de-flahaut.fr\\\/wordpress\\\/histoire-et-patrimoine-de-varogne-haute-saone\\\/#respond\"]}]},{\"@type\":\"WebPage\",\"@id\":\"https:\\\/\\\/www.charles-de-flahaut.fr\\\/wordpress\\\/histoire-et-patrimoine-de-varogne-haute-saone\\\/\",\"url\":\"https:\\\/\\\/www.charles-de-flahaut.fr\\\/wordpress\\\/histoire-et-patrimoine-de-varogne-haute-saone\\\/\",\"name\":\"Histoire et patrimoine de Varogne (Haute-Sa\u00f4ne) - Histoire de France - Communiqu\u00e9s\",\"isPartOf\":{\"@id\":\"https:\\\/\\\/www.charles-de-flahaut.fr\\\/wordpress\\\/#website\"},\"primaryImageOfPage\":{\"@id\":\"https:\\\/\\\/www.charles-de-flahaut.fr\\\/wordpress\\\/histoire-et-patrimoine-de-varogne-haute-saone\\\/#primaryimage\"},\"image\":{\"@id\":\"https:\\\/\\\/www.charles-de-flahaut.fr\\\/wordpress\\\/histoire-et-patrimoine-de-varogne-haute-saone\\\/#primaryimage\"},\"thumbnailUrl\":\"https:\\\/\\\/charles-de-flahaut.fr\\\/annuaire-histoire-communes\\\/wp-content\\\/uploads\\\/2022\\\/12\\\/varogne70-300x190.jpg\",\"datePublished\":\"2022-12-23T19:14:26+00:00\",\"dateModified\":\"2025-11-12T08:03:39+00:00\",\"description\":\"vestiges de la voie romaine de Port-Sur-Sa\u00f4ne \u00e0 Luxeuil, appel\u00e9s Chemin des Sarrasins....\",\"breadcrumb\":{\"@id\":\"https:\\\/\\\/www.charles-de-flahaut.fr\\\/wordpress\\\/histoire-et-patrimoine-de-varogne-haute-saone\\\/#breadcrumb\"},\"inLanguage\":\"fr-FR\",\"potentialAction\":[{\"@type\":\"ReadAction\",\"target\":[\"https:\\\/\\\/www.charles-de-flahaut.fr\\\/wordpress\\\/histoire-et-patrimoine-de-varogne-haute-saone\\\/\"]}]},{\"@type\":\"ImageObject\",\"inLanguage\":\"fr-FR\",\"@id\":\"https:\\\/\\\/www.charles-de-flahaut.fr\\\/wordpress\\\/histoire-et-patrimoine-de-varogne-haute-saone\\\/#primaryimage\",\"url\":\"https:\\\/\\\/charles-de-flahaut.fr\\\/annuaire-histoire-communes\\\/wp-content\\\/uploads\\\/2022\\\/12\\\/varogne70-300x190.jpg\",\"contentUrl\":\"https:\\\/\\\/charles-de-flahaut.fr\\\/annuaire-histoire-communes\\\/wp-content\\\/uploads\\\/2022\\\/12\\\/varogne70-300x190.jpg\"},{\"@type\":\"BreadcrumbList\",\"@id\":\"https:\\\/\\\/www.charles-de-flahaut.fr\\\/wordpress\\\/histoire-et-patrimoine-de-varogne-haute-saone\\\/#breadcrumb\",\"itemListElement\":[{\"@type\":\"ListItem\",\"position\":1,\"name\":\"Accueil\",\"item\":\"https:\\\/\\\/www.charles-de-flahaut.fr\\\/wordpress\\\/\"},{\"@type\":\"ListItem\",\"position\":2,\"name\":\"Histoire et patrimoine de Varogne (Haute-Sa\u00f4ne)\"}]},{\"@type\":\"WebSite\",\"@id\":\"https:\\\/\\\/www.charles-de-flahaut.fr\\\/wordpress\\\/#website\",\"url\":\"https:\\\/\\\/www.charles-de-flahaut.fr\\\/wordpress\\\/\",\"name\":\"Histoire de France - Communiqu\u00e9s\",\"description\":\"Histoire et patrimoine\",\"publisher\":{\"@id\":\"https:\\\/\\\/www.charles-de-flahaut.fr\\\/wordpress\\\/#\\\/schema\\\/person\\\/81011c8b61bc74c05499365a506d49a9\"},\"potentialAction\":[{\"@type\":\"SearchAction\",\"target\":{\"@type\":\"EntryPoint\",\"urlTemplate\":\"https:\\\/\\\/www.charles-de-flahaut.fr\\\/wordpress\\\/?s={search_term_string}\"},\"query-input\":{\"@type\":\"PropertyValueSpecification\",\"valueRequired\":true,\"valueName\":\"search_term_string\"}}],\"inLanguage\":\"fr-FR\"},{\"@type\":[\"Person\",\"Organization\"],\"@id\":\"https:\\\/\\\/www.charles-de-flahaut.fr\\\/wordpress\\\/#\\\/schema\\\/person\\\/81011c8b61bc74c05499365a506d49a9\",\"name\":\"administrateur\",\"logo\":{\"@id\":\"https:\\\/\\\/www.charles-de-flahaut.fr\\\/wordpress\\\/#\\\/schema\\\/person\\\/image\\\/\"},\"sameAs\":[\"http:\\\/\\\/www.charles-de-flahaut.fr\",\"https:\\\/\\\/www.facebook.com\\\/Sites.HistoiredeFrance\"]},{\"@type\":\"Person\",\"@id\":\"https:\\\/\\\/www.charles-de-flahaut.fr\\\/wordpress\\\/#\\\/schema\\\/person\\\/41c41eaf9ae1d70810ff74a04a786c56\",\"name\":\"administrateur\",\"url\":\"https:\\\/\\\/www.charles-de-flahaut.fr\\\/wordpress\\\/author\\\/hist_8la_ad\\\/\"}]}<\/script>\n<!-- \/ Yoast SEO plugin. -->","yoast_head_json":{"title":"Histoire et patrimoine de Varogne (Haute-Sa\u00f4ne) - Histoire de France - Communiqu\u00e9s","description":"vestiges de la voie romaine de Port-Sur-Sa\u00f4ne \u00e0 Luxeuil, appel\u00e9s Chemin des Sarrasins....","robots":{"index":"index","follow":"follow","max-snippet":"max-snippet:-1","max-image-preview":"max-image-preview:large","max-video-preview":"max-video-preview:-1"},"canonical":"https:\/\/www.charles-de-flahaut.fr\/wordpress\/histoire-et-patrimoine-de-varogne-haute-saone\/","og_locale":"fr_FR","og_type":"article","og_title":"Histoire et patrimoine de Varogne (Haute-Sa\u00f4ne) - Histoire de France - Communiqu\u00e9s","og_description":"vestiges de la voie romaine de Port-Sur-Sa\u00f4ne \u00e0 Luxeuil, appel\u00e9s Chemin des Sarrasins....","og_url":"https:\/\/www.charles-de-flahaut.fr\/wordpress\/histoire-et-patrimoine-de-varogne-haute-saone\/","og_site_name":"Histoire de France - Communiqu\u00e9s","article_publisher":"https:\/\/www.facebook.com\/Sites.HistoiredeFrance","article_published_time":"2022-12-23T19:14:26+00:00","article_modified_time":"2025-11-12T08:03:39+00:00","author":"administrateur","twitter_card":"summary_large_image","twitter_misc":{"\u00c9crit par":"administrateur","Dur\u00e9e de lecture estim\u00e9e":"1 minute"},"schema":{"@context":"https:\/\/schema.org","@graph":[{"@type":"Article","@id":"https:\/\/www.charles-de-flahaut.fr\/wordpress\/histoire-et-patrimoine-de-varogne-haute-saone\/#article","isPartOf":{"@id":"https:\/\/www.charles-de-flahaut.fr\/wordpress\/histoire-et-patrimoine-de-varogne-haute-saone\/"},"author":{"name":"administrateur","@id":"https:\/\/www.charles-de-flahaut.fr\/wordpress\/#\/schema\/person\/41c41eaf9ae1d70810ff74a04a786c56"},"headline":"Histoire et patrimoine de Varogne (Haute-Sa\u00f4ne)","datePublished":"2022-12-23T19:14:26+00:00","dateModified":"2025-11-12T08:03:39+00:00","mainEntityOfPage":{"@id":"https:\/\/www.charles-de-flahaut.fr\/wordpress\/histoire-et-patrimoine-de-varogne-haute-saone\/"},"wordCount":108,"commentCount":0,"publisher":{"@id":"https:\/\/www.charles-de-flahaut.fr\/wordpress\/#\/schema\/person\/81011c8b61bc74c05499365a506d49a9"},"image":{"@id":"https:\/\/www.charles-de-flahaut.fr\/wordpress\/histoire-et-patrimoine-de-varogne-haute-saone\/#primaryimage"},"thumbnailUrl":"https:\/\/charles-de-flahaut.fr\/annuaire-histoire-communes\/wp-content\/uploads\/2022\/12\/varogne70-300x190.jpg","articleSection":["70 - Haute-Sa\u00f4ne","histoire locale","patrimoine"],"inLanguage":"fr-FR","potentialAction":[{"@type":"CommentAction","name":"Comment","target":["https:\/\/www.charles-de-flahaut.fr\/wordpress\/histoire-et-patrimoine-de-varogne-haute-saone\/#respond"]}]},{"@type":"WebPage","@id":"https:\/\/www.charles-de-flahaut.fr\/wordpress\/histoire-et-patrimoine-de-varogne-haute-saone\/","url":"https:\/\/www.charles-de-flahaut.fr\/wordpress\/histoire-et-patrimoine-de-varogne-haute-saone\/","name":"Histoire et patrimoine de Varogne (Haute-Sa\u00f4ne) - Histoire de France - Communiqu\u00e9s","isPartOf":{"@id":"https:\/\/www.charles-de-flahaut.fr\/wordpress\/#website"},"primaryImageOfPage":{"@id":"https:\/\/www.charles-de-flahaut.fr\/wordpress\/histoire-et-patrimoine-de-varogne-haute-saone\/#primaryimage"},"image":{"@id":"https:\/\/www.charles-de-flahaut.fr\/wordpress\/histoire-et-patrimoine-de-varogne-haute-saone\/#primaryimage"},"thumbnailUrl":"https:\/\/charles-de-flahaut.fr\/annuaire-histoire-communes\/wp-content\/uploads\/2022\/12\/varogne70-300x190.jpg","datePublished":"2022-12-23T19:14:26+00:00","dateModified":"2025-11-12T08:03:39+00:00","description":"vestiges de la voie romaine de Port-Sur-Sa\u00f4ne \u00e0 Luxeuil, appel\u00e9s Chemin des Sarrasins....","breadcrumb":{"@id":"https:\/\/www.charles-de-flahaut.fr\/wordpress\/histoire-et-patrimoine-de-varogne-haute-saone\/#breadcrumb"},"inLanguage":"fr-FR","potentialAction":[{"@type":"ReadAction","target":["https:\/\/www.charles-de-flahaut.fr\/wordpress\/histoire-et-patrimoine-de-varogne-haute-saone\/"]}]},{"@type":"ImageObject","inLanguage":"fr-FR","@id":"https:\/\/www.charles-de-flahaut.fr\/wordpress\/histoire-et-patrimoine-de-varogne-haute-saone\/#primaryimage","url":"https:\/\/charles-de-flahaut.fr\/annuaire-histoire-communes\/wp-content\/uploads\/2022\/12\/varogne70-300x190.jpg","contentUrl":"https:\/\/charles-de-flahaut.fr\/annuaire-histoire-communes\/wp-content\/uploads\/2022\/12\/varogne70-300x190.jpg"},{"@type":"BreadcrumbList","@id":"https:\/\/www.charles-de-flahaut.fr\/wordpress\/histoire-et-patrimoine-de-varogne-haute-saone\/#breadcrumb","itemListElement":[{"@type":"ListItem","position":1,"name":"Accueil","item":"https:\/\/www.charles-de-flahaut.fr\/wordpress\/"},{"@type":"ListItem","position":2,"name":"Histoire et patrimoine de Varogne (Haute-Sa\u00f4ne)"}]},{"@type":"WebSite","@id":"https:\/\/www.charles-de-flahaut.fr\/wordpress\/#website","url":"https:\/\/www.charles-de-flahaut.fr\/wordpress\/","name":"Histoire de France - Communiqu\u00e9s","description":"Histoire et patrimoine","publisher":{"@id":"https:\/\/www.charles-de-flahaut.fr\/wordpress\/#\/schema\/person\/81011c8b61bc74c05499365a506d49a9"},"potentialAction":[{"@type":"SearchAction","target":{"@type":"EntryPoint","urlTemplate":"https:\/\/www.charles-de-flahaut.fr\/wordpress\/?s={search_term_string}"},"query-input":{"@type":"PropertyValueSpecification","valueRequired":true,"valueName":"search_term_string"}}],"inLanguage":"fr-FR"},{"@type":["Person","Organization"],"@id":"https:\/\/www.charles-de-flahaut.fr\/wordpress\/#\/schema\/person\/81011c8b61bc74c05499365a506d49a9","name":"administrateur","logo":{"@id":"https:\/\/www.charles-de-flahaut.fr\/wordpress\/#\/schema\/person\/image\/"},"sameAs":["http:\/\/www.charles-de-flahaut.fr","https:\/\/www.facebook.com\/Sites.HistoiredeFrance"]},{"@type":"Person","@id":"https:\/\/www.charles-de-flahaut.fr\/wordpress\/#\/schema\/person\/41c41eaf9ae1d70810ff74a04a786c56","name":"administrateur","url":"https:\/\/www.charles-de-flahaut.fr\/wordpress\/author\/hist_8la_ad\/"}]}},"views":55,"amp_enabled":true,"_links":{"self":[{"href":"https:\/\/www.charles-de-flahaut.fr\/wordpress\/wp-json\/wp\/v2\/posts\/92257","targetHints":{"allow":["GET"]}}],"collection":[{"href":"https:\/\/www.charles-de-flahaut.fr\/wordpress\/wp-json\/wp\/v2\/posts"}],"about":[{"href":"https:\/\/www.charles-de-flahaut.fr\/wordpress\/wp-json\/wp\/v2\/types\/post"}],"author":[{"embeddable":true,"href":"https:\/\/www.charles-de-flahaut.fr\/wordpress\/wp-json\/wp\/v2\/users\/117"}],"replies":[{"embeddable":true,"href":"https:\/\/www.charles-de-flahaut.fr\/wordpress\/wp-json\/wp\/v2\/comments?post=92257"}],"version-history":[{"count":3,"href":"https:\/\/www.charles-de-flahaut.fr\/wordpress\/wp-json\/wp\/v2\/posts\/92257\/revisions"}],"predecessor-version":[{"id":112269,"href":"https:\/\/www.charles-de-flahaut.fr\/wordpress\/wp-json\/wp\/v2\/posts\/92257\/revisions\/112269"}],"wp:attachment":[{"href":"https:\/\/www.charles-de-flahaut.fr\/wordpress\/wp-json\/wp\/v2\/media?parent=92257"}],"wp:term":[{"taxonomy":"category","embeddable":true,"href":"https:\/\/www.charles-de-flahaut.fr\/wordpress\/wp-json\/wp\/v2\/categories?post=92257"},{"taxonomy":"post_tag","embeddable":true,"href":"https:\/\/www.charles-de-flahaut.fr\/wordpress\/wp-json\/wp\/v2\/tags?post=92257"}],"curies":[{"name":"wp","href":"https:\/\/api.w.org\/{rel}","templated":true}]}}