{"id":92020,"date":"2022-12-14T10:31:14","date_gmt":"2022-12-14T09:31:14","guid":{"rendered":"https:\/\/www.charles-de-flahaut.fr\/wordpress\/?p=92020"},"modified":"2025-11-14T09:14:26","modified_gmt":"2025-11-14T08:14:26","slug":"histoire-et-patrimoine-de-hauterive-la-fresse-doubs","status":"publish","type":"post","link":"https:\/\/www.charles-de-flahaut.fr\/wordpress\/histoire-et-patrimoine-de-hauterive-la-fresse-doubs\/","title":{"rendered":"Histoire et patrimoine de Hauterive la Fresse (Doubs)"},"content":{"rendered":"<p><strong>Histoire et patrimoine de Hauterive la Fresse (Doubs)<\/strong><br \/>\n<a href=\"http:\/\/www.hauterive-la-fresse.fr\/cadre-touristique\/\" target=\"_blank\" rel=\"noopener\">http:\/\/www.hauterive-la-fresse.fr\/cadre-touristique\/<\/a><\/p>\n<p><em>un site r\u00e9f\u00e9renc\u00e9 sur le nouvel\u00a0\u00a0<a href=\"https:\/\/charles-de-flahaut.fr\/annuaire-histoire-communes\" target=\"_blank\" rel=\"noopener noreferrer\">Annuaire Historique des Communes de France<\/a><\/em><\/p>\n<p style=\"text-align: justify;\"><img loading=\"lazy\" decoding=\"async\" class=\"alignleft size-medium wp-image-46075\" src=\"https:\/\/charles-de-flahaut.fr\/annuaire-histoire-communes\/wp-content\/uploads\/2022\/12\/hauterivelafresse25-300x184.jpg\" alt=\"\" width=\"300\" height=\"184\" \/>La commune est une terre d\u2019histoire et de traditions, appartenant au val du Saugeais elle fait partie int\u00e9grante de la R\u00e9publique du Saugeais. Cette r\u00e9publique folklorique m\u00eale avec aisance le respect des traditions villageoises h\u00e9rit\u00e9es du moyen-\u00e2ge, avec des notions de politique et de d\u00e9veloppement contemporaines&#8230;.<\/p>\n<p><em>(image et extrait du site officiel de la commune&#8230; <a href=\"http:\/\/www.hauterive-la-fresse.fr\/cadre-touristique\/\" target=\"_blank\" rel=\"noopener\">lire la suite<\/a>)<\/em><\/p>\n<p style=\"text-align: center;\"><a href=\"https:\/\/amzn.to\/4a9SlWW\" target=\"_blank\" rel=\"noopener\"><strong>Ouvrages sur le Doubs<\/strong><\/a><\/p>\n<p><a href=\"https:\/\/amzn.to\/47UC1tX\" target=\"_blank\" rel=\"noopener\"><img loading=\"lazy\" decoding=\"async\" class=\"size-full wp-image-96451 aligncenter\" src=\"https:\/\/www.charles-de-flahaut.fr\/wordpress\/wp-content\/uploads\/2022\/10\/doubs2.webp\" alt=\"\" width=\"233\" height=\"327\" srcset=\"https:\/\/www.charles-de-flahaut.fr\/wordpress\/wp-content\/uploads\/2022\/10\/doubs2.webp 233w, https:\/\/www.charles-de-flahaut.fr\/wordpress\/wp-content\/uploads\/2022\/10\/doubs2-214x300.webp 214w\" sizes=\"auto, (max-width: 233px) 100vw, 233px\" \/><\/a><\/p>\n","protected":false},"excerpt":{"rendered":"<p>Histoire et patrimoine de Hauterive la Fresse (Doubs) http:\/\/www.hauterive-la-fresse.fr\/cadre-touristique\/ un site r\u00e9f\u00e9renc\u00e9 sur le nouvel\u00a0\u00a0Annuaire Historique des Communes de France La commune est une terre d\u2019histoire et de traditions, appartenant au val du Saugeais elle fait partie int\u00e9grante de la R\u00e9publique du Saugeais. Cette r\u00e9publique folklorique m\u00eale avec aisance le respect des traditions villageoises h\u00e9rit\u00e9es &hellip; <\/p>\n<p><a class=\"more-link btn\" href=\"https:\/\/www.charles-de-flahaut.fr\/wordpress\/histoire-et-patrimoine-de-hauterive-la-fresse-doubs\/\">Lire la suite<\/a><\/p>\n","protected":false},"author":117,"featured_media":0,"comment_status":"open","ping_status":"open","sticky":false,"template":"","format":"standard","meta":{"footnotes":""},"categories":[113,16],"tags":[],"class_list":["post-92020","post","type-post","status-publish","format-standard","hentry","category-25-doubs","category-histoire-regionale","item-wrap"],"yoast_head":"<!-- This site is optimized with the Yoast SEO plugin v27.5 - https:\/\/yoast.com\/product\/yoast-seo-wordpress\/ -->\n<title>Histoire et patrimoine de Hauterive la Fresse (Doubs) - Histoire de France - Communiqu\u00e9s<\/title>\n<meta name=\"description\" content=\"Cette r\u00e9publique folklorique m\u00eale avec aisance le respect des traditions villageoises h\u00e9rit\u00e9es du moyen-\u00e2ge\" \/>\n<meta name=\"robots\" content=\"index, follow, max-snippet:-1, max-image-preview:large, max-video-preview:-1\" \/>\n<link rel=\"canonical\" href=\"https:\/\/www.charles-de-flahaut.fr\/wordpress\/histoire-et-patrimoine-de-hauterive-la-fresse-doubs\/\" \/>\n<meta property=\"og:locale\" content=\"fr_FR\" \/>\n<meta property=\"og:type\" content=\"article\" \/>\n<meta property=\"og:title\" content=\"Histoire et patrimoine de Hauterive la Fresse (Doubs) - Histoire de France - Communiqu\u00e9s\" \/>\n<meta property=\"og:description\" content=\"Cette r\u00e9publique folklorique m\u00eale avec aisance le respect des traditions villageoises h\u00e9rit\u00e9es du moyen-\u00e2ge\" \/>\n<meta property=\"og:url\" content=\"https:\/\/www.charles-de-flahaut.fr\/wordpress\/histoire-et-patrimoine-de-hauterive-la-fresse-doubs\/\" \/>\n<meta property=\"og:site_name\" content=\"Histoire de France - Communiqu\u00e9s\" \/>\n<meta property=\"article:publisher\" content=\"https:\/\/www.facebook.com\/Sites.HistoiredeFrance\" \/>\n<meta property=\"article:published_time\" content=\"2022-12-14T09:31:14+00:00\" \/>\n<meta property=\"article:modified_time\" content=\"2025-11-14T08:14:26+00:00\" \/>\n<meta name=\"author\" content=\"administrateur\" \/>\n<meta name=\"twitter:card\" content=\"summary_large_image\" \/>\n<meta name=\"twitter:label1\" content=\"\u00c9crit par\" \/>\n\t<meta name=\"twitter:data1\" content=\"administrateur\" \/>\n\t<meta name=\"twitter:label2\" content=\"Dur\u00e9e de lecture estim\u00e9e\" \/>\n\t<meta name=\"twitter:data2\" content=\"1 minute\" \/>\n<script type=\"application\/ld+json\" class=\"yoast-schema-graph\">{\"@context\":\"https:\\\/\\\/schema.org\",\"@graph\":[{\"@type\":\"Article\",\"@id\":\"https:\\\/\\\/www.charles-de-flahaut.fr\\\/wordpress\\\/histoire-et-patrimoine-de-hauterive-la-fresse-doubs\\\/#article\",\"isPartOf\":{\"@id\":\"https:\\\/\\\/www.charles-de-flahaut.fr\\\/wordpress\\\/histoire-et-patrimoine-de-hauterive-la-fresse-doubs\\\/\"},\"author\":{\"name\":\"administrateur\",\"@id\":\"https:\\\/\\\/www.charles-de-flahaut.fr\\\/wordpress\\\/#\\\/schema\\\/person\\\/41c41eaf9ae1d70810ff74a04a786c56\"},\"headline\":\"Histoire et patrimoine de Hauterive la Fresse (Doubs)\",\"datePublished\":\"2022-12-14T09:31:14+00:00\",\"dateModified\":\"2025-11-14T08:14:26+00:00\",\"mainEntityOfPage\":{\"@id\":\"https:\\\/\\\/www.charles-de-flahaut.fr\\\/wordpress\\\/histoire-et-patrimoine-de-hauterive-la-fresse-doubs\\\/\"},\"wordCount\":106,\"commentCount\":0,\"publisher\":{\"@id\":\"https:\\\/\\\/www.charles-de-flahaut.fr\\\/wordpress\\\/#\\\/schema\\\/person\\\/81011c8b61bc74c05499365a506d49a9\"},\"image\":{\"@id\":\"https:\\\/\\\/www.charles-de-flahaut.fr\\\/wordpress\\\/histoire-et-patrimoine-de-hauterive-la-fresse-doubs\\\/#primaryimage\"},\"thumbnailUrl\":\"https:\\\/\\\/charles-de-flahaut.fr\\\/annuaire-histoire-communes\\\/wp-content\\\/uploads\\\/2022\\\/12\\\/hauterivelafresse25-300x184.jpg\",\"articleSection\":[\"25 - Doubs\",\"histoire locale\"],\"inLanguage\":\"fr-FR\",\"potentialAction\":[{\"@type\":\"CommentAction\",\"name\":\"Comment\",\"target\":[\"https:\\\/\\\/www.charles-de-flahaut.fr\\\/wordpress\\\/histoire-et-patrimoine-de-hauterive-la-fresse-doubs\\\/#respond\"]}]},{\"@type\":\"WebPage\",\"@id\":\"https:\\\/\\\/www.charles-de-flahaut.fr\\\/wordpress\\\/histoire-et-patrimoine-de-hauterive-la-fresse-doubs\\\/\",\"url\":\"https:\\\/\\\/www.charles-de-flahaut.fr\\\/wordpress\\\/histoire-et-patrimoine-de-hauterive-la-fresse-doubs\\\/\",\"name\":\"Histoire et patrimoine de Hauterive la Fresse (Doubs) - Histoire de France - Communiqu\u00e9s\",\"isPartOf\":{\"@id\":\"https:\\\/\\\/www.charles-de-flahaut.fr\\\/wordpress\\\/#website\"},\"primaryImageOfPage\":{\"@id\":\"https:\\\/\\\/www.charles-de-flahaut.fr\\\/wordpress\\\/histoire-et-patrimoine-de-hauterive-la-fresse-doubs\\\/#primaryimage\"},\"image\":{\"@id\":\"https:\\\/\\\/www.charles-de-flahaut.fr\\\/wordpress\\\/histoire-et-patrimoine-de-hauterive-la-fresse-doubs\\\/#primaryimage\"},\"thumbnailUrl\":\"https:\\\/\\\/charles-de-flahaut.fr\\\/annuaire-histoire-communes\\\/wp-content\\\/uploads\\\/2022\\\/12\\\/hauterivelafresse25-300x184.jpg\",\"datePublished\":\"2022-12-14T09:31:14+00:00\",\"dateModified\":\"2025-11-14T08:14:26+00:00\",\"description\":\"Cette r\u00e9publique folklorique m\u00eale avec aisance le respect des traditions villageoises h\u00e9rit\u00e9es du moyen-\u00e2ge\",\"breadcrumb\":{\"@id\":\"https:\\\/\\\/www.charles-de-flahaut.fr\\\/wordpress\\\/histoire-et-patrimoine-de-hauterive-la-fresse-doubs\\\/#breadcrumb\"},\"inLanguage\":\"fr-FR\",\"potentialAction\":[{\"@type\":\"ReadAction\",\"target\":[\"https:\\\/\\\/www.charles-de-flahaut.fr\\\/wordpress\\\/histoire-et-patrimoine-de-hauterive-la-fresse-doubs\\\/\"]}]},{\"@type\":\"ImageObject\",\"inLanguage\":\"fr-FR\",\"@id\":\"https:\\\/\\\/www.charles-de-flahaut.fr\\\/wordpress\\\/histoire-et-patrimoine-de-hauterive-la-fresse-doubs\\\/#primaryimage\",\"url\":\"https:\\\/\\\/charles-de-flahaut.fr\\\/annuaire-histoire-communes\\\/wp-content\\\/uploads\\\/2022\\\/12\\\/hauterivelafresse25-300x184.jpg\",\"contentUrl\":\"https:\\\/\\\/charles-de-flahaut.fr\\\/annuaire-histoire-communes\\\/wp-content\\\/uploads\\\/2022\\\/12\\\/hauterivelafresse25-300x184.jpg\"},{\"@type\":\"BreadcrumbList\",\"@id\":\"https:\\\/\\\/www.charles-de-flahaut.fr\\\/wordpress\\\/histoire-et-patrimoine-de-hauterive-la-fresse-doubs\\\/#breadcrumb\",\"itemListElement\":[{\"@type\":\"ListItem\",\"position\":1,\"name\":\"Accueil\",\"item\":\"https:\\\/\\\/www.charles-de-flahaut.fr\\\/wordpress\\\/\"},{\"@type\":\"ListItem\",\"position\":2,\"name\":\"Histoire et patrimoine de Hauterive la Fresse (Doubs)\"}]},{\"@type\":\"WebSite\",\"@id\":\"https:\\\/\\\/www.charles-de-flahaut.fr\\\/wordpress\\\/#website\",\"url\":\"https:\\\/\\\/www.charles-de-flahaut.fr\\\/wordpress\\\/\",\"name\":\"Histoire de France - Communiqu\u00e9s\",\"description\":\"Histoire et patrimoine\",\"publisher\":{\"@id\":\"https:\\\/\\\/www.charles-de-flahaut.fr\\\/wordpress\\\/#\\\/schema\\\/person\\\/81011c8b61bc74c05499365a506d49a9\"},\"potentialAction\":[{\"@type\":\"SearchAction\",\"target\":{\"@type\":\"EntryPoint\",\"urlTemplate\":\"https:\\\/\\\/www.charles-de-flahaut.fr\\\/wordpress\\\/?s={search_term_string}\"},\"query-input\":{\"@type\":\"PropertyValueSpecification\",\"valueRequired\":true,\"valueName\":\"search_term_string\"}}],\"inLanguage\":\"fr-FR\"},{\"@type\":[\"Person\",\"Organization\"],\"@id\":\"https:\\\/\\\/www.charles-de-flahaut.fr\\\/wordpress\\\/#\\\/schema\\\/person\\\/81011c8b61bc74c05499365a506d49a9\",\"name\":\"administrateur\",\"logo\":{\"@id\":\"https:\\\/\\\/www.charles-de-flahaut.fr\\\/wordpress\\\/#\\\/schema\\\/person\\\/image\\\/\"},\"sameAs\":[\"http:\\\/\\\/www.charles-de-flahaut.fr\",\"https:\\\/\\\/www.facebook.com\\\/Sites.HistoiredeFrance\"]},{\"@type\":\"Person\",\"@id\":\"https:\\\/\\\/www.charles-de-flahaut.fr\\\/wordpress\\\/#\\\/schema\\\/person\\\/41c41eaf9ae1d70810ff74a04a786c56\",\"name\":\"administrateur\",\"url\":\"https:\\\/\\\/www.charles-de-flahaut.fr\\\/wordpress\\\/author\\\/hist_8la_ad\\\/\"}]}<\/script>\n<!-- \/ Yoast SEO plugin. -->","yoast_head_json":{"title":"Histoire et patrimoine de Hauterive la Fresse (Doubs) - Histoire de France - Communiqu\u00e9s","description":"Cette r\u00e9publique folklorique m\u00eale avec aisance le respect des traditions villageoises h\u00e9rit\u00e9es du moyen-\u00e2ge","robots":{"index":"index","follow":"follow","max-snippet":"max-snippet:-1","max-image-preview":"max-image-preview:large","max-video-preview":"max-video-preview:-1"},"canonical":"https:\/\/www.charles-de-flahaut.fr\/wordpress\/histoire-et-patrimoine-de-hauterive-la-fresse-doubs\/","og_locale":"fr_FR","og_type":"article","og_title":"Histoire et patrimoine de Hauterive la Fresse (Doubs) - Histoire de France - Communiqu\u00e9s","og_description":"Cette r\u00e9publique folklorique m\u00eale avec aisance le respect des traditions villageoises h\u00e9rit\u00e9es du moyen-\u00e2ge","og_url":"https:\/\/www.charles-de-flahaut.fr\/wordpress\/histoire-et-patrimoine-de-hauterive-la-fresse-doubs\/","og_site_name":"Histoire de France - Communiqu\u00e9s","article_publisher":"https:\/\/www.facebook.com\/Sites.HistoiredeFrance","article_published_time":"2022-12-14T09:31:14+00:00","article_modified_time":"2025-11-14T08:14:26+00:00","author":"administrateur","twitter_card":"summary_large_image","twitter_misc":{"\u00c9crit par":"administrateur","Dur\u00e9e de lecture estim\u00e9e":"1 minute"},"schema":{"@context":"https:\/\/schema.org","@graph":[{"@type":"Article","@id":"https:\/\/www.charles-de-flahaut.fr\/wordpress\/histoire-et-patrimoine-de-hauterive-la-fresse-doubs\/#article","isPartOf":{"@id":"https:\/\/www.charles-de-flahaut.fr\/wordpress\/histoire-et-patrimoine-de-hauterive-la-fresse-doubs\/"},"author":{"name":"administrateur","@id":"https:\/\/www.charles-de-flahaut.fr\/wordpress\/#\/schema\/person\/41c41eaf9ae1d70810ff74a04a786c56"},"headline":"Histoire et patrimoine de Hauterive la Fresse (Doubs)","datePublished":"2022-12-14T09:31:14+00:00","dateModified":"2025-11-14T08:14:26+00:00","mainEntityOfPage":{"@id":"https:\/\/www.charles-de-flahaut.fr\/wordpress\/histoire-et-patrimoine-de-hauterive-la-fresse-doubs\/"},"wordCount":106,"commentCount":0,"publisher":{"@id":"https:\/\/www.charles-de-flahaut.fr\/wordpress\/#\/schema\/person\/81011c8b61bc74c05499365a506d49a9"},"image":{"@id":"https:\/\/www.charles-de-flahaut.fr\/wordpress\/histoire-et-patrimoine-de-hauterive-la-fresse-doubs\/#primaryimage"},"thumbnailUrl":"https:\/\/charles-de-flahaut.fr\/annuaire-histoire-communes\/wp-content\/uploads\/2022\/12\/hauterivelafresse25-300x184.jpg","articleSection":["25 - Doubs","histoire locale"],"inLanguage":"fr-FR","potentialAction":[{"@type":"CommentAction","name":"Comment","target":["https:\/\/www.charles-de-flahaut.fr\/wordpress\/histoire-et-patrimoine-de-hauterive-la-fresse-doubs\/#respond"]}]},{"@type":"WebPage","@id":"https:\/\/www.charles-de-flahaut.fr\/wordpress\/histoire-et-patrimoine-de-hauterive-la-fresse-doubs\/","url":"https:\/\/www.charles-de-flahaut.fr\/wordpress\/histoire-et-patrimoine-de-hauterive-la-fresse-doubs\/","name":"Histoire et patrimoine de Hauterive la Fresse (Doubs) - Histoire de France - Communiqu\u00e9s","isPartOf":{"@id":"https:\/\/www.charles-de-flahaut.fr\/wordpress\/#website"},"primaryImageOfPage":{"@id":"https:\/\/www.charles-de-flahaut.fr\/wordpress\/histoire-et-patrimoine-de-hauterive-la-fresse-doubs\/#primaryimage"},"image":{"@id":"https:\/\/www.charles-de-flahaut.fr\/wordpress\/histoire-et-patrimoine-de-hauterive-la-fresse-doubs\/#primaryimage"},"thumbnailUrl":"https:\/\/charles-de-flahaut.fr\/annuaire-histoire-communes\/wp-content\/uploads\/2022\/12\/hauterivelafresse25-300x184.jpg","datePublished":"2022-12-14T09:31:14+00:00","dateModified":"2025-11-14T08:14:26+00:00","description":"Cette r\u00e9publique folklorique m\u00eale avec aisance le respect des traditions villageoises h\u00e9rit\u00e9es du moyen-\u00e2ge","breadcrumb":{"@id":"https:\/\/www.charles-de-flahaut.fr\/wordpress\/histoire-et-patrimoine-de-hauterive-la-fresse-doubs\/#breadcrumb"},"inLanguage":"fr-FR","potentialAction":[{"@type":"ReadAction","target":["https:\/\/www.charles-de-flahaut.fr\/wordpress\/histoire-et-patrimoine-de-hauterive-la-fresse-doubs\/"]}]},{"@type":"ImageObject","inLanguage":"fr-FR","@id":"https:\/\/www.charles-de-flahaut.fr\/wordpress\/histoire-et-patrimoine-de-hauterive-la-fresse-doubs\/#primaryimage","url":"https:\/\/charles-de-flahaut.fr\/annuaire-histoire-communes\/wp-content\/uploads\/2022\/12\/hauterivelafresse25-300x184.jpg","contentUrl":"https:\/\/charles-de-flahaut.fr\/annuaire-histoire-communes\/wp-content\/uploads\/2022\/12\/hauterivelafresse25-300x184.jpg"},{"@type":"BreadcrumbList","@id":"https:\/\/www.charles-de-flahaut.fr\/wordpress\/histoire-et-patrimoine-de-hauterive-la-fresse-doubs\/#breadcrumb","itemListElement":[{"@type":"ListItem","position":1,"name":"Accueil","item":"https:\/\/www.charles-de-flahaut.fr\/wordpress\/"},{"@type":"ListItem","position":2,"name":"Histoire et patrimoine de Hauterive la Fresse (Doubs)"}]},{"@type":"WebSite","@id":"https:\/\/www.charles-de-flahaut.fr\/wordpress\/#website","url":"https:\/\/www.charles-de-flahaut.fr\/wordpress\/","name":"Histoire de France - Communiqu\u00e9s","description":"Histoire et patrimoine","publisher":{"@id":"https:\/\/www.charles-de-flahaut.fr\/wordpress\/#\/schema\/person\/81011c8b61bc74c05499365a506d49a9"},"potentialAction":[{"@type":"SearchAction","target":{"@type":"EntryPoint","urlTemplate":"https:\/\/www.charles-de-flahaut.fr\/wordpress\/?s={search_term_string}"},"query-input":{"@type":"PropertyValueSpecification","valueRequired":true,"valueName":"search_term_string"}}],"inLanguage":"fr-FR"},{"@type":["Person","Organization"],"@id":"https:\/\/www.charles-de-flahaut.fr\/wordpress\/#\/schema\/person\/81011c8b61bc74c05499365a506d49a9","name":"administrateur","logo":{"@id":"https:\/\/www.charles-de-flahaut.fr\/wordpress\/#\/schema\/person\/image\/"},"sameAs":["http:\/\/www.charles-de-flahaut.fr","https:\/\/www.facebook.com\/Sites.HistoiredeFrance"]},{"@type":"Person","@id":"https:\/\/www.charles-de-flahaut.fr\/wordpress\/#\/schema\/person\/41c41eaf9ae1d70810ff74a04a786c56","name":"administrateur","url":"https:\/\/www.charles-de-flahaut.fr\/wordpress\/author\/hist_8la_ad\/"}]}},"views":24,"amp_enabled":true,"_links":{"self":[{"href":"https:\/\/www.charles-de-flahaut.fr\/wordpress\/wp-json\/wp\/v2\/posts\/92020","targetHints":{"allow":["GET"]}}],"collection":[{"href":"https:\/\/www.charles-de-flahaut.fr\/wordpress\/wp-json\/wp\/v2\/posts"}],"about":[{"href":"https:\/\/www.charles-de-flahaut.fr\/wordpress\/wp-json\/wp\/v2\/types\/post"}],"author":[{"embeddable":true,"href":"https:\/\/www.charles-de-flahaut.fr\/wordpress\/wp-json\/wp\/v2\/users\/117"}],"replies":[{"embeddable":true,"href":"https:\/\/www.charles-de-flahaut.fr\/wordpress\/wp-json\/wp\/v2\/comments?post=92020"}],"version-history":[{"count":3,"href":"https:\/\/www.charles-de-flahaut.fr\/wordpress\/wp-json\/wp\/v2\/posts\/92020\/revisions"}],"predecessor-version":[{"id":112406,"href":"https:\/\/www.charles-de-flahaut.fr\/wordpress\/wp-json\/wp\/v2\/posts\/92020\/revisions\/112406"}],"wp:attachment":[{"href":"https:\/\/www.charles-de-flahaut.fr\/wordpress\/wp-json\/wp\/v2\/media?parent=92020"}],"wp:term":[{"taxonomy":"category","embeddable":true,"href":"https:\/\/www.charles-de-flahaut.fr\/wordpress\/wp-json\/wp\/v2\/categories?post=92020"},{"taxonomy":"post_tag","embeddable":true,"href":"https:\/\/www.charles-de-flahaut.fr\/wordpress\/wp-json\/wp\/v2\/tags?post=92020"}],"curies":[{"name":"wp","href":"https:\/\/api.w.org\/{rel}","templated":true}]}}