{"id":91785,"date":"2022-11-18T11:20:20","date_gmt":"2022-11-18T10:20:20","guid":{"rendered":"https:\/\/www.charles-de-flahaut.fr\/wordpress\/?p=91785"},"modified":"2025-11-21T09:58:33","modified_gmt":"2025-11-21T08:58:33","slug":"histoire-et-patrimoine-de-saint-ouen-du-breuil-seine-maritime","status":"publish","type":"post","link":"https:\/\/www.charles-de-flahaut.fr\/wordpress\/histoire-et-patrimoine-de-saint-ouen-du-breuil-seine-maritime\/","title":{"rendered":"Histoire et patrimoine de Saint-Ouen du Breuil (Seine-Maritime)"},"content":{"rendered":"<p><strong>Histoire et patrimoine de Saint-Ouen du Breuil (Seine-Maritime)<\/strong><br \/>\n<a href=\"http:\/\/www.mairie-saint-ouen-du-breuil.fr\/la-commune\/saint-ouen-du-breuil-en-quelques-mots\/\" target=\"_blank\" rel=\"noopener\">http:\/\/www.mairie-saint-ouen-du-breuil.fr\/la-commune\/saint-ouen-du-breuil-en-quelques-mots\/<\/a><\/p>\n<p><em>un site r\u00e9f\u00e9renc\u00e9 sur le nouvel\u00a0\u00a0<a href=\"https:\/\/charles-de-flahaut.fr\/annuaire-histoire-communes\" target=\"_blank\" rel=\"noopener noreferrer\">Annuaire Historique des Communes de France<\/a><\/em><\/p>\n<p style=\"text-align: justify;\"><img loading=\"lazy\" decoding=\"async\" class=\"alignleft size-medium wp-image-45842\" src=\"https:\/\/charles-de-flahaut.fr\/annuaire-histoire-communes\/wp-content\/uploads\/2022\/11\/saintouendubreuil76-300x169.png\" alt=\"\" width=\"300\" height=\"169\" \/>Cit\u00e9e des 1202 sous le nom de \u00ab\u00a0Sancti\u00a0 Audoeni de Brolio\u00a0\u00bb, la terre St Ouennaise r\u00e9v\u00e8le de temps \u00e0 autres le passage des hommes.<\/p>\n<p style=\"text-align: justify;\">Le sol est riche de vestiges pr\u00e9historiques mais \u00e9galement romains (pi\u00e8ce retrouv\u00e9e au Bois du Breuil et cit\u00e9e dans l&rsquo;ouvrage de l&rsquo;Abb\u00e9 COCHET) Des vestiges d&rsquo;une voie romaine subsistent sur les terres de la Chauss\u00e9e&#8230;.<\/p>\n<p><em>(image et extrait du site officiel de la commune&#8230; <a href=\"http:\/\/www.mairie-saint-ouen-du-breuil.fr\/la-commune\/saint-ouen-du-breuil-en-quelques-mots\/\" target=\"_blank\" rel=\"noopener\">lire la suite<\/a>)<\/em><\/p>\n<p><a href=\"https:\/\/amzn.to\/3yzwJWJ\" target=\"_blank\" rel=\"noopener\"><strong>Ouvrages sur Saint Ouen du Breuil<\/strong><\/a><\/p>\n<p style=\"text-align: center;\"><a href=\"https:\/\/amzn.to\/4o4mQ7D\" target=\"_blank\" rel=\"noopener\"><strong>Ouvrages sur la Seine-Maritime<\/strong><\/a><\/p>\n<p><a href=\"https:\/\/amzn.to\/4o4mQ7D\" target=\"_blank\" rel=\"noopener\"><img loading=\"lazy\" decoding=\"async\" class=\"size-full wp-image-101920 aligncenter\" src=\"https:\/\/www.charles-de-flahaut.fr\/wordpress\/wp-content\/uploads\/2025\/03\/seinemaritime4.jpg\" alt=\"\" width=\"342\" height=\"342\" srcset=\"https:\/\/www.charles-de-flahaut.fr\/wordpress\/wp-content\/uploads\/2025\/03\/seinemaritime4.jpg 342w, https:\/\/www.charles-de-flahaut.fr\/wordpress\/wp-content\/uploads\/2025\/03\/seinemaritime4-300x300.jpg 300w, https:\/\/www.charles-de-flahaut.fr\/wordpress\/wp-content\/uploads\/2025\/03\/seinemaritime4-150x150.jpg 150w\" sizes=\"auto, (max-width: 342px) 100vw, 342px\" \/><\/a><\/p>\n","protected":false},"excerpt":{"rendered":"<p>Histoire et patrimoine de Saint-Ouen du Breuil (Seine-Maritime) http:\/\/www.mairie-saint-ouen-du-breuil.fr\/la-commune\/saint-ouen-du-breuil-en-quelques-mots\/ un site r\u00e9f\u00e9renc\u00e9 sur le nouvel\u00a0\u00a0Annuaire Historique des Communes de France Cit\u00e9e des 1202 sous le nom de \u00ab\u00a0Sancti\u00a0 Audoeni de Brolio\u00a0\u00bb, la terre St Ouennaise r\u00e9v\u00e8le de temps \u00e0 autres le passage des hommes. Le sol est riche de vestiges pr\u00e9historiques mais \u00e9galement romains (pi\u00e8ce &hellip; <\/p>\n<p><a class=\"more-link btn\" href=\"https:\/\/www.charles-de-flahaut.fr\/wordpress\/histoire-et-patrimoine-de-saint-ouen-du-breuil-seine-maritime\/\">Lire la suite<\/a><\/p>\n","protected":false},"author":117,"featured_media":0,"comment_status":"open","ping_status":"open","sticky":false,"template":"","format":"standard","meta":{"footnotes":""},"categories":[165,16,8],"tags":[],"class_list":["post-91785","post","type-post","status-publish","format-standard","hentry","category-76-seine-maritime","category-histoire-regionale","category-patrimoine","item-wrap"],"yoast_head":"<!-- This site is optimized with the Yoast SEO plugin v27.5 - https:\/\/yoast.com\/product\/yoast-seo-wordpress\/ -->\n<title>Histoire et patrimoine de Saint-Ouen du Breuil (Seine-Maritime) - Histoire de France - Communiqu\u00e9s<\/title>\n<meta name=\"description\" content=\"Le sol est riche de vestiges pr\u00e9historiques mais \u00e9galement romains (pi\u00e8ce retrouv\u00e9e au Bois du Breuil et cit\u00e9e dans l&#039;ouvrage de l&#039;Abb\u00e9 COCHET)\" \/>\n<meta name=\"robots\" content=\"index, follow, max-snippet:-1, max-image-preview:large, max-video-preview:-1\" \/>\n<link rel=\"canonical\" href=\"https:\/\/www.charles-de-flahaut.fr\/wordpress\/histoire-et-patrimoine-de-saint-ouen-du-breuil-seine-maritime\/\" \/>\n<meta property=\"og:locale\" content=\"fr_FR\" \/>\n<meta property=\"og:type\" content=\"article\" \/>\n<meta property=\"og:title\" content=\"Histoire et patrimoine de Saint-Ouen du Breuil (Seine-Maritime) - Histoire de France - Communiqu\u00e9s\" \/>\n<meta property=\"og:description\" content=\"Le sol est riche de vestiges pr\u00e9historiques mais \u00e9galement romains (pi\u00e8ce retrouv\u00e9e au Bois du Breuil et cit\u00e9e dans l&#039;ouvrage de l&#039;Abb\u00e9 COCHET)\" \/>\n<meta property=\"og:url\" content=\"https:\/\/www.charles-de-flahaut.fr\/wordpress\/histoire-et-patrimoine-de-saint-ouen-du-breuil-seine-maritime\/\" \/>\n<meta property=\"og:site_name\" content=\"Histoire de France - Communiqu\u00e9s\" \/>\n<meta property=\"article:publisher\" content=\"https:\/\/www.facebook.com\/Sites.HistoiredeFrance\" \/>\n<meta property=\"article:published_time\" content=\"2022-11-18T10:20:20+00:00\" \/>\n<meta property=\"article:modified_time\" content=\"2025-11-21T08:58:33+00:00\" \/>\n<meta name=\"author\" content=\"administrateur\" \/>\n<meta name=\"twitter:card\" content=\"summary_large_image\" \/>\n<meta name=\"twitter:label1\" content=\"\u00c9crit par\" \/>\n\t<meta name=\"twitter:data1\" content=\"administrateur\" \/>\n\t<meta name=\"twitter:label2\" content=\"Dur\u00e9e de lecture estim\u00e9e\" \/>\n\t<meta name=\"twitter:data2\" content=\"1 minute\" \/>\n<script type=\"application\/ld+json\" class=\"yoast-schema-graph\">{\"@context\":\"https:\\\/\\\/schema.org\",\"@graph\":[{\"@type\":\"Article\",\"@id\":\"https:\\\/\\\/www.charles-de-flahaut.fr\\\/wordpress\\\/histoire-et-patrimoine-de-saint-ouen-du-breuil-seine-maritime\\\/#article\",\"isPartOf\":{\"@id\":\"https:\\\/\\\/www.charles-de-flahaut.fr\\\/wordpress\\\/histoire-et-patrimoine-de-saint-ouen-du-breuil-seine-maritime\\\/\"},\"author\":{\"name\":\"administrateur\",\"@id\":\"https:\\\/\\\/www.charles-de-flahaut.fr\\\/wordpress\\\/#\\\/schema\\\/person\\\/41c41eaf9ae1d70810ff74a04a786c56\"},\"headline\":\"Histoire et patrimoine de Saint-Ouen du Breuil (Seine-Maritime)\",\"datePublished\":\"2022-11-18T10:20:20+00:00\",\"dateModified\":\"2025-11-21T08:58:33+00:00\",\"mainEntityOfPage\":{\"@id\":\"https:\\\/\\\/www.charles-de-flahaut.fr\\\/wordpress\\\/histoire-et-patrimoine-de-saint-ouen-du-breuil-seine-maritime\\\/\"},\"wordCount\":126,\"commentCount\":0,\"publisher\":{\"@id\":\"https:\\\/\\\/www.charles-de-flahaut.fr\\\/wordpress\\\/#\\\/schema\\\/person\\\/81011c8b61bc74c05499365a506d49a9\"},\"image\":{\"@id\":\"https:\\\/\\\/www.charles-de-flahaut.fr\\\/wordpress\\\/histoire-et-patrimoine-de-saint-ouen-du-breuil-seine-maritime\\\/#primaryimage\"},\"thumbnailUrl\":\"https:\\\/\\\/charles-de-flahaut.fr\\\/annuaire-histoire-communes\\\/wp-content\\\/uploads\\\/2022\\\/11\\\/saintouendubreuil76-300x169.png\",\"articleSection\":[\"76 - Seine-Maritime\",\"histoire locale\",\"patrimoine\"],\"inLanguage\":\"fr-FR\",\"potentialAction\":[{\"@type\":\"CommentAction\",\"name\":\"Comment\",\"target\":[\"https:\\\/\\\/www.charles-de-flahaut.fr\\\/wordpress\\\/histoire-et-patrimoine-de-saint-ouen-du-breuil-seine-maritime\\\/#respond\"]}]},{\"@type\":\"WebPage\",\"@id\":\"https:\\\/\\\/www.charles-de-flahaut.fr\\\/wordpress\\\/histoire-et-patrimoine-de-saint-ouen-du-breuil-seine-maritime\\\/\",\"url\":\"https:\\\/\\\/www.charles-de-flahaut.fr\\\/wordpress\\\/histoire-et-patrimoine-de-saint-ouen-du-breuil-seine-maritime\\\/\",\"name\":\"Histoire et patrimoine de Saint-Ouen du Breuil (Seine-Maritime) - Histoire de France - Communiqu\u00e9s\",\"isPartOf\":{\"@id\":\"https:\\\/\\\/www.charles-de-flahaut.fr\\\/wordpress\\\/#website\"},\"primaryImageOfPage\":{\"@id\":\"https:\\\/\\\/www.charles-de-flahaut.fr\\\/wordpress\\\/histoire-et-patrimoine-de-saint-ouen-du-breuil-seine-maritime\\\/#primaryimage\"},\"image\":{\"@id\":\"https:\\\/\\\/www.charles-de-flahaut.fr\\\/wordpress\\\/histoire-et-patrimoine-de-saint-ouen-du-breuil-seine-maritime\\\/#primaryimage\"},\"thumbnailUrl\":\"https:\\\/\\\/charles-de-flahaut.fr\\\/annuaire-histoire-communes\\\/wp-content\\\/uploads\\\/2022\\\/11\\\/saintouendubreuil76-300x169.png\",\"datePublished\":\"2022-11-18T10:20:20+00:00\",\"dateModified\":\"2025-11-21T08:58:33+00:00\",\"description\":\"Le sol est riche de vestiges pr\u00e9historiques mais \u00e9galement romains (pi\u00e8ce retrouv\u00e9e au Bois du Breuil et cit\u00e9e dans l'ouvrage de l'Abb\u00e9 COCHET)\",\"breadcrumb\":{\"@id\":\"https:\\\/\\\/www.charles-de-flahaut.fr\\\/wordpress\\\/histoire-et-patrimoine-de-saint-ouen-du-breuil-seine-maritime\\\/#breadcrumb\"},\"inLanguage\":\"fr-FR\",\"potentialAction\":[{\"@type\":\"ReadAction\",\"target\":[\"https:\\\/\\\/www.charles-de-flahaut.fr\\\/wordpress\\\/histoire-et-patrimoine-de-saint-ouen-du-breuil-seine-maritime\\\/\"]}]},{\"@type\":\"ImageObject\",\"inLanguage\":\"fr-FR\",\"@id\":\"https:\\\/\\\/www.charles-de-flahaut.fr\\\/wordpress\\\/histoire-et-patrimoine-de-saint-ouen-du-breuil-seine-maritime\\\/#primaryimage\",\"url\":\"https:\\\/\\\/charles-de-flahaut.fr\\\/annuaire-histoire-communes\\\/wp-content\\\/uploads\\\/2022\\\/11\\\/saintouendubreuil76-300x169.png\",\"contentUrl\":\"https:\\\/\\\/charles-de-flahaut.fr\\\/annuaire-histoire-communes\\\/wp-content\\\/uploads\\\/2022\\\/11\\\/saintouendubreuil76-300x169.png\"},{\"@type\":\"BreadcrumbList\",\"@id\":\"https:\\\/\\\/www.charles-de-flahaut.fr\\\/wordpress\\\/histoire-et-patrimoine-de-saint-ouen-du-breuil-seine-maritime\\\/#breadcrumb\",\"itemListElement\":[{\"@type\":\"ListItem\",\"position\":1,\"name\":\"Accueil\",\"item\":\"https:\\\/\\\/www.charles-de-flahaut.fr\\\/wordpress\\\/\"},{\"@type\":\"ListItem\",\"position\":2,\"name\":\"Histoire et patrimoine de Saint-Ouen du Breuil (Seine-Maritime)\"}]},{\"@type\":\"WebSite\",\"@id\":\"https:\\\/\\\/www.charles-de-flahaut.fr\\\/wordpress\\\/#website\",\"url\":\"https:\\\/\\\/www.charles-de-flahaut.fr\\\/wordpress\\\/\",\"name\":\"Histoire de France - Communiqu\u00e9s\",\"description\":\"Histoire et patrimoine\",\"publisher\":{\"@id\":\"https:\\\/\\\/www.charles-de-flahaut.fr\\\/wordpress\\\/#\\\/schema\\\/person\\\/81011c8b61bc74c05499365a506d49a9\"},\"potentialAction\":[{\"@type\":\"SearchAction\",\"target\":{\"@type\":\"EntryPoint\",\"urlTemplate\":\"https:\\\/\\\/www.charles-de-flahaut.fr\\\/wordpress\\\/?s={search_term_string}\"},\"query-input\":{\"@type\":\"PropertyValueSpecification\",\"valueRequired\":true,\"valueName\":\"search_term_string\"}}],\"inLanguage\":\"fr-FR\"},{\"@type\":[\"Person\",\"Organization\"],\"@id\":\"https:\\\/\\\/www.charles-de-flahaut.fr\\\/wordpress\\\/#\\\/schema\\\/person\\\/81011c8b61bc74c05499365a506d49a9\",\"name\":\"administrateur\",\"logo\":{\"@id\":\"https:\\\/\\\/www.charles-de-flahaut.fr\\\/wordpress\\\/#\\\/schema\\\/person\\\/image\\\/\"},\"sameAs\":[\"http:\\\/\\\/www.charles-de-flahaut.fr\",\"https:\\\/\\\/www.facebook.com\\\/Sites.HistoiredeFrance\"]},{\"@type\":\"Person\",\"@id\":\"https:\\\/\\\/www.charles-de-flahaut.fr\\\/wordpress\\\/#\\\/schema\\\/person\\\/41c41eaf9ae1d70810ff74a04a786c56\",\"name\":\"administrateur\",\"url\":\"https:\\\/\\\/www.charles-de-flahaut.fr\\\/wordpress\\\/author\\\/hist_8la_ad\\\/\"}]}<\/script>\n<!-- \/ Yoast SEO plugin. -->","yoast_head_json":{"title":"Histoire et patrimoine de Saint-Ouen du Breuil (Seine-Maritime) - Histoire de France - Communiqu\u00e9s","description":"Le sol est riche de vestiges pr\u00e9historiques mais \u00e9galement romains (pi\u00e8ce retrouv\u00e9e au Bois du Breuil et cit\u00e9e dans l'ouvrage de l'Abb\u00e9 COCHET)","robots":{"index":"index","follow":"follow","max-snippet":"max-snippet:-1","max-image-preview":"max-image-preview:large","max-video-preview":"max-video-preview:-1"},"canonical":"https:\/\/www.charles-de-flahaut.fr\/wordpress\/histoire-et-patrimoine-de-saint-ouen-du-breuil-seine-maritime\/","og_locale":"fr_FR","og_type":"article","og_title":"Histoire et patrimoine de Saint-Ouen du Breuil (Seine-Maritime) - Histoire de France - Communiqu\u00e9s","og_description":"Le sol est riche de vestiges pr\u00e9historiques mais \u00e9galement romains (pi\u00e8ce retrouv\u00e9e au Bois du Breuil et cit\u00e9e dans l'ouvrage de l'Abb\u00e9 COCHET)","og_url":"https:\/\/www.charles-de-flahaut.fr\/wordpress\/histoire-et-patrimoine-de-saint-ouen-du-breuil-seine-maritime\/","og_site_name":"Histoire de France - Communiqu\u00e9s","article_publisher":"https:\/\/www.facebook.com\/Sites.HistoiredeFrance","article_published_time":"2022-11-18T10:20:20+00:00","article_modified_time":"2025-11-21T08:58:33+00:00","author":"administrateur","twitter_card":"summary_large_image","twitter_misc":{"\u00c9crit par":"administrateur","Dur\u00e9e de lecture estim\u00e9e":"1 minute"},"schema":{"@context":"https:\/\/schema.org","@graph":[{"@type":"Article","@id":"https:\/\/www.charles-de-flahaut.fr\/wordpress\/histoire-et-patrimoine-de-saint-ouen-du-breuil-seine-maritime\/#article","isPartOf":{"@id":"https:\/\/www.charles-de-flahaut.fr\/wordpress\/histoire-et-patrimoine-de-saint-ouen-du-breuil-seine-maritime\/"},"author":{"name":"administrateur","@id":"https:\/\/www.charles-de-flahaut.fr\/wordpress\/#\/schema\/person\/41c41eaf9ae1d70810ff74a04a786c56"},"headline":"Histoire et patrimoine de Saint-Ouen du Breuil (Seine-Maritime)","datePublished":"2022-11-18T10:20:20+00:00","dateModified":"2025-11-21T08:58:33+00:00","mainEntityOfPage":{"@id":"https:\/\/www.charles-de-flahaut.fr\/wordpress\/histoire-et-patrimoine-de-saint-ouen-du-breuil-seine-maritime\/"},"wordCount":126,"commentCount":0,"publisher":{"@id":"https:\/\/www.charles-de-flahaut.fr\/wordpress\/#\/schema\/person\/81011c8b61bc74c05499365a506d49a9"},"image":{"@id":"https:\/\/www.charles-de-flahaut.fr\/wordpress\/histoire-et-patrimoine-de-saint-ouen-du-breuil-seine-maritime\/#primaryimage"},"thumbnailUrl":"https:\/\/charles-de-flahaut.fr\/annuaire-histoire-communes\/wp-content\/uploads\/2022\/11\/saintouendubreuil76-300x169.png","articleSection":["76 - Seine-Maritime","histoire locale","patrimoine"],"inLanguage":"fr-FR","potentialAction":[{"@type":"CommentAction","name":"Comment","target":["https:\/\/www.charles-de-flahaut.fr\/wordpress\/histoire-et-patrimoine-de-saint-ouen-du-breuil-seine-maritime\/#respond"]}]},{"@type":"WebPage","@id":"https:\/\/www.charles-de-flahaut.fr\/wordpress\/histoire-et-patrimoine-de-saint-ouen-du-breuil-seine-maritime\/","url":"https:\/\/www.charles-de-flahaut.fr\/wordpress\/histoire-et-patrimoine-de-saint-ouen-du-breuil-seine-maritime\/","name":"Histoire et patrimoine de Saint-Ouen du Breuil (Seine-Maritime) - Histoire de France - Communiqu\u00e9s","isPartOf":{"@id":"https:\/\/www.charles-de-flahaut.fr\/wordpress\/#website"},"primaryImageOfPage":{"@id":"https:\/\/www.charles-de-flahaut.fr\/wordpress\/histoire-et-patrimoine-de-saint-ouen-du-breuil-seine-maritime\/#primaryimage"},"image":{"@id":"https:\/\/www.charles-de-flahaut.fr\/wordpress\/histoire-et-patrimoine-de-saint-ouen-du-breuil-seine-maritime\/#primaryimage"},"thumbnailUrl":"https:\/\/charles-de-flahaut.fr\/annuaire-histoire-communes\/wp-content\/uploads\/2022\/11\/saintouendubreuil76-300x169.png","datePublished":"2022-11-18T10:20:20+00:00","dateModified":"2025-11-21T08:58:33+00:00","description":"Le sol est riche de vestiges pr\u00e9historiques mais \u00e9galement romains (pi\u00e8ce retrouv\u00e9e au Bois du Breuil et cit\u00e9e dans l'ouvrage de l'Abb\u00e9 COCHET)","breadcrumb":{"@id":"https:\/\/www.charles-de-flahaut.fr\/wordpress\/histoire-et-patrimoine-de-saint-ouen-du-breuil-seine-maritime\/#breadcrumb"},"inLanguage":"fr-FR","potentialAction":[{"@type":"ReadAction","target":["https:\/\/www.charles-de-flahaut.fr\/wordpress\/histoire-et-patrimoine-de-saint-ouen-du-breuil-seine-maritime\/"]}]},{"@type":"ImageObject","inLanguage":"fr-FR","@id":"https:\/\/www.charles-de-flahaut.fr\/wordpress\/histoire-et-patrimoine-de-saint-ouen-du-breuil-seine-maritime\/#primaryimage","url":"https:\/\/charles-de-flahaut.fr\/annuaire-histoire-communes\/wp-content\/uploads\/2022\/11\/saintouendubreuil76-300x169.png","contentUrl":"https:\/\/charles-de-flahaut.fr\/annuaire-histoire-communes\/wp-content\/uploads\/2022\/11\/saintouendubreuil76-300x169.png"},{"@type":"BreadcrumbList","@id":"https:\/\/www.charles-de-flahaut.fr\/wordpress\/histoire-et-patrimoine-de-saint-ouen-du-breuil-seine-maritime\/#breadcrumb","itemListElement":[{"@type":"ListItem","position":1,"name":"Accueil","item":"https:\/\/www.charles-de-flahaut.fr\/wordpress\/"},{"@type":"ListItem","position":2,"name":"Histoire et patrimoine de Saint-Ouen du Breuil (Seine-Maritime)"}]},{"@type":"WebSite","@id":"https:\/\/www.charles-de-flahaut.fr\/wordpress\/#website","url":"https:\/\/www.charles-de-flahaut.fr\/wordpress\/","name":"Histoire de France - Communiqu\u00e9s","description":"Histoire et patrimoine","publisher":{"@id":"https:\/\/www.charles-de-flahaut.fr\/wordpress\/#\/schema\/person\/81011c8b61bc74c05499365a506d49a9"},"potentialAction":[{"@type":"SearchAction","target":{"@type":"EntryPoint","urlTemplate":"https:\/\/www.charles-de-flahaut.fr\/wordpress\/?s={search_term_string}"},"query-input":{"@type":"PropertyValueSpecification","valueRequired":true,"valueName":"search_term_string"}}],"inLanguage":"fr-FR"},{"@type":["Person","Organization"],"@id":"https:\/\/www.charles-de-flahaut.fr\/wordpress\/#\/schema\/person\/81011c8b61bc74c05499365a506d49a9","name":"administrateur","logo":{"@id":"https:\/\/www.charles-de-flahaut.fr\/wordpress\/#\/schema\/person\/image\/"},"sameAs":["http:\/\/www.charles-de-flahaut.fr","https:\/\/www.facebook.com\/Sites.HistoiredeFrance"]},{"@type":"Person","@id":"https:\/\/www.charles-de-flahaut.fr\/wordpress\/#\/schema\/person\/41c41eaf9ae1d70810ff74a04a786c56","name":"administrateur","url":"https:\/\/www.charles-de-flahaut.fr\/wordpress\/author\/hist_8la_ad\/"}]}},"views":64,"amp_enabled":true,"_links":{"self":[{"href":"https:\/\/www.charles-de-flahaut.fr\/wordpress\/wp-json\/wp\/v2\/posts\/91785","targetHints":{"allow":["GET"]}}],"collection":[{"href":"https:\/\/www.charles-de-flahaut.fr\/wordpress\/wp-json\/wp\/v2\/posts"}],"about":[{"href":"https:\/\/www.charles-de-flahaut.fr\/wordpress\/wp-json\/wp\/v2\/types\/post"}],"author":[{"embeddable":true,"href":"https:\/\/www.charles-de-flahaut.fr\/wordpress\/wp-json\/wp\/v2\/users\/117"}],"replies":[{"embeddable":true,"href":"https:\/\/www.charles-de-flahaut.fr\/wordpress\/wp-json\/wp\/v2\/comments?post=91785"}],"version-history":[{"count":3,"href":"https:\/\/www.charles-de-flahaut.fr\/wordpress\/wp-json\/wp\/v2\/posts\/91785\/revisions"}],"predecessor-version":[{"id":112539,"href":"https:\/\/www.charles-de-flahaut.fr\/wordpress\/wp-json\/wp\/v2\/posts\/91785\/revisions\/112539"}],"wp:attachment":[{"href":"https:\/\/www.charles-de-flahaut.fr\/wordpress\/wp-json\/wp\/v2\/media?parent=91785"}],"wp:term":[{"taxonomy":"category","embeddable":true,"href":"https:\/\/www.charles-de-flahaut.fr\/wordpress\/wp-json\/wp\/v2\/categories?post=91785"},{"taxonomy":"post_tag","embeddable":true,"href":"https:\/\/www.charles-de-flahaut.fr\/wordpress\/wp-json\/wp\/v2\/tags?post=91785"}],"curies":[{"name":"wp","href":"https:\/\/api.w.org\/{rel}","templated":true}]}}