{"id":91227,"date":"2022-10-24T09:56:27","date_gmt":"2022-10-24T08:56:27","guid":{"rendered":"https:\/\/www.charles-de-flahaut.fr\/wordpress\/?p=91227"},"modified":"2024-11-18T10:21:06","modified_gmt":"2024-11-18T09:21:06","slug":"histoire-et-patrimoine-de-domgermain-meurthe-et-moselle","status":"publish","type":"post","link":"https:\/\/www.charles-de-flahaut.fr\/wordpress\/histoire-et-patrimoine-de-domgermain-meurthe-et-moselle\/","title":{"rendered":"Histoire et patrimoine de Domgermain (Meurthe-et-Moselle)"},"content":{"rendered":"<p><strong>Histoire et patrimoine de Domgermain (Meurthe-et-Moselle)<\/strong><br \/>\n<a href=\"http:\/\/www.mairie-domgermain.fr\/histoire\/\" target=\"_blank\" rel=\"noopener\">http:\/\/www.mairie-domgermain.fr\/histoire\/<\/a><\/p>\n<p><em>un site r\u00e9f\u00e9renc\u00e9 sur le nouvel\u00a0\u00a0<a href=\"https:\/\/charles-de-flahaut.fr\/annuaire-histoire-communes\" target=\"_blank\" rel=\"noopener noreferrer\">Annuaire Historique des Communes de France<\/a><\/em><\/p>\n<p style=\"text-align: justify;\"><img loading=\"lazy\" decoding=\"async\" class=\"alignleft size-medium wp-image-45299\" src=\"https:\/\/charles-de-flahaut.fr\/annuaire-histoire-communes\/wp-content\/uploads\/2022\/10\/domgermain54-300x232.jpg\" alt=\"\" width=\"300\" height=\"232\" \/>Le nom de la commune de Domgermain aurait \u00e9t\u00e9 donn\u00e9 \u00e0 l\u2019issue de la visite de St Germain venu pr\u00eacher aupr\u00e8s de la foule et planta son b\u00e2ton qui se changea aussit\u00f4t en coudrier plein de verdure. Domgermain date d\u2019une \u00e9poque tr\u00e8s recul\u00e9e, car il en est fait mention dans la confirmation des biens de l\u2019abbaye de St-Mansuy par l\u2019empereur Othon en 965&#8230;<\/p>\n<p style=\"text-align: justify;\"><em>(image et extrait du site officiel de la commune&#8230; <a href=\"http:\/\/www.mairie-domgermain.fr\/histoire\/\" target=\"_blank\" rel=\"noopener\">lire la suite)<\/a><\/em><\/p>\n<p style=\"text-align: center;\"><a href=\"https:\/\/amzn.to\/4eExHAq\" target=\"_blank\" rel=\"noopener\"><strong>Ouvrages sur la Meurthe-et-Moselle<\/strong><\/a><\/p>\n<p><a href=\"https:\/\/amzn.to\/4eExHAq\" target=\"_blank\" rel=\"noopener\"><img loading=\"lazy\" decoding=\"async\" class=\"aligncenter  wp-image-96436\" src=\"https:\/\/www.charles-de-flahaut.fr\/wordpress\/wp-content\/uploads\/2022\/10\/meurtheetmoselle2.webp\" alt=\"\" width=\"224\" height=\"313\" srcset=\"https:\/\/www.charles-de-flahaut.fr\/wordpress\/wp-content\/uploads\/2022\/10\/meurtheetmoselle2.webp 343w, https:\/\/www.charles-de-flahaut.fr\/wordpress\/wp-content\/uploads\/2022\/10\/meurtheetmoselle2-214x300.webp 214w\" sizes=\"auto, (max-width: 224px) 100vw, 224px\" \/><\/a><\/p>\n","protected":false},"excerpt":{"rendered":"<p>Histoire et patrimoine de Domgermain (Meurthe-et-Moselle) http:\/\/www.mairie-domgermain.fr\/histoire\/ un site r\u00e9f\u00e9renc\u00e9 sur le nouvel\u00a0\u00a0Annuaire Historique des Communes de France Le nom de la commune de Domgermain aurait \u00e9t\u00e9 donn\u00e9 \u00e0 l\u2019issue de la visite de St Germain venu pr\u00eacher aupr\u00e8s de la foule et planta son b\u00e2ton qui se changea aussit\u00f4t en coudrier plein de verdure. &hellip; <\/p>\n<p><a class=\"more-link btn\" href=\"https:\/\/www.charles-de-flahaut.fr\/wordpress\/histoire-et-patrimoine-de-domgermain-meurthe-et-moselle\/\">Lire la suite<\/a><\/p>\n","protected":false},"author":117,"featured_media":0,"comment_status":"open","ping_status":"open","sticky":false,"template":"","format":"standard","meta":{"footnotes":""},"categories":[142,16,8],"tags":[],"class_list":["post-91227","post","type-post","status-publish","format-standard","hentry","category-54-meurthe-et-moselle","category-histoire-regionale","category-patrimoine","item-wrap"],"yoast_head":"<!-- This site is optimized with the Yoast SEO plugin v27.5 - https:\/\/yoast.com\/product\/yoast-seo-wordpress\/ -->\n<title>Histoire et patrimoine de Domgermain (Meurthe-et-Moselle) - Histoire de France - Communiqu\u00e9s<\/title>\n<meta name=\"description\" content=\"Domgermain date d\u2019une \u00e9poque tr\u00e8s recul\u00e9e, car il en est fait mention dans la confirmation des biens de l\u2019abbaye de St-Mansuy par l\u2019empereur Othon en 965...\" \/>\n<meta name=\"robots\" content=\"index, follow, max-snippet:-1, max-image-preview:large, max-video-preview:-1\" \/>\n<link rel=\"canonical\" href=\"https:\/\/www.charles-de-flahaut.fr\/wordpress\/histoire-et-patrimoine-de-domgermain-meurthe-et-moselle\/\" \/>\n<meta property=\"og:locale\" content=\"fr_FR\" \/>\n<meta property=\"og:type\" content=\"article\" \/>\n<meta property=\"og:title\" content=\"Histoire et patrimoine de Domgermain (Meurthe-et-Moselle) - Histoire de France - Communiqu\u00e9s\" \/>\n<meta property=\"og:description\" content=\"Domgermain date d\u2019une \u00e9poque tr\u00e8s recul\u00e9e, car il en est fait mention dans la confirmation des biens de l\u2019abbaye de St-Mansuy par l\u2019empereur Othon en 965...\" \/>\n<meta property=\"og:url\" content=\"https:\/\/www.charles-de-flahaut.fr\/wordpress\/histoire-et-patrimoine-de-domgermain-meurthe-et-moselle\/\" \/>\n<meta property=\"og:site_name\" content=\"Histoire de France - Communiqu\u00e9s\" \/>\n<meta property=\"article:publisher\" content=\"https:\/\/www.facebook.com\/Sites.HistoiredeFrance\" \/>\n<meta property=\"article:published_time\" content=\"2022-10-24T08:56:27+00:00\" \/>\n<meta property=\"article:modified_time\" content=\"2024-11-18T09:21:06+00:00\" \/>\n<meta name=\"author\" content=\"administrateur\" \/>\n<meta name=\"twitter:card\" content=\"summary_large_image\" \/>\n<meta name=\"twitter:label1\" content=\"\u00c9crit par\" \/>\n\t<meta name=\"twitter:data1\" content=\"administrateur\" \/>\n\t<meta name=\"twitter:label2\" content=\"Dur\u00e9e de lecture estim\u00e9e\" \/>\n\t<meta name=\"twitter:data2\" content=\"1 minute\" \/>\n<script type=\"application\/ld+json\" class=\"yoast-schema-graph\">{\"@context\":\"https:\\\/\\\/schema.org\",\"@graph\":[{\"@type\":\"Article\",\"@id\":\"https:\\\/\\\/www.charles-de-flahaut.fr\\\/wordpress\\\/histoire-et-patrimoine-de-domgermain-meurthe-et-moselle\\\/#article\",\"isPartOf\":{\"@id\":\"https:\\\/\\\/www.charles-de-flahaut.fr\\\/wordpress\\\/histoire-et-patrimoine-de-domgermain-meurthe-et-moselle\\\/\"},\"author\":{\"name\":\"administrateur\",\"@id\":\"https:\\\/\\\/www.charles-de-flahaut.fr\\\/wordpress\\\/#\\\/schema\\\/person\\\/41c41eaf9ae1d70810ff74a04a786c56\"},\"headline\":\"Histoire et patrimoine de Domgermain (Meurthe-et-Moselle)\",\"datePublished\":\"2022-10-24T08:56:27+00:00\",\"dateModified\":\"2024-11-18T09:21:06+00:00\",\"mainEntityOfPage\":{\"@id\":\"https:\\\/\\\/www.charles-de-flahaut.fr\\\/wordpress\\\/histoire-et-patrimoine-de-domgermain-meurthe-et-moselle\\\/\"},\"wordCount\":118,\"commentCount\":0,\"publisher\":{\"@id\":\"https:\\\/\\\/www.charles-de-flahaut.fr\\\/wordpress\\\/#\\\/schema\\\/person\\\/81011c8b61bc74c05499365a506d49a9\"},\"image\":{\"@id\":\"https:\\\/\\\/www.charles-de-flahaut.fr\\\/wordpress\\\/histoire-et-patrimoine-de-domgermain-meurthe-et-moselle\\\/#primaryimage\"},\"thumbnailUrl\":\"https:\\\/\\\/charles-de-flahaut.fr\\\/annuaire-histoire-communes\\\/wp-content\\\/uploads\\\/2022\\\/10\\\/domgermain54-300x232.jpg\",\"articleSection\":[\"54 - Meurthe-et-Moselle\",\"histoire locale\",\"patrimoine\"],\"inLanguage\":\"fr-FR\",\"potentialAction\":[{\"@type\":\"CommentAction\",\"name\":\"Comment\",\"target\":[\"https:\\\/\\\/www.charles-de-flahaut.fr\\\/wordpress\\\/histoire-et-patrimoine-de-domgermain-meurthe-et-moselle\\\/#respond\"]}]},{\"@type\":\"WebPage\",\"@id\":\"https:\\\/\\\/www.charles-de-flahaut.fr\\\/wordpress\\\/histoire-et-patrimoine-de-domgermain-meurthe-et-moselle\\\/\",\"url\":\"https:\\\/\\\/www.charles-de-flahaut.fr\\\/wordpress\\\/histoire-et-patrimoine-de-domgermain-meurthe-et-moselle\\\/\",\"name\":\"Histoire et patrimoine de Domgermain (Meurthe-et-Moselle) - Histoire de France - Communiqu\u00e9s\",\"isPartOf\":{\"@id\":\"https:\\\/\\\/www.charles-de-flahaut.fr\\\/wordpress\\\/#website\"},\"primaryImageOfPage\":{\"@id\":\"https:\\\/\\\/www.charles-de-flahaut.fr\\\/wordpress\\\/histoire-et-patrimoine-de-domgermain-meurthe-et-moselle\\\/#primaryimage\"},\"image\":{\"@id\":\"https:\\\/\\\/www.charles-de-flahaut.fr\\\/wordpress\\\/histoire-et-patrimoine-de-domgermain-meurthe-et-moselle\\\/#primaryimage\"},\"thumbnailUrl\":\"https:\\\/\\\/charles-de-flahaut.fr\\\/annuaire-histoire-communes\\\/wp-content\\\/uploads\\\/2022\\\/10\\\/domgermain54-300x232.jpg\",\"datePublished\":\"2022-10-24T08:56:27+00:00\",\"dateModified\":\"2024-11-18T09:21:06+00:00\",\"description\":\"Domgermain date d\u2019une \u00e9poque tr\u00e8s recul\u00e9e, car il en est fait mention dans la confirmation des biens de l\u2019abbaye de St-Mansuy par l\u2019empereur Othon en 965...\",\"breadcrumb\":{\"@id\":\"https:\\\/\\\/www.charles-de-flahaut.fr\\\/wordpress\\\/histoire-et-patrimoine-de-domgermain-meurthe-et-moselle\\\/#breadcrumb\"},\"inLanguage\":\"fr-FR\",\"potentialAction\":[{\"@type\":\"ReadAction\",\"target\":[\"https:\\\/\\\/www.charles-de-flahaut.fr\\\/wordpress\\\/histoire-et-patrimoine-de-domgermain-meurthe-et-moselle\\\/\"]}]},{\"@type\":\"ImageObject\",\"inLanguage\":\"fr-FR\",\"@id\":\"https:\\\/\\\/www.charles-de-flahaut.fr\\\/wordpress\\\/histoire-et-patrimoine-de-domgermain-meurthe-et-moselle\\\/#primaryimage\",\"url\":\"https:\\\/\\\/charles-de-flahaut.fr\\\/annuaire-histoire-communes\\\/wp-content\\\/uploads\\\/2022\\\/10\\\/domgermain54-300x232.jpg\",\"contentUrl\":\"https:\\\/\\\/charles-de-flahaut.fr\\\/annuaire-histoire-communes\\\/wp-content\\\/uploads\\\/2022\\\/10\\\/domgermain54-300x232.jpg\"},{\"@type\":\"BreadcrumbList\",\"@id\":\"https:\\\/\\\/www.charles-de-flahaut.fr\\\/wordpress\\\/histoire-et-patrimoine-de-domgermain-meurthe-et-moselle\\\/#breadcrumb\",\"itemListElement\":[{\"@type\":\"ListItem\",\"position\":1,\"name\":\"Accueil\",\"item\":\"https:\\\/\\\/www.charles-de-flahaut.fr\\\/wordpress\\\/\"},{\"@type\":\"ListItem\",\"position\":2,\"name\":\"Histoire et patrimoine de Domgermain (Meurthe-et-Moselle)\"}]},{\"@type\":\"WebSite\",\"@id\":\"https:\\\/\\\/www.charles-de-flahaut.fr\\\/wordpress\\\/#website\",\"url\":\"https:\\\/\\\/www.charles-de-flahaut.fr\\\/wordpress\\\/\",\"name\":\"Histoire de France - Communiqu\u00e9s\",\"description\":\"Histoire et patrimoine\",\"publisher\":{\"@id\":\"https:\\\/\\\/www.charles-de-flahaut.fr\\\/wordpress\\\/#\\\/schema\\\/person\\\/81011c8b61bc74c05499365a506d49a9\"},\"potentialAction\":[{\"@type\":\"SearchAction\",\"target\":{\"@type\":\"EntryPoint\",\"urlTemplate\":\"https:\\\/\\\/www.charles-de-flahaut.fr\\\/wordpress\\\/?s={search_term_string}\"},\"query-input\":{\"@type\":\"PropertyValueSpecification\",\"valueRequired\":true,\"valueName\":\"search_term_string\"}}],\"inLanguage\":\"fr-FR\"},{\"@type\":[\"Person\",\"Organization\"],\"@id\":\"https:\\\/\\\/www.charles-de-flahaut.fr\\\/wordpress\\\/#\\\/schema\\\/person\\\/81011c8b61bc74c05499365a506d49a9\",\"name\":\"administrateur\",\"logo\":{\"@id\":\"https:\\\/\\\/www.charles-de-flahaut.fr\\\/wordpress\\\/#\\\/schema\\\/person\\\/image\\\/\"},\"sameAs\":[\"http:\\\/\\\/www.charles-de-flahaut.fr\",\"https:\\\/\\\/www.facebook.com\\\/Sites.HistoiredeFrance\"]},{\"@type\":\"Person\",\"@id\":\"https:\\\/\\\/www.charles-de-flahaut.fr\\\/wordpress\\\/#\\\/schema\\\/person\\\/41c41eaf9ae1d70810ff74a04a786c56\",\"name\":\"administrateur\",\"url\":\"https:\\\/\\\/www.charles-de-flahaut.fr\\\/wordpress\\\/author\\\/hist_8la_ad\\\/\"}]}<\/script>\n<!-- \/ Yoast SEO plugin. -->","yoast_head_json":{"title":"Histoire et patrimoine de Domgermain (Meurthe-et-Moselle) - Histoire de France - Communiqu\u00e9s","description":"Domgermain date d\u2019une \u00e9poque tr\u00e8s recul\u00e9e, car il en est fait mention dans la confirmation des biens de l\u2019abbaye de St-Mansuy par l\u2019empereur Othon en 965...","robots":{"index":"index","follow":"follow","max-snippet":"max-snippet:-1","max-image-preview":"max-image-preview:large","max-video-preview":"max-video-preview:-1"},"canonical":"https:\/\/www.charles-de-flahaut.fr\/wordpress\/histoire-et-patrimoine-de-domgermain-meurthe-et-moselle\/","og_locale":"fr_FR","og_type":"article","og_title":"Histoire et patrimoine de Domgermain (Meurthe-et-Moselle) - Histoire de France - Communiqu\u00e9s","og_description":"Domgermain date d\u2019une \u00e9poque tr\u00e8s recul\u00e9e, car il en est fait mention dans la confirmation des biens de l\u2019abbaye de St-Mansuy par l\u2019empereur Othon en 965...","og_url":"https:\/\/www.charles-de-flahaut.fr\/wordpress\/histoire-et-patrimoine-de-domgermain-meurthe-et-moselle\/","og_site_name":"Histoire de France - Communiqu\u00e9s","article_publisher":"https:\/\/www.facebook.com\/Sites.HistoiredeFrance","article_published_time":"2022-10-24T08:56:27+00:00","article_modified_time":"2024-11-18T09:21:06+00:00","author":"administrateur","twitter_card":"summary_large_image","twitter_misc":{"\u00c9crit par":"administrateur","Dur\u00e9e de lecture estim\u00e9e":"1 minute"},"schema":{"@context":"https:\/\/schema.org","@graph":[{"@type":"Article","@id":"https:\/\/www.charles-de-flahaut.fr\/wordpress\/histoire-et-patrimoine-de-domgermain-meurthe-et-moselle\/#article","isPartOf":{"@id":"https:\/\/www.charles-de-flahaut.fr\/wordpress\/histoire-et-patrimoine-de-domgermain-meurthe-et-moselle\/"},"author":{"name":"administrateur","@id":"https:\/\/www.charles-de-flahaut.fr\/wordpress\/#\/schema\/person\/41c41eaf9ae1d70810ff74a04a786c56"},"headline":"Histoire et patrimoine de Domgermain (Meurthe-et-Moselle)","datePublished":"2022-10-24T08:56:27+00:00","dateModified":"2024-11-18T09:21:06+00:00","mainEntityOfPage":{"@id":"https:\/\/www.charles-de-flahaut.fr\/wordpress\/histoire-et-patrimoine-de-domgermain-meurthe-et-moselle\/"},"wordCount":118,"commentCount":0,"publisher":{"@id":"https:\/\/www.charles-de-flahaut.fr\/wordpress\/#\/schema\/person\/81011c8b61bc74c05499365a506d49a9"},"image":{"@id":"https:\/\/www.charles-de-flahaut.fr\/wordpress\/histoire-et-patrimoine-de-domgermain-meurthe-et-moselle\/#primaryimage"},"thumbnailUrl":"https:\/\/charles-de-flahaut.fr\/annuaire-histoire-communes\/wp-content\/uploads\/2022\/10\/domgermain54-300x232.jpg","articleSection":["54 - Meurthe-et-Moselle","histoire locale","patrimoine"],"inLanguage":"fr-FR","potentialAction":[{"@type":"CommentAction","name":"Comment","target":["https:\/\/www.charles-de-flahaut.fr\/wordpress\/histoire-et-patrimoine-de-domgermain-meurthe-et-moselle\/#respond"]}]},{"@type":"WebPage","@id":"https:\/\/www.charles-de-flahaut.fr\/wordpress\/histoire-et-patrimoine-de-domgermain-meurthe-et-moselle\/","url":"https:\/\/www.charles-de-flahaut.fr\/wordpress\/histoire-et-patrimoine-de-domgermain-meurthe-et-moselle\/","name":"Histoire et patrimoine de Domgermain (Meurthe-et-Moselle) - Histoire de France - Communiqu\u00e9s","isPartOf":{"@id":"https:\/\/www.charles-de-flahaut.fr\/wordpress\/#website"},"primaryImageOfPage":{"@id":"https:\/\/www.charles-de-flahaut.fr\/wordpress\/histoire-et-patrimoine-de-domgermain-meurthe-et-moselle\/#primaryimage"},"image":{"@id":"https:\/\/www.charles-de-flahaut.fr\/wordpress\/histoire-et-patrimoine-de-domgermain-meurthe-et-moselle\/#primaryimage"},"thumbnailUrl":"https:\/\/charles-de-flahaut.fr\/annuaire-histoire-communes\/wp-content\/uploads\/2022\/10\/domgermain54-300x232.jpg","datePublished":"2022-10-24T08:56:27+00:00","dateModified":"2024-11-18T09:21:06+00:00","description":"Domgermain date d\u2019une \u00e9poque tr\u00e8s recul\u00e9e, car il en est fait mention dans la confirmation des biens de l\u2019abbaye de St-Mansuy par l\u2019empereur Othon en 965...","breadcrumb":{"@id":"https:\/\/www.charles-de-flahaut.fr\/wordpress\/histoire-et-patrimoine-de-domgermain-meurthe-et-moselle\/#breadcrumb"},"inLanguage":"fr-FR","potentialAction":[{"@type":"ReadAction","target":["https:\/\/www.charles-de-flahaut.fr\/wordpress\/histoire-et-patrimoine-de-domgermain-meurthe-et-moselle\/"]}]},{"@type":"ImageObject","inLanguage":"fr-FR","@id":"https:\/\/www.charles-de-flahaut.fr\/wordpress\/histoire-et-patrimoine-de-domgermain-meurthe-et-moselle\/#primaryimage","url":"https:\/\/charles-de-flahaut.fr\/annuaire-histoire-communes\/wp-content\/uploads\/2022\/10\/domgermain54-300x232.jpg","contentUrl":"https:\/\/charles-de-flahaut.fr\/annuaire-histoire-communes\/wp-content\/uploads\/2022\/10\/domgermain54-300x232.jpg"},{"@type":"BreadcrumbList","@id":"https:\/\/www.charles-de-flahaut.fr\/wordpress\/histoire-et-patrimoine-de-domgermain-meurthe-et-moselle\/#breadcrumb","itemListElement":[{"@type":"ListItem","position":1,"name":"Accueil","item":"https:\/\/www.charles-de-flahaut.fr\/wordpress\/"},{"@type":"ListItem","position":2,"name":"Histoire et patrimoine de Domgermain (Meurthe-et-Moselle)"}]},{"@type":"WebSite","@id":"https:\/\/www.charles-de-flahaut.fr\/wordpress\/#website","url":"https:\/\/www.charles-de-flahaut.fr\/wordpress\/","name":"Histoire de France - Communiqu\u00e9s","description":"Histoire et patrimoine","publisher":{"@id":"https:\/\/www.charles-de-flahaut.fr\/wordpress\/#\/schema\/person\/81011c8b61bc74c05499365a506d49a9"},"potentialAction":[{"@type":"SearchAction","target":{"@type":"EntryPoint","urlTemplate":"https:\/\/www.charles-de-flahaut.fr\/wordpress\/?s={search_term_string}"},"query-input":{"@type":"PropertyValueSpecification","valueRequired":true,"valueName":"search_term_string"}}],"inLanguage":"fr-FR"},{"@type":["Person","Organization"],"@id":"https:\/\/www.charles-de-flahaut.fr\/wordpress\/#\/schema\/person\/81011c8b61bc74c05499365a506d49a9","name":"administrateur","logo":{"@id":"https:\/\/www.charles-de-flahaut.fr\/wordpress\/#\/schema\/person\/image\/"},"sameAs":["http:\/\/www.charles-de-flahaut.fr","https:\/\/www.facebook.com\/Sites.HistoiredeFrance"]},{"@type":"Person","@id":"https:\/\/www.charles-de-flahaut.fr\/wordpress\/#\/schema\/person\/41c41eaf9ae1d70810ff74a04a786c56","name":"administrateur","url":"https:\/\/www.charles-de-flahaut.fr\/wordpress\/author\/hist_8la_ad\/"}]}},"views":59,"amp_enabled":true,"_links":{"self":[{"href":"https:\/\/www.charles-de-flahaut.fr\/wordpress\/wp-json\/wp\/v2\/posts\/91227","targetHints":{"allow":["GET"]}}],"collection":[{"href":"https:\/\/www.charles-de-flahaut.fr\/wordpress\/wp-json\/wp\/v2\/posts"}],"about":[{"href":"https:\/\/www.charles-de-flahaut.fr\/wordpress\/wp-json\/wp\/v2\/types\/post"}],"author":[{"embeddable":true,"href":"https:\/\/www.charles-de-flahaut.fr\/wordpress\/wp-json\/wp\/v2\/users\/117"}],"replies":[{"embeddable":true,"href":"https:\/\/www.charles-de-flahaut.fr\/wordpress\/wp-json\/wp\/v2\/comments?post=91227"}],"version-history":[{"count":3,"href":"https:\/\/www.charles-de-flahaut.fr\/wordpress\/wp-json\/wp\/v2\/posts\/91227\/revisions"}],"predecessor-version":[{"id":96547,"href":"https:\/\/www.charles-de-flahaut.fr\/wordpress\/wp-json\/wp\/v2\/posts\/91227\/revisions\/96547"}],"wp:attachment":[{"href":"https:\/\/www.charles-de-flahaut.fr\/wordpress\/wp-json\/wp\/v2\/media?parent=91227"}],"wp:term":[{"taxonomy":"category","embeddable":true,"href":"https:\/\/www.charles-de-flahaut.fr\/wordpress\/wp-json\/wp\/v2\/categories?post=91227"},{"taxonomy":"post_tag","embeddable":true,"href":"https:\/\/www.charles-de-flahaut.fr\/wordpress\/wp-json\/wp\/v2\/tags?post=91227"}],"curies":[{"name":"wp","href":"https:\/\/api.w.org\/{rel}","templated":true}]}}