{"id":9093,"date":"2014-11-08T11:11:03","date_gmt":"2014-11-08T10:11:03","guid":{"rendered":"http:\/\/www.charles-de-flahaut.fr\/wordpress\/?p=9093"},"modified":"2015-06-02T12:40:42","modified_gmt":"2015-06-02T11:40:42","slug":"histoire-de-paray-vieille-poste-essonne","status":"publish","type":"post","link":"https:\/\/www.charles-de-flahaut.fr\/wordpress\/histoire-de-paray-vieille-poste-essonne\/","title":{"rendered":"Histoire de Paray Vieille-Poste (Essonne)"},"content":{"rendered":"<p><strong>Histoire de Paray Vieille-Poste (Essonne)<\/strong><br \/>\n<a href=\"http:\/\/www.paray-vieille-poste.fr\/Notre-Village\/Decouvrir-Paray\" target=\"_blank\">http:\/\/www.paray-vieille-poste.fr\/Notre-Village\/Decouvrir-Paray<\/a><\/p>\n<p><em>un nouveau site r\u00e9f\u00e9renc\u00e9 sur <a href=\"http:\/\/www.histoire-communes.jpflahaut.fr\/\" target=\"_blank\">Histoire et patrimoine des villes et villages de France<\/a><\/em><\/p>\n<p style=\"text-align: justify;\"><a href=\"http:\/\/www.charles-de-flahaut.fr\/wordpress\/wp-content\/uploads\/2014\/11\/parayvieilleposte.png\"><img loading=\"lazy\" decoding=\"async\" class=\"alignleft  wp-image-9094\" src=\"http:\/\/www.charles-de-flahaut.fr\/wordpress\/wp-content\/uploads\/2014\/11\/parayvieilleposte.png\" alt=\"parayvieilleposte\" width=\"172\" height=\"242\" \/><\/a>L&rsquo;histoire de notre ville est profond\u00e9ment marqu\u00e9e par les activit\u00e9s a\u00e9roportuaires. La ville compte 117 hectares habitables, suite \u00e0 des expropriations \u00e0 la fin des ann\u00e9es 40 puis dans les ann\u00e9es 60, pour l&rsquo;agrandissement de l&rsquo;a\u00e9roport d&rsquo;Orly&#8230;<\/p>\n<p><em>(image et extrait du site officiel de la commune &#8230; <a href=\"http:\/\/www.paray-vieille-poste.fr\/Notre-Village\/Decouvrir-Paray\" target=\"_blank\">lire la suite<\/a>)<\/em><\/p>\n<p><iframe style=\"width:120px;height:240px;\" marginwidth=\"0\" marginheight=\"0\" scrolling=\"no\" frameborder=\"0\" src=\"\/\/ws-eu.amazon-adsystem.com\/widgets\/q?ServiceVersion=20070822&#038;OneJS=1&#038;Operation=GetAdHtml&#038;MarketPlace=FR&#038;source=ac&#038;ref=tf_til&#038;ad_type=product_link&#038;tracking_id=charledeflaha-21&#038;marketplace=amazon&#038;region=FR&#038;placement=2364590531&#038;asins=2364590531&#038;linkId=7Q4PPETGMPCE47CZ&#038;show_border=true&#038;link_opens_in_new_window=true\"><br \/>\n<\/iframe><iframe style=\"width:120px;height:240px;\" marginwidth=\"0\" marginheight=\"0\" scrolling=\"no\" frameborder=\"0\" src=\"\/\/ws-eu.amazon-adsystem.com\/widgets\/q?ServiceVersion=20070822&#038;OneJS=1&#038;Operation=GetAdHtml&#038;MarketPlace=FR&#038;source=ac&#038;ref=tf_til&#038;ad_type=product_link&#038;tracking_id=charledeflaha-21&#038;marketplace=amazon&#038;region=FR&#038;placement=2364640407&#038;asins=2364640407&#038;linkId=4QNLNTGDWHDCCRC2&#038;show_border=true&#038;link_opens_in_new_window=true\"><br \/>\n<\/iframe><\/p>\n","protected":false},"excerpt":{"rendered":"<p>Histoire de Paray Vieille-Poste (Essonne) http:\/\/www.paray-vieille-poste.fr\/Notre-Village\/Decouvrir-Paray un nouveau site r\u00e9f\u00e9renc\u00e9 sur Histoire et patrimoine des villes et villages de France L&rsquo;histoire de notre ville est profond\u00e9ment marqu\u00e9e par les activit\u00e9s a\u00e9roportuaires. La ville compte 117 hectares habitables, suite \u00e0 des expropriations \u00e0 la fin des ann\u00e9es 40 puis dans les ann\u00e9es 60, pour l&rsquo;agrandissement de &hellip; <\/p>\n<p><a class=\"more-link btn\" href=\"https:\/\/www.charles-de-flahaut.fr\/wordpress\/histoire-de-paray-vieille-poste-essonne\/\">Lire la suite<\/a><\/p>\n","protected":false},"author":117,"featured_media":0,"comment_status":"open","ping_status":"open","sticky":false,"template":"","format":"standard","meta":{"footnotes":""},"categories":[179,16,8],"tags":[],"class_list":["post-9093","post","type-post","status-publish","format-standard","hentry","category-91-essonne","category-histoire-regionale","category-patrimoine","item-wrap"],"yoast_head":"<!-- This site is optimized with the Yoast SEO plugin v27.4 - https:\/\/yoast.com\/product\/yoast-seo-wordpress\/ -->\n<title>Histoire de Paray Vieille-Poste (Essonne) - Histoire de France - Communiqu\u00e9s<\/title>\n<meta name=\"robots\" content=\"index, follow, max-snippet:-1, max-image-preview:large, max-video-preview:-1\" \/>\n<link rel=\"canonical\" href=\"https:\/\/www.charles-de-flahaut.fr\/wordpress\/histoire-de-paray-vieille-poste-essonne\/\" \/>\n<meta property=\"og:locale\" content=\"fr_FR\" \/>\n<meta property=\"og:type\" content=\"article\" \/>\n<meta property=\"og:title\" content=\"Histoire de Paray Vieille-Poste (Essonne) - Histoire de France - Communiqu\u00e9s\" \/>\n<meta property=\"og:description\" content=\"Histoire de Paray Vieille-Poste (Essonne) http:\/\/www.paray-vieille-poste.fr\/Notre-Village\/Decouvrir-Paray un nouveau site r\u00e9f\u00e9renc\u00e9 sur Histoire et patrimoine des villes et villages de France L&rsquo;histoire de notre ville est profond\u00e9ment marqu\u00e9e par les activit\u00e9s a\u00e9roportuaires. La ville compte 117 hectares habitables, suite \u00e0 des expropriations \u00e0 la fin des ann\u00e9es 40 puis dans les ann\u00e9es 60, pour l&rsquo;agrandissement de &hellip; Lire la suite\" \/>\n<meta property=\"og:url\" content=\"https:\/\/www.charles-de-flahaut.fr\/wordpress\/histoire-de-paray-vieille-poste-essonne\/\" \/>\n<meta property=\"og:site_name\" content=\"Histoire de France - Communiqu\u00e9s\" \/>\n<meta property=\"article:publisher\" content=\"https:\/\/www.facebook.com\/Sites.HistoiredeFrance\" \/>\n<meta property=\"article:published_time\" content=\"2014-11-08T10:11:03+00:00\" \/>\n<meta property=\"article:modified_time\" content=\"2015-06-02T11:40:42+00:00\" \/>\n<meta property=\"og:image\" content=\"http:\/\/www.charles-de-flahaut.fr\/wordpress\/wp-content\/uploads\/2014\/11\/parayvieilleposte.png\" \/>\n<meta name=\"author\" content=\"administrateur\" \/>\n<meta name=\"twitter:card\" content=\"summary_large_image\" \/>\n<meta name=\"twitter:label1\" content=\"\u00c9crit par\" \/>\n\t<meta name=\"twitter:data1\" content=\"administrateur\" \/>\n<script type=\"application\/ld+json\" class=\"yoast-schema-graph\">{\"@context\":\"https:\\\/\\\/schema.org\",\"@graph\":[{\"@type\":\"Article\",\"@id\":\"https:\\\/\\\/www.charles-de-flahaut.fr\\\/wordpress\\\/histoire-de-paray-vieille-poste-essonne\\\/#article\",\"isPartOf\":{\"@id\":\"https:\\\/\\\/www.charles-de-flahaut.fr\\\/wordpress\\\/histoire-de-paray-vieille-poste-essonne\\\/\"},\"author\":{\"name\":\"administrateur\",\"@id\":\"https:\\\/\\\/www.charles-de-flahaut.fr\\\/wordpress\\\/#\\\/schema\\\/person\\\/41c41eaf9ae1d70810ff74a04a786c56\"},\"headline\":\"Histoire de Paray Vieille-Poste (Essonne)\",\"datePublished\":\"2014-11-08T10:11:03+00:00\",\"dateModified\":\"2015-06-02T11:40:42+00:00\",\"mainEntityOfPage\":{\"@id\":\"https:\\\/\\\/www.charles-de-flahaut.fr\\\/wordpress\\\/histoire-de-paray-vieille-poste-essonne\\\/\"},\"wordCount\":87,\"commentCount\":0,\"publisher\":{\"@id\":\"https:\\\/\\\/www.charles-de-flahaut.fr\\\/wordpress\\\/#\\\/schema\\\/person\\\/81011c8b61bc74c05499365a506d49a9\"},\"image\":{\"@id\":\"https:\\\/\\\/www.charles-de-flahaut.fr\\\/wordpress\\\/histoire-de-paray-vieille-poste-essonne\\\/#primaryimage\"},\"thumbnailUrl\":\"http:\\\/\\\/www.charles-de-flahaut.fr\\\/wordpress\\\/wp-content\\\/uploads\\\/2014\\\/11\\\/parayvieilleposte.png\",\"articleSection\":[\"91 - Essonne\",\"histoire locale\",\"patrimoine\"],\"inLanguage\":\"fr-FR\",\"potentialAction\":[{\"@type\":\"CommentAction\",\"name\":\"Comment\",\"target\":[\"https:\\\/\\\/www.charles-de-flahaut.fr\\\/wordpress\\\/histoire-de-paray-vieille-poste-essonne\\\/#respond\"]}]},{\"@type\":\"WebPage\",\"@id\":\"https:\\\/\\\/www.charles-de-flahaut.fr\\\/wordpress\\\/histoire-de-paray-vieille-poste-essonne\\\/\",\"url\":\"https:\\\/\\\/www.charles-de-flahaut.fr\\\/wordpress\\\/histoire-de-paray-vieille-poste-essonne\\\/\",\"name\":\"Histoire de Paray Vieille-Poste (Essonne) - Histoire de France - Communiqu\u00e9s\",\"isPartOf\":{\"@id\":\"https:\\\/\\\/www.charles-de-flahaut.fr\\\/wordpress\\\/#website\"},\"primaryImageOfPage\":{\"@id\":\"https:\\\/\\\/www.charles-de-flahaut.fr\\\/wordpress\\\/histoire-de-paray-vieille-poste-essonne\\\/#primaryimage\"},\"image\":{\"@id\":\"https:\\\/\\\/www.charles-de-flahaut.fr\\\/wordpress\\\/histoire-de-paray-vieille-poste-essonne\\\/#primaryimage\"},\"thumbnailUrl\":\"http:\\\/\\\/www.charles-de-flahaut.fr\\\/wordpress\\\/wp-content\\\/uploads\\\/2014\\\/11\\\/parayvieilleposte.png\",\"datePublished\":\"2014-11-08T10:11:03+00:00\",\"dateModified\":\"2015-06-02T11:40:42+00:00\",\"breadcrumb\":{\"@id\":\"https:\\\/\\\/www.charles-de-flahaut.fr\\\/wordpress\\\/histoire-de-paray-vieille-poste-essonne\\\/#breadcrumb\"},\"inLanguage\":\"fr-FR\",\"potentialAction\":[{\"@type\":\"ReadAction\",\"target\":[\"https:\\\/\\\/www.charles-de-flahaut.fr\\\/wordpress\\\/histoire-de-paray-vieille-poste-essonne\\\/\"]}]},{\"@type\":\"ImageObject\",\"inLanguage\":\"fr-FR\",\"@id\":\"https:\\\/\\\/www.charles-de-flahaut.fr\\\/wordpress\\\/histoire-de-paray-vieille-poste-essonne\\\/#primaryimage\",\"url\":\"http:\\\/\\\/www.charles-de-flahaut.fr\\\/wordpress\\\/wp-content\\\/uploads\\\/2014\\\/11\\\/parayvieilleposte.png\",\"contentUrl\":\"http:\\\/\\\/www.charles-de-flahaut.fr\\\/wordpress\\\/wp-content\\\/uploads\\\/2014\\\/11\\\/parayvieilleposte.png\"},{\"@type\":\"BreadcrumbList\",\"@id\":\"https:\\\/\\\/www.charles-de-flahaut.fr\\\/wordpress\\\/histoire-de-paray-vieille-poste-essonne\\\/#breadcrumb\",\"itemListElement\":[{\"@type\":\"ListItem\",\"position\":1,\"name\":\"Accueil\",\"item\":\"https:\\\/\\\/www.charles-de-flahaut.fr\\\/wordpress\\\/\"},{\"@type\":\"ListItem\",\"position\":2,\"name\":\"Histoire de Paray Vieille-Poste (Essonne)\"}]},{\"@type\":\"WebSite\",\"@id\":\"https:\\\/\\\/www.charles-de-flahaut.fr\\\/wordpress\\\/#website\",\"url\":\"https:\\\/\\\/www.charles-de-flahaut.fr\\\/wordpress\\\/\",\"name\":\"Histoire de France - Communiqu\u00e9s\",\"description\":\"Histoire et patrimoine\",\"publisher\":{\"@id\":\"https:\\\/\\\/www.charles-de-flahaut.fr\\\/wordpress\\\/#\\\/schema\\\/person\\\/81011c8b61bc74c05499365a506d49a9\"},\"potentialAction\":[{\"@type\":\"SearchAction\",\"target\":{\"@type\":\"EntryPoint\",\"urlTemplate\":\"https:\\\/\\\/www.charles-de-flahaut.fr\\\/wordpress\\\/?s={search_term_string}\"},\"query-input\":{\"@type\":\"PropertyValueSpecification\",\"valueRequired\":true,\"valueName\":\"search_term_string\"}}],\"inLanguage\":\"fr-FR\"},{\"@type\":[\"Person\",\"Organization\"],\"@id\":\"https:\\\/\\\/www.charles-de-flahaut.fr\\\/wordpress\\\/#\\\/schema\\\/person\\\/81011c8b61bc74c05499365a506d49a9\",\"name\":\"administrateur\",\"logo\":{\"@id\":\"https:\\\/\\\/www.charles-de-flahaut.fr\\\/wordpress\\\/#\\\/schema\\\/person\\\/image\\\/\"},\"sameAs\":[\"http:\\\/\\\/www.charles-de-flahaut.fr\",\"https:\\\/\\\/www.facebook.com\\\/Sites.HistoiredeFrance\"]},{\"@type\":\"Person\",\"@id\":\"https:\\\/\\\/www.charles-de-flahaut.fr\\\/wordpress\\\/#\\\/schema\\\/person\\\/41c41eaf9ae1d70810ff74a04a786c56\",\"name\":\"administrateur\",\"url\":\"https:\\\/\\\/www.charles-de-flahaut.fr\\\/wordpress\\\/author\\\/hist_8la_ad\\\/\"}]}<\/script>\n<!-- \/ Yoast SEO plugin. -->","yoast_head_json":{"title":"Histoire de Paray Vieille-Poste (Essonne) - Histoire de France - Communiqu\u00e9s","robots":{"index":"index","follow":"follow","max-snippet":"max-snippet:-1","max-image-preview":"max-image-preview:large","max-video-preview":"max-video-preview:-1"},"canonical":"https:\/\/www.charles-de-flahaut.fr\/wordpress\/histoire-de-paray-vieille-poste-essonne\/","og_locale":"fr_FR","og_type":"article","og_title":"Histoire de Paray Vieille-Poste (Essonne) - Histoire de France - Communiqu\u00e9s","og_description":"Histoire de Paray Vieille-Poste (Essonne) http:\/\/www.paray-vieille-poste.fr\/Notre-Village\/Decouvrir-Paray un nouveau site r\u00e9f\u00e9renc\u00e9 sur Histoire et patrimoine des villes et villages de France L&rsquo;histoire de notre ville est profond\u00e9ment marqu\u00e9e par les activit\u00e9s a\u00e9roportuaires. La ville compte 117 hectares habitables, suite \u00e0 des expropriations \u00e0 la fin des ann\u00e9es 40 puis dans les ann\u00e9es 60, pour l&rsquo;agrandissement de &hellip; Lire la suite","og_url":"https:\/\/www.charles-de-flahaut.fr\/wordpress\/histoire-de-paray-vieille-poste-essonne\/","og_site_name":"Histoire de France - Communiqu\u00e9s","article_publisher":"https:\/\/www.facebook.com\/Sites.HistoiredeFrance","article_published_time":"2014-11-08T10:11:03+00:00","article_modified_time":"2015-06-02T11:40:42+00:00","og_image":[{"url":"http:\/\/www.charles-de-flahaut.fr\/wordpress\/wp-content\/uploads\/2014\/11\/parayvieilleposte.png","type":"","width":"","height":""}],"author":"administrateur","twitter_card":"summary_large_image","twitter_misc":{"\u00c9crit par":"administrateur"},"schema":{"@context":"https:\/\/schema.org","@graph":[{"@type":"Article","@id":"https:\/\/www.charles-de-flahaut.fr\/wordpress\/histoire-de-paray-vieille-poste-essonne\/#article","isPartOf":{"@id":"https:\/\/www.charles-de-flahaut.fr\/wordpress\/histoire-de-paray-vieille-poste-essonne\/"},"author":{"name":"administrateur","@id":"https:\/\/www.charles-de-flahaut.fr\/wordpress\/#\/schema\/person\/41c41eaf9ae1d70810ff74a04a786c56"},"headline":"Histoire de Paray Vieille-Poste (Essonne)","datePublished":"2014-11-08T10:11:03+00:00","dateModified":"2015-06-02T11:40:42+00:00","mainEntityOfPage":{"@id":"https:\/\/www.charles-de-flahaut.fr\/wordpress\/histoire-de-paray-vieille-poste-essonne\/"},"wordCount":87,"commentCount":0,"publisher":{"@id":"https:\/\/www.charles-de-flahaut.fr\/wordpress\/#\/schema\/person\/81011c8b61bc74c05499365a506d49a9"},"image":{"@id":"https:\/\/www.charles-de-flahaut.fr\/wordpress\/histoire-de-paray-vieille-poste-essonne\/#primaryimage"},"thumbnailUrl":"http:\/\/www.charles-de-flahaut.fr\/wordpress\/wp-content\/uploads\/2014\/11\/parayvieilleposte.png","articleSection":["91 - Essonne","histoire locale","patrimoine"],"inLanguage":"fr-FR","potentialAction":[{"@type":"CommentAction","name":"Comment","target":["https:\/\/www.charles-de-flahaut.fr\/wordpress\/histoire-de-paray-vieille-poste-essonne\/#respond"]}]},{"@type":"WebPage","@id":"https:\/\/www.charles-de-flahaut.fr\/wordpress\/histoire-de-paray-vieille-poste-essonne\/","url":"https:\/\/www.charles-de-flahaut.fr\/wordpress\/histoire-de-paray-vieille-poste-essonne\/","name":"Histoire de Paray Vieille-Poste (Essonne) - Histoire de France - Communiqu\u00e9s","isPartOf":{"@id":"https:\/\/www.charles-de-flahaut.fr\/wordpress\/#website"},"primaryImageOfPage":{"@id":"https:\/\/www.charles-de-flahaut.fr\/wordpress\/histoire-de-paray-vieille-poste-essonne\/#primaryimage"},"image":{"@id":"https:\/\/www.charles-de-flahaut.fr\/wordpress\/histoire-de-paray-vieille-poste-essonne\/#primaryimage"},"thumbnailUrl":"http:\/\/www.charles-de-flahaut.fr\/wordpress\/wp-content\/uploads\/2014\/11\/parayvieilleposte.png","datePublished":"2014-11-08T10:11:03+00:00","dateModified":"2015-06-02T11:40:42+00:00","breadcrumb":{"@id":"https:\/\/www.charles-de-flahaut.fr\/wordpress\/histoire-de-paray-vieille-poste-essonne\/#breadcrumb"},"inLanguage":"fr-FR","potentialAction":[{"@type":"ReadAction","target":["https:\/\/www.charles-de-flahaut.fr\/wordpress\/histoire-de-paray-vieille-poste-essonne\/"]}]},{"@type":"ImageObject","inLanguage":"fr-FR","@id":"https:\/\/www.charles-de-flahaut.fr\/wordpress\/histoire-de-paray-vieille-poste-essonne\/#primaryimage","url":"http:\/\/www.charles-de-flahaut.fr\/wordpress\/wp-content\/uploads\/2014\/11\/parayvieilleposte.png","contentUrl":"http:\/\/www.charles-de-flahaut.fr\/wordpress\/wp-content\/uploads\/2014\/11\/parayvieilleposte.png"},{"@type":"BreadcrumbList","@id":"https:\/\/www.charles-de-flahaut.fr\/wordpress\/histoire-de-paray-vieille-poste-essonne\/#breadcrumb","itemListElement":[{"@type":"ListItem","position":1,"name":"Accueil","item":"https:\/\/www.charles-de-flahaut.fr\/wordpress\/"},{"@type":"ListItem","position":2,"name":"Histoire de Paray Vieille-Poste (Essonne)"}]},{"@type":"WebSite","@id":"https:\/\/www.charles-de-flahaut.fr\/wordpress\/#website","url":"https:\/\/www.charles-de-flahaut.fr\/wordpress\/","name":"Histoire de France - Communiqu\u00e9s","description":"Histoire et patrimoine","publisher":{"@id":"https:\/\/www.charles-de-flahaut.fr\/wordpress\/#\/schema\/person\/81011c8b61bc74c05499365a506d49a9"},"potentialAction":[{"@type":"SearchAction","target":{"@type":"EntryPoint","urlTemplate":"https:\/\/www.charles-de-flahaut.fr\/wordpress\/?s={search_term_string}"},"query-input":{"@type":"PropertyValueSpecification","valueRequired":true,"valueName":"search_term_string"}}],"inLanguage":"fr-FR"},{"@type":["Person","Organization"],"@id":"https:\/\/www.charles-de-flahaut.fr\/wordpress\/#\/schema\/person\/81011c8b61bc74c05499365a506d49a9","name":"administrateur","logo":{"@id":"https:\/\/www.charles-de-flahaut.fr\/wordpress\/#\/schema\/person\/image\/"},"sameAs":["http:\/\/www.charles-de-flahaut.fr","https:\/\/www.facebook.com\/Sites.HistoiredeFrance"]},{"@type":"Person","@id":"https:\/\/www.charles-de-flahaut.fr\/wordpress\/#\/schema\/person\/41c41eaf9ae1d70810ff74a04a786c56","name":"administrateur","url":"https:\/\/www.charles-de-flahaut.fr\/wordpress\/author\/hist_8la_ad\/"}]}},"views":557,"amp_enabled":true,"_links":{"self":[{"href":"https:\/\/www.charles-de-flahaut.fr\/wordpress\/wp-json\/wp\/v2\/posts\/9093","targetHints":{"allow":["GET"]}}],"collection":[{"href":"https:\/\/www.charles-de-flahaut.fr\/wordpress\/wp-json\/wp\/v2\/posts"}],"about":[{"href":"https:\/\/www.charles-de-flahaut.fr\/wordpress\/wp-json\/wp\/v2\/types\/post"}],"author":[{"embeddable":true,"href":"https:\/\/www.charles-de-flahaut.fr\/wordpress\/wp-json\/wp\/v2\/users\/117"}],"replies":[{"embeddable":true,"href":"https:\/\/www.charles-de-flahaut.fr\/wordpress\/wp-json\/wp\/v2\/comments?post=9093"}],"version-history":[{"count":3,"href":"https:\/\/www.charles-de-flahaut.fr\/wordpress\/wp-json\/wp\/v2\/posts\/9093\/revisions"}],"predecessor-version":[{"id":13724,"href":"https:\/\/www.charles-de-flahaut.fr\/wordpress\/wp-json\/wp\/v2\/posts\/9093\/revisions\/13724"}],"wp:attachment":[{"href":"https:\/\/www.charles-de-flahaut.fr\/wordpress\/wp-json\/wp\/v2\/media?parent=9093"}],"wp:term":[{"taxonomy":"category","embeddable":true,"href":"https:\/\/www.charles-de-flahaut.fr\/wordpress\/wp-json\/wp\/v2\/categories?post=9093"},{"taxonomy":"post_tag","embeddable":true,"href":"https:\/\/www.charles-de-flahaut.fr\/wordpress\/wp-json\/wp\/v2\/tags?post=9093"}],"curies":[{"name":"wp","href":"https:\/\/api.w.org\/{rel}","templated":true}]}}