{"id":90422,"date":"2022-09-29T12:57:14","date_gmt":"2022-09-29T11:57:14","guid":{"rendered":"https:\/\/www.charles-de-flahaut.fr\/wordpress\/?p=90422"},"modified":"2024-12-25T13:41:17","modified_gmt":"2024-12-25T12:41:17","slug":"histoire-de-saulchoy-sous-poix-somme","status":"publish","type":"post","link":"https:\/\/www.charles-de-flahaut.fr\/wordpress\/histoire-de-saulchoy-sous-poix-somme\/","title":{"rendered":"Histoire de Saulchoy sous Poix (Somme)"},"content":{"rendered":"<p>Histoire de Saulchoy sous Poix (Somme)<br \/>\nhttps:\/\/fr.wikipedia.org\/wiki\/Saulchoy-sous-Poix#Histoire<\/p>\n<p><em>un site r\u00e9f\u00e9renc\u00e9 sur le nouvel\u00a0\u00a0<a href=\"https:\/\/charles-de-flahaut.fr\/annuaire-histoire-communes\" target=\"_blank\" rel=\"noopener noreferrer\">Annuaire Historique des Communes de France<\/a><\/em><\/p>\n<p style=\"text-align: justify;\"><img loading=\"lazy\" decoding=\"async\" class=\"alignleft size-medium wp-image-44550\" src=\"https:\/\/charles-de-flahaut.fr\/annuaire-histoire-communes\/wp-content\/uploads\/2022\/09\/saulchoysouspoix80-300x225.jpg\" alt=\"\" width=\"300\" height=\"225\" \/>Des vestiges d&rsquo;un camp retranch\u00e9\u00a0<a class=\"mw-redirect\" title=\"Gallo-romain\" href=\"https:\/\/fr.wikipedia.org\/wiki\/Gallo-romain\">gallo-romain<\/a>\u00a0sur une\u00a0<a title=\"Motte castrale\" href=\"https:\/\/fr.wikipedia.org\/wiki\/Motte_castrale\">motte castrale<\/a> ont \u00e9t\u00e9 retrouv\u00e9s dans la commune&#8230;<\/p>\n<p style=\"text-align: justify;\">(source wikipedia&#8230; lire la suite)<\/p>\n<p style=\"text-align: center;\"><a href=\"https:\/\/amzn.to\/41P5nZB\"><strong>Ouvrages sur la Somme<\/strong><\/a><\/p>\n<p><a href=\"https:\/\/amzn.to\/41P5nZB\" target=\"_blank\" rel=\"noopener\"><img loading=\"lazy\" decoding=\"async\" class=\"aligncenter size-full wp-image-96474\" src=\"https:\/\/www.charles-de-flahaut.fr\/wordpress\/wp-content\/uploads\/2022\/10\/somme2.webp\" alt=\"\" width=\"229\" height=\"327\" srcset=\"https:\/\/www.charles-de-flahaut.fr\/wordpress\/wp-content\/uploads\/2022\/10\/somme2.webp 229w, https:\/\/www.charles-de-flahaut.fr\/wordpress\/wp-content\/uploads\/2022\/10\/somme2-210x300.webp 210w\" sizes=\"auto, (max-width: 229px) 100vw, 229px\" \/><\/a><\/p>\n","protected":false},"excerpt":{"rendered":"<p>Histoire de Saulchoy sous Poix (Somme) https:\/\/fr.wikipedia.org\/wiki\/Saulchoy-sous-Poix#Histoire un site r\u00e9f\u00e9renc\u00e9 sur le nouvel\u00a0\u00a0Annuaire Historique des Communes de France Des vestiges d&rsquo;un camp retranch\u00e9\u00a0gallo-romain\u00a0sur une\u00a0motte castrale ont \u00e9t\u00e9 retrouv\u00e9s dans la commune&#8230; (source wikipedia&#8230; lire la suite) Ouvrages sur la Somme<\/p>\n","protected":false},"author":117,"featured_media":0,"comment_status":"open","ping_status":"open","sticky":false,"template":"","format":"standard","meta":{"footnotes":""},"categories":[168,16],"tags":[],"class_list":["post-90422","post","type-post","status-publish","format-standard","hentry","category-80-somme","category-histoire-regionale","item-wrap"],"yoast_head":"<!-- This site is optimized with the Yoast SEO plugin v27.5 - https:\/\/yoast.com\/product\/yoast-seo-wordpress\/ -->\n<title>Histoire de Saulchoy sous Poix (Somme) - Histoire de France - Communiqu\u00e9s<\/title>\n<meta name=\"description\" content=\"Des vestiges d&#039;un camp retranch\u00e9\u00a0gallo-romain\u00a0sur une\u00a0motte castrale ont \u00e9t\u00e9 retrouv\u00e9s dans la commune...\" \/>\n<meta name=\"robots\" content=\"index, follow, max-snippet:-1, max-image-preview:large, max-video-preview:-1\" \/>\n<link rel=\"canonical\" href=\"https:\/\/www.charles-de-flahaut.fr\/wordpress\/histoire-de-saulchoy-sous-poix-somme\/\" \/>\n<meta property=\"og:locale\" content=\"fr_FR\" \/>\n<meta property=\"og:type\" content=\"article\" \/>\n<meta property=\"og:title\" content=\"Histoire de Saulchoy sous Poix (Somme) - Histoire de France - Communiqu\u00e9s\" \/>\n<meta property=\"og:description\" content=\"Des vestiges d&#039;un camp retranch\u00e9\u00a0gallo-romain\u00a0sur une\u00a0motte castrale ont \u00e9t\u00e9 retrouv\u00e9s dans la commune...\" \/>\n<meta property=\"og:url\" content=\"https:\/\/www.charles-de-flahaut.fr\/wordpress\/histoire-de-saulchoy-sous-poix-somme\/\" \/>\n<meta property=\"og:site_name\" content=\"Histoire de France - Communiqu\u00e9s\" \/>\n<meta property=\"article:publisher\" content=\"https:\/\/www.facebook.com\/Sites.HistoiredeFrance\" \/>\n<meta property=\"article:published_time\" content=\"2022-09-29T11:57:14+00:00\" \/>\n<meta property=\"article:modified_time\" content=\"2024-12-25T12:41:17+00:00\" \/>\n<meta name=\"author\" content=\"administrateur\" \/>\n<meta name=\"twitter:card\" content=\"summary_large_image\" \/>\n<meta name=\"twitter:label1\" content=\"\u00c9crit par\" \/>\n\t<meta name=\"twitter:data1\" content=\"administrateur\" \/>\n\t<meta name=\"twitter:label2\" content=\"Dur\u00e9e de lecture estim\u00e9e\" \/>\n\t<meta name=\"twitter:data2\" content=\"1 minute\" \/>\n<script type=\"application\/ld+json\" class=\"yoast-schema-graph\">{\"@context\":\"https:\\\/\\\/schema.org\",\"@graph\":[{\"@type\":\"Article\",\"@id\":\"https:\\\/\\\/www.charles-de-flahaut.fr\\\/wordpress\\\/histoire-de-saulchoy-sous-poix-somme\\\/#article\",\"isPartOf\":{\"@id\":\"https:\\\/\\\/www.charles-de-flahaut.fr\\\/wordpress\\\/histoire-de-saulchoy-sous-poix-somme\\\/\"},\"author\":{\"name\":\"administrateur\",\"@id\":\"https:\\\/\\\/www.charles-de-flahaut.fr\\\/wordpress\\\/#\\\/schema\\\/person\\\/41c41eaf9ae1d70810ff74a04a786c56\"},\"headline\":\"Histoire de Saulchoy sous Poix (Somme)\",\"datePublished\":\"2022-09-29T11:57:14+00:00\",\"dateModified\":\"2024-12-25T12:41:17+00:00\",\"mainEntityOfPage\":{\"@id\":\"https:\\\/\\\/www.charles-de-flahaut.fr\\\/wordpress\\\/histoire-de-saulchoy-sous-poix-somme\\\/\"},\"wordCount\":60,\"commentCount\":0,\"publisher\":{\"@id\":\"https:\\\/\\\/www.charles-de-flahaut.fr\\\/wordpress\\\/#\\\/schema\\\/person\\\/81011c8b61bc74c05499365a506d49a9\"},\"image\":{\"@id\":\"https:\\\/\\\/www.charles-de-flahaut.fr\\\/wordpress\\\/histoire-de-saulchoy-sous-poix-somme\\\/#primaryimage\"},\"thumbnailUrl\":\"https:\\\/\\\/charles-de-flahaut.fr\\\/annuaire-histoire-communes\\\/wp-content\\\/uploads\\\/2022\\\/09\\\/saulchoysouspoix80-300x225.jpg\",\"articleSection\":[\"80 - Somme\",\"histoire locale\"],\"inLanguage\":\"fr-FR\",\"potentialAction\":[{\"@type\":\"CommentAction\",\"name\":\"Comment\",\"target\":[\"https:\\\/\\\/www.charles-de-flahaut.fr\\\/wordpress\\\/histoire-de-saulchoy-sous-poix-somme\\\/#respond\"]}]},{\"@type\":\"WebPage\",\"@id\":\"https:\\\/\\\/www.charles-de-flahaut.fr\\\/wordpress\\\/histoire-de-saulchoy-sous-poix-somme\\\/\",\"url\":\"https:\\\/\\\/www.charles-de-flahaut.fr\\\/wordpress\\\/histoire-de-saulchoy-sous-poix-somme\\\/\",\"name\":\"Histoire de Saulchoy sous Poix (Somme) - Histoire de France - Communiqu\u00e9s\",\"isPartOf\":{\"@id\":\"https:\\\/\\\/www.charles-de-flahaut.fr\\\/wordpress\\\/#website\"},\"primaryImageOfPage\":{\"@id\":\"https:\\\/\\\/www.charles-de-flahaut.fr\\\/wordpress\\\/histoire-de-saulchoy-sous-poix-somme\\\/#primaryimage\"},\"image\":{\"@id\":\"https:\\\/\\\/www.charles-de-flahaut.fr\\\/wordpress\\\/histoire-de-saulchoy-sous-poix-somme\\\/#primaryimage\"},\"thumbnailUrl\":\"https:\\\/\\\/charles-de-flahaut.fr\\\/annuaire-histoire-communes\\\/wp-content\\\/uploads\\\/2022\\\/09\\\/saulchoysouspoix80-300x225.jpg\",\"datePublished\":\"2022-09-29T11:57:14+00:00\",\"dateModified\":\"2024-12-25T12:41:17+00:00\",\"description\":\"Des vestiges d'un camp retranch\u00e9\u00a0gallo-romain\u00a0sur une\u00a0motte castrale ont \u00e9t\u00e9 retrouv\u00e9s dans la commune...\",\"breadcrumb\":{\"@id\":\"https:\\\/\\\/www.charles-de-flahaut.fr\\\/wordpress\\\/histoire-de-saulchoy-sous-poix-somme\\\/#breadcrumb\"},\"inLanguage\":\"fr-FR\",\"potentialAction\":[{\"@type\":\"ReadAction\",\"target\":[\"https:\\\/\\\/www.charles-de-flahaut.fr\\\/wordpress\\\/histoire-de-saulchoy-sous-poix-somme\\\/\"]}]},{\"@type\":\"ImageObject\",\"inLanguage\":\"fr-FR\",\"@id\":\"https:\\\/\\\/www.charles-de-flahaut.fr\\\/wordpress\\\/histoire-de-saulchoy-sous-poix-somme\\\/#primaryimage\",\"url\":\"https:\\\/\\\/charles-de-flahaut.fr\\\/annuaire-histoire-communes\\\/wp-content\\\/uploads\\\/2022\\\/09\\\/saulchoysouspoix80-300x225.jpg\",\"contentUrl\":\"https:\\\/\\\/charles-de-flahaut.fr\\\/annuaire-histoire-communes\\\/wp-content\\\/uploads\\\/2022\\\/09\\\/saulchoysouspoix80-300x225.jpg\"},{\"@type\":\"BreadcrumbList\",\"@id\":\"https:\\\/\\\/www.charles-de-flahaut.fr\\\/wordpress\\\/histoire-de-saulchoy-sous-poix-somme\\\/#breadcrumb\",\"itemListElement\":[{\"@type\":\"ListItem\",\"position\":1,\"name\":\"Accueil\",\"item\":\"https:\\\/\\\/www.charles-de-flahaut.fr\\\/wordpress\\\/\"},{\"@type\":\"ListItem\",\"position\":2,\"name\":\"Histoire de Saulchoy sous Poix (Somme)\"}]},{\"@type\":\"WebSite\",\"@id\":\"https:\\\/\\\/www.charles-de-flahaut.fr\\\/wordpress\\\/#website\",\"url\":\"https:\\\/\\\/www.charles-de-flahaut.fr\\\/wordpress\\\/\",\"name\":\"Histoire de France - Communiqu\u00e9s\",\"description\":\"Histoire et patrimoine\",\"publisher\":{\"@id\":\"https:\\\/\\\/www.charles-de-flahaut.fr\\\/wordpress\\\/#\\\/schema\\\/person\\\/81011c8b61bc74c05499365a506d49a9\"},\"potentialAction\":[{\"@type\":\"SearchAction\",\"target\":{\"@type\":\"EntryPoint\",\"urlTemplate\":\"https:\\\/\\\/www.charles-de-flahaut.fr\\\/wordpress\\\/?s={search_term_string}\"},\"query-input\":{\"@type\":\"PropertyValueSpecification\",\"valueRequired\":true,\"valueName\":\"search_term_string\"}}],\"inLanguage\":\"fr-FR\"},{\"@type\":[\"Person\",\"Organization\"],\"@id\":\"https:\\\/\\\/www.charles-de-flahaut.fr\\\/wordpress\\\/#\\\/schema\\\/person\\\/81011c8b61bc74c05499365a506d49a9\",\"name\":\"administrateur\",\"logo\":{\"@id\":\"https:\\\/\\\/www.charles-de-flahaut.fr\\\/wordpress\\\/#\\\/schema\\\/person\\\/image\\\/\"},\"sameAs\":[\"http:\\\/\\\/www.charles-de-flahaut.fr\",\"https:\\\/\\\/www.facebook.com\\\/Sites.HistoiredeFrance\"]},{\"@type\":\"Person\",\"@id\":\"https:\\\/\\\/www.charles-de-flahaut.fr\\\/wordpress\\\/#\\\/schema\\\/person\\\/41c41eaf9ae1d70810ff74a04a786c56\",\"name\":\"administrateur\",\"url\":\"https:\\\/\\\/www.charles-de-flahaut.fr\\\/wordpress\\\/author\\\/hist_8la_ad\\\/\"}]}<\/script>\n<!-- \/ Yoast SEO plugin. -->","yoast_head_json":{"title":"Histoire de Saulchoy sous Poix (Somme) - Histoire de France - Communiqu\u00e9s","description":"Des vestiges d'un camp retranch\u00e9\u00a0gallo-romain\u00a0sur une\u00a0motte castrale ont \u00e9t\u00e9 retrouv\u00e9s dans la commune...","robots":{"index":"index","follow":"follow","max-snippet":"max-snippet:-1","max-image-preview":"max-image-preview:large","max-video-preview":"max-video-preview:-1"},"canonical":"https:\/\/www.charles-de-flahaut.fr\/wordpress\/histoire-de-saulchoy-sous-poix-somme\/","og_locale":"fr_FR","og_type":"article","og_title":"Histoire de Saulchoy sous Poix (Somme) - Histoire de France - Communiqu\u00e9s","og_description":"Des vestiges d'un camp retranch\u00e9\u00a0gallo-romain\u00a0sur une\u00a0motte castrale ont \u00e9t\u00e9 retrouv\u00e9s dans la commune...","og_url":"https:\/\/www.charles-de-flahaut.fr\/wordpress\/histoire-de-saulchoy-sous-poix-somme\/","og_site_name":"Histoire de France - Communiqu\u00e9s","article_publisher":"https:\/\/www.facebook.com\/Sites.HistoiredeFrance","article_published_time":"2022-09-29T11:57:14+00:00","article_modified_time":"2024-12-25T12:41:17+00:00","author":"administrateur","twitter_card":"summary_large_image","twitter_misc":{"\u00c9crit par":"administrateur","Dur\u00e9e de lecture estim\u00e9e":"1 minute"},"schema":{"@context":"https:\/\/schema.org","@graph":[{"@type":"Article","@id":"https:\/\/www.charles-de-flahaut.fr\/wordpress\/histoire-de-saulchoy-sous-poix-somme\/#article","isPartOf":{"@id":"https:\/\/www.charles-de-flahaut.fr\/wordpress\/histoire-de-saulchoy-sous-poix-somme\/"},"author":{"name":"administrateur","@id":"https:\/\/www.charles-de-flahaut.fr\/wordpress\/#\/schema\/person\/41c41eaf9ae1d70810ff74a04a786c56"},"headline":"Histoire de Saulchoy sous Poix (Somme)","datePublished":"2022-09-29T11:57:14+00:00","dateModified":"2024-12-25T12:41:17+00:00","mainEntityOfPage":{"@id":"https:\/\/www.charles-de-flahaut.fr\/wordpress\/histoire-de-saulchoy-sous-poix-somme\/"},"wordCount":60,"commentCount":0,"publisher":{"@id":"https:\/\/www.charles-de-flahaut.fr\/wordpress\/#\/schema\/person\/81011c8b61bc74c05499365a506d49a9"},"image":{"@id":"https:\/\/www.charles-de-flahaut.fr\/wordpress\/histoire-de-saulchoy-sous-poix-somme\/#primaryimage"},"thumbnailUrl":"https:\/\/charles-de-flahaut.fr\/annuaire-histoire-communes\/wp-content\/uploads\/2022\/09\/saulchoysouspoix80-300x225.jpg","articleSection":["80 - Somme","histoire locale"],"inLanguage":"fr-FR","potentialAction":[{"@type":"CommentAction","name":"Comment","target":["https:\/\/www.charles-de-flahaut.fr\/wordpress\/histoire-de-saulchoy-sous-poix-somme\/#respond"]}]},{"@type":"WebPage","@id":"https:\/\/www.charles-de-flahaut.fr\/wordpress\/histoire-de-saulchoy-sous-poix-somme\/","url":"https:\/\/www.charles-de-flahaut.fr\/wordpress\/histoire-de-saulchoy-sous-poix-somme\/","name":"Histoire de Saulchoy sous Poix (Somme) - Histoire de France - Communiqu\u00e9s","isPartOf":{"@id":"https:\/\/www.charles-de-flahaut.fr\/wordpress\/#website"},"primaryImageOfPage":{"@id":"https:\/\/www.charles-de-flahaut.fr\/wordpress\/histoire-de-saulchoy-sous-poix-somme\/#primaryimage"},"image":{"@id":"https:\/\/www.charles-de-flahaut.fr\/wordpress\/histoire-de-saulchoy-sous-poix-somme\/#primaryimage"},"thumbnailUrl":"https:\/\/charles-de-flahaut.fr\/annuaire-histoire-communes\/wp-content\/uploads\/2022\/09\/saulchoysouspoix80-300x225.jpg","datePublished":"2022-09-29T11:57:14+00:00","dateModified":"2024-12-25T12:41:17+00:00","description":"Des vestiges d'un camp retranch\u00e9\u00a0gallo-romain\u00a0sur une\u00a0motte castrale ont \u00e9t\u00e9 retrouv\u00e9s dans la commune...","breadcrumb":{"@id":"https:\/\/www.charles-de-flahaut.fr\/wordpress\/histoire-de-saulchoy-sous-poix-somme\/#breadcrumb"},"inLanguage":"fr-FR","potentialAction":[{"@type":"ReadAction","target":["https:\/\/www.charles-de-flahaut.fr\/wordpress\/histoire-de-saulchoy-sous-poix-somme\/"]}]},{"@type":"ImageObject","inLanguage":"fr-FR","@id":"https:\/\/www.charles-de-flahaut.fr\/wordpress\/histoire-de-saulchoy-sous-poix-somme\/#primaryimage","url":"https:\/\/charles-de-flahaut.fr\/annuaire-histoire-communes\/wp-content\/uploads\/2022\/09\/saulchoysouspoix80-300x225.jpg","contentUrl":"https:\/\/charles-de-flahaut.fr\/annuaire-histoire-communes\/wp-content\/uploads\/2022\/09\/saulchoysouspoix80-300x225.jpg"},{"@type":"BreadcrumbList","@id":"https:\/\/www.charles-de-flahaut.fr\/wordpress\/histoire-de-saulchoy-sous-poix-somme\/#breadcrumb","itemListElement":[{"@type":"ListItem","position":1,"name":"Accueil","item":"https:\/\/www.charles-de-flahaut.fr\/wordpress\/"},{"@type":"ListItem","position":2,"name":"Histoire de Saulchoy sous Poix (Somme)"}]},{"@type":"WebSite","@id":"https:\/\/www.charles-de-flahaut.fr\/wordpress\/#website","url":"https:\/\/www.charles-de-flahaut.fr\/wordpress\/","name":"Histoire de France - Communiqu\u00e9s","description":"Histoire et patrimoine","publisher":{"@id":"https:\/\/www.charles-de-flahaut.fr\/wordpress\/#\/schema\/person\/81011c8b61bc74c05499365a506d49a9"},"potentialAction":[{"@type":"SearchAction","target":{"@type":"EntryPoint","urlTemplate":"https:\/\/www.charles-de-flahaut.fr\/wordpress\/?s={search_term_string}"},"query-input":{"@type":"PropertyValueSpecification","valueRequired":true,"valueName":"search_term_string"}}],"inLanguage":"fr-FR"},{"@type":["Person","Organization"],"@id":"https:\/\/www.charles-de-flahaut.fr\/wordpress\/#\/schema\/person\/81011c8b61bc74c05499365a506d49a9","name":"administrateur","logo":{"@id":"https:\/\/www.charles-de-flahaut.fr\/wordpress\/#\/schema\/person\/image\/"},"sameAs":["http:\/\/www.charles-de-flahaut.fr","https:\/\/www.facebook.com\/Sites.HistoiredeFrance"]},{"@type":"Person","@id":"https:\/\/www.charles-de-flahaut.fr\/wordpress\/#\/schema\/person\/41c41eaf9ae1d70810ff74a04a786c56","name":"administrateur","url":"https:\/\/www.charles-de-flahaut.fr\/wordpress\/author\/hist_8la_ad\/"}]}},"views":18,"amp_enabled":true,"_links":{"self":[{"href":"https:\/\/www.charles-de-flahaut.fr\/wordpress\/wp-json\/wp\/v2\/posts\/90422","targetHints":{"allow":["GET"]}}],"collection":[{"href":"https:\/\/www.charles-de-flahaut.fr\/wordpress\/wp-json\/wp\/v2\/posts"}],"about":[{"href":"https:\/\/www.charles-de-flahaut.fr\/wordpress\/wp-json\/wp\/v2\/types\/post"}],"author":[{"embeddable":true,"href":"https:\/\/www.charles-de-flahaut.fr\/wordpress\/wp-json\/wp\/v2\/users\/117"}],"replies":[{"embeddable":true,"href":"https:\/\/www.charles-de-flahaut.fr\/wordpress\/wp-json\/wp\/v2\/comments?post=90422"}],"version-history":[{"count":4,"href":"https:\/\/www.charles-de-flahaut.fr\/wordpress\/wp-json\/wp\/v2\/posts\/90422\/revisions"}],"predecessor-version":[{"id":97250,"href":"https:\/\/www.charles-de-flahaut.fr\/wordpress\/wp-json\/wp\/v2\/posts\/90422\/revisions\/97250"}],"wp:attachment":[{"href":"https:\/\/www.charles-de-flahaut.fr\/wordpress\/wp-json\/wp\/v2\/media?parent=90422"}],"wp:term":[{"taxonomy":"category","embeddable":true,"href":"https:\/\/www.charles-de-flahaut.fr\/wordpress\/wp-json\/wp\/v2\/categories?post=90422"},{"taxonomy":"post_tag","embeddable":true,"href":"https:\/\/www.charles-de-flahaut.fr\/wordpress\/wp-json\/wp\/v2\/tags?post=90422"}],"curies":[{"name":"wp","href":"https:\/\/api.w.org\/{rel}","templated":true}]}}