{"id":89185,"date":"2022-08-02T09:33:10","date_gmt":"2022-08-02T08:33:10","guid":{"rendered":"https:\/\/www.charles-de-flahaut.fr\/wordpress\/?p=89185"},"modified":"2025-01-08T18:20:01","modified_gmt":"2025-01-08T17:20:01","slug":"histoire-et-patrimoine-de-saint-thual-ille-et-vilaine","status":"publish","type":"post","link":"https:\/\/www.charles-de-flahaut.fr\/wordpress\/histoire-et-patrimoine-de-saint-thual-ille-et-vilaine\/","title":{"rendered":"Histoire et patrimoine de Saint-Thual (Ille-et-Vilaine)"},"content":{"rendered":"<p><strong>Histoire et patrimoine de Saint-Thual (Ille-et-Vilaine)<\/strong><br \/>\n<a href=\"https:\/\/saint-thual.fr\/?q=la-commune\/histoire\" target=\"_blank\" rel=\"noopener\">https:\/\/saint-thual.fr\/?q=la-commune\/histoire<\/a><\/p>\n<p style=\"text-align: justify;\"><em><a href=\"https:\/\/www.charles-de-flahaut.fr\/wordpress\/wp-content\/uploads\/2022\/08\/saintthual35.jpg\"><img loading=\"lazy\" decoding=\"async\" class=\"alignleft size-full wp-image-89186\" src=\"https:\/\/www.charles-de-flahaut.fr\/wordpress\/wp-content\/uploads\/2022\/08\/saintthual35.jpg\" alt=\"\" width=\"225\" height=\"292\" \/><\/a>un site r\u00e9f\u00e9renc\u00e9 sur le nouvel\u00a0\u00a0<a href=\"https:\/\/charles-de-flahaut.fr\/annuaire-histoire-communes\" target=\"_blank\" rel=\"noopener noreferrer\">Annuaire Historique des Communes de France<\/a><\/em><\/p>\n<p style=\"text-align: justify;\">La paroisse de Saint-Thual, enclav\u00e9e dans l&rsquo;<a class=\"mw-redirect\" title=\"\u00c9v\u00each\u00e9 de Saint-Malo\" href=\"http:\/\/fr.wikipedia.org\/wiki\/%C3%89v%C3%AAch%C3%A9_de_Saint-Malo\" target=\"_blank\" rel=\"noopener noreferrer\">\u00e9v\u00each\u00e9 de Saint-Malo<\/a>\u00a0faisait partie du\u00a0<a title=\"Bobital (doyenn\u00e9)\" href=\"http:\/\/fr.wikipedia.org\/wiki\/Bobital_%28doyenn%C3%A9%29\" target=\"_blank\" rel=\"noopener noreferrer\">doyenn\u00e9 de Bobital<\/a>\u00a0relevant de l&rsquo;<a class=\"mw-redirect\" title=\"\u00c9v\u00each\u00e9 de Dol\" href=\"http:\/\/fr.wikipedia.org\/wiki\/%C3%89v%C3%AAch%C3%A9_de_Dol\" target=\"_blank\" rel=\"noopener noreferrer\">\u00e9v\u00each\u00e9 de Dol<\/a>\u00a0et \u00e9tait sous les vocables de\u00a0<a class=\"mw-redirect\" title=\"Saint Tugdual\" href=\"http:\/\/fr.wikipedia.org\/wiki\/Saint_Tugdual\" target=\"_blank\" rel=\"noopener noreferrer\">saint Tugdual<\/a>\u00a0et\u00a0<a class=\"mw-redirect\" title=\"Saint Samson\" href=\"http:\/\/fr.wikipedia.org\/wiki\/Saint_Samson\" target=\"_blank\" rel=\"noopener noreferrer\">saint Samson<\/a>.<\/p>\n<p style=\"text-align: justify;\">La commune de Saint-Thual poss\u00e8de un patrimoine, qu&rsquo;il est int\u00e9ressant de d\u00e9couvrir, pour tous renseignements\u00a0<a href=\"http:\/\/www.infobretagne.com\/saint-thual.htm\" target=\"_blank\" rel=\"noopener noreferrer\">cliquez sur ce lien<\/a>&#8230;<\/p>\n<p><em>(image et extrait du site officiel de la commune&#8230; <a href=\"https:\/\/saint-thual.fr\/?q=la-commune\/histoire\" target=\"_blank\" rel=\"noopener\">lire la suite<\/a>)<\/em><\/p>\n<p style=\"text-align: center;\"><a href=\"https:\/\/amzn.to\/4fOnYbh\" target=\"_blank\" rel=\"noopener\"><strong>Ouvrages sur l&rsquo;Ille-et-Vilaine<\/strong><\/a><\/p>\n<p><a href=\"https:\/\/amzn.to\/4fOnYbh\" target=\"_blank\" rel=\"noopener\"><img loading=\"lazy\" decoding=\"async\" class=\"aligncenter size-full wp-image-97901\" src=\"https:\/\/www.charles-de-flahaut.fr\/wordpress\/wp-content\/uploads\/2022\/08\/illeetvilaine3.jpg\" alt=\"\" width=\"297\" height=\"445\" srcset=\"https:\/\/www.charles-de-flahaut.fr\/wordpress\/wp-content\/uploads\/2022\/08\/illeetvilaine3.jpg 297w, https:\/\/www.charles-de-flahaut.fr\/wordpress\/wp-content\/uploads\/2022\/08\/illeetvilaine3-200x300.jpg 200w\" sizes=\"auto, (max-width: 297px) 100vw, 297px\" \/><\/a><\/p>\n","protected":false},"excerpt":{"rendered":"<p>Histoire et patrimoine de Saint-Thual (Ille-et-Vilaine) https:\/\/saint-thual.fr\/?q=la-commune\/histoire un site r\u00e9f\u00e9renc\u00e9 sur le nouvel\u00a0\u00a0Annuaire Historique des Communes de France La paroisse de Saint-Thual, enclav\u00e9e dans l&rsquo;\u00e9v\u00each\u00e9 de Saint-Malo\u00a0faisait partie du\u00a0doyenn\u00e9 de Bobital\u00a0relevant de l&rsquo;\u00e9v\u00each\u00e9 de Dol\u00a0et \u00e9tait sous les vocables de\u00a0saint Tugdual\u00a0et\u00a0saint Samson. La commune de Saint-Thual poss\u00e8de un patrimoine, qu&rsquo;il est int\u00e9ressant de d\u00e9couvrir, pour &hellip; <\/p>\n<p><a class=\"more-link btn\" href=\"https:\/\/www.charles-de-flahaut.fr\/wordpress\/histoire-et-patrimoine-de-saint-thual-ille-et-vilaine\/\">Lire la suite<\/a><\/p>\n","protected":false},"author":117,"featured_media":0,"comment_status":"open","ping_status":"open","sticky":false,"template":"","format":"standard","meta":{"footnotes":""},"categories":[123,16,8],"tags":[],"class_list":["post-89185","post","type-post","status-publish","format-standard","hentry","category-35-ille-et-vilaine","category-histoire-regionale","category-patrimoine","item-wrap"],"yoast_head":"<!-- This site is optimized with the Yoast SEO plugin v27.4 - https:\/\/yoast.com\/product\/yoast-seo-wordpress\/ -->\n<title>Histoire et patrimoine de Saint-Thual (Ille-et-Vilaine) - Histoire de France - Communiqu\u00e9s<\/title>\n<meta name=\"description\" content=\"La commune de Saint-Thual poss\u00e8de un patrimoine, qu&#039;il est int\u00e9ressant de d\u00e9couvrir, pour tous renseignements\u00a0cliquez sur ce lien...\" \/>\n<meta name=\"robots\" content=\"index, follow, max-snippet:-1, max-image-preview:large, max-video-preview:-1\" \/>\n<link rel=\"canonical\" href=\"https:\/\/www.charles-de-flahaut.fr\/wordpress\/histoire-et-patrimoine-de-saint-thual-ille-et-vilaine\/\" \/>\n<meta property=\"og:locale\" content=\"fr_FR\" \/>\n<meta property=\"og:type\" content=\"article\" \/>\n<meta property=\"og:title\" content=\"Histoire et patrimoine de Saint-Thual (Ille-et-Vilaine) - Histoire de France - Communiqu\u00e9s\" \/>\n<meta property=\"og:description\" content=\"La commune de Saint-Thual poss\u00e8de un patrimoine, qu&#039;il est int\u00e9ressant de d\u00e9couvrir, pour tous renseignements\u00a0cliquez sur ce lien...\" \/>\n<meta property=\"og:url\" content=\"https:\/\/www.charles-de-flahaut.fr\/wordpress\/histoire-et-patrimoine-de-saint-thual-ille-et-vilaine\/\" \/>\n<meta property=\"og:site_name\" content=\"Histoire de France - Communiqu\u00e9s\" \/>\n<meta property=\"article:publisher\" content=\"https:\/\/www.facebook.com\/Sites.HistoiredeFrance\" \/>\n<meta property=\"article:published_time\" content=\"2022-08-02T08:33:10+00:00\" \/>\n<meta property=\"article:modified_time\" content=\"2025-01-08T17:20:01+00:00\" \/>\n<meta property=\"og:image\" content=\"https:\/\/www.charles-de-flahaut.fr\/wordpress\/wp-content\/uploads\/2022\/08\/saintthual35.jpg\" \/>\n\t<meta property=\"og:image:width\" content=\"225\" \/>\n\t<meta property=\"og:image:height\" content=\"292\" \/>\n\t<meta property=\"og:image:type\" content=\"image\/jpeg\" \/>\n<meta name=\"author\" content=\"administrateur\" \/>\n<meta name=\"twitter:card\" content=\"summary_large_image\" \/>\n<meta name=\"twitter:label1\" content=\"\u00c9crit par\" \/>\n\t<meta name=\"twitter:data1\" content=\"administrateur\" \/>\n\t<meta name=\"twitter:label2\" content=\"Dur\u00e9e de lecture estim\u00e9e\" \/>\n\t<meta name=\"twitter:data2\" content=\"1 minute\" \/>\n<script type=\"application\/ld+json\" class=\"yoast-schema-graph\">{\"@context\":\"https:\\\/\\\/schema.org\",\"@graph\":[{\"@type\":\"Article\",\"@id\":\"https:\\\/\\\/www.charles-de-flahaut.fr\\\/wordpress\\\/histoire-et-patrimoine-de-saint-thual-ille-et-vilaine\\\/#article\",\"isPartOf\":{\"@id\":\"https:\\\/\\\/www.charles-de-flahaut.fr\\\/wordpress\\\/histoire-et-patrimoine-de-saint-thual-ille-et-vilaine\\\/\"},\"author\":{\"name\":\"administrateur\",\"@id\":\"https:\\\/\\\/www.charles-de-flahaut.fr\\\/wordpress\\\/#\\\/schema\\\/person\\\/41c41eaf9ae1d70810ff74a04a786c56\"},\"headline\":\"Histoire et patrimoine de Saint-Thual (Ille-et-Vilaine)\",\"datePublished\":\"2022-08-02T08:33:10+00:00\",\"dateModified\":\"2025-01-08T17:20:01+00:00\",\"mainEntityOfPage\":{\"@id\":\"https:\\\/\\\/www.charles-de-flahaut.fr\\\/wordpress\\\/histoire-et-patrimoine-de-saint-thual-ille-et-vilaine\\\/\"},\"wordCount\":107,\"commentCount\":0,\"publisher\":{\"@id\":\"https:\\\/\\\/www.charles-de-flahaut.fr\\\/wordpress\\\/#\\\/schema\\\/person\\\/81011c8b61bc74c05499365a506d49a9\"},\"image\":{\"@id\":\"https:\\\/\\\/www.charles-de-flahaut.fr\\\/wordpress\\\/histoire-et-patrimoine-de-saint-thual-ille-et-vilaine\\\/#primaryimage\"},\"thumbnailUrl\":\"https:\\\/\\\/www.charles-de-flahaut.fr\\\/wordpress\\\/wp-content\\\/uploads\\\/2022\\\/08\\\/saintthual35.jpg\",\"articleSection\":[\"35 - Ille-et-Vilaine\",\"histoire locale\",\"patrimoine\"],\"inLanguage\":\"fr-FR\",\"potentialAction\":[{\"@type\":\"CommentAction\",\"name\":\"Comment\",\"target\":[\"https:\\\/\\\/www.charles-de-flahaut.fr\\\/wordpress\\\/histoire-et-patrimoine-de-saint-thual-ille-et-vilaine\\\/#respond\"]}]},{\"@type\":\"WebPage\",\"@id\":\"https:\\\/\\\/www.charles-de-flahaut.fr\\\/wordpress\\\/histoire-et-patrimoine-de-saint-thual-ille-et-vilaine\\\/\",\"url\":\"https:\\\/\\\/www.charles-de-flahaut.fr\\\/wordpress\\\/histoire-et-patrimoine-de-saint-thual-ille-et-vilaine\\\/\",\"name\":\"Histoire et patrimoine de Saint-Thual (Ille-et-Vilaine) - Histoire de France - Communiqu\u00e9s\",\"isPartOf\":{\"@id\":\"https:\\\/\\\/www.charles-de-flahaut.fr\\\/wordpress\\\/#website\"},\"primaryImageOfPage\":{\"@id\":\"https:\\\/\\\/www.charles-de-flahaut.fr\\\/wordpress\\\/histoire-et-patrimoine-de-saint-thual-ille-et-vilaine\\\/#primaryimage\"},\"image\":{\"@id\":\"https:\\\/\\\/www.charles-de-flahaut.fr\\\/wordpress\\\/histoire-et-patrimoine-de-saint-thual-ille-et-vilaine\\\/#primaryimage\"},\"thumbnailUrl\":\"https:\\\/\\\/www.charles-de-flahaut.fr\\\/wordpress\\\/wp-content\\\/uploads\\\/2022\\\/08\\\/saintthual35.jpg\",\"datePublished\":\"2022-08-02T08:33:10+00:00\",\"dateModified\":\"2025-01-08T17:20:01+00:00\",\"description\":\"La commune de Saint-Thual poss\u00e8de un patrimoine, qu'il est int\u00e9ressant de d\u00e9couvrir, pour tous renseignements\u00a0cliquez sur ce lien...\",\"breadcrumb\":{\"@id\":\"https:\\\/\\\/www.charles-de-flahaut.fr\\\/wordpress\\\/histoire-et-patrimoine-de-saint-thual-ille-et-vilaine\\\/#breadcrumb\"},\"inLanguage\":\"fr-FR\",\"potentialAction\":[{\"@type\":\"ReadAction\",\"target\":[\"https:\\\/\\\/www.charles-de-flahaut.fr\\\/wordpress\\\/histoire-et-patrimoine-de-saint-thual-ille-et-vilaine\\\/\"]}]},{\"@type\":\"ImageObject\",\"inLanguage\":\"fr-FR\",\"@id\":\"https:\\\/\\\/www.charles-de-flahaut.fr\\\/wordpress\\\/histoire-et-patrimoine-de-saint-thual-ille-et-vilaine\\\/#primaryimage\",\"url\":\"https:\\\/\\\/www.charles-de-flahaut.fr\\\/wordpress\\\/wp-content\\\/uploads\\\/2022\\\/08\\\/saintthual35.jpg\",\"contentUrl\":\"https:\\\/\\\/www.charles-de-flahaut.fr\\\/wordpress\\\/wp-content\\\/uploads\\\/2022\\\/08\\\/saintthual35.jpg\",\"width\":225,\"height\":292},{\"@type\":\"BreadcrumbList\",\"@id\":\"https:\\\/\\\/www.charles-de-flahaut.fr\\\/wordpress\\\/histoire-et-patrimoine-de-saint-thual-ille-et-vilaine\\\/#breadcrumb\",\"itemListElement\":[{\"@type\":\"ListItem\",\"position\":1,\"name\":\"Accueil\",\"item\":\"https:\\\/\\\/www.charles-de-flahaut.fr\\\/wordpress\\\/\"},{\"@type\":\"ListItem\",\"position\":2,\"name\":\"Histoire et patrimoine de Saint-Thual (Ille-et-Vilaine)\"}]},{\"@type\":\"WebSite\",\"@id\":\"https:\\\/\\\/www.charles-de-flahaut.fr\\\/wordpress\\\/#website\",\"url\":\"https:\\\/\\\/www.charles-de-flahaut.fr\\\/wordpress\\\/\",\"name\":\"Histoire de France - Communiqu\u00e9s\",\"description\":\"Histoire et patrimoine\",\"publisher\":{\"@id\":\"https:\\\/\\\/www.charles-de-flahaut.fr\\\/wordpress\\\/#\\\/schema\\\/person\\\/81011c8b61bc74c05499365a506d49a9\"},\"potentialAction\":[{\"@type\":\"SearchAction\",\"target\":{\"@type\":\"EntryPoint\",\"urlTemplate\":\"https:\\\/\\\/www.charles-de-flahaut.fr\\\/wordpress\\\/?s={search_term_string}\"},\"query-input\":{\"@type\":\"PropertyValueSpecification\",\"valueRequired\":true,\"valueName\":\"search_term_string\"}}],\"inLanguage\":\"fr-FR\"},{\"@type\":[\"Person\",\"Organization\"],\"@id\":\"https:\\\/\\\/www.charles-de-flahaut.fr\\\/wordpress\\\/#\\\/schema\\\/person\\\/81011c8b61bc74c05499365a506d49a9\",\"name\":\"administrateur\",\"logo\":{\"@id\":\"https:\\\/\\\/www.charles-de-flahaut.fr\\\/wordpress\\\/#\\\/schema\\\/person\\\/image\\\/\"},\"sameAs\":[\"http:\\\/\\\/www.charles-de-flahaut.fr\",\"https:\\\/\\\/www.facebook.com\\\/Sites.HistoiredeFrance\"]},{\"@type\":\"Person\",\"@id\":\"https:\\\/\\\/www.charles-de-flahaut.fr\\\/wordpress\\\/#\\\/schema\\\/person\\\/41c41eaf9ae1d70810ff74a04a786c56\",\"name\":\"administrateur\",\"url\":\"https:\\\/\\\/www.charles-de-flahaut.fr\\\/wordpress\\\/author\\\/hist_8la_ad\\\/\"}]}<\/script>\n<!-- \/ Yoast SEO plugin. -->","yoast_head_json":{"title":"Histoire et patrimoine de Saint-Thual (Ille-et-Vilaine) - Histoire de France - Communiqu\u00e9s","description":"La commune de Saint-Thual poss\u00e8de un patrimoine, qu'il est int\u00e9ressant de d\u00e9couvrir, pour tous renseignements\u00a0cliquez sur ce lien...","robots":{"index":"index","follow":"follow","max-snippet":"max-snippet:-1","max-image-preview":"max-image-preview:large","max-video-preview":"max-video-preview:-1"},"canonical":"https:\/\/www.charles-de-flahaut.fr\/wordpress\/histoire-et-patrimoine-de-saint-thual-ille-et-vilaine\/","og_locale":"fr_FR","og_type":"article","og_title":"Histoire et patrimoine de Saint-Thual (Ille-et-Vilaine) - Histoire de France - Communiqu\u00e9s","og_description":"La commune de Saint-Thual poss\u00e8de un patrimoine, qu'il est int\u00e9ressant de d\u00e9couvrir, pour tous renseignements\u00a0cliquez sur ce lien...","og_url":"https:\/\/www.charles-de-flahaut.fr\/wordpress\/histoire-et-patrimoine-de-saint-thual-ille-et-vilaine\/","og_site_name":"Histoire de France - Communiqu\u00e9s","article_publisher":"https:\/\/www.facebook.com\/Sites.HistoiredeFrance","article_published_time":"2022-08-02T08:33:10+00:00","article_modified_time":"2025-01-08T17:20:01+00:00","og_image":[{"width":225,"height":292,"url":"https:\/\/www.charles-de-flahaut.fr\/wordpress\/wp-content\/uploads\/2022\/08\/saintthual35.jpg","type":"image\/jpeg"}],"author":"administrateur","twitter_card":"summary_large_image","twitter_misc":{"\u00c9crit par":"administrateur","Dur\u00e9e de lecture estim\u00e9e":"1 minute"},"schema":{"@context":"https:\/\/schema.org","@graph":[{"@type":"Article","@id":"https:\/\/www.charles-de-flahaut.fr\/wordpress\/histoire-et-patrimoine-de-saint-thual-ille-et-vilaine\/#article","isPartOf":{"@id":"https:\/\/www.charles-de-flahaut.fr\/wordpress\/histoire-et-patrimoine-de-saint-thual-ille-et-vilaine\/"},"author":{"name":"administrateur","@id":"https:\/\/www.charles-de-flahaut.fr\/wordpress\/#\/schema\/person\/41c41eaf9ae1d70810ff74a04a786c56"},"headline":"Histoire et patrimoine de Saint-Thual (Ille-et-Vilaine)","datePublished":"2022-08-02T08:33:10+00:00","dateModified":"2025-01-08T17:20:01+00:00","mainEntityOfPage":{"@id":"https:\/\/www.charles-de-flahaut.fr\/wordpress\/histoire-et-patrimoine-de-saint-thual-ille-et-vilaine\/"},"wordCount":107,"commentCount":0,"publisher":{"@id":"https:\/\/www.charles-de-flahaut.fr\/wordpress\/#\/schema\/person\/81011c8b61bc74c05499365a506d49a9"},"image":{"@id":"https:\/\/www.charles-de-flahaut.fr\/wordpress\/histoire-et-patrimoine-de-saint-thual-ille-et-vilaine\/#primaryimage"},"thumbnailUrl":"https:\/\/www.charles-de-flahaut.fr\/wordpress\/wp-content\/uploads\/2022\/08\/saintthual35.jpg","articleSection":["35 - Ille-et-Vilaine","histoire locale","patrimoine"],"inLanguage":"fr-FR","potentialAction":[{"@type":"CommentAction","name":"Comment","target":["https:\/\/www.charles-de-flahaut.fr\/wordpress\/histoire-et-patrimoine-de-saint-thual-ille-et-vilaine\/#respond"]}]},{"@type":"WebPage","@id":"https:\/\/www.charles-de-flahaut.fr\/wordpress\/histoire-et-patrimoine-de-saint-thual-ille-et-vilaine\/","url":"https:\/\/www.charles-de-flahaut.fr\/wordpress\/histoire-et-patrimoine-de-saint-thual-ille-et-vilaine\/","name":"Histoire et patrimoine de Saint-Thual (Ille-et-Vilaine) - Histoire de France - Communiqu\u00e9s","isPartOf":{"@id":"https:\/\/www.charles-de-flahaut.fr\/wordpress\/#website"},"primaryImageOfPage":{"@id":"https:\/\/www.charles-de-flahaut.fr\/wordpress\/histoire-et-patrimoine-de-saint-thual-ille-et-vilaine\/#primaryimage"},"image":{"@id":"https:\/\/www.charles-de-flahaut.fr\/wordpress\/histoire-et-patrimoine-de-saint-thual-ille-et-vilaine\/#primaryimage"},"thumbnailUrl":"https:\/\/www.charles-de-flahaut.fr\/wordpress\/wp-content\/uploads\/2022\/08\/saintthual35.jpg","datePublished":"2022-08-02T08:33:10+00:00","dateModified":"2025-01-08T17:20:01+00:00","description":"La commune de Saint-Thual poss\u00e8de un patrimoine, qu'il est int\u00e9ressant de d\u00e9couvrir, pour tous renseignements\u00a0cliquez sur ce lien...","breadcrumb":{"@id":"https:\/\/www.charles-de-flahaut.fr\/wordpress\/histoire-et-patrimoine-de-saint-thual-ille-et-vilaine\/#breadcrumb"},"inLanguage":"fr-FR","potentialAction":[{"@type":"ReadAction","target":["https:\/\/www.charles-de-flahaut.fr\/wordpress\/histoire-et-patrimoine-de-saint-thual-ille-et-vilaine\/"]}]},{"@type":"ImageObject","inLanguage":"fr-FR","@id":"https:\/\/www.charles-de-flahaut.fr\/wordpress\/histoire-et-patrimoine-de-saint-thual-ille-et-vilaine\/#primaryimage","url":"https:\/\/www.charles-de-flahaut.fr\/wordpress\/wp-content\/uploads\/2022\/08\/saintthual35.jpg","contentUrl":"https:\/\/www.charles-de-flahaut.fr\/wordpress\/wp-content\/uploads\/2022\/08\/saintthual35.jpg","width":225,"height":292},{"@type":"BreadcrumbList","@id":"https:\/\/www.charles-de-flahaut.fr\/wordpress\/histoire-et-patrimoine-de-saint-thual-ille-et-vilaine\/#breadcrumb","itemListElement":[{"@type":"ListItem","position":1,"name":"Accueil","item":"https:\/\/www.charles-de-flahaut.fr\/wordpress\/"},{"@type":"ListItem","position":2,"name":"Histoire et patrimoine de Saint-Thual (Ille-et-Vilaine)"}]},{"@type":"WebSite","@id":"https:\/\/www.charles-de-flahaut.fr\/wordpress\/#website","url":"https:\/\/www.charles-de-flahaut.fr\/wordpress\/","name":"Histoire de France - Communiqu\u00e9s","description":"Histoire et patrimoine","publisher":{"@id":"https:\/\/www.charles-de-flahaut.fr\/wordpress\/#\/schema\/person\/81011c8b61bc74c05499365a506d49a9"},"potentialAction":[{"@type":"SearchAction","target":{"@type":"EntryPoint","urlTemplate":"https:\/\/www.charles-de-flahaut.fr\/wordpress\/?s={search_term_string}"},"query-input":{"@type":"PropertyValueSpecification","valueRequired":true,"valueName":"search_term_string"}}],"inLanguage":"fr-FR"},{"@type":["Person","Organization"],"@id":"https:\/\/www.charles-de-flahaut.fr\/wordpress\/#\/schema\/person\/81011c8b61bc74c05499365a506d49a9","name":"administrateur","logo":{"@id":"https:\/\/www.charles-de-flahaut.fr\/wordpress\/#\/schema\/person\/image\/"},"sameAs":["http:\/\/www.charles-de-flahaut.fr","https:\/\/www.facebook.com\/Sites.HistoiredeFrance"]},{"@type":"Person","@id":"https:\/\/www.charles-de-flahaut.fr\/wordpress\/#\/schema\/person\/41c41eaf9ae1d70810ff74a04a786c56","name":"administrateur","url":"https:\/\/www.charles-de-flahaut.fr\/wordpress\/author\/hist_8la_ad\/"}]}},"views":57,"amp_enabled":true,"_links":{"self":[{"href":"https:\/\/www.charles-de-flahaut.fr\/wordpress\/wp-json\/wp\/v2\/posts\/89185","targetHints":{"allow":["GET"]}}],"collection":[{"href":"https:\/\/www.charles-de-flahaut.fr\/wordpress\/wp-json\/wp\/v2\/posts"}],"about":[{"href":"https:\/\/www.charles-de-flahaut.fr\/wordpress\/wp-json\/wp\/v2\/types\/post"}],"author":[{"embeddable":true,"href":"https:\/\/www.charles-de-flahaut.fr\/wordpress\/wp-json\/wp\/v2\/users\/117"}],"replies":[{"embeddable":true,"href":"https:\/\/www.charles-de-flahaut.fr\/wordpress\/wp-json\/wp\/v2\/comments?post=89185"}],"version-history":[{"count":3,"href":"https:\/\/www.charles-de-flahaut.fr\/wordpress\/wp-json\/wp\/v2\/posts\/89185\/revisions"}],"predecessor-version":[{"id":98062,"href":"https:\/\/www.charles-de-flahaut.fr\/wordpress\/wp-json\/wp\/v2\/posts\/89185\/revisions\/98062"}],"wp:attachment":[{"href":"https:\/\/www.charles-de-flahaut.fr\/wordpress\/wp-json\/wp\/v2\/media?parent=89185"}],"wp:term":[{"taxonomy":"category","embeddable":true,"href":"https:\/\/www.charles-de-flahaut.fr\/wordpress\/wp-json\/wp\/v2\/categories?post=89185"},{"taxonomy":"post_tag","embeddable":true,"href":"https:\/\/www.charles-de-flahaut.fr\/wordpress\/wp-json\/wp\/v2\/tags?post=89185"}],"curies":[{"name":"wp","href":"https:\/\/api.w.org\/{rel}","templated":true}]}}