{"id":88129,"date":"2022-05-03T14:34:40","date_gmt":"2022-05-03T13:34:40","guid":{"rendered":"https:\/\/www.charles-de-flahaut.fr\/wordpress\/?p=88129"},"modified":"2025-01-23T21:41:27","modified_gmt":"2025-01-23T20:41:27","slug":"histoire-de-wierre-effroy-pas-de-calais","status":"publish","type":"post","link":"https:\/\/www.charles-de-flahaut.fr\/wordpress\/histoire-de-wierre-effroy-pas-de-calais\/","title":{"rendered":"Histoire de Wierre-Effroy (Pas-de-Calais)"},"content":{"rendered":"<p><strong>Histoire de Wierre-Effroy (Pas-de-Calais)<\/strong><br \/>\n<a href=\"https:\/\/fr.wikipedia.org\/wiki\/Wierre-Effroy#Histoire\" target=\"_blank\" rel=\"noopener\">https:\/\/fr.wikipedia.org\/wiki\/Wierre-Effroy#Histoire<\/a><\/p>\n<p style=\"text-align: justify;\"><em><a href=\"https:\/\/www.charles-de-flahaut.fr\/wordpress\/wp-content\/uploads\/2022\/05\/wierreeffroy62.jpg\"><img loading=\"lazy\" decoding=\"async\" class=\"alignleft size-medium wp-image-88130\" src=\"https:\/\/www.charles-de-flahaut.fr\/wordpress\/wp-content\/uploads\/2022\/05\/wierreeffroy62-300x200.jpg\" alt=\"\" width=\"300\" height=\"200\" srcset=\"https:\/\/www.charles-de-flahaut.fr\/wordpress\/wp-content\/uploads\/2022\/05\/wierreeffroy62-300x200.jpg 300w, https:\/\/www.charles-de-flahaut.fr\/wordpress\/wp-content\/uploads\/2022\/05\/wierreeffroy62.jpg 420w\" sizes=\"auto, (max-width: 300px) 100vw, 300px\" \/><\/a>un site r\u00e9f\u00e9renc\u00e9 sur le nouvel\u00a0\u00a0<a href=\"https:\/\/charles-de-flahaut.fr\/annuaire-histoire-communes\" target=\"_blank\" rel=\"noopener noreferrer\">Annuaire Historique des Communes de France<\/a><\/em><\/p>\n<p style=\"text-align: justify;\">Des vestiges d\u2019un b\u00e2timent des\u00a0<abbr class=\"abbr\" title=\"2\u1d49 si\u00e8cle\"><span class=\"romain\">ii<\/span><sup>e<\/sup><\/abbr>\u00a0et\u00a0<abbr class=\"abbr\" title=\"3\u1d49 si\u00e8cle\"><span class=\"romain\">iii<\/span><sup>e<\/sup><\/abbr>\u00a0si\u00e8cles ainsi que de ce qui pourrait avoir \u00e9t\u00e9 une forge ont \u00e9t\u00e9 d\u00e9couverts en 2014 au lieu-dit Plaine des Coutures, lors de\u00a0<a title=\"Arch\u00e9ologie pr\u00e9ventive\" href=\"https:\/\/fr.wikipedia.org\/wiki\/Arch%C3%A9ologie_pr%C3%A9ventive\">fouilles arch\u00e9ologiques pr\u00e9ventives<\/a><sup id=\"cite_ref-17\" class=\"reference\"><\/sup>.<\/p>\n<p style=\"text-align: justify;\">Wierre-Effroy est d\u00e9j\u00e0 connue \u00e0 la fin du\u00a0<abbr class=\"abbr\" title=\"9\u1d49 si\u00e8cle\"><span class=\"romain\">ix<\/span><sup>e<\/sup><\/abbr>\u00a0si\u00e8cle, o\u00f9 Effrid,\u00a0<abbr class=\"abbr\" title=\"Cinqui\u00e8me\">5<sup>e<\/sup><\/abbr>\u00a0comte d&rsquo;<a title=\"Vieil-Hesdin\" href=\"https:\/\/fr.wikipedia.org\/wiki\/Vieil-Hesdin\">Hesdin<\/a>\u00a0et seigneur de Wierre, y fonde un monast\u00e8re qui sera d\u00e9truit lors du pillage de la r\u00e9gion par les\u00a0<a title=\"Vikings\" href=\"https:\/\/fr.wikipedia.org\/wiki\/Vikings\">Normands<\/a> en 882&#8230;<\/p>\n<p><em>(source wikipedia&#8230; <a href=\"https:\/\/fr.wikipedia.org\/wiki\/Wierre-Effroy#Histoire\" target=\"_blank\" rel=\"noopener\">lire la suite<\/a>)<\/em><\/p>\n<p style=\"text-align: center;\"><a href=\"https:\/\/amzn.to\/3WxFWIl\" target=\"_blank\" rel=\"noopener\"><strong>Ouvrages sur le Pas de Calais<\/strong><\/a><\/p>\n<p><a href=\"https:\/\/amzn.to\/3WxFWIl\" target=\"_blank\" rel=\"noopener\"><img loading=\"lazy\" decoding=\"async\" class=\"aligncenter size-full wp-image-96116\" src=\"https:\/\/www.charles-de-flahaut.fr\/wordpress\/wp-content\/uploads\/2022\/11\/pasdecalais.webp\" alt=\"\" width=\"330\" height=\"480\" srcset=\"https:\/\/www.charles-de-flahaut.fr\/wordpress\/wp-content\/uploads\/2022\/11\/pasdecalais.webp 330w, https:\/\/www.charles-de-flahaut.fr\/wordpress\/wp-content\/uploads\/2022\/11\/pasdecalais-206x300.webp 206w\" sizes=\"auto, (max-width: 330px) 100vw, 330px\" \/><\/a><\/p>\n<p>&nbsp;<\/p>\n","protected":false},"excerpt":{"rendered":"<p>Histoire de Wierre-Effroy (Pas-de-Calais) https:\/\/fr.wikipedia.org\/wiki\/Wierre-Effroy#Histoire un site r\u00e9f\u00e9renc\u00e9 sur le nouvel\u00a0\u00a0Annuaire Historique des Communes de France Des vestiges d\u2019un b\u00e2timent des\u00a0iie\u00a0et\u00a0iiie\u00a0si\u00e8cles ainsi que de ce qui pourrait avoir \u00e9t\u00e9 une forge ont \u00e9t\u00e9 d\u00e9couverts en 2014 au lieu-dit Plaine des Coutures, lors de\u00a0fouilles arch\u00e9ologiques pr\u00e9ventives. Wierre-Effroy est d\u00e9j\u00e0 connue \u00e0 la fin du\u00a0ixe\u00a0si\u00e8cle, o\u00f9 Effrid,\u00a05e\u00a0comte &hellip; <\/p>\n<p><a class=\"more-link btn\" href=\"https:\/\/www.charles-de-flahaut.fr\/wordpress\/histoire-de-wierre-effroy-pas-de-calais\/\">Lire la suite<\/a><\/p>\n","protected":false},"author":117,"featured_media":0,"comment_status":"open","ping_status":"open","sticky":false,"template":"","format":"standard","meta":{"footnotes":""},"categories":[150,16],"tags":[],"class_list":["post-88129","post","type-post","status-publish","format-standard","hentry","category-62-pas-de-calais","category-histoire-regionale","item-wrap"],"yoast_head":"<!-- This site is optimized with the Yoast SEO plugin v27.5 - https:\/\/yoast.com\/product\/yoast-seo-wordpress\/ -->\n<title>Histoire de Wierre-Effroy (Pas-de-Calais) - Histoire de France - Communiqu\u00e9s<\/title>\n<meta name=\"description\" content=\"Wierre-Effroy est d\u00e9j\u00e0 connue \u00e0 la fin du\u00a0ixe\u00a0si\u00e8cle, o\u00f9 Effrid,\u00a05e\u00a0comte d&#039;Hesdin\u00a0et seigneur de Wierre, y fonde un monast\u00e8re qui sera d\u00e9truit lors du pillage de la r\u00e9gion par les\u00a0Normands en 882...\" \/>\n<meta name=\"robots\" content=\"index, follow, max-snippet:-1, max-image-preview:large, max-video-preview:-1\" \/>\n<link rel=\"canonical\" href=\"https:\/\/www.charles-de-flahaut.fr\/wordpress\/histoire-de-wierre-effroy-pas-de-calais\/\" \/>\n<meta property=\"og:locale\" content=\"fr_FR\" \/>\n<meta property=\"og:type\" content=\"article\" \/>\n<meta property=\"og:title\" content=\"Histoire de Wierre-Effroy (Pas-de-Calais) - Histoire de France - Communiqu\u00e9s\" \/>\n<meta property=\"og:description\" content=\"Wierre-Effroy est d\u00e9j\u00e0 connue \u00e0 la fin du\u00a0ixe\u00a0si\u00e8cle, o\u00f9 Effrid,\u00a05e\u00a0comte d&#039;Hesdin\u00a0et seigneur de Wierre, y fonde un monast\u00e8re qui sera d\u00e9truit lors du pillage de la r\u00e9gion par les\u00a0Normands en 882...\" \/>\n<meta property=\"og:url\" content=\"https:\/\/www.charles-de-flahaut.fr\/wordpress\/histoire-de-wierre-effroy-pas-de-calais\/\" \/>\n<meta property=\"og:site_name\" content=\"Histoire de France - Communiqu\u00e9s\" \/>\n<meta property=\"article:publisher\" content=\"https:\/\/www.facebook.com\/Sites.HistoiredeFrance\" \/>\n<meta property=\"article:published_time\" content=\"2022-05-03T13:34:40+00:00\" \/>\n<meta property=\"article:modified_time\" content=\"2025-01-23T20:41:27+00:00\" \/>\n<meta property=\"og:image\" content=\"https:\/\/www.charles-de-flahaut.fr\/wordpress\/wp-content\/uploads\/2022\/05\/wierreeffroy62.jpg\" \/>\n\t<meta property=\"og:image:width\" content=\"420\" \/>\n\t<meta property=\"og:image:height\" content=\"280\" \/>\n\t<meta property=\"og:image:type\" content=\"image\/jpeg\" \/>\n<meta name=\"author\" content=\"administrateur\" \/>\n<meta name=\"twitter:card\" content=\"summary_large_image\" \/>\n<meta name=\"twitter:label1\" content=\"\u00c9crit par\" \/>\n\t<meta name=\"twitter:data1\" content=\"administrateur\" \/>\n\t<meta name=\"twitter:label2\" content=\"Dur\u00e9e de lecture estim\u00e9e\" \/>\n\t<meta name=\"twitter:data2\" content=\"1 minute\" \/>\n<script type=\"application\/ld+json\" class=\"yoast-schema-graph\">{\"@context\":\"https:\\\/\\\/schema.org\",\"@graph\":[{\"@type\":\"Article\",\"@id\":\"https:\\\/\\\/www.charles-de-flahaut.fr\\\/wordpress\\\/histoire-de-wierre-effroy-pas-de-calais\\\/#article\",\"isPartOf\":{\"@id\":\"https:\\\/\\\/www.charles-de-flahaut.fr\\\/wordpress\\\/histoire-de-wierre-effroy-pas-de-calais\\\/\"},\"author\":{\"name\":\"administrateur\",\"@id\":\"https:\\\/\\\/www.charles-de-flahaut.fr\\\/wordpress\\\/#\\\/schema\\\/person\\\/41c41eaf9ae1d70810ff74a04a786c56\"},\"headline\":\"Histoire de Wierre-Effroy (Pas-de-Calais)\",\"datePublished\":\"2022-05-03T13:34:40+00:00\",\"dateModified\":\"2025-01-23T20:41:27+00:00\",\"mainEntityOfPage\":{\"@id\":\"https:\\\/\\\/www.charles-de-flahaut.fr\\\/wordpress\\\/histoire-de-wierre-effroy-pas-de-calais\\\/\"},\"wordCount\":124,\"commentCount\":0,\"publisher\":{\"@id\":\"https:\\\/\\\/www.charles-de-flahaut.fr\\\/wordpress\\\/#\\\/schema\\\/person\\\/81011c8b61bc74c05499365a506d49a9\"},\"image\":{\"@id\":\"https:\\\/\\\/www.charles-de-flahaut.fr\\\/wordpress\\\/histoire-de-wierre-effroy-pas-de-calais\\\/#primaryimage\"},\"thumbnailUrl\":\"https:\\\/\\\/www.charles-de-flahaut.fr\\\/wordpress\\\/wp-content\\\/uploads\\\/2022\\\/05\\\/wierreeffroy62-300x200.jpg\",\"articleSection\":[\"62 - Pas-de-Calais\",\"histoire locale\"],\"inLanguage\":\"fr-FR\",\"potentialAction\":[{\"@type\":\"CommentAction\",\"name\":\"Comment\",\"target\":[\"https:\\\/\\\/www.charles-de-flahaut.fr\\\/wordpress\\\/histoire-de-wierre-effroy-pas-de-calais\\\/#respond\"]}]},{\"@type\":\"WebPage\",\"@id\":\"https:\\\/\\\/www.charles-de-flahaut.fr\\\/wordpress\\\/histoire-de-wierre-effroy-pas-de-calais\\\/\",\"url\":\"https:\\\/\\\/www.charles-de-flahaut.fr\\\/wordpress\\\/histoire-de-wierre-effroy-pas-de-calais\\\/\",\"name\":\"Histoire de Wierre-Effroy (Pas-de-Calais) - Histoire de France - Communiqu\u00e9s\",\"isPartOf\":{\"@id\":\"https:\\\/\\\/www.charles-de-flahaut.fr\\\/wordpress\\\/#website\"},\"primaryImageOfPage\":{\"@id\":\"https:\\\/\\\/www.charles-de-flahaut.fr\\\/wordpress\\\/histoire-de-wierre-effroy-pas-de-calais\\\/#primaryimage\"},\"image\":{\"@id\":\"https:\\\/\\\/www.charles-de-flahaut.fr\\\/wordpress\\\/histoire-de-wierre-effroy-pas-de-calais\\\/#primaryimage\"},\"thumbnailUrl\":\"https:\\\/\\\/www.charles-de-flahaut.fr\\\/wordpress\\\/wp-content\\\/uploads\\\/2022\\\/05\\\/wierreeffroy62-300x200.jpg\",\"datePublished\":\"2022-05-03T13:34:40+00:00\",\"dateModified\":\"2025-01-23T20:41:27+00:00\",\"description\":\"Wierre-Effroy est d\u00e9j\u00e0 connue \u00e0 la fin du\u00a0ixe\u00a0si\u00e8cle, o\u00f9 Effrid,\u00a05e\u00a0comte d'Hesdin\u00a0et seigneur de Wierre, y fonde un monast\u00e8re qui sera d\u00e9truit lors du pillage de la r\u00e9gion par les\u00a0Normands en 882...\",\"breadcrumb\":{\"@id\":\"https:\\\/\\\/www.charles-de-flahaut.fr\\\/wordpress\\\/histoire-de-wierre-effroy-pas-de-calais\\\/#breadcrumb\"},\"inLanguage\":\"fr-FR\",\"potentialAction\":[{\"@type\":\"ReadAction\",\"target\":[\"https:\\\/\\\/www.charles-de-flahaut.fr\\\/wordpress\\\/histoire-de-wierre-effroy-pas-de-calais\\\/\"]}]},{\"@type\":\"ImageObject\",\"inLanguage\":\"fr-FR\",\"@id\":\"https:\\\/\\\/www.charles-de-flahaut.fr\\\/wordpress\\\/histoire-de-wierre-effroy-pas-de-calais\\\/#primaryimage\",\"url\":\"https:\\\/\\\/www.charles-de-flahaut.fr\\\/wordpress\\\/wp-content\\\/uploads\\\/2022\\\/05\\\/wierreeffroy62.jpg\",\"contentUrl\":\"https:\\\/\\\/www.charles-de-flahaut.fr\\\/wordpress\\\/wp-content\\\/uploads\\\/2022\\\/05\\\/wierreeffroy62.jpg\",\"width\":420,\"height\":280},{\"@type\":\"BreadcrumbList\",\"@id\":\"https:\\\/\\\/www.charles-de-flahaut.fr\\\/wordpress\\\/histoire-de-wierre-effroy-pas-de-calais\\\/#breadcrumb\",\"itemListElement\":[{\"@type\":\"ListItem\",\"position\":1,\"name\":\"Accueil\",\"item\":\"https:\\\/\\\/www.charles-de-flahaut.fr\\\/wordpress\\\/\"},{\"@type\":\"ListItem\",\"position\":2,\"name\":\"Histoire de Wierre-Effroy (Pas-de-Calais)\"}]},{\"@type\":\"WebSite\",\"@id\":\"https:\\\/\\\/www.charles-de-flahaut.fr\\\/wordpress\\\/#website\",\"url\":\"https:\\\/\\\/www.charles-de-flahaut.fr\\\/wordpress\\\/\",\"name\":\"Histoire de France - Communiqu\u00e9s\",\"description\":\"Histoire et patrimoine\",\"publisher\":{\"@id\":\"https:\\\/\\\/www.charles-de-flahaut.fr\\\/wordpress\\\/#\\\/schema\\\/person\\\/81011c8b61bc74c05499365a506d49a9\"},\"potentialAction\":[{\"@type\":\"SearchAction\",\"target\":{\"@type\":\"EntryPoint\",\"urlTemplate\":\"https:\\\/\\\/www.charles-de-flahaut.fr\\\/wordpress\\\/?s={search_term_string}\"},\"query-input\":{\"@type\":\"PropertyValueSpecification\",\"valueRequired\":true,\"valueName\":\"search_term_string\"}}],\"inLanguage\":\"fr-FR\"},{\"@type\":[\"Person\",\"Organization\"],\"@id\":\"https:\\\/\\\/www.charles-de-flahaut.fr\\\/wordpress\\\/#\\\/schema\\\/person\\\/81011c8b61bc74c05499365a506d49a9\",\"name\":\"administrateur\",\"logo\":{\"@id\":\"https:\\\/\\\/www.charles-de-flahaut.fr\\\/wordpress\\\/#\\\/schema\\\/person\\\/image\\\/\"},\"sameAs\":[\"http:\\\/\\\/www.charles-de-flahaut.fr\",\"https:\\\/\\\/www.facebook.com\\\/Sites.HistoiredeFrance\"]},{\"@type\":\"Person\",\"@id\":\"https:\\\/\\\/www.charles-de-flahaut.fr\\\/wordpress\\\/#\\\/schema\\\/person\\\/41c41eaf9ae1d70810ff74a04a786c56\",\"name\":\"administrateur\",\"url\":\"https:\\\/\\\/www.charles-de-flahaut.fr\\\/wordpress\\\/author\\\/hist_8la_ad\\\/\"}]}<\/script>\n<!-- \/ Yoast SEO plugin. -->","yoast_head_json":{"title":"Histoire de Wierre-Effroy (Pas-de-Calais) - Histoire de France - Communiqu\u00e9s","description":"Wierre-Effroy est d\u00e9j\u00e0 connue \u00e0 la fin du\u00a0ixe\u00a0si\u00e8cle, o\u00f9 Effrid,\u00a05e\u00a0comte d'Hesdin\u00a0et seigneur de Wierre, y fonde un monast\u00e8re qui sera d\u00e9truit lors du pillage de la r\u00e9gion par les\u00a0Normands en 882...","robots":{"index":"index","follow":"follow","max-snippet":"max-snippet:-1","max-image-preview":"max-image-preview:large","max-video-preview":"max-video-preview:-1"},"canonical":"https:\/\/www.charles-de-flahaut.fr\/wordpress\/histoire-de-wierre-effroy-pas-de-calais\/","og_locale":"fr_FR","og_type":"article","og_title":"Histoire de Wierre-Effroy (Pas-de-Calais) - Histoire de France - Communiqu\u00e9s","og_description":"Wierre-Effroy est d\u00e9j\u00e0 connue \u00e0 la fin du\u00a0ixe\u00a0si\u00e8cle, o\u00f9 Effrid,\u00a05e\u00a0comte d'Hesdin\u00a0et seigneur de Wierre, y fonde un monast\u00e8re qui sera d\u00e9truit lors du pillage de la r\u00e9gion par les\u00a0Normands en 882...","og_url":"https:\/\/www.charles-de-flahaut.fr\/wordpress\/histoire-de-wierre-effroy-pas-de-calais\/","og_site_name":"Histoire de France - Communiqu\u00e9s","article_publisher":"https:\/\/www.facebook.com\/Sites.HistoiredeFrance","article_published_time":"2022-05-03T13:34:40+00:00","article_modified_time":"2025-01-23T20:41:27+00:00","og_image":[{"width":420,"height":280,"url":"https:\/\/www.charles-de-flahaut.fr\/wordpress\/wp-content\/uploads\/2022\/05\/wierreeffroy62.jpg","type":"image\/jpeg"}],"author":"administrateur","twitter_card":"summary_large_image","twitter_misc":{"\u00c9crit par":"administrateur","Dur\u00e9e de lecture estim\u00e9e":"1 minute"},"schema":{"@context":"https:\/\/schema.org","@graph":[{"@type":"Article","@id":"https:\/\/www.charles-de-flahaut.fr\/wordpress\/histoire-de-wierre-effroy-pas-de-calais\/#article","isPartOf":{"@id":"https:\/\/www.charles-de-flahaut.fr\/wordpress\/histoire-de-wierre-effroy-pas-de-calais\/"},"author":{"name":"administrateur","@id":"https:\/\/www.charles-de-flahaut.fr\/wordpress\/#\/schema\/person\/41c41eaf9ae1d70810ff74a04a786c56"},"headline":"Histoire de Wierre-Effroy (Pas-de-Calais)","datePublished":"2022-05-03T13:34:40+00:00","dateModified":"2025-01-23T20:41:27+00:00","mainEntityOfPage":{"@id":"https:\/\/www.charles-de-flahaut.fr\/wordpress\/histoire-de-wierre-effroy-pas-de-calais\/"},"wordCount":124,"commentCount":0,"publisher":{"@id":"https:\/\/www.charles-de-flahaut.fr\/wordpress\/#\/schema\/person\/81011c8b61bc74c05499365a506d49a9"},"image":{"@id":"https:\/\/www.charles-de-flahaut.fr\/wordpress\/histoire-de-wierre-effroy-pas-de-calais\/#primaryimage"},"thumbnailUrl":"https:\/\/www.charles-de-flahaut.fr\/wordpress\/wp-content\/uploads\/2022\/05\/wierreeffroy62-300x200.jpg","articleSection":["62 - Pas-de-Calais","histoire locale"],"inLanguage":"fr-FR","potentialAction":[{"@type":"CommentAction","name":"Comment","target":["https:\/\/www.charles-de-flahaut.fr\/wordpress\/histoire-de-wierre-effroy-pas-de-calais\/#respond"]}]},{"@type":"WebPage","@id":"https:\/\/www.charles-de-flahaut.fr\/wordpress\/histoire-de-wierre-effroy-pas-de-calais\/","url":"https:\/\/www.charles-de-flahaut.fr\/wordpress\/histoire-de-wierre-effroy-pas-de-calais\/","name":"Histoire de Wierre-Effroy (Pas-de-Calais) - Histoire de France - Communiqu\u00e9s","isPartOf":{"@id":"https:\/\/www.charles-de-flahaut.fr\/wordpress\/#website"},"primaryImageOfPage":{"@id":"https:\/\/www.charles-de-flahaut.fr\/wordpress\/histoire-de-wierre-effroy-pas-de-calais\/#primaryimage"},"image":{"@id":"https:\/\/www.charles-de-flahaut.fr\/wordpress\/histoire-de-wierre-effroy-pas-de-calais\/#primaryimage"},"thumbnailUrl":"https:\/\/www.charles-de-flahaut.fr\/wordpress\/wp-content\/uploads\/2022\/05\/wierreeffroy62-300x200.jpg","datePublished":"2022-05-03T13:34:40+00:00","dateModified":"2025-01-23T20:41:27+00:00","description":"Wierre-Effroy est d\u00e9j\u00e0 connue \u00e0 la fin du\u00a0ixe\u00a0si\u00e8cle, o\u00f9 Effrid,\u00a05e\u00a0comte d'Hesdin\u00a0et seigneur de Wierre, y fonde un monast\u00e8re qui sera d\u00e9truit lors du pillage de la r\u00e9gion par les\u00a0Normands en 882...","breadcrumb":{"@id":"https:\/\/www.charles-de-flahaut.fr\/wordpress\/histoire-de-wierre-effroy-pas-de-calais\/#breadcrumb"},"inLanguage":"fr-FR","potentialAction":[{"@type":"ReadAction","target":["https:\/\/www.charles-de-flahaut.fr\/wordpress\/histoire-de-wierre-effroy-pas-de-calais\/"]}]},{"@type":"ImageObject","inLanguage":"fr-FR","@id":"https:\/\/www.charles-de-flahaut.fr\/wordpress\/histoire-de-wierre-effroy-pas-de-calais\/#primaryimage","url":"https:\/\/www.charles-de-flahaut.fr\/wordpress\/wp-content\/uploads\/2022\/05\/wierreeffroy62.jpg","contentUrl":"https:\/\/www.charles-de-flahaut.fr\/wordpress\/wp-content\/uploads\/2022\/05\/wierreeffroy62.jpg","width":420,"height":280},{"@type":"BreadcrumbList","@id":"https:\/\/www.charles-de-flahaut.fr\/wordpress\/histoire-de-wierre-effroy-pas-de-calais\/#breadcrumb","itemListElement":[{"@type":"ListItem","position":1,"name":"Accueil","item":"https:\/\/www.charles-de-flahaut.fr\/wordpress\/"},{"@type":"ListItem","position":2,"name":"Histoire de Wierre-Effroy (Pas-de-Calais)"}]},{"@type":"WebSite","@id":"https:\/\/www.charles-de-flahaut.fr\/wordpress\/#website","url":"https:\/\/www.charles-de-flahaut.fr\/wordpress\/","name":"Histoire de France - Communiqu\u00e9s","description":"Histoire et patrimoine","publisher":{"@id":"https:\/\/www.charles-de-flahaut.fr\/wordpress\/#\/schema\/person\/81011c8b61bc74c05499365a506d49a9"},"potentialAction":[{"@type":"SearchAction","target":{"@type":"EntryPoint","urlTemplate":"https:\/\/www.charles-de-flahaut.fr\/wordpress\/?s={search_term_string}"},"query-input":{"@type":"PropertyValueSpecification","valueRequired":true,"valueName":"search_term_string"}}],"inLanguage":"fr-FR"},{"@type":["Person","Organization"],"@id":"https:\/\/www.charles-de-flahaut.fr\/wordpress\/#\/schema\/person\/81011c8b61bc74c05499365a506d49a9","name":"administrateur","logo":{"@id":"https:\/\/www.charles-de-flahaut.fr\/wordpress\/#\/schema\/person\/image\/"},"sameAs":["http:\/\/www.charles-de-flahaut.fr","https:\/\/www.facebook.com\/Sites.HistoiredeFrance"]},{"@type":"Person","@id":"https:\/\/www.charles-de-flahaut.fr\/wordpress\/#\/schema\/person\/41c41eaf9ae1d70810ff74a04a786c56","name":"administrateur","url":"https:\/\/www.charles-de-flahaut.fr\/wordpress\/author\/hist_8la_ad\/"}]}},"views":66,"amp_enabled":true,"_links":{"self":[{"href":"https:\/\/www.charles-de-flahaut.fr\/wordpress\/wp-json\/wp\/v2\/posts\/88129","targetHints":{"allow":["GET"]}}],"collection":[{"href":"https:\/\/www.charles-de-flahaut.fr\/wordpress\/wp-json\/wp\/v2\/posts"}],"about":[{"href":"https:\/\/www.charles-de-flahaut.fr\/wordpress\/wp-json\/wp\/v2\/types\/post"}],"author":[{"embeddable":true,"href":"https:\/\/www.charles-de-flahaut.fr\/wordpress\/wp-json\/wp\/v2\/users\/117"}],"replies":[{"embeddable":true,"href":"https:\/\/www.charles-de-flahaut.fr\/wordpress\/wp-json\/wp\/v2\/comments?post=88129"}],"version-history":[{"count":3,"href":"https:\/\/www.charles-de-flahaut.fr\/wordpress\/wp-json\/wp\/v2\/posts\/88129\/revisions"}],"predecessor-version":[{"id":98681,"href":"https:\/\/www.charles-de-flahaut.fr\/wordpress\/wp-json\/wp\/v2\/posts\/88129\/revisions\/98681"}],"wp:attachment":[{"href":"https:\/\/www.charles-de-flahaut.fr\/wordpress\/wp-json\/wp\/v2\/media?parent=88129"}],"wp:term":[{"taxonomy":"category","embeddable":true,"href":"https:\/\/www.charles-de-flahaut.fr\/wordpress\/wp-json\/wp\/v2\/categories?post=88129"},{"taxonomy":"post_tag","embeddable":true,"href":"https:\/\/www.charles-de-flahaut.fr\/wordpress\/wp-json\/wp\/v2\/tags?post=88129"}],"curies":[{"name":"wp","href":"https:\/\/api.w.org\/{rel}","templated":true}]}}