{"id":87579,"date":"2022-04-04T15:58:34","date_gmt":"2022-04-04T14:58:34","guid":{"rendered":"https:\/\/www.charles-de-flahaut.fr\/wordpress\/?p=87579"},"modified":"2025-01-29T20:49:38","modified_gmt":"2025-01-29T19:49:38","slug":"histoire-de-vaudoy-en-brie-seine-et-marne","status":"publish","type":"post","link":"https:\/\/www.charles-de-flahaut.fr\/wordpress\/histoire-de-vaudoy-en-brie-seine-et-marne\/","title":{"rendered":"Histoire de Vaudoy en Brie (Seine-et-Marne)"},"content":{"rendered":"<p><strong>Histoire de Vaudoy en Brie (Seine-et-Marne)<\/strong><br \/>\n<a href=\"https:\/\/fr.wikipedia.org\/wiki\/Vaudoy-en-Brie#Histoire\" target=\"_blank\" rel=\"noopener\">https:\/\/fr.wikipedia.org\/wiki\/Vaudoy-en-Brie#Histoire<\/a><\/p>\n<p style=\"text-align: justify;\"><em><a href=\"https:\/\/www.charles-de-flahaut.fr\/wordpress\/wp-content\/uploads\/2022\/04\/vaudoyenbrie77.jpg\"><img loading=\"lazy\" decoding=\"async\" class=\"alignleft size-medium wp-image-87580\" src=\"https:\/\/www.charles-de-flahaut.fr\/wordpress\/wp-content\/uploads\/2022\/04\/vaudoyenbrie77-300x224.jpg\" alt=\"\" width=\"300\" height=\"224\" srcset=\"https:\/\/www.charles-de-flahaut.fr\/wordpress\/wp-content\/uploads\/2022\/04\/vaudoyenbrie77-300x224.jpg 300w, https:\/\/www.charles-de-flahaut.fr\/wordpress\/wp-content\/uploads\/2022\/04\/vaudoyenbrie77.jpg 420w\" sizes=\"auto, (max-width: 300px) 100vw, 300px\" \/><\/a>un site r\u00e9f\u00e9renc\u00e9 sur le nouvel\u00a0\u00a0<a href=\"https:\/\/charles-de-flahaut.fr\/annuaire-histoire-communes\" target=\"_blank\" rel=\"noopener noreferrer\">Annuaire Historique des Communes de France<\/a><\/em><\/p>\n<p style=\"text-align: justify;\">Le territoire est situ\u00e9 sur le passage d&rsquo;une\u00a0<a title=\"Voie romaine\" href=\"https:\/\/fr.wikipedia.org\/wiki\/Voie_romaine\">voie romaine<\/a>, une des routes de la\u00a0<a title=\"Via Agrippa\" href=\"https:\/\/fr.wikipedia.org\/wiki\/Via_Agrippa\">Via Agrippa<\/a> allant de <a title=\"Sens (Yonne)\" href=\"https:\/\/fr.wikipedia.org\/wiki\/Sens_(Yonne)\">Sens<\/a>\u00a0\u00e0\u00a0<a title=\"Meaux\" href=\"https:\/\/fr.wikipedia.org\/wiki\/Meaux\">Meaux<\/a>\u00a0par\u00a0<a title=\"Ch\u00e2teaubleau\" href=\"https:\/\/fr.wikipedia.org\/wiki\/Ch%C3%A2teaubleau\">Ch\u00e2teaubleau<\/a>\u00a0et\u00a0<a title=\"Chailly-en-Brie\" href=\"https:\/\/fr.wikipedia.org\/wiki\/Chailly-en-Brie\">Chailly-en-Brie<\/a>.<\/p>\n<p style=\"text-align: justify;\">Le village est mentionn\u00e9 au\u00a0<abbr class=\"abbr\" title=\"13\u1d49 si\u00e8cle\"><span class=\"romain\">xiii<\/span><sup>e<\/sup><\/abbr> si\u00e8cle, \u00ab Vodoi \u00bb. Jusqu&rsquo;en 1285, le village est situ\u00e9 dans une \u00ab marche s\u00e9parante \u00bb dans laquelle les habitants d\u00e9pendent et du puissant comte de Champagne et du roi de France&#8230;.<\/p>\n<p style=\"text-align: justify;\"><em>(image et extrait du site officiel de la commune&#8230; <a href=\"https:\/\/fr.wikipedia.org\/wiki\/Vaudoy-en-Brie#Histoire\" target=\"_blank\" rel=\"noopener\">lire la suite<\/a>)<\/em><\/p>\n<p style=\"text-align: center;\"><a href=\"https:\/\/amzn.to\/3CDdoq3\" target=\"_blank\" rel=\"noopener\"><strong>Ouvrages sur la Seine-et-Marne<\/strong><\/a><\/p>\n<p><a href=\"https:\/\/amzn.to\/3CDdoq3\" target=\"_blank\" rel=\"noopener\"><img loading=\"lazy\" decoding=\"async\" class=\"aligncenter size-full wp-image-96480\" src=\"https:\/\/www.charles-de-flahaut.fr\/wordpress\/wp-content\/uploads\/2022\/10\/seineetmarne2.webp\" alt=\"\" width=\"256\" height=\"327\" srcset=\"https:\/\/www.charles-de-flahaut.fr\/wordpress\/wp-content\/uploads\/2022\/10\/seineetmarne2.webp 256w, https:\/\/www.charles-de-flahaut.fr\/wordpress\/wp-content\/uploads\/2022\/10\/seineetmarne2-235x300.webp 235w\" sizes=\"auto, (max-width: 256px) 100vw, 256px\" \/><\/a><\/p>\n","protected":false},"excerpt":{"rendered":"<p>Histoire de Vaudoy en Brie (Seine-et-Marne) https:\/\/fr.wikipedia.org\/wiki\/Vaudoy-en-Brie#Histoire un site r\u00e9f\u00e9renc\u00e9 sur le nouvel\u00a0\u00a0Annuaire Historique des Communes de France Le territoire est situ\u00e9 sur le passage d&rsquo;une\u00a0voie romaine, une des routes de la\u00a0Via Agrippa allant de Sens\u00a0\u00e0\u00a0Meaux\u00a0par\u00a0Ch\u00e2teaubleau\u00a0et\u00a0Chailly-en-Brie. Le village est mentionn\u00e9 au\u00a0xiiie si\u00e8cle, \u00ab Vodoi \u00bb. Jusqu&rsquo;en 1285, le village est situ\u00e9 dans une \u00ab marche &hellip; <\/p>\n<p><a class=\"more-link btn\" href=\"https:\/\/www.charles-de-flahaut.fr\/wordpress\/histoire-de-vaudoy-en-brie-seine-et-marne\/\">Lire la suite<\/a><\/p>\n","protected":false},"author":117,"featured_media":0,"comment_status":"open","ping_status":"open","sticky":false,"template":"","format":"standard","meta":{"footnotes":""},"categories":[164,16],"tags":[],"class_list":["post-87579","post","type-post","status-publish","format-standard","hentry","category-77-seine-et-marne","category-histoire-regionale","item-wrap"],"yoast_head":"<!-- This site is optimized with the Yoast SEO plugin v27.5 - https:\/\/yoast.com\/product\/yoast-seo-wordpress\/ -->\n<title>Histoire de Vaudoy en Brie (Seine-et-Marne) - Histoire de France - Communiqu\u00e9s<\/title>\n<meta name=\"description\" content=\"Le village est mentionn\u00e9 au\u00a0xiiie si\u00e8cle, \u00ab Vodoi \u00bb. Jusqu&#039;en 1285, le village est situ\u00e9 dans une \u00ab marche s\u00e9parante \u00bb dans laquelle les habitants d\u00e9pendent et du puissant comte de Champagne et du roi de France....\" \/>\n<meta name=\"robots\" content=\"index, follow, max-snippet:-1, max-image-preview:large, max-video-preview:-1\" \/>\n<link rel=\"canonical\" href=\"https:\/\/www.charles-de-flahaut.fr\/wordpress\/histoire-de-vaudoy-en-brie-seine-et-marne\/\" \/>\n<meta property=\"og:locale\" content=\"fr_FR\" \/>\n<meta property=\"og:type\" content=\"article\" \/>\n<meta property=\"og:title\" content=\"Histoire de Vaudoy en Brie (Seine-et-Marne) - Histoire de France - Communiqu\u00e9s\" \/>\n<meta property=\"og:description\" content=\"Le village est mentionn\u00e9 au\u00a0xiiie si\u00e8cle, \u00ab Vodoi \u00bb. Jusqu&#039;en 1285, le village est situ\u00e9 dans une \u00ab marche s\u00e9parante \u00bb dans laquelle les habitants d\u00e9pendent et du puissant comte de Champagne et du roi de France....\" \/>\n<meta property=\"og:url\" content=\"https:\/\/www.charles-de-flahaut.fr\/wordpress\/histoire-de-vaudoy-en-brie-seine-et-marne\/\" \/>\n<meta property=\"og:site_name\" content=\"Histoire de France - Communiqu\u00e9s\" \/>\n<meta property=\"article:publisher\" content=\"https:\/\/www.facebook.com\/Sites.HistoiredeFrance\" \/>\n<meta property=\"article:published_time\" content=\"2022-04-04T14:58:34+00:00\" \/>\n<meta property=\"article:modified_time\" content=\"2025-01-29T19:49:38+00:00\" \/>\n<meta property=\"og:image\" content=\"https:\/\/www.charles-de-flahaut.fr\/wordpress\/wp-content\/uploads\/2022\/04\/vaudoyenbrie77.jpg\" \/>\n\t<meta property=\"og:image:width\" content=\"420\" \/>\n\t<meta property=\"og:image:height\" content=\"314\" \/>\n\t<meta property=\"og:image:type\" content=\"image\/jpeg\" \/>\n<meta name=\"author\" content=\"administrateur\" \/>\n<meta name=\"twitter:card\" content=\"summary_large_image\" \/>\n<meta name=\"twitter:label1\" content=\"\u00c9crit par\" \/>\n\t<meta name=\"twitter:data1\" content=\"administrateur\" \/>\n\t<meta name=\"twitter:label2\" content=\"Dur\u00e9e de lecture estim\u00e9e\" \/>\n\t<meta name=\"twitter:data2\" content=\"1 minute\" \/>\n<script type=\"application\/ld+json\" class=\"yoast-schema-graph\">{\"@context\":\"https:\\\/\\\/schema.org\",\"@graph\":[{\"@type\":\"Article\",\"@id\":\"https:\\\/\\\/www.charles-de-flahaut.fr\\\/wordpress\\\/histoire-de-vaudoy-en-brie-seine-et-marne\\\/#article\",\"isPartOf\":{\"@id\":\"https:\\\/\\\/www.charles-de-flahaut.fr\\\/wordpress\\\/histoire-de-vaudoy-en-brie-seine-et-marne\\\/\"},\"author\":{\"name\":\"administrateur\",\"@id\":\"https:\\\/\\\/www.charles-de-flahaut.fr\\\/wordpress\\\/#\\\/schema\\\/person\\\/41c41eaf9ae1d70810ff74a04a786c56\"},\"headline\":\"Histoire de Vaudoy en Brie (Seine-et-Marne)\",\"datePublished\":\"2022-04-04T14:58:34+00:00\",\"dateModified\":\"2025-01-29T19:49:38+00:00\",\"mainEntityOfPage\":{\"@id\":\"https:\\\/\\\/www.charles-de-flahaut.fr\\\/wordpress\\\/histoire-de-vaudoy-en-brie-seine-et-marne\\\/\"},\"wordCount\":114,\"commentCount\":0,\"publisher\":{\"@id\":\"https:\\\/\\\/www.charles-de-flahaut.fr\\\/wordpress\\\/#\\\/schema\\\/person\\\/81011c8b61bc74c05499365a506d49a9\"},\"image\":{\"@id\":\"https:\\\/\\\/www.charles-de-flahaut.fr\\\/wordpress\\\/histoire-de-vaudoy-en-brie-seine-et-marne\\\/#primaryimage\"},\"thumbnailUrl\":\"https:\\\/\\\/www.charles-de-flahaut.fr\\\/wordpress\\\/wp-content\\\/uploads\\\/2022\\\/04\\\/vaudoyenbrie77-300x224.jpg\",\"articleSection\":[\"77 - Seine-et-Marne\",\"histoire locale\"],\"inLanguage\":\"fr-FR\",\"potentialAction\":[{\"@type\":\"CommentAction\",\"name\":\"Comment\",\"target\":[\"https:\\\/\\\/www.charles-de-flahaut.fr\\\/wordpress\\\/histoire-de-vaudoy-en-brie-seine-et-marne\\\/#respond\"]}]},{\"@type\":\"WebPage\",\"@id\":\"https:\\\/\\\/www.charles-de-flahaut.fr\\\/wordpress\\\/histoire-de-vaudoy-en-brie-seine-et-marne\\\/\",\"url\":\"https:\\\/\\\/www.charles-de-flahaut.fr\\\/wordpress\\\/histoire-de-vaudoy-en-brie-seine-et-marne\\\/\",\"name\":\"Histoire de Vaudoy en Brie (Seine-et-Marne) - Histoire de France - Communiqu\u00e9s\",\"isPartOf\":{\"@id\":\"https:\\\/\\\/www.charles-de-flahaut.fr\\\/wordpress\\\/#website\"},\"primaryImageOfPage\":{\"@id\":\"https:\\\/\\\/www.charles-de-flahaut.fr\\\/wordpress\\\/histoire-de-vaudoy-en-brie-seine-et-marne\\\/#primaryimage\"},\"image\":{\"@id\":\"https:\\\/\\\/www.charles-de-flahaut.fr\\\/wordpress\\\/histoire-de-vaudoy-en-brie-seine-et-marne\\\/#primaryimage\"},\"thumbnailUrl\":\"https:\\\/\\\/www.charles-de-flahaut.fr\\\/wordpress\\\/wp-content\\\/uploads\\\/2022\\\/04\\\/vaudoyenbrie77-300x224.jpg\",\"datePublished\":\"2022-04-04T14:58:34+00:00\",\"dateModified\":\"2025-01-29T19:49:38+00:00\",\"description\":\"Le village est mentionn\u00e9 au\u00a0xiiie si\u00e8cle, \u00ab Vodoi \u00bb. Jusqu'en 1285, le village est situ\u00e9 dans une \u00ab marche s\u00e9parante \u00bb dans laquelle les habitants d\u00e9pendent et du puissant comte de Champagne et du roi de France....\",\"breadcrumb\":{\"@id\":\"https:\\\/\\\/www.charles-de-flahaut.fr\\\/wordpress\\\/histoire-de-vaudoy-en-brie-seine-et-marne\\\/#breadcrumb\"},\"inLanguage\":\"fr-FR\",\"potentialAction\":[{\"@type\":\"ReadAction\",\"target\":[\"https:\\\/\\\/www.charles-de-flahaut.fr\\\/wordpress\\\/histoire-de-vaudoy-en-brie-seine-et-marne\\\/\"]}]},{\"@type\":\"ImageObject\",\"inLanguage\":\"fr-FR\",\"@id\":\"https:\\\/\\\/www.charles-de-flahaut.fr\\\/wordpress\\\/histoire-de-vaudoy-en-brie-seine-et-marne\\\/#primaryimage\",\"url\":\"https:\\\/\\\/www.charles-de-flahaut.fr\\\/wordpress\\\/wp-content\\\/uploads\\\/2022\\\/04\\\/vaudoyenbrie77.jpg\",\"contentUrl\":\"https:\\\/\\\/www.charles-de-flahaut.fr\\\/wordpress\\\/wp-content\\\/uploads\\\/2022\\\/04\\\/vaudoyenbrie77.jpg\",\"width\":420,\"height\":314},{\"@type\":\"BreadcrumbList\",\"@id\":\"https:\\\/\\\/www.charles-de-flahaut.fr\\\/wordpress\\\/histoire-de-vaudoy-en-brie-seine-et-marne\\\/#breadcrumb\",\"itemListElement\":[{\"@type\":\"ListItem\",\"position\":1,\"name\":\"Accueil\",\"item\":\"https:\\\/\\\/www.charles-de-flahaut.fr\\\/wordpress\\\/\"},{\"@type\":\"ListItem\",\"position\":2,\"name\":\"Histoire de Vaudoy en Brie (Seine-et-Marne)\"}]},{\"@type\":\"WebSite\",\"@id\":\"https:\\\/\\\/www.charles-de-flahaut.fr\\\/wordpress\\\/#website\",\"url\":\"https:\\\/\\\/www.charles-de-flahaut.fr\\\/wordpress\\\/\",\"name\":\"Histoire de France - Communiqu\u00e9s\",\"description\":\"Histoire et patrimoine\",\"publisher\":{\"@id\":\"https:\\\/\\\/www.charles-de-flahaut.fr\\\/wordpress\\\/#\\\/schema\\\/person\\\/81011c8b61bc74c05499365a506d49a9\"},\"potentialAction\":[{\"@type\":\"SearchAction\",\"target\":{\"@type\":\"EntryPoint\",\"urlTemplate\":\"https:\\\/\\\/www.charles-de-flahaut.fr\\\/wordpress\\\/?s={search_term_string}\"},\"query-input\":{\"@type\":\"PropertyValueSpecification\",\"valueRequired\":true,\"valueName\":\"search_term_string\"}}],\"inLanguage\":\"fr-FR\"},{\"@type\":[\"Person\",\"Organization\"],\"@id\":\"https:\\\/\\\/www.charles-de-flahaut.fr\\\/wordpress\\\/#\\\/schema\\\/person\\\/81011c8b61bc74c05499365a506d49a9\",\"name\":\"administrateur\",\"logo\":{\"@id\":\"https:\\\/\\\/www.charles-de-flahaut.fr\\\/wordpress\\\/#\\\/schema\\\/person\\\/image\\\/\"},\"sameAs\":[\"http:\\\/\\\/www.charles-de-flahaut.fr\",\"https:\\\/\\\/www.facebook.com\\\/Sites.HistoiredeFrance\"]},{\"@type\":\"Person\",\"@id\":\"https:\\\/\\\/www.charles-de-flahaut.fr\\\/wordpress\\\/#\\\/schema\\\/person\\\/41c41eaf9ae1d70810ff74a04a786c56\",\"name\":\"administrateur\",\"url\":\"https:\\\/\\\/www.charles-de-flahaut.fr\\\/wordpress\\\/author\\\/hist_8la_ad\\\/\"}]}<\/script>\n<!-- \/ Yoast SEO plugin. -->","yoast_head_json":{"title":"Histoire de Vaudoy en Brie (Seine-et-Marne) - Histoire de France - Communiqu\u00e9s","description":"Le village est mentionn\u00e9 au\u00a0xiiie si\u00e8cle, \u00ab Vodoi \u00bb. Jusqu'en 1285, le village est situ\u00e9 dans une \u00ab marche s\u00e9parante \u00bb dans laquelle les habitants d\u00e9pendent et du puissant comte de Champagne et du roi de France....","robots":{"index":"index","follow":"follow","max-snippet":"max-snippet:-1","max-image-preview":"max-image-preview:large","max-video-preview":"max-video-preview:-1"},"canonical":"https:\/\/www.charles-de-flahaut.fr\/wordpress\/histoire-de-vaudoy-en-brie-seine-et-marne\/","og_locale":"fr_FR","og_type":"article","og_title":"Histoire de Vaudoy en Brie (Seine-et-Marne) - Histoire de France - Communiqu\u00e9s","og_description":"Le village est mentionn\u00e9 au\u00a0xiiie si\u00e8cle, \u00ab Vodoi \u00bb. Jusqu'en 1285, le village est situ\u00e9 dans une \u00ab marche s\u00e9parante \u00bb dans laquelle les habitants d\u00e9pendent et du puissant comte de Champagne et du roi de France....","og_url":"https:\/\/www.charles-de-flahaut.fr\/wordpress\/histoire-de-vaudoy-en-brie-seine-et-marne\/","og_site_name":"Histoire de France - Communiqu\u00e9s","article_publisher":"https:\/\/www.facebook.com\/Sites.HistoiredeFrance","article_published_time":"2022-04-04T14:58:34+00:00","article_modified_time":"2025-01-29T19:49:38+00:00","og_image":[{"width":420,"height":314,"url":"https:\/\/www.charles-de-flahaut.fr\/wordpress\/wp-content\/uploads\/2022\/04\/vaudoyenbrie77.jpg","type":"image\/jpeg"}],"author":"administrateur","twitter_card":"summary_large_image","twitter_misc":{"\u00c9crit par":"administrateur","Dur\u00e9e de lecture estim\u00e9e":"1 minute"},"schema":{"@context":"https:\/\/schema.org","@graph":[{"@type":"Article","@id":"https:\/\/www.charles-de-flahaut.fr\/wordpress\/histoire-de-vaudoy-en-brie-seine-et-marne\/#article","isPartOf":{"@id":"https:\/\/www.charles-de-flahaut.fr\/wordpress\/histoire-de-vaudoy-en-brie-seine-et-marne\/"},"author":{"name":"administrateur","@id":"https:\/\/www.charles-de-flahaut.fr\/wordpress\/#\/schema\/person\/41c41eaf9ae1d70810ff74a04a786c56"},"headline":"Histoire de Vaudoy en Brie (Seine-et-Marne)","datePublished":"2022-04-04T14:58:34+00:00","dateModified":"2025-01-29T19:49:38+00:00","mainEntityOfPage":{"@id":"https:\/\/www.charles-de-flahaut.fr\/wordpress\/histoire-de-vaudoy-en-brie-seine-et-marne\/"},"wordCount":114,"commentCount":0,"publisher":{"@id":"https:\/\/www.charles-de-flahaut.fr\/wordpress\/#\/schema\/person\/81011c8b61bc74c05499365a506d49a9"},"image":{"@id":"https:\/\/www.charles-de-flahaut.fr\/wordpress\/histoire-de-vaudoy-en-brie-seine-et-marne\/#primaryimage"},"thumbnailUrl":"https:\/\/www.charles-de-flahaut.fr\/wordpress\/wp-content\/uploads\/2022\/04\/vaudoyenbrie77-300x224.jpg","articleSection":["77 - Seine-et-Marne","histoire locale"],"inLanguage":"fr-FR","potentialAction":[{"@type":"CommentAction","name":"Comment","target":["https:\/\/www.charles-de-flahaut.fr\/wordpress\/histoire-de-vaudoy-en-brie-seine-et-marne\/#respond"]}]},{"@type":"WebPage","@id":"https:\/\/www.charles-de-flahaut.fr\/wordpress\/histoire-de-vaudoy-en-brie-seine-et-marne\/","url":"https:\/\/www.charles-de-flahaut.fr\/wordpress\/histoire-de-vaudoy-en-brie-seine-et-marne\/","name":"Histoire de Vaudoy en Brie (Seine-et-Marne) - Histoire de France - Communiqu\u00e9s","isPartOf":{"@id":"https:\/\/www.charles-de-flahaut.fr\/wordpress\/#website"},"primaryImageOfPage":{"@id":"https:\/\/www.charles-de-flahaut.fr\/wordpress\/histoire-de-vaudoy-en-brie-seine-et-marne\/#primaryimage"},"image":{"@id":"https:\/\/www.charles-de-flahaut.fr\/wordpress\/histoire-de-vaudoy-en-brie-seine-et-marne\/#primaryimage"},"thumbnailUrl":"https:\/\/www.charles-de-flahaut.fr\/wordpress\/wp-content\/uploads\/2022\/04\/vaudoyenbrie77-300x224.jpg","datePublished":"2022-04-04T14:58:34+00:00","dateModified":"2025-01-29T19:49:38+00:00","description":"Le village est mentionn\u00e9 au\u00a0xiiie si\u00e8cle, \u00ab Vodoi \u00bb. Jusqu'en 1285, le village est situ\u00e9 dans une \u00ab marche s\u00e9parante \u00bb dans laquelle les habitants d\u00e9pendent et du puissant comte de Champagne et du roi de France....","breadcrumb":{"@id":"https:\/\/www.charles-de-flahaut.fr\/wordpress\/histoire-de-vaudoy-en-brie-seine-et-marne\/#breadcrumb"},"inLanguage":"fr-FR","potentialAction":[{"@type":"ReadAction","target":["https:\/\/www.charles-de-flahaut.fr\/wordpress\/histoire-de-vaudoy-en-brie-seine-et-marne\/"]}]},{"@type":"ImageObject","inLanguage":"fr-FR","@id":"https:\/\/www.charles-de-flahaut.fr\/wordpress\/histoire-de-vaudoy-en-brie-seine-et-marne\/#primaryimage","url":"https:\/\/www.charles-de-flahaut.fr\/wordpress\/wp-content\/uploads\/2022\/04\/vaudoyenbrie77.jpg","contentUrl":"https:\/\/www.charles-de-flahaut.fr\/wordpress\/wp-content\/uploads\/2022\/04\/vaudoyenbrie77.jpg","width":420,"height":314},{"@type":"BreadcrumbList","@id":"https:\/\/www.charles-de-flahaut.fr\/wordpress\/histoire-de-vaudoy-en-brie-seine-et-marne\/#breadcrumb","itemListElement":[{"@type":"ListItem","position":1,"name":"Accueil","item":"https:\/\/www.charles-de-flahaut.fr\/wordpress\/"},{"@type":"ListItem","position":2,"name":"Histoire de Vaudoy en Brie (Seine-et-Marne)"}]},{"@type":"WebSite","@id":"https:\/\/www.charles-de-flahaut.fr\/wordpress\/#website","url":"https:\/\/www.charles-de-flahaut.fr\/wordpress\/","name":"Histoire de France - Communiqu\u00e9s","description":"Histoire et patrimoine","publisher":{"@id":"https:\/\/www.charles-de-flahaut.fr\/wordpress\/#\/schema\/person\/81011c8b61bc74c05499365a506d49a9"},"potentialAction":[{"@type":"SearchAction","target":{"@type":"EntryPoint","urlTemplate":"https:\/\/www.charles-de-flahaut.fr\/wordpress\/?s={search_term_string}"},"query-input":{"@type":"PropertyValueSpecification","valueRequired":true,"valueName":"search_term_string"}}],"inLanguage":"fr-FR"},{"@type":["Person","Organization"],"@id":"https:\/\/www.charles-de-flahaut.fr\/wordpress\/#\/schema\/person\/81011c8b61bc74c05499365a506d49a9","name":"administrateur","logo":{"@id":"https:\/\/www.charles-de-flahaut.fr\/wordpress\/#\/schema\/person\/image\/"},"sameAs":["http:\/\/www.charles-de-flahaut.fr","https:\/\/www.facebook.com\/Sites.HistoiredeFrance"]},{"@type":"Person","@id":"https:\/\/www.charles-de-flahaut.fr\/wordpress\/#\/schema\/person\/41c41eaf9ae1d70810ff74a04a786c56","name":"administrateur","url":"https:\/\/www.charles-de-flahaut.fr\/wordpress\/author\/hist_8la_ad\/"}]}},"views":86,"amp_enabled":true,"_links":{"self":[{"href":"https:\/\/www.charles-de-flahaut.fr\/wordpress\/wp-json\/wp\/v2\/posts\/87579","targetHints":{"allow":["GET"]}}],"collection":[{"href":"https:\/\/www.charles-de-flahaut.fr\/wordpress\/wp-json\/wp\/v2\/posts"}],"about":[{"href":"https:\/\/www.charles-de-flahaut.fr\/wordpress\/wp-json\/wp\/v2\/types\/post"}],"author":[{"embeddable":true,"href":"https:\/\/www.charles-de-flahaut.fr\/wordpress\/wp-json\/wp\/v2\/users\/117"}],"replies":[{"embeddable":true,"href":"https:\/\/www.charles-de-flahaut.fr\/wordpress\/wp-json\/wp\/v2\/comments?post=87579"}],"version-history":[{"count":3,"href":"https:\/\/www.charles-de-flahaut.fr\/wordpress\/wp-json\/wp\/v2\/posts\/87579\/revisions"}],"predecessor-version":[{"id":99018,"href":"https:\/\/www.charles-de-flahaut.fr\/wordpress\/wp-json\/wp\/v2\/posts\/87579\/revisions\/99018"}],"wp:attachment":[{"href":"https:\/\/www.charles-de-flahaut.fr\/wordpress\/wp-json\/wp\/v2\/media?parent=87579"}],"wp:term":[{"taxonomy":"category","embeddable":true,"href":"https:\/\/www.charles-de-flahaut.fr\/wordpress\/wp-json\/wp\/v2\/categories?post=87579"},{"taxonomy":"post_tag","embeddable":true,"href":"https:\/\/www.charles-de-flahaut.fr\/wordpress\/wp-json\/wp\/v2\/tags?post=87579"}],"curies":[{"name":"wp","href":"https:\/\/api.w.org\/{rel}","templated":true}]}}