{"id":84407,"date":"2021-10-23T15:02:05","date_gmt":"2021-10-23T14:02:05","guid":{"rendered":"https:\/\/www.charles-de-flahaut.fr\/wordpress\/?p=84407"},"modified":"2025-03-15T10:49:12","modified_gmt":"2025-03-15T09:49:12","slug":"histoire-de-gailhan-gard","status":"publish","type":"post","link":"https:\/\/www.charles-de-flahaut.fr\/wordpress\/histoire-de-gailhan-gard\/","title":{"rendered":"Histoire de Gailhan (Gard)"},"content":{"rendered":"<p><strong>Histoire de Gailhan (Gard)<\/strong><br \/>\n<a href=\"https:\/\/fr.wikipedia.org\/wiki\/Gailhan#Histoire\" target=\"_blank\" rel=\"noopener\">https:\/\/fr.wikipedia.org\/wiki\/Gailhan#Histoire<\/a><\/p>\n<p style=\"text-align: justify;\"><em><a href=\"https:\/\/www.charles-de-flahaut.fr\/wordpress\/wp-content\/uploads\/2021\/10\/gailhan30.jpg\"><img loading=\"lazy\" decoding=\"async\" class=\"alignleft size-full wp-image-84408\" src=\"https:\/\/www.charles-de-flahaut.fr\/wordpress\/wp-content\/uploads\/2021\/10\/gailhan30.jpg\" alt=\"\" width=\"150\" height=\"132\" \/><\/a>un site r\u00e9f\u00e9renc\u00e9 sur le nouvel\u00a0<a href=\"http:\/\/charles-de-flahaut.fr\/annuaire-histoire-communes\" target=\"_blank\" rel=\"noopener noreferrer\">Annuaire Historique des Communes de France<\/a><\/em><\/p>\n<p style=\"text-align: justify;\">Plusieurs villages se sont succ\u00e9d\u00e9 au m\u00eame endroit depuis la nuit des temps puisque le premier remonte au <a title=\"Ve si\u00e8cle av. J.-C.\" href=\"https:\/\/fr.wikipedia.org\/wiki\/Ve_si%C3%A8cle_av._J.-C.\"><abbr class=\"abbr\" title=\"5\u1d49 si\u00e8cle\"><span class=\"romain\">V<\/span><sup>e<\/sup><\/abbr>\u00a0si\u00e8cle\u00a0<abbr class=\"abbr nowrap\" title=\"avant J\u00e9sus-Christ\">av. J.-C.<\/abbr><\/a>\u00a0: l&rsquo;<a title=\"Oppidum\" href=\"https:\/\/fr.wikipedia.org\/wiki\/Oppidum\">oppidum<\/a> de Gailhan. Les fouilles <a class=\"mw-redirect\" title=\"Arch\u00e9ologique\" href=\"https:\/\/fr.wikipedia.org\/wiki\/Arch%C3%A9ologique\">arch\u00e9ologiques<\/a> sur l&rsquo;oppidum racontent l&rsquo;histoire d&rsquo;une communaut\u00e9 qui connaissait d\u00e9j\u00e0 la vigne. Le site du Plan de la Tour, qui surplombe Gailhan, a \u00e9t\u00e9 occup\u00e9 pendant les <abbr class=\"abbr\" title=\"5\u1d49 si\u00e8cle\"><span class=\"romain\">V<\/span><sup>e<\/sup><\/abbr> et <abbr class=\"abbr\" title=\"4\u1d49 si\u00e8cle\"><span class=\"romain\">IV<\/span><sup>e<\/sup><\/abbr>\u00a0si\u00e8cles <abbr class=\"abbr nowrap\" title=\"avant J\u00e9sus-Christ\">av. J.-C.<\/abbr>, puis probablement pendant la p\u00e9riode gallo-romaine aux <abbr class=\"abbr\" title=\"2\u1d49 si\u00e8cle\"><span class=\"romain\">II<\/span><sup>e<\/sup><\/abbr> et <abbr class=\"abbr\" title=\"3\u1d49 si\u00e8cle\"><span class=\"romain\">III<\/span><sup>e<\/sup><\/abbr> si\u00e8cle&#8230;<\/p>\n<p><em>(source wikipedia&#8230; <a href=\"https:\/\/fr.wikipedia.org\/wiki\/Gailhan#Histoire\" target=\"_blank\" rel=\"noopener\">lire la suite<\/a>)<\/em><\/p>\n<p style=\"text-align: center;\"><a href=\"https:\/\/amzn.to\/3Fqk4ZJ\" target=\"_blank\" rel=\"noopener\"><strong>Ouvrages sur le Gard<\/strong><\/a><\/p>\n<p><a href=\"https:\/\/amzn.to\/3Fqk4ZJ\" target=\"_blank\" rel=\"noopener\"><img loading=\"lazy\" decoding=\"async\" class=\"aligncenter size-full wp-image-98752\" src=\"https:\/\/www.charles-de-flahaut.fr\/wordpress\/wp-content\/uploads\/2025\/01\/gard1.jpg\" alt=\"\" width=\"296\" height=\"445\" srcset=\"https:\/\/www.charles-de-flahaut.fr\/wordpress\/wp-content\/uploads\/2025\/01\/gard1.jpg 296w, https:\/\/www.charles-de-flahaut.fr\/wordpress\/wp-content\/uploads\/2025\/01\/gard1-200x300.jpg 200w\" sizes=\"auto, (max-width: 296px) 100vw, 296px\" \/><\/a><\/p>\n","protected":false},"excerpt":{"rendered":"<p>Histoire de Gailhan (Gard) https:\/\/fr.wikipedia.org\/wiki\/Gailhan#Histoire un site r\u00e9f\u00e9renc\u00e9 sur le nouvel\u00a0Annuaire Historique des Communes de France Plusieurs villages se sont succ\u00e9d\u00e9 au m\u00eame endroit depuis la nuit des temps puisque le premier remonte au Ve\u00a0si\u00e8cle\u00a0av. J.-C.\u00a0: l&rsquo;oppidum de Gailhan. Les fouilles arch\u00e9ologiques sur l&rsquo;oppidum racontent l&rsquo;histoire d&rsquo;une communaut\u00e9 qui connaissait d\u00e9j\u00e0 la vigne. Le site &hellip; <\/p>\n<p><a class=\"more-link btn\" href=\"https:\/\/www.charles-de-flahaut.fr\/wordpress\/histoire-de-gailhan-gard\/\">Lire la suite<\/a><\/p>\n","protected":false},"author":117,"featured_media":0,"comment_status":"open","ping_status":"open","sticky":false,"template":"","format":"standard","meta":{"footnotes":""},"categories":[118,16],"tags":[],"class_list":["post-84407","post","type-post","status-publish","format-standard","hentry","category-30-gard","category-histoire-regionale","item-wrap"],"yoast_head":"<!-- This site is optimized with the Yoast SEO plugin v27.5 - https:\/\/yoast.com\/product\/yoast-seo-wordpress\/ -->\n<title>Histoire de Gailhan (Gard) - Histoire de France - Communiqu\u00e9s<\/title>\n<meta name=\"description\" content=\"Plusieurs villages se sont succ\u00e9d\u00e9 au m\u00eame endroit depuis la nuit des temps puisque le premier remonte au Ve\u00a0si\u00e8cle\u00a0av. J.-C.\u00a0: l&#039;oppidum de Gailhan.\" \/>\n<meta name=\"robots\" content=\"index, follow, max-snippet:-1, max-image-preview:large, max-video-preview:-1\" \/>\n<link rel=\"canonical\" href=\"https:\/\/www.charles-de-flahaut.fr\/wordpress\/histoire-de-gailhan-gard\/\" \/>\n<meta property=\"og:locale\" content=\"fr_FR\" \/>\n<meta property=\"og:type\" content=\"article\" \/>\n<meta property=\"og:title\" content=\"Histoire de Gailhan (Gard) - Histoire de France - Communiqu\u00e9s\" \/>\n<meta property=\"og:description\" content=\"Plusieurs villages se sont succ\u00e9d\u00e9 au m\u00eame endroit depuis la nuit des temps puisque le premier remonte au Ve\u00a0si\u00e8cle\u00a0av. J.-C.\u00a0: l&#039;oppidum de Gailhan.\" \/>\n<meta property=\"og:url\" content=\"https:\/\/www.charles-de-flahaut.fr\/wordpress\/histoire-de-gailhan-gard\/\" \/>\n<meta property=\"og:site_name\" content=\"Histoire de France - Communiqu\u00e9s\" \/>\n<meta property=\"article:publisher\" content=\"https:\/\/www.facebook.com\/Sites.HistoiredeFrance\" \/>\n<meta property=\"article:published_time\" content=\"2021-10-23T14:02:05+00:00\" \/>\n<meta property=\"article:modified_time\" content=\"2025-03-15T09:49:12+00:00\" \/>\n<meta property=\"og:image\" content=\"https:\/\/www.charles-de-flahaut.fr\/wordpress\/wp-content\/uploads\/2021\/10\/gailhan30.jpg\" \/>\n\t<meta property=\"og:image:width\" content=\"150\" \/>\n\t<meta property=\"og:image:height\" content=\"132\" \/>\n\t<meta property=\"og:image:type\" content=\"image\/jpeg\" \/>\n<meta name=\"author\" content=\"administrateur\" \/>\n<meta name=\"twitter:card\" content=\"summary_large_image\" \/>\n<meta name=\"twitter:label1\" content=\"\u00c9crit par\" \/>\n\t<meta name=\"twitter:data1\" content=\"administrateur\" \/>\n\t<meta name=\"twitter:label2\" content=\"Dur\u00e9e de lecture estim\u00e9e\" \/>\n\t<meta name=\"twitter:data2\" content=\"1 minute\" \/>\n<script type=\"application\/ld+json\" class=\"yoast-schema-graph\">{\"@context\":\"https:\\\/\\\/schema.org\",\"@graph\":[{\"@type\":\"Article\",\"@id\":\"https:\\\/\\\/www.charles-de-flahaut.fr\\\/wordpress\\\/histoire-de-gailhan-gard\\\/#article\",\"isPartOf\":{\"@id\":\"https:\\\/\\\/www.charles-de-flahaut.fr\\\/wordpress\\\/histoire-de-gailhan-gard\\\/\"},\"author\":{\"name\":\"administrateur\",\"@id\":\"https:\\\/\\\/www.charles-de-flahaut.fr\\\/wordpress\\\/#\\\/schema\\\/person\\\/41c41eaf9ae1d70810ff74a04a786c56\"},\"headline\":\"Histoire de Gailhan (Gard)\",\"datePublished\":\"2021-10-23T14:02:05+00:00\",\"dateModified\":\"2025-03-15T09:49:12+00:00\",\"mainEntityOfPage\":{\"@id\":\"https:\\\/\\\/www.charles-de-flahaut.fr\\\/wordpress\\\/histoire-de-gailhan-gard\\\/\"},\"wordCount\":128,\"commentCount\":0,\"publisher\":{\"@id\":\"https:\\\/\\\/www.charles-de-flahaut.fr\\\/wordpress\\\/#\\\/schema\\\/person\\\/81011c8b61bc74c05499365a506d49a9\"},\"image\":{\"@id\":\"https:\\\/\\\/www.charles-de-flahaut.fr\\\/wordpress\\\/histoire-de-gailhan-gard\\\/#primaryimage\"},\"thumbnailUrl\":\"https:\\\/\\\/www.charles-de-flahaut.fr\\\/wordpress\\\/wp-content\\\/uploads\\\/2021\\\/10\\\/gailhan30.jpg\",\"articleSection\":[\"30 - Gard\",\"histoire locale\"],\"inLanguage\":\"fr-FR\",\"potentialAction\":[{\"@type\":\"CommentAction\",\"name\":\"Comment\",\"target\":[\"https:\\\/\\\/www.charles-de-flahaut.fr\\\/wordpress\\\/histoire-de-gailhan-gard\\\/#respond\"]}]},{\"@type\":\"WebPage\",\"@id\":\"https:\\\/\\\/www.charles-de-flahaut.fr\\\/wordpress\\\/histoire-de-gailhan-gard\\\/\",\"url\":\"https:\\\/\\\/www.charles-de-flahaut.fr\\\/wordpress\\\/histoire-de-gailhan-gard\\\/\",\"name\":\"Histoire de Gailhan (Gard) - Histoire de France - Communiqu\u00e9s\",\"isPartOf\":{\"@id\":\"https:\\\/\\\/www.charles-de-flahaut.fr\\\/wordpress\\\/#website\"},\"primaryImageOfPage\":{\"@id\":\"https:\\\/\\\/www.charles-de-flahaut.fr\\\/wordpress\\\/histoire-de-gailhan-gard\\\/#primaryimage\"},\"image\":{\"@id\":\"https:\\\/\\\/www.charles-de-flahaut.fr\\\/wordpress\\\/histoire-de-gailhan-gard\\\/#primaryimage\"},\"thumbnailUrl\":\"https:\\\/\\\/www.charles-de-flahaut.fr\\\/wordpress\\\/wp-content\\\/uploads\\\/2021\\\/10\\\/gailhan30.jpg\",\"datePublished\":\"2021-10-23T14:02:05+00:00\",\"dateModified\":\"2025-03-15T09:49:12+00:00\",\"description\":\"Plusieurs villages se sont succ\u00e9d\u00e9 au m\u00eame endroit depuis la nuit des temps puisque le premier remonte au Ve\u00a0si\u00e8cle\u00a0av. J.-C.\u00a0: l'oppidum de Gailhan.\",\"breadcrumb\":{\"@id\":\"https:\\\/\\\/www.charles-de-flahaut.fr\\\/wordpress\\\/histoire-de-gailhan-gard\\\/#breadcrumb\"},\"inLanguage\":\"fr-FR\",\"potentialAction\":[{\"@type\":\"ReadAction\",\"target\":[\"https:\\\/\\\/www.charles-de-flahaut.fr\\\/wordpress\\\/histoire-de-gailhan-gard\\\/\"]}]},{\"@type\":\"ImageObject\",\"inLanguage\":\"fr-FR\",\"@id\":\"https:\\\/\\\/www.charles-de-flahaut.fr\\\/wordpress\\\/histoire-de-gailhan-gard\\\/#primaryimage\",\"url\":\"https:\\\/\\\/www.charles-de-flahaut.fr\\\/wordpress\\\/wp-content\\\/uploads\\\/2021\\\/10\\\/gailhan30.jpg\",\"contentUrl\":\"https:\\\/\\\/www.charles-de-flahaut.fr\\\/wordpress\\\/wp-content\\\/uploads\\\/2021\\\/10\\\/gailhan30.jpg\",\"width\":150,\"height\":132},{\"@type\":\"BreadcrumbList\",\"@id\":\"https:\\\/\\\/www.charles-de-flahaut.fr\\\/wordpress\\\/histoire-de-gailhan-gard\\\/#breadcrumb\",\"itemListElement\":[{\"@type\":\"ListItem\",\"position\":1,\"name\":\"Accueil\",\"item\":\"https:\\\/\\\/www.charles-de-flahaut.fr\\\/wordpress\\\/\"},{\"@type\":\"ListItem\",\"position\":2,\"name\":\"Histoire de Gailhan (Gard)\"}]},{\"@type\":\"WebSite\",\"@id\":\"https:\\\/\\\/www.charles-de-flahaut.fr\\\/wordpress\\\/#website\",\"url\":\"https:\\\/\\\/www.charles-de-flahaut.fr\\\/wordpress\\\/\",\"name\":\"Histoire de France - Communiqu\u00e9s\",\"description\":\"Histoire et patrimoine\",\"publisher\":{\"@id\":\"https:\\\/\\\/www.charles-de-flahaut.fr\\\/wordpress\\\/#\\\/schema\\\/person\\\/81011c8b61bc74c05499365a506d49a9\"},\"potentialAction\":[{\"@type\":\"SearchAction\",\"target\":{\"@type\":\"EntryPoint\",\"urlTemplate\":\"https:\\\/\\\/www.charles-de-flahaut.fr\\\/wordpress\\\/?s={search_term_string}\"},\"query-input\":{\"@type\":\"PropertyValueSpecification\",\"valueRequired\":true,\"valueName\":\"search_term_string\"}}],\"inLanguage\":\"fr-FR\"},{\"@type\":[\"Person\",\"Organization\"],\"@id\":\"https:\\\/\\\/www.charles-de-flahaut.fr\\\/wordpress\\\/#\\\/schema\\\/person\\\/81011c8b61bc74c05499365a506d49a9\",\"name\":\"administrateur\",\"logo\":{\"@id\":\"https:\\\/\\\/www.charles-de-flahaut.fr\\\/wordpress\\\/#\\\/schema\\\/person\\\/image\\\/\"},\"sameAs\":[\"http:\\\/\\\/www.charles-de-flahaut.fr\",\"https:\\\/\\\/www.facebook.com\\\/Sites.HistoiredeFrance\"]},{\"@type\":\"Person\",\"@id\":\"https:\\\/\\\/www.charles-de-flahaut.fr\\\/wordpress\\\/#\\\/schema\\\/person\\\/41c41eaf9ae1d70810ff74a04a786c56\",\"name\":\"administrateur\",\"url\":\"https:\\\/\\\/www.charles-de-flahaut.fr\\\/wordpress\\\/author\\\/hist_8la_ad\\\/\"}]}<\/script>\n<!-- \/ Yoast SEO plugin. -->","yoast_head_json":{"title":"Histoire de Gailhan (Gard) - Histoire de France - Communiqu\u00e9s","description":"Plusieurs villages se sont succ\u00e9d\u00e9 au m\u00eame endroit depuis la nuit des temps puisque le premier remonte au Ve\u00a0si\u00e8cle\u00a0av. J.-C.\u00a0: l'oppidum de Gailhan.","robots":{"index":"index","follow":"follow","max-snippet":"max-snippet:-1","max-image-preview":"max-image-preview:large","max-video-preview":"max-video-preview:-1"},"canonical":"https:\/\/www.charles-de-flahaut.fr\/wordpress\/histoire-de-gailhan-gard\/","og_locale":"fr_FR","og_type":"article","og_title":"Histoire de Gailhan (Gard) - Histoire de France - Communiqu\u00e9s","og_description":"Plusieurs villages se sont succ\u00e9d\u00e9 au m\u00eame endroit depuis la nuit des temps puisque le premier remonte au Ve\u00a0si\u00e8cle\u00a0av. J.-C.\u00a0: l'oppidum de Gailhan.","og_url":"https:\/\/www.charles-de-flahaut.fr\/wordpress\/histoire-de-gailhan-gard\/","og_site_name":"Histoire de France - Communiqu\u00e9s","article_publisher":"https:\/\/www.facebook.com\/Sites.HistoiredeFrance","article_published_time":"2021-10-23T14:02:05+00:00","article_modified_time":"2025-03-15T09:49:12+00:00","og_image":[{"width":150,"height":132,"url":"https:\/\/www.charles-de-flahaut.fr\/wordpress\/wp-content\/uploads\/2021\/10\/gailhan30.jpg","type":"image\/jpeg"}],"author":"administrateur","twitter_card":"summary_large_image","twitter_misc":{"\u00c9crit par":"administrateur","Dur\u00e9e de lecture estim\u00e9e":"1 minute"},"schema":{"@context":"https:\/\/schema.org","@graph":[{"@type":"Article","@id":"https:\/\/www.charles-de-flahaut.fr\/wordpress\/histoire-de-gailhan-gard\/#article","isPartOf":{"@id":"https:\/\/www.charles-de-flahaut.fr\/wordpress\/histoire-de-gailhan-gard\/"},"author":{"name":"administrateur","@id":"https:\/\/www.charles-de-flahaut.fr\/wordpress\/#\/schema\/person\/41c41eaf9ae1d70810ff74a04a786c56"},"headline":"Histoire de Gailhan (Gard)","datePublished":"2021-10-23T14:02:05+00:00","dateModified":"2025-03-15T09:49:12+00:00","mainEntityOfPage":{"@id":"https:\/\/www.charles-de-flahaut.fr\/wordpress\/histoire-de-gailhan-gard\/"},"wordCount":128,"commentCount":0,"publisher":{"@id":"https:\/\/www.charles-de-flahaut.fr\/wordpress\/#\/schema\/person\/81011c8b61bc74c05499365a506d49a9"},"image":{"@id":"https:\/\/www.charles-de-flahaut.fr\/wordpress\/histoire-de-gailhan-gard\/#primaryimage"},"thumbnailUrl":"https:\/\/www.charles-de-flahaut.fr\/wordpress\/wp-content\/uploads\/2021\/10\/gailhan30.jpg","articleSection":["30 - Gard","histoire locale"],"inLanguage":"fr-FR","potentialAction":[{"@type":"CommentAction","name":"Comment","target":["https:\/\/www.charles-de-flahaut.fr\/wordpress\/histoire-de-gailhan-gard\/#respond"]}]},{"@type":"WebPage","@id":"https:\/\/www.charles-de-flahaut.fr\/wordpress\/histoire-de-gailhan-gard\/","url":"https:\/\/www.charles-de-flahaut.fr\/wordpress\/histoire-de-gailhan-gard\/","name":"Histoire de Gailhan (Gard) - Histoire de France - Communiqu\u00e9s","isPartOf":{"@id":"https:\/\/www.charles-de-flahaut.fr\/wordpress\/#website"},"primaryImageOfPage":{"@id":"https:\/\/www.charles-de-flahaut.fr\/wordpress\/histoire-de-gailhan-gard\/#primaryimage"},"image":{"@id":"https:\/\/www.charles-de-flahaut.fr\/wordpress\/histoire-de-gailhan-gard\/#primaryimage"},"thumbnailUrl":"https:\/\/www.charles-de-flahaut.fr\/wordpress\/wp-content\/uploads\/2021\/10\/gailhan30.jpg","datePublished":"2021-10-23T14:02:05+00:00","dateModified":"2025-03-15T09:49:12+00:00","description":"Plusieurs villages se sont succ\u00e9d\u00e9 au m\u00eame endroit depuis la nuit des temps puisque le premier remonte au Ve\u00a0si\u00e8cle\u00a0av. J.-C.\u00a0: l'oppidum de Gailhan.","breadcrumb":{"@id":"https:\/\/www.charles-de-flahaut.fr\/wordpress\/histoire-de-gailhan-gard\/#breadcrumb"},"inLanguage":"fr-FR","potentialAction":[{"@type":"ReadAction","target":["https:\/\/www.charles-de-flahaut.fr\/wordpress\/histoire-de-gailhan-gard\/"]}]},{"@type":"ImageObject","inLanguage":"fr-FR","@id":"https:\/\/www.charles-de-flahaut.fr\/wordpress\/histoire-de-gailhan-gard\/#primaryimage","url":"https:\/\/www.charles-de-flahaut.fr\/wordpress\/wp-content\/uploads\/2021\/10\/gailhan30.jpg","contentUrl":"https:\/\/www.charles-de-flahaut.fr\/wordpress\/wp-content\/uploads\/2021\/10\/gailhan30.jpg","width":150,"height":132},{"@type":"BreadcrumbList","@id":"https:\/\/www.charles-de-flahaut.fr\/wordpress\/histoire-de-gailhan-gard\/#breadcrumb","itemListElement":[{"@type":"ListItem","position":1,"name":"Accueil","item":"https:\/\/www.charles-de-flahaut.fr\/wordpress\/"},{"@type":"ListItem","position":2,"name":"Histoire de Gailhan (Gard)"}]},{"@type":"WebSite","@id":"https:\/\/www.charles-de-flahaut.fr\/wordpress\/#website","url":"https:\/\/www.charles-de-flahaut.fr\/wordpress\/","name":"Histoire de France - Communiqu\u00e9s","description":"Histoire et patrimoine","publisher":{"@id":"https:\/\/www.charles-de-flahaut.fr\/wordpress\/#\/schema\/person\/81011c8b61bc74c05499365a506d49a9"},"potentialAction":[{"@type":"SearchAction","target":{"@type":"EntryPoint","urlTemplate":"https:\/\/www.charles-de-flahaut.fr\/wordpress\/?s={search_term_string}"},"query-input":{"@type":"PropertyValueSpecification","valueRequired":true,"valueName":"search_term_string"}}],"inLanguage":"fr-FR"},{"@type":["Person","Organization"],"@id":"https:\/\/www.charles-de-flahaut.fr\/wordpress\/#\/schema\/person\/81011c8b61bc74c05499365a506d49a9","name":"administrateur","logo":{"@id":"https:\/\/www.charles-de-flahaut.fr\/wordpress\/#\/schema\/person\/image\/"},"sameAs":["http:\/\/www.charles-de-flahaut.fr","https:\/\/www.facebook.com\/Sites.HistoiredeFrance"]},{"@type":"Person","@id":"https:\/\/www.charles-de-flahaut.fr\/wordpress\/#\/schema\/person\/41c41eaf9ae1d70810ff74a04a786c56","name":"administrateur","url":"https:\/\/www.charles-de-flahaut.fr\/wordpress\/author\/hist_8la_ad\/"}]}},"views":56,"amp_enabled":true,"_links":{"self":[{"href":"https:\/\/www.charles-de-flahaut.fr\/wordpress\/wp-json\/wp\/v2\/posts\/84407","targetHints":{"allow":["GET"]}}],"collection":[{"href":"https:\/\/www.charles-de-flahaut.fr\/wordpress\/wp-json\/wp\/v2\/posts"}],"about":[{"href":"https:\/\/www.charles-de-flahaut.fr\/wordpress\/wp-json\/wp\/v2\/types\/post"}],"author":[{"embeddable":true,"href":"https:\/\/www.charles-de-flahaut.fr\/wordpress\/wp-json\/wp\/v2\/users\/117"}],"replies":[{"embeddable":true,"href":"https:\/\/www.charles-de-flahaut.fr\/wordpress\/wp-json\/wp\/v2\/comments?post=84407"}],"version-history":[{"count":3,"href":"https:\/\/www.charles-de-flahaut.fr\/wordpress\/wp-json\/wp\/v2\/posts\/84407\/revisions"}],"predecessor-version":[{"id":100851,"href":"https:\/\/www.charles-de-flahaut.fr\/wordpress\/wp-json\/wp\/v2\/posts\/84407\/revisions\/100851"}],"wp:attachment":[{"href":"https:\/\/www.charles-de-flahaut.fr\/wordpress\/wp-json\/wp\/v2\/media?parent=84407"}],"wp:term":[{"taxonomy":"category","embeddable":true,"href":"https:\/\/www.charles-de-flahaut.fr\/wordpress\/wp-json\/wp\/v2\/categories?post=84407"},{"taxonomy":"post_tag","embeddable":true,"href":"https:\/\/www.charles-de-flahaut.fr\/wordpress\/wp-json\/wp\/v2\/tags?post=84407"}],"curies":[{"name":"wp","href":"https:\/\/api.w.org\/{rel}","templated":true}]}}