{"id":84065,"date":"2021-10-12T09:35:59","date_gmt":"2021-10-12T08:35:59","guid":{"rendered":"https:\/\/www.charles-de-flahaut.fr\/wordpress\/?p=84065"},"modified":"2025-03-20T09:13:25","modified_gmt":"2025-03-20T08:13:25","slug":"histoire-et-patrimoine-de-le-juch-finistere","status":"publish","type":"post","link":"https:\/\/www.charles-de-flahaut.fr\/wordpress\/histoire-et-patrimoine-de-le-juch-finistere\/","title":{"rendered":"Histoire et patrimoine de Le Juch (Finist\u00e8re)"},"content":{"rendered":"<p><strong>Histoire et patrimoine de Le Juch (Finist\u00e8re)<\/strong><br \/>\n<a href=\"http:\/\/www.lejuch.fr\/decouvrir-le-juch\/historique\/\" target=\"_blank\" rel=\"noopener\">http:\/\/www.lejuch.fr\/decouvrir-le-juch\/historique\/<\/a><\/p>\n<p style=\"text-align: justify;\"><em><a href=\"https:\/\/www.charles-de-flahaut.fr\/wordpress\/wp-content\/uploads\/2021\/10\/lejuch29.gif\"><img loading=\"lazy\" decoding=\"async\" class=\"alignleft size-full wp-image-84066\" src=\"https:\/\/www.charles-de-flahaut.fr\/wordpress\/wp-content\/uploads\/2021\/10\/lejuch29.gif\" alt=\"\" width=\"300\" height=\"200\" \/><\/a>un site r\u00e9f\u00e9renc\u00e9 sur le nouvel\u00a0<a href=\"http:\/\/charles-de-flahaut.fr\/annuaire-histoire-communes\" target=\"_blank\" rel=\"noopener noreferrer\">Annuaire Historique des Communes de France<\/a><\/em><\/p>\n<p style=\"text-align: justify;\">La famille du Juch appara\u00eet comme \u00e9tant un des plus anciens et des plus importants lignages de Cornouaille au Moyen-Age.<\/p>\n<p style=\"text-align: justify;\">Les seigneurs du Juch ont particip\u00e9 aux croisades du d\u00e9but du XIII\u00e8me si\u00e8cle et ont \u00e9t\u00e9 actifs dans les guerres du XIV\u00e8me si\u00e8cle.<\/p>\n<p style=\"text-align: justify;\">Les armes des barons du Juch portaient \u00ab d\u2019azur (bleu), au lion d\u2019argent (blanc), arm\u00e9 et lampass\u00e9 de gueules (avec crocs, griffes et langue rouges) \u00bb&#8230;<\/p>\n<p><em>(image et extrait du site officiel de la commune&#8230; <a href=\"http:\/\/www.lejuch.fr\/decouvrir-le-juch\/historique\/\" target=\"_blank\" rel=\"noopener\">lire la suite<\/a>)<\/em><\/p>\n<p style=\"text-align: center;\"><a href=\"https:\/\/amzn.to\/4hor077\" target=\"_blank\" rel=\"noopener\"><strong>Ouvrages sur le Finist\u00e8re<\/strong><\/a><\/p>\n<p><a href=\"https:\/\/amzn.to\/4hor077\" target=\"_blank\" rel=\"noopener\"><img loading=\"lazy\" decoding=\"async\" class=\"aligncenter size-full wp-image-98740\" src=\"https:\/\/www.charles-de-flahaut.fr\/wordpress\/wp-content\/uploads\/2025\/01\/finistere3.jpg\" alt=\"\" width=\"301\" height=\"445\" srcset=\"https:\/\/www.charles-de-flahaut.fr\/wordpress\/wp-content\/uploads\/2025\/01\/finistere3.jpg 301w, https:\/\/www.charles-de-flahaut.fr\/wordpress\/wp-content\/uploads\/2025\/01\/finistere3-203x300.jpg 203w\" sizes=\"auto, (max-width: 301px) 100vw, 301px\" \/><\/a><\/p>\n","protected":false},"excerpt":{"rendered":"<p>Histoire et patrimoine de Le Juch (Finist\u00e8re) http:\/\/www.lejuch.fr\/decouvrir-le-juch\/historique\/ un site r\u00e9f\u00e9renc\u00e9 sur le nouvel\u00a0Annuaire Historique des Communes de France La famille du Juch appara\u00eet comme \u00e9tant un des plus anciens et des plus importants lignages de Cornouaille au Moyen-Age. Les seigneurs du Juch ont particip\u00e9 aux croisades du d\u00e9but du XIII\u00e8me si\u00e8cle et ont \u00e9t\u00e9 &hellip; <\/p>\n<p><a class=\"more-link btn\" href=\"https:\/\/www.charles-de-flahaut.fr\/wordpress\/histoire-et-patrimoine-de-le-juch-finistere\/\">Lire la suite<\/a><\/p>\n","protected":false},"author":117,"featured_media":0,"comment_status":"open","ping_status":"open","sticky":false,"template":"","format":"standard","meta":{"footnotes":""},"categories":[117,16,8],"tags":[],"class_list":["post-84065","post","type-post","status-publish","format-standard","hentry","category-29-finistere","category-histoire-regionale","category-patrimoine","item-wrap"],"yoast_head":"<!-- This site is optimized with the Yoast SEO plugin v27.5 - https:\/\/yoast.com\/product\/yoast-seo-wordpress\/ -->\n<title>Histoire et patrimoine de Le Juch (Finist\u00e8re) - Histoire de France - Communiqu\u00e9s<\/title>\n<meta name=\"description\" content=\"La famille du Juch appara\u00eet comme \u00e9tant un des plus anciens et des plus importants lignages de Cornouaille au Moyen-Age.\" \/>\n<meta name=\"robots\" content=\"index, follow, max-snippet:-1, max-image-preview:large, max-video-preview:-1\" \/>\n<link rel=\"canonical\" href=\"https:\/\/www.charles-de-flahaut.fr\/wordpress\/histoire-et-patrimoine-de-le-juch-finistere\/\" \/>\n<meta property=\"og:locale\" content=\"fr_FR\" \/>\n<meta property=\"og:type\" content=\"article\" \/>\n<meta property=\"og:title\" content=\"Histoire et patrimoine de Le Juch (Finist\u00e8re) - Histoire de France - Communiqu\u00e9s\" \/>\n<meta property=\"og:description\" content=\"La famille du Juch appara\u00eet comme \u00e9tant un des plus anciens et des plus importants lignages de Cornouaille au Moyen-Age.\" \/>\n<meta property=\"og:url\" content=\"https:\/\/www.charles-de-flahaut.fr\/wordpress\/histoire-et-patrimoine-de-le-juch-finistere\/\" \/>\n<meta property=\"og:site_name\" content=\"Histoire de France - Communiqu\u00e9s\" \/>\n<meta property=\"article:publisher\" content=\"https:\/\/www.facebook.com\/Sites.HistoiredeFrance\" \/>\n<meta property=\"article:published_time\" content=\"2021-10-12T08:35:59+00:00\" \/>\n<meta property=\"article:modified_time\" content=\"2025-03-20T08:13:25+00:00\" \/>\n<meta property=\"og:image\" content=\"https:\/\/www.charles-de-flahaut.fr\/wordpress\/wp-content\/uploads\/2021\/10\/lejuch29.gif\" \/>\n\t<meta property=\"og:image:width\" content=\"300\" \/>\n\t<meta property=\"og:image:height\" content=\"200\" \/>\n\t<meta property=\"og:image:type\" content=\"image\/gif\" \/>\n<meta name=\"author\" content=\"administrateur\" \/>\n<meta name=\"twitter:card\" content=\"summary_large_image\" \/>\n<meta name=\"twitter:label1\" content=\"\u00c9crit par\" \/>\n\t<meta name=\"twitter:data1\" content=\"administrateur\" \/>\n\t<meta name=\"twitter:label2\" content=\"Dur\u00e9e de lecture estim\u00e9e\" \/>\n\t<meta name=\"twitter:data2\" content=\"1 minute\" \/>\n<script type=\"application\/ld+json\" class=\"yoast-schema-graph\">{\"@context\":\"https:\\\/\\\/schema.org\",\"@graph\":[{\"@type\":\"Article\",\"@id\":\"https:\\\/\\\/www.charles-de-flahaut.fr\\\/wordpress\\\/histoire-et-patrimoine-de-le-juch-finistere\\\/#article\",\"isPartOf\":{\"@id\":\"https:\\\/\\\/www.charles-de-flahaut.fr\\\/wordpress\\\/histoire-et-patrimoine-de-le-juch-finistere\\\/\"},\"author\":{\"name\":\"administrateur\",\"@id\":\"https:\\\/\\\/www.charles-de-flahaut.fr\\\/wordpress\\\/#\\\/schema\\\/person\\\/41c41eaf9ae1d70810ff74a04a786c56\"},\"headline\":\"Histoire et patrimoine de Le Juch (Finist\u00e8re)\",\"datePublished\":\"2021-10-12T08:35:59+00:00\",\"dateModified\":\"2025-03-20T08:13:25+00:00\",\"mainEntityOfPage\":{\"@id\":\"https:\\\/\\\/www.charles-de-flahaut.fr\\\/wordpress\\\/histoire-et-patrimoine-de-le-juch-finistere\\\/\"},\"wordCount\":128,\"commentCount\":0,\"publisher\":{\"@id\":\"https:\\\/\\\/www.charles-de-flahaut.fr\\\/wordpress\\\/#\\\/schema\\\/person\\\/81011c8b61bc74c05499365a506d49a9\"},\"image\":{\"@id\":\"https:\\\/\\\/www.charles-de-flahaut.fr\\\/wordpress\\\/histoire-et-patrimoine-de-le-juch-finistere\\\/#primaryimage\"},\"thumbnailUrl\":\"https:\\\/\\\/www.charles-de-flahaut.fr\\\/wordpress\\\/wp-content\\\/uploads\\\/2021\\\/10\\\/lejuch29.gif\",\"articleSection\":[\"29 - Finist\u00e8re\",\"histoire locale\",\"patrimoine\"],\"inLanguage\":\"fr-FR\",\"potentialAction\":[{\"@type\":\"CommentAction\",\"name\":\"Comment\",\"target\":[\"https:\\\/\\\/www.charles-de-flahaut.fr\\\/wordpress\\\/histoire-et-patrimoine-de-le-juch-finistere\\\/#respond\"]}]},{\"@type\":\"WebPage\",\"@id\":\"https:\\\/\\\/www.charles-de-flahaut.fr\\\/wordpress\\\/histoire-et-patrimoine-de-le-juch-finistere\\\/\",\"url\":\"https:\\\/\\\/www.charles-de-flahaut.fr\\\/wordpress\\\/histoire-et-patrimoine-de-le-juch-finistere\\\/\",\"name\":\"Histoire et patrimoine de Le Juch (Finist\u00e8re) - Histoire de France - Communiqu\u00e9s\",\"isPartOf\":{\"@id\":\"https:\\\/\\\/www.charles-de-flahaut.fr\\\/wordpress\\\/#website\"},\"primaryImageOfPage\":{\"@id\":\"https:\\\/\\\/www.charles-de-flahaut.fr\\\/wordpress\\\/histoire-et-patrimoine-de-le-juch-finistere\\\/#primaryimage\"},\"image\":{\"@id\":\"https:\\\/\\\/www.charles-de-flahaut.fr\\\/wordpress\\\/histoire-et-patrimoine-de-le-juch-finistere\\\/#primaryimage\"},\"thumbnailUrl\":\"https:\\\/\\\/www.charles-de-flahaut.fr\\\/wordpress\\\/wp-content\\\/uploads\\\/2021\\\/10\\\/lejuch29.gif\",\"datePublished\":\"2021-10-12T08:35:59+00:00\",\"dateModified\":\"2025-03-20T08:13:25+00:00\",\"description\":\"La famille du Juch appara\u00eet comme \u00e9tant un des plus anciens et des plus importants lignages de Cornouaille au Moyen-Age.\",\"breadcrumb\":{\"@id\":\"https:\\\/\\\/www.charles-de-flahaut.fr\\\/wordpress\\\/histoire-et-patrimoine-de-le-juch-finistere\\\/#breadcrumb\"},\"inLanguage\":\"fr-FR\",\"potentialAction\":[{\"@type\":\"ReadAction\",\"target\":[\"https:\\\/\\\/www.charles-de-flahaut.fr\\\/wordpress\\\/histoire-et-patrimoine-de-le-juch-finistere\\\/\"]}]},{\"@type\":\"ImageObject\",\"inLanguage\":\"fr-FR\",\"@id\":\"https:\\\/\\\/www.charles-de-flahaut.fr\\\/wordpress\\\/histoire-et-patrimoine-de-le-juch-finistere\\\/#primaryimage\",\"url\":\"https:\\\/\\\/www.charles-de-flahaut.fr\\\/wordpress\\\/wp-content\\\/uploads\\\/2021\\\/10\\\/lejuch29.gif\",\"contentUrl\":\"https:\\\/\\\/www.charles-de-flahaut.fr\\\/wordpress\\\/wp-content\\\/uploads\\\/2021\\\/10\\\/lejuch29.gif\",\"width\":300,\"height\":200},{\"@type\":\"BreadcrumbList\",\"@id\":\"https:\\\/\\\/www.charles-de-flahaut.fr\\\/wordpress\\\/histoire-et-patrimoine-de-le-juch-finistere\\\/#breadcrumb\",\"itemListElement\":[{\"@type\":\"ListItem\",\"position\":1,\"name\":\"Accueil\",\"item\":\"https:\\\/\\\/www.charles-de-flahaut.fr\\\/wordpress\\\/\"},{\"@type\":\"ListItem\",\"position\":2,\"name\":\"Histoire et patrimoine de Le Juch (Finist\u00e8re)\"}]},{\"@type\":\"WebSite\",\"@id\":\"https:\\\/\\\/www.charles-de-flahaut.fr\\\/wordpress\\\/#website\",\"url\":\"https:\\\/\\\/www.charles-de-flahaut.fr\\\/wordpress\\\/\",\"name\":\"Histoire de France - Communiqu\u00e9s\",\"description\":\"Histoire et patrimoine\",\"publisher\":{\"@id\":\"https:\\\/\\\/www.charles-de-flahaut.fr\\\/wordpress\\\/#\\\/schema\\\/person\\\/81011c8b61bc74c05499365a506d49a9\"},\"potentialAction\":[{\"@type\":\"SearchAction\",\"target\":{\"@type\":\"EntryPoint\",\"urlTemplate\":\"https:\\\/\\\/www.charles-de-flahaut.fr\\\/wordpress\\\/?s={search_term_string}\"},\"query-input\":{\"@type\":\"PropertyValueSpecification\",\"valueRequired\":true,\"valueName\":\"search_term_string\"}}],\"inLanguage\":\"fr-FR\"},{\"@type\":[\"Person\",\"Organization\"],\"@id\":\"https:\\\/\\\/www.charles-de-flahaut.fr\\\/wordpress\\\/#\\\/schema\\\/person\\\/81011c8b61bc74c05499365a506d49a9\",\"name\":\"administrateur\",\"logo\":{\"@id\":\"https:\\\/\\\/www.charles-de-flahaut.fr\\\/wordpress\\\/#\\\/schema\\\/person\\\/image\\\/\"},\"sameAs\":[\"http:\\\/\\\/www.charles-de-flahaut.fr\",\"https:\\\/\\\/www.facebook.com\\\/Sites.HistoiredeFrance\"]},{\"@type\":\"Person\",\"@id\":\"https:\\\/\\\/www.charles-de-flahaut.fr\\\/wordpress\\\/#\\\/schema\\\/person\\\/41c41eaf9ae1d70810ff74a04a786c56\",\"name\":\"administrateur\",\"url\":\"https:\\\/\\\/www.charles-de-flahaut.fr\\\/wordpress\\\/author\\\/hist_8la_ad\\\/\"}]}<\/script>\n<!-- \/ Yoast SEO plugin. -->","yoast_head_json":{"title":"Histoire et patrimoine de Le Juch (Finist\u00e8re) - Histoire de France - Communiqu\u00e9s","description":"La famille du Juch appara\u00eet comme \u00e9tant un des plus anciens et des plus importants lignages de Cornouaille au Moyen-Age.","robots":{"index":"index","follow":"follow","max-snippet":"max-snippet:-1","max-image-preview":"max-image-preview:large","max-video-preview":"max-video-preview:-1"},"canonical":"https:\/\/www.charles-de-flahaut.fr\/wordpress\/histoire-et-patrimoine-de-le-juch-finistere\/","og_locale":"fr_FR","og_type":"article","og_title":"Histoire et patrimoine de Le Juch (Finist\u00e8re) - Histoire de France - Communiqu\u00e9s","og_description":"La famille du Juch appara\u00eet comme \u00e9tant un des plus anciens et des plus importants lignages de Cornouaille au Moyen-Age.","og_url":"https:\/\/www.charles-de-flahaut.fr\/wordpress\/histoire-et-patrimoine-de-le-juch-finistere\/","og_site_name":"Histoire de France - Communiqu\u00e9s","article_publisher":"https:\/\/www.facebook.com\/Sites.HistoiredeFrance","article_published_time":"2021-10-12T08:35:59+00:00","article_modified_time":"2025-03-20T08:13:25+00:00","og_image":[{"width":300,"height":200,"url":"https:\/\/www.charles-de-flahaut.fr\/wordpress\/wp-content\/uploads\/2021\/10\/lejuch29.gif","type":"image\/gif"}],"author":"administrateur","twitter_card":"summary_large_image","twitter_misc":{"\u00c9crit par":"administrateur","Dur\u00e9e de lecture estim\u00e9e":"1 minute"},"schema":{"@context":"https:\/\/schema.org","@graph":[{"@type":"Article","@id":"https:\/\/www.charles-de-flahaut.fr\/wordpress\/histoire-et-patrimoine-de-le-juch-finistere\/#article","isPartOf":{"@id":"https:\/\/www.charles-de-flahaut.fr\/wordpress\/histoire-et-patrimoine-de-le-juch-finistere\/"},"author":{"name":"administrateur","@id":"https:\/\/www.charles-de-flahaut.fr\/wordpress\/#\/schema\/person\/41c41eaf9ae1d70810ff74a04a786c56"},"headline":"Histoire et patrimoine de Le Juch (Finist\u00e8re)","datePublished":"2021-10-12T08:35:59+00:00","dateModified":"2025-03-20T08:13:25+00:00","mainEntityOfPage":{"@id":"https:\/\/www.charles-de-flahaut.fr\/wordpress\/histoire-et-patrimoine-de-le-juch-finistere\/"},"wordCount":128,"commentCount":0,"publisher":{"@id":"https:\/\/www.charles-de-flahaut.fr\/wordpress\/#\/schema\/person\/81011c8b61bc74c05499365a506d49a9"},"image":{"@id":"https:\/\/www.charles-de-flahaut.fr\/wordpress\/histoire-et-patrimoine-de-le-juch-finistere\/#primaryimage"},"thumbnailUrl":"https:\/\/www.charles-de-flahaut.fr\/wordpress\/wp-content\/uploads\/2021\/10\/lejuch29.gif","articleSection":["29 - Finist\u00e8re","histoire locale","patrimoine"],"inLanguage":"fr-FR","potentialAction":[{"@type":"CommentAction","name":"Comment","target":["https:\/\/www.charles-de-flahaut.fr\/wordpress\/histoire-et-patrimoine-de-le-juch-finistere\/#respond"]}]},{"@type":"WebPage","@id":"https:\/\/www.charles-de-flahaut.fr\/wordpress\/histoire-et-patrimoine-de-le-juch-finistere\/","url":"https:\/\/www.charles-de-flahaut.fr\/wordpress\/histoire-et-patrimoine-de-le-juch-finistere\/","name":"Histoire et patrimoine de Le Juch (Finist\u00e8re) - Histoire de France - Communiqu\u00e9s","isPartOf":{"@id":"https:\/\/www.charles-de-flahaut.fr\/wordpress\/#website"},"primaryImageOfPage":{"@id":"https:\/\/www.charles-de-flahaut.fr\/wordpress\/histoire-et-patrimoine-de-le-juch-finistere\/#primaryimage"},"image":{"@id":"https:\/\/www.charles-de-flahaut.fr\/wordpress\/histoire-et-patrimoine-de-le-juch-finistere\/#primaryimage"},"thumbnailUrl":"https:\/\/www.charles-de-flahaut.fr\/wordpress\/wp-content\/uploads\/2021\/10\/lejuch29.gif","datePublished":"2021-10-12T08:35:59+00:00","dateModified":"2025-03-20T08:13:25+00:00","description":"La famille du Juch appara\u00eet comme \u00e9tant un des plus anciens et des plus importants lignages de Cornouaille au Moyen-Age.","breadcrumb":{"@id":"https:\/\/www.charles-de-flahaut.fr\/wordpress\/histoire-et-patrimoine-de-le-juch-finistere\/#breadcrumb"},"inLanguage":"fr-FR","potentialAction":[{"@type":"ReadAction","target":["https:\/\/www.charles-de-flahaut.fr\/wordpress\/histoire-et-patrimoine-de-le-juch-finistere\/"]}]},{"@type":"ImageObject","inLanguage":"fr-FR","@id":"https:\/\/www.charles-de-flahaut.fr\/wordpress\/histoire-et-patrimoine-de-le-juch-finistere\/#primaryimage","url":"https:\/\/www.charles-de-flahaut.fr\/wordpress\/wp-content\/uploads\/2021\/10\/lejuch29.gif","contentUrl":"https:\/\/www.charles-de-flahaut.fr\/wordpress\/wp-content\/uploads\/2021\/10\/lejuch29.gif","width":300,"height":200},{"@type":"BreadcrumbList","@id":"https:\/\/www.charles-de-flahaut.fr\/wordpress\/histoire-et-patrimoine-de-le-juch-finistere\/#breadcrumb","itemListElement":[{"@type":"ListItem","position":1,"name":"Accueil","item":"https:\/\/www.charles-de-flahaut.fr\/wordpress\/"},{"@type":"ListItem","position":2,"name":"Histoire et patrimoine de Le Juch (Finist\u00e8re)"}]},{"@type":"WebSite","@id":"https:\/\/www.charles-de-flahaut.fr\/wordpress\/#website","url":"https:\/\/www.charles-de-flahaut.fr\/wordpress\/","name":"Histoire de France - Communiqu\u00e9s","description":"Histoire et patrimoine","publisher":{"@id":"https:\/\/www.charles-de-flahaut.fr\/wordpress\/#\/schema\/person\/81011c8b61bc74c05499365a506d49a9"},"potentialAction":[{"@type":"SearchAction","target":{"@type":"EntryPoint","urlTemplate":"https:\/\/www.charles-de-flahaut.fr\/wordpress\/?s={search_term_string}"},"query-input":{"@type":"PropertyValueSpecification","valueRequired":true,"valueName":"search_term_string"}}],"inLanguage":"fr-FR"},{"@type":["Person","Organization"],"@id":"https:\/\/www.charles-de-flahaut.fr\/wordpress\/#\/schema\/person\/81011c8b61bc74c05499365a506d49a9","name":"administrateur","logo":{"@id":"https:\/\/www.charles-de-flahaut.fr\/wordpress\/#\/schema\/person\/image\/"},"sameAs":["http:\/\/www.charles-de-flahaut.fr","https:\/\/www.facebook.com\/Sites.HistoiredeFrance"]},{"@type":"Person","@id":"https:\/\/www.charles-de-flahaut.fr\/wordpress\/#\/schema\/person\/41c41eaf9ae1d70810ff74a04a786c56","name":"administrateur","url":"https:\/\/www.charles-de-flahaut.fr\/wordpress\/author\/hist_8la_ad\/"}]}},"views":114,"amp_enabled":true,"_links":{"self":[{"href":"https:\/\/www.charles-de-flahaut.fr\/wordpress\/wp-json\/wp\/v2\/posts\/84065","targetHints":{"allow":["GET"]}}],"collection":[{"href":"https:\/\/www.charles-de-flahaut.fr\/wordpress\/wp-json\/wp\/v2\/posts"}],"about":[{"href":"https:\/\/www.charles-de-flahaut.fr\/wordpress\/wp-json\/wp\/v2\/types\/post"}],"author":[{"embeddable":true,"href":"https:\/\/www.charles-de-flahaut.fr\/wordpress\/wp-json\/wp\/v2\/users\/117"}],"replies":[{"embeddable":true,"href":"https:\/\/www.charles-de-flahaut.fr\/wordpress\/wp-json\/wp\/v2\/comments?post=84065"}],"version-history":[{"count":2,"href":"https:\/\/www.charles-de-flahaut.fr\/wordpress\/wp-json\/wp\/v2\/posts\/84065\/revisions"}],"predecessor-version":[{"id":101038,"href":"https:\/\/www.charles-de-flahaut.fr\/wordpress\/wp-json\/wp\/v2\/posts\/84065\/revisions\/101038"}],"wp:attachment":[{"href":"https:\/\/www.charles-de-flahaut.fr\/wordpress\/wp-json\/wp\/v2\/media?parent=84065"}],"wp:term":[{"taxonomy":"category","embeddable":true,"href":"https:\/\/www.charles-de-flahaut.fr\/wordpress\/wp-json\/wp\/v2\/categories?post=84065"},{"taxonomy":"post_tag","embeddable":true,"href":"https:\/\/www.charles-de-flahaut.fr\/wordpress\/wp-json\/wp\/v2\/tags?post=84065"}],"curies":[{"name":"wp","href":"https:\/\/api.w.org\/{rel}","templated":true}]}}