{"id":83966,"date":"2021-10-08T18:23:49","date_gmt":"2021-10-08T17:23:49","guid":{"rendered":"https:\/\/www.charles-de-flahaut.fr\/wordpress\/?p=83966"},"modified":"2025-03-21T09:04:02","modified_gmt":"2025-03-21T08:04:02","slug":"histoire-et-patrimoine-de-montigny-yvelines","status":"publish","type":"post","link":"https:\/\/www.charles-de-flahaut.fr\/wordpress\/histoire-et-patrimoine-de-montigny-yvelines\/","title":{"rendered":"Histoire et patrimoine de Montigny (Yvelines)"},"content":{"rendered":"<p><strong>Histoire et patrimoine de Montigny (Yvelines)<\/strong><br \/>\n<a href=\"https:\/\/www.montigny78.fr\/112\/decouvrir-montigny\/histoire.ht\" target=\"_blank\" rel=\"noopener\">https:\/\/www.montigny78.fr\/112\/decouvrir-montigny\/histoire.ht<\/a>m<\/p>\n<p style=\"text-align: justify;\"><em><a href=\"https:\/\/www.charles-de-flahaut.fr\/wordpress\/wp-content\/uploads\/2021\/10\/montigny78.jpg\"><img loading=\"lazy\" decoding=\"async\" class=\"alignleft size-medium wp-image-83967\" src=\"https:\/\/www.charles-de-flahaut.fr\/wordpress\/wp-content\/uploads\/2021\/10\/montigny78-300x117.jpg\" alt=\"\" width=\"300\" height=\"117\" srcset=\"https:\/\/www.charles-de-flahaut.fr\/wordpress\/wp-content\/uploads\/2021\/10\/montigny78-300x117.jpg 300w, https:\/\/www.charles-de-flahaut.fr\/wordpress\/wp-content\/uploads\/2021\/10\/montigny78.jpg 529w\" sizes=\"auto, (max-width: 300px) 100vw, 300px\" \/><\/a>un site r\u00e9f\u00e9renc\u00e9 sur le nouvel\u00a0<a href=\"http:\/\/charles-de-flahaut.fr\/annuaire-histoire-communes\" target=\"_blank\" rel=\"noopener noreferrer\">Annuaire Historique des Communes de France<\/a><\/em><\/p>\n<p style=\"text-align: justify;\">L&rsquo;histoire de Montigny-le-Bretonneux est d\u00e9crite et illustr\u00e9e en d\u00e9tails dans le livre \u00ab\u00a0Montigny-le-Bretonneux, naissance d&rsquo;une ville\u00a0\u00bb, \u00e9dit\u00e9 par le Mus\u00e9e de la ville, en vente (16 euros) \u00e0 l&rsquo;H\u00f4tel de ville.<\/p>\n<p style=\"text-align: justify;\"><a class=\"internal-link\" href=\"https:\/\/www.montigny78.fr\/356\/decouvrir-montigny\/histoire\/naissance-du-village-au-moyen-age.htm\">Naissance du village au Moyen-\u00c2ge<\/a><br \/>\n<a class=\"internal-link\" href=\"https:\/\/www.montigny78.fr\/357\/decouvrir-montigny\/histoire\/dans-la-sphere-d-influence-de-versailles.htm\">Dans la sph\u00e8re d&rsquo;influence de Versailles<\/a><br \/>\n<a class=\"internal-link\" href=\"https:\/\/www.montigny78.fr\/358\/decouvrir-montigny\/histoire\/sous-la-revolution-francaise.htm\">Sous la R\u00e9volution fran\u00e7aise<\/a><br \/>\n<a class=\"internal-link\" href=\"https:\/\/www.montigny78.fr\/359\/decouvrir-montigny\/histoire\/l-ere-des-fermiers-notables.htm\">L&rsquo;\u00e8re des fermiers notables<\/a><br \/>\n<a class=\"internal-link\" href=\"https:\/\/www.montigny78.fr\/360\/decouvrir-montigny\/histoire\/l-aristocratie-paysanne.htm\">L&rsquo;aristocratie paysanne<\/a><br \/>\n<a class=\"internal-link\" href=\"https:\/\/www.montigny78.fr\/361\/decouvrir-montigny\/histoire\/vivre-au-village.htm\">Vivre au village<\/a><br \/>\n<a class=\"internal-link\" href=\"https:\/\/www.montigny78.fr\/362\/decouvrir-montigny\/histoire\/guerres-et-entre-deux-guerres.htm\">Guerre et entre deux guer<\/a>res<\/p>\n<p><em>(image et extrait du site officiel de la commune&#8230; <a href=\"https:\/\/www.montigny78.fr\/112\/decouvrir-montigny\/histoire.ht\" target=\"_blank\" rel=\"noopener\">lire la suite<\/a>)<\/em><\/p>\n<p style=\"text-align: center;\"><a href=\"https:\/\/amzn.to\/4iuXwFV\" target=\"_blank\" rel=\"noopener\"><strong>Ouvrages sur Montigny le Bretonneux<\/strong><\/a><\/p>\n<p><a href=\"https:\/\/amzn.to\/4iuXwFV\" target=\"_blank\" rel=\"noopener\"><img loading=\"lazy\" decoding=\"async\" class=\"aligncenter size-full wp-image-101101\" src=\"https:\/\/www.charles-de-flahaut.fr\/wordpress\/wp-content\/uploads\/2021\/10\/montignylebretonneux.jpg\" alt=\"\" width=\"311\" height=\"522\" srcset=\"https:\/\/www.charles-de-flahaut.fr\/wordpress\/wp-content\/uploads\/2021\/10\/montignylebretonneux.jpg 311w, https:\/\/www.charles-de-flahaut.fr\/wordpress\/wp-content\/uploads\/2021\/10\/montignylebretonneux-179x300.jpg 179w\" sizes=\"auto, (max-width: 311px) 100vw, 311px\" \/><\/a><\/p>\n<p style=\"text-align: center;\"><a href=\"https:\/\/amzn.to\/4hrWbhQ\" target=\"_blank\" rel=\"noopener\"><strong>Ouvrages sur les Yvelines<\/strong><\/a><\/p>\n<p><a href=\"https:\/\/amzn.to\/4hrWbhQ\" target=\"_blank\" rel=\"noopener\"><img loading=\"lazy\" decoding=\"async\" class=\"aligncenter size-full wp-image-99403\" src=\"https:\/\/www.charles-de-flahaut.fr\/wordpress\/wp-content\/uploads\/2025\/02\/yvelines1.jpg\" alt=\"\" width=\"342\" height=\"438\" srcset=\"https:\/\/www.charles-de-flahaut.fr\/wordpress\/wp-content\/uploads\/2025\/02\/yvelines1.jpg 342w, https:\/\/www.charles-de-flahaut.fr\/wordpress\/wp-content\/uploads\/2025\/02\/yvelines1-234x300.jpg 234w\" sizes=\"auto, (max-width: 342px) 100vw, 342px\" \/><\/a><\/p>\n","protected":false},"excerpt":{"rendered":"<p>Histoire et patrimoine de Montigny (Yvelines) https:\/\/www.montigny78.fr\/112\/decouvrir-montigny\/histoire.htm un site r\u00e9f\u00e9renc\u00e9 sur le nouvel\u00a0Annuaire Historique des Communes de France L&rsquo;histoire de Montigny-le-Bretonneux est d\u00e9crite et illustr\u00e9e en d\u00e9tails dans le livre \u00ab\u00a0Montigny-le-Bretonneux, naissance d&rsquo;une ville\u00a0\u00bb, \u00e9dit\u00e9 par le Mus\u00e9e de la ville, en vente (16 euros) \u00e0 l&rsquo;H\u00f4tel de ville. Naissance du village au Moyen-\u00c2ge Dans &hellip; <\/p>\n<p><a class=\"more-link btn\" href=\"https:\/\/www.charles-de-flahaut.fr\/wordpress\/histoire-et-patrimoine-de-montigny-yvelines\/\">Lire la suite<\/a><\/p>\n","protected":false},"author":117,"featured_media":0,"comment_status":"open","ping_status":"open","sticky":false,"template":"","format":"standard","meta":{"footnotes":""},"categories":[166,16,8],"tags":[],"class_list":["post-83966","post","type-post","status-publish","format-standard","hentry","category-78-yvelines","category-histoire-regionale","category-patrimoine","item-wrap"],"yoast_head":"<!-- This site is optimized with the Yoast SEO plugin v27.4 - https:\/\/yoast.com\/product\/yoast-seo-wordpress\/ -->\n<title>Histoire et patrimoine de Montigny (Yvelines) - Histoire de France - Communiqu\u00e9s<\/title>\n<meta name=\"description\" content=\"Naissance du village au Moyen-\u00c2ge - Dans la sph\u00e8re d&#039;influence de Versailles - Sous la R\u00e9volution fran\u00e7aise - L&#039;\u00e8re des fermiers notables...\" \/>\n<meta name=\"robots\" content=\"index, follow, max-snippet:-1, max-image-preview:large, max-video-preview:-1\" \/>\n<link rel=\"canonical\" href=\"https:\/\/www.charles-de-flahaut.fr\/wordpress\/histoire-et-patrimoine-de-montigny-yvelines\/\" \/>\n<meta property=\"og:locale\" content=\"fr_FR\" \/>\n<meta property=\"og:type\" content=\"article\" \/>\n<meta property=\"og:title\" content=\"Histoire et patrimoine de Montigny (Yvelines) - Histoire de France - Communiqu\u00e9s\" \/>\n<meta property=\"og:description\" content=\"Naissance du village au Moyen-\u00c2ge - Dans la sph\u00e8re d&#039;influence de Versailles - Sous la R\u00e9volution fran\u00e7aise - L&#039;\u00e8re des fermiers notables...\" \/>\n<meta property=\"og:url\" content=\"https:\/\/www.charles-de-flahaut.fr\/wordpress\/histoire-et-patrimoine-de-montigny-yvelines\/\" \/>\n<meta property=\"og:site_name\" content=\"Histoire de France - Communiqu\u00e9s\" \/>\n<meta property=\"article:publisher\" content=\"https:\/\/www.facebook.com\/Sites.HistoiredeFrance\" \/>\n<meta property=\"article:published_time\" content=\"2021-10-08T17:23:49+00:00\" \/>\n<meta property=\"article:modified_time\" content=\"2025-03-21T08:04:02+00:00\" \/>\n<meta property=\"og:image\" content=\"https:\/\/www.charles-de-flahaut.fr\/wordpress\/wp-content\/uploads\/2021\/10\/montigny78.jpg\" \/>\n\t<meta property=\"og:image:width\" content=\"529\" \/>\n\t<meta property=\"og:image:height\" content=\"207\" \/>\n\t<meta property=\"og:image:type\" content=\"image\/jpeg\" \/>\n<meta name=\"author\" content=\"administrateur\" \/>\n<meta name=\"twitter:card\" content=\"summary_large_image\" \/>\n<meta name=\"twitter:label1\" content=\"\u00c9crit par\" \/>\n\t<meta name=\"twitter:data1\" content=\"administrateur\" \/>\n\t<meta name=\"twitter:label2\" content=\"Dur\u00e9e de lecture estim\u00e9e\" \/>\n\t<meta name=\"twitter:data2\" content=\"2 minutes\" \/>\n<script type=\"application\/ld+json\" class=\"yoast-schema-graph\">{\"@context\":\"https:\\\/\\\/schema.org\",\"@graph\":[{\"@type\":\"Article\",\"@id\":\"https:\\\/\\\/www.charles-de-flahaut.fr\\\/wordpress\\\/histoire-et-patrimoine-de-montigny-yvelines\\\/#article\",\"isPartOf\":{\"@id\":\"https:\\\/\\\/www.charles-de-flahaut.fr\\\/wordpress\\\/histoire-et-patrimoine-de-montigny-yvelines\\\/\"},\"author\":{\"name\":\"administrateur\",\"@id\":\"https:\\\/\\\/www.charles-de-flahaut.fr\\\/wordpress\\\/#\\\/schema\\\/person\\\/41c41eaf9ae1d70810ff74a04a786c56\"},\"headline\":\"Histoire et patrimoine de Montigny (Yvelines)\",\"datePublished\":\"2021-10-08T17:23:49+00:00\",\"dateModified\":\"2025-03-21T08:04:02+00:00\",\"mainEntityOfPage\":{\"@id\":\"https:\\\/\\\/www.charles-de-flahaut.fr\\\/wordpress\\\/histoire-et-patrimoine-de-montigny-yvelines\\\/\"},\"wordCount\":127,\"commentCount\":0,\"publisher\":{\"@id\":\"https:\\\/\\\/www.charles-de-flahaut.fr\\\/wordpress\\\/#\\\/schema\\\/person\\\/81011c8b61bc74c05499365a506d49a9\"},\"image\":{\"@id\":\"https:\\\/\\\/www.charles-de-flahaut.fr\\\/wordpress\\\/histoire-et-patrimoine-de-montigny-yvelines\\\/#primaryimage\"},\"thumbnailUrl\":\"https:\\\/\\\/www.charles-de-flahaut.fr\\\/wordpress\\\/wp-content\\\/uploads\\\/2021\\\/10\\\/montigny78-300x117.jpg\",\"articleSection\":[\"78 - Yvelines\",\"histoire locale\",\"patrimoine\"],\"inLanguage\":\"fr-FR\",\"potentialAction\":[{\"@type\":\"CommentAction\",\"name\":\"Comment\",\"target\":[\"https:\\\/\\\/www.charles-de-flahaut.fr\\\/wordpress\\\/histoire-et-patrimoine-de-montigny-yvelines\\\/#respond\"]}]},{\"@type\":\"WebPage\",\"@id\":\"https:\\\/\\\/www.charles-de-flahaut.fr\\\/wordpress\\\/histoire-et-patrimoine-de-montigny-yvelines\\\/\",\"url\":\"https:\\\/\\\/www.charles-de-flahaut.fr\\\/wordpress\\\/histoire-et-patrimoine-de-montigny-yvelines\\\/\",\"name\":\"Histoire et patrimoine de Montigny (Yvelines) - Histoire de France - Communiqu\u00e9s\",\"isPartOf\":{\"@id\":\"https:\\\/\\\/www.charles-de-flahaut.fr\\\/wordpress\\\/#website\"},\"primaryImageOfPage\":{\"@id\":\"https:\\\/\\\/www.charles-de-flahaut.fr\\\/wordpress\\\/histoire-et-patrimoine-de-montigny-yvelines\\\/#primaryimage\"},\"image\":{\"@id\":\"https:\\\/\\\/www.charles-de-flahaut.fr\\\/wordpress\\\/histoire-et-patrimoine-de-montigny-yvelines\\\/#primaryimage\"},\"thumbnailUrl\":\"https:\\\/\\\/www.charles-de-flahaut.fr\\\/wordpress\\\/wp-content\\\/uploads\\\/2021\\\/10\\\/montigny78-300x117.jpg\",\"datePublished\":\"2021-10-08T17:23:49+00:00\",\"dateModified\":\"2025-03-21T08:04:02+00:00\",\"description\":\"Naissance du village au Moyen-\u00c2ge - Dans la sph\u00e8re d'influence de Versailles - Sous la R\u00e9volution fran\u00e7aise - L'\u00e8re des fermiers notables...\",\"breadcrumb\":{\"@id\":\"https:\\\/\\\/www.charles-de-flahaut.fr\\\/wordpress\\\/histoire-et-patrimoine-de-montigny-yvelines\\\/#breadcrumb\"},\"inLanguage\":\"fr-FR\",\"potentialAction\":[{\"@type\":\"ReadAction\",\"target\":[\"https:\\\/\\\/www.charles-de-flahaut.fr\\\/wordpress\\\/histoire-et-patrimoine-de-montigny-yvelines\\\/\"]}]},{\"@type\":\"ImageObject\",\"inLanguage\":\"fr-FR\",\"@id\":\"https:\\\/\\\/www.charles-de-flahaut.fr\\\/wordpress\\\/histoire-et-patrimoine-de-montigny-yvelines\\\/#primaryimage\",\"url\":\"https:\\\/\\\/www.charles-de-flahaut.fr\\\/wordpress\\\/wp-content\\\/uploads\\\/2021\\\/10\\\/montigny78.jpg\",\"contentUrl\":\"https:\\\/\\\/www.charles-de-flahaut.fr\\\/wordpress\\\/wp-content\\\/uploads\\\/2021\\\/10\\\/montigny78.jpg\",\"width\":529,\"height\":207},{\"@type\":\"BreadcrumbList\",\"@id\":\"https:\\\/\\\/www.charles-de-flahaut.fr\\\/wordpress\\\/histoire-et-patrimoine-de-montigny-yvelines\\\/#breadcrumb\",\"itemListElement\":[{\"@type\":\"ListItem\",\"position\":1,\"name\":\"Accueil\",\"item\":\"https:\\\/\\\/www.charles-de-flahaut.fr\\\/wordpress\\\/\"},{\"@type\":\"ListItem\",\"position\":2,\"name\":\"Histoire et patrimoine de Montigny (Yvelines)\"}]},{\"@type\":\"WebSite\",\"@id\":\"https:\\\/\\\/www.charles-de-flahaut.fr\\\/wordpress\\\/#website\",\"url\":\"https:\\\/\\\/www.charles-de-flahaut.fr\\\/wordpress\\\/\",\"name\":\"Histoire de France - Communiqu\u00e9s\",\"description\":\"Histoire et patrimoine\",\"publisher\":{\"@id\":\"https:\\\/\\\/www.charles-de-flahaut.fr\\\/wordpress\\\/#\\\/schema\\\/person\\\/81011c8b61bc74c05499365a506d49a9\"},\"potentialAction\":[{\"@type\":\"SearchAction\",\"target\":{\"@type\":\"EntryPoint\",\"urlTemplate\":\"https:\\\/\\\/www.charles-de-flahaut.fr\\\/wordpress\\\/?s={search_term_string}\"},\"query-input\":{\"@type\":\"PropertyValueSpecification\",\"valueRequired\":true,\"valueName\":\"search_term_string\"}}],\"inLanguage\":\"fr-FR\"},{\"@type\":[\"Person\",\"Organization\"],\"@id\":\"https:\\\/\\\/www.charles-de-flahaut.fr\\\/wordpress\\\/#\\\/schema\\\/person\\\/81011c8b61bc74c05499365a506d49a9\",\"name\":\"administrateur\",\"logo\":{\"@id\":\"https:\\\/\\\/www.charles-de-flahaut.fr\\\/wordpress\\\/#\\\/schema\\\/person\\\/image\\\/\"},\"sameAs\":[\"http:\\\/\\\/www.charles-de-flahaut.fr\",\"https:\\\/\\\/www.facebook.com\\\/Sites.HistoiredeFrance\"]},{\"@type\":\"Person\",\"@id\":\"https:\\\/\\\/www.charles-de-flahaut.fr\\\/wordpress\\\/#\\\/schema\\\/person\\\/41c41eaf9ae1d70810ff74a04a786c56\",\"name\":\"administrateur\",\"url\":\"https:\\\/\\\/www.charles-de-flahaut.fr\\\/wordpress\\\/author\\\/hist_8la_ad\\\/\"}]}<\/script>\n<!-- \/ Yoast SEO plugin. -->","yoast_head_json":{"title":"Histoire et patrimoine de Montigny (Yvelines) - Histoire de France - Communiqu\u00e9s","description":"Naissance du village au Moyen-\u00c2ge - Dans la sph\u00e8re d'influence de Versailles - Sous la R\u00e9volution fran\u00e7aise - L'\u00e8re des fermiers notables...","robots":{"index":"index","follow":"follow","max-snippet":"max-snippet:-1","max-image-preview":"max-image-preview:large","max-video-preview":"max-video-preview:-1"},"canonical":"https:\/\/www.charles-de-flahaut.fr\/wordpress\/histoire-et-patrimoine-de-montigny-yvelines\/","og_locale":"fr_FR","og_type":"article","og_title":"Histoire et patrimoine de Montigny (Yvelines) - Histoire de France - Communiqu\u00e9s","og_description":"Naissance du village au Moyen-\u00c2ge - Dans la sph\u00e8re d'influence de Versailles - Sous la R\u00e9volution fran\u00e7aise - L'\u00e8re des fermiers notables...","og_url":"https:\/\/www.charles-de-flahaut.fr\/wordpress\/histoire-et-patrimoine-de-montigny-yvelines\/","og_site_name":"Histoire de France - Communiqu\u00e9s","article_publisher":"https:\/\/www.facebook.com\/Sites.HistoiredeFrance","article_published_time":"2021-10-08T17:23:49+00:00","article_modified_time":"2025-03-21T08:04:02+00:00","og_image":[{"width":529,"height":207,"url":"https:\/\/www.charles-de-flahaut.fr\/wordpress\/wp-content\/uploads\/2021\/10\/montigny78.jpg","type":"image\/jpeg"}],"author":"administrateur","twitter_card":"summary_large_image","twitter_misc":{"\u00c9crit par":"administrateur","Dur\u00e9e de lecture estim\u00e9e":"2 minutes"},"schema":{"@context":"https:\/\/schema.org","@graph":[{"@type":"Article","@id":"https:\/\/www.charles-de-flahaut.fr\/wordpress\/histoire-et-patrimoine-de-montigny-yvelines\/#article","isPartOf":{"@id":"https:\/\/www.charles-de-flahaut.fr\/wordpress\/histoire-et-patrimoine-de-montigny-yvelines\/"},"author":{"name":"administrateur","@id":"https:\/\/www.charles-de-flahaut.fr\/wordpress\/#\/schema\/person\/41c41eaf9ae1d70810ff74a04a786c56"},"headline":"Histoire et patrimoine de Montigny (Yvelines)","datePublished":"2021-10-08T17:23:49+00:00","dateModified":"2025-03-21T08:04:02+00:00","mainEntityOfPage":{"@id":"https:\/\/www.charles-de-flahaut.fr\/wordpress\/histoire-et-patrimoine-de-montigny-yvelines\/"},"wordCount":127,"commentCount":0,"publisher":{"@id":"https:\/\/www.charles-de-flahaut.fr\/wordpress\/#\/schema\/person\/81011c8b61bc74c05499365a506d49a9"},"image":{"@id":"https:\/\/www.charles-de-flahaut.fr\/wordpress\/histoire-et-patrimoine-de-montigny-yvelines\/#primaryimage"},"thumbnailUrl":"https:\/\/www.charles-de-flahaut.fr\/wordpress\/wp-content\/uploads\/2021\/10\/montigny78-300x117.jpg","articleSection":["78 - Yvelines","histoire locale","patrimoine"],"inLanguage":"fr-FR","potentialAction":[{"@type":"CommentAction","name":"Comment","target":["https:\/\/www.charles-de-flahaut.fr\/wordpress\/histoire-et-patrimoine-de-montigny-yvelines\/#respond"]}]},{"@type":"WebPage","@id":"https:\/\/www.charles-de-flahaut.fr\/wordpress\/histoire-et-patrimoine-de-montigny-yvelines\/","url":"https:\/\/www.charles-de-flahaut.fr\/wordpress\/histoire-et-patrimoine-de-montigny-yvelines\/","name":"Histoire et patrimoine de Montigny (Yvelines) - Histoire de France - Communiqu\u00e9s","isPartOf":{"@id":"https:\/\/www.charles-de-flahaut.fr\/wordpress\/#website"},"primaryImageOfPage":{"@id":"https:\/\/www.charles-de-flahaut.fr\/wordpress\/histoire-et-patrimoine-de-montigny-yvelines\/#primaryimage"},"image":{"@id":"https:\/\/www.charles-de-flahaut.fr\/wordpress\/histoire-et-patrimoine-de-montigny-yvelines\/#primaryimage"},"thumbnailUrl":"https:\/\/www.charles-de-flahaut.fr\/wordpress\/wp-content\/uploads\/2021\/10\/montigny78-300x117.jpg","datePublished":"2021-10-08T17:23:49+00:00","dateModified":"2025-03-21T08:04:02+00:00","description":"Naissance du village au Moyen-\u00c2ge - Dans la sph\u00e8re d'influence de Versailles - Sous la R\u00e9volution fran\u00e7aise - L'\u00e8re des fermiers notables...","breadcrumb":{"@id":"https:\/\/www.charles-de-flahaut.fr\/wordpress\/histoire-et-patrimoine-de-montigny-yvelines\/#breadcrumb"},"inLanguage":"fr-FR","potentialAction":[{"@type":"ReadAction","target":["https:\/\/www.charles-de-flahaut.fr\/wordpress\/histoire-et-patrimoine-de-montigny-yvelines\/"]}]},{"@type":"ImageObject","inLanguage":"fr-FR","@id":"https:\/\/www.charles-de-flahaut.fr\/wordpress\/histoire-et-patrimoine-de-montigny-yvelines\/#primaryimage","url":"https:\/\/www.charles-de-flahaut.fr\/wordpress\/wp-content\/uploads\/2021\/10\/montigny78.jpg","contentUrl":"https:\/\/www.charles-de-flahaut.fr\/wordpress\/wp-content\/uploads\/2021\/10\/montigny78.jpg","width":529,"height":207},{"@type":"BreadcrumbList","@id":"https:\/\/www.charles-de-flahaut.fr\/wordpress\/histoire-et-patrimoine-de-montigny-yvelines\/#breadcrumb","itemListElement":[{"@type":"ListItem","position":1,"name":"Accueil","item":"https:\/\/www.charles-de-flahaut.fr\/wordpress\/"},{"@type":"ListItem","position":2,"name":"Histoire et patrimoine de Montigny (Yvelines)"}]},{"@type":"WebSite","@id":"https:\/\/www.charles-de-flahaut.fr\/wordpress\/#website","url":"https:\/\/www.charles-de-flahaut.fr\/wordpress\/","name":"Histoire de France - Communiqu\u00e9s","description":"Histoire et patrimoine","publisher":{"@id":"https:\/\/www.charles-de-flahaut.fr\/wordpress\/#\/schema\/person\/81011c8b61bc74c05499365a506d49a9"},"potentialAction":[{"@type":"SearchAction","target":{"@type":"EntryPoint","urlTemplate":"https:\/\/www.charles-de-flahaut.fr\/wordpress\/?s={search_term_string}"},"query-input":{"@type":"PropertyValueSpecification","valueRequired":true,"valueName":"search_term_string"}}],"inLanguage":"fr-FR"},{"@type":["Person","Organization"],"@id":"https:\/\/www.charles-de-flahaut.fr\/wordpress\/#\/schema\/person\/81011c8b61bc74c05499365a506d49a9","name":"administrateur","logo":{"@id":"https:\/\/www.charles-de-flahaut.fr\/wordpress\/#\/schema\/person\/image\/"},"sameAs":["http:\/\/www.charles-de-flahaut.fr","https:\/\/www.facebook.com\/Sites.HistoiredeFrance"]},{"@type":"Person","@id":"https:\/\/www.charles-de-flahaut.fr\/wordpress\/#\/schema\/person\/41c41eaf9ae1d70810ff74a04a786c56","name":"administrateur","url":"https:\/\/www.charles-de-flahaut.fr\/wordpress\/author\/hist_8la_ad\/"}]}},"views":25,"amp_enabled":true,"_links":{"self":[{"href":"https:\/\/www.charles-de-flahaut.fr\/wordpress\/wp-json\/wp\/v2\/posts\/83966","targetHints":{"allow":["GET"]}}],"collection":[{"href":"https:\/\/www.charles-de-flahaut.fr\/wordpress\/wp-json\/wp\/v2\/posts"}],"about":[{"href":"https:\/\/www.charles-de-flahaut.fr\/wordpress\/wp-json\/wp\/v2\/types\/post"}],"author":[{"embeddable":true,"href":"https:\/\/www.charles-de-flahaut.fr\/wordpress\/wp-json\/wp\/v2\/users\/117"}],"replies":[{"embeddable":true,"href":"https:\/\/www.charles-de-flahaut.fr\/wordpress\/wp-json\/wp\/v2\/comments?post=83966"}],"version-history":[{"count":3,"href":"https:\/\/www.charles-de-flahaut.fr\/wordpress\/wp-json\/wp\/v2\/posts\/83966\/revisions"}],"predecessor-version":[{"id":101102,"href":"https:\/\/www.charles-de-flahaut.fr\/wordpress\/wp-json\/wp\/v2\/posts\/83966\/revisions\/101102"}],"wp:attachment":[{"href":"https:\/\/www.charles-de-flahaut.fr\/wordpress\/wp-json\/wp\/v2\/media?parent=83966"}],"wp:term":[{"taxonomy":"category","embeddable":true,"href":"https:\/\/www.charles-de-flahaut.fr\/wordpress\/wp-json\/wp\/v2\/categories?post=83966"},{"taxonomy":"post_tag","embeddable":true,"href":"https:\/\/www.charles-de-flahaut.fr\/wordpress\/wp-json\/wp\/v2\/tags?post=83966"}],"curies":[{"name":"wp","href":"https:\/\/api.w.org\/{rel}","templated":true}]}}