{"id":8348,"date":"2014-09-24T16:14:39","date_gmt":"2014-09-24T15:14:39","guid":{"rendered":"http:\/\/www.charles-de-flahaut.fr\/wordpress\/?p=8348"},"modified":"2015-05-28T17:55:05","modified_gmt":"2015-05-28T16:55:05","slug":"histoire-de-sorel-le-grand-somme","status":"publish","type":"post","link":"https:\/\/www.charles-de-flahaut.fr\/wordpress\/histoire-de-sorel-le-grand-somme\/","title":{"rendered":"Histoire de Sorel-le-Grand (Somme)"},"content":{"rendered":"<p><strong>Histoire de Sorel-le-Grand (Somme)<\/strong><br \/>\n<a href=\"http:\/\/sorel80.jimdo.com\/souvenir-souvenir\/sorel-ou-sorel-le-grand\/\" target=\"_blank\">http:\/\/sorel80.jimdo.com\/souvenir-souvenir\/sorel-ou-sorel-le-grand\/<\/a><\/p>\n<p><em>un nouveau site r\u00e9f\u00e9renc\u00e9 sur <a href=\"http:\/\/www.histoire-communes.jpflahaut.fr\/\" target=\"_blank\">Histoire et patrimoine des villes et villages de France<\/a><\/em><\/p>\n<p style=\"text-align: justify;\"><a href=\"http:\/\/www.charles-de-flahaut.fr\/wordpress\/wp-content\/uploads\/2014\/09\/sorellegrand.jpg\"><img loading=\"lazy\" decoding=\"async\" class=\"alignleft size-full wp-image-8349\" src=\"http:\/\/www.charles-de-flahaut.fr\/wordpress\/wp-content\/uploads\/2014\/09\/sorellegrand.jpg\" alt=\"sorellegrand\" width=\"220\" height=\"165\" \/><\/a>\u00a0L&rsquo;abb\u00e9 Paul Decagny , dans son livre l&rsquo;arrondissement de P\u00e9ronne paru vers 1880 , Parle de Sorel-Le-Grand-et-Le-Petit.<\/p>\n<p>Sorel-Le-Petit, une d\u00e9pendance de Sorel-Le-Grand, \u00e9tait la\u00a0 partie actuelle de Fins situ\u00e9 \u00e0 l&rsquo;ouest de la chauss\u00e9e Brunehaut.<\/p>\n<p><em>(image et extrait du site officiel de la commune &#8230;<a href=\"http:\/\/sorel80.jimdo.com\/souvenir-souvenir\/sorel-ou-sorel-le-grand\/\" target=\"_blank\"> lire la suite<\/a>)<\/em><\/p>\n<p style=\"text-align: justify;\"><strong>De nombreuses pages dans la rubrique\u00a0 \u00ab\u00a0souvenir, souvenir\u00a0\u00bb :<\/strong><\/p>\n<ul>\n<li>\n<ul class=\"sitemap\">\n<li><a href=\"http:\/\/sorel80.jimdo.com\/souvenir-souvenir\/la-barbe-du-pompier\/\">la barbe du pompier<\/a><\/li>\n<li><a href=\"http:\/\/sorel80.jimdo.com\/souvenir-souvenir\/reine-de-picardie\/\">reine de Picardie<\/a><\/li>\n<li><a href=\"http:\/\/sorel80.jimdo.com\/souvenir-souvenir\/sorel-ou-sorel-le-grand\/\">Sorel ou Sorel-le-Grand?<\/a><\/li>\n<li><a href=\"http:\/\/sorel80.jimdo.com\/souvenir-souvenir\/anciens-cur%C3%A9s\/\">anciens cur\u00e9s<\/a><\/li>\n<li><a href=\"http:\/\/sorel80.jimdo.com\/souvenir-souvenir\/population-maires\/\">population, maires<\/a><\/li>\n<li><a href=\"http:\/\/sorel80.jimdo.com\/souvenir-souvenir\/cartes-postales-anciennes\/\">Cartes postales anciennes<\/a><\/li>\n<li><a href=\"http:\/\/sorel80.jimdo.com\/souvenir-souvenir\/agnes-sorel-1\/\">agnes sorel<\/a><\/li>\n<li><a href=\"http:\/\/sorel80.jimdo.com\/souvenir-souvenir\/agnes-sorel\/\">Agnes Sorel<\/a><\/li>\n<li><a href=\"http:\/\/sorel80.jimdo.com\/souvenir-souvenir\/morts-pour-la-france\/\">Morts pour la France<\/a><\/li>\n<li><a href=\"http:\/\/sorel80.jimdo.com\/souvenir-souvenir\/les-communions\/\">les communions<\/a><\/li>\n<li><a href=\"http:\/\/sorel80.jimdo.com\/souvenir-souvenir\/classes-depuis-1920\/\">classes depuis 1920<\/a><\/li>\n<li><a href=\"http:\/\/sorel80.jimdo.com\/souvenir-souvenir\/visite-de-l-eveque\/\">visite de l&rsquo;eveque<\/a><\/li>\n<li><a href=\"http:\/\/sorel80.jimdo.com\/souvenir-souvenir\/classes-de-1920-%C3%A0-1940\/\">classes de 1920 \u00e0 1940<\/a><\/li>\n<li><a href=\"http:\/\/sorel80.jimdo.com\/souvenir-souvenir\/classes-apres-1940\/\">classes apres 1940<\/a><\/li>\n<\/ul>\n<\/li>\n<\/ul>\n<p>&nbsp;<\/p>\n<p><iframe style=\"width:120px;height:240px;\" marginwidth=\"0\" marginheight=\"0\" scrolling=\"no\" frameborder=\"0\" src=\"\/\/ws-eu.amazon-adsystem.com\/widgets\/q?ServiceVersion=20070822&#038;OneJS=1&#038;Operation=GetAdHtml&#038;MarketPlace=FR&#038;source=ac&#038;ref=tf_til&#038;ad_type=product_link&#038;tracking_id=charledeflaha-21&#038;marketplace=amazon&#038;region=FR&#038;placement=2866150082&#038;asins=2866150082&#038;linkId=AIMNDTAS3YCSVXHM&#038;show_border=true&#038;link_opens_in_new_window=true\"><br \/>\n<\/iframe><\/p>\n","protected":false},"excerpt":{"rendered":"<p>Histoire de Sorel-le-Grand (Somme) http:\/\/sorel80.jimdo.com\/souvenir-souvenir\/sorel-ou-sorel-le-grand\/ un nouveau site r\u00e9f\u00e9renc\u00e9 sur Histoire et patrimoine des villes et villages de France \u00a0L&rsquo;abb\u00e9 Paul Decagny , dans son livre l&rsquo;arrondissement de P\u00e9ronne paru vers 1880 , Parle de Sorel-Le-Grand-et-Le-Petit. Sorel-Le-Petit, une d\u00e9pendance de Sorel-Le-Grand, \u00e9tait la\u00a0 partie actuelle de Fins situ\u00e9 \u00e0 l&rsquo;ouest de la chauss\u00e9e Brunehaut. (image &hellip; <\/p>\n<p><a class=\"more-link btn\" href=\"https:\/\/www.charles-de-flahaut.fr\/wordpress\/histoire-de-sorel-le-grand-somme\/\">Lire la suite<\/a><\/p>\n","protected":false},"author":117,"featured_media":0,"comment_status":"open","ping_status":"open","sticky":false,"template":"","format":"standard","meta":{"footnotes":""},"categories":[168,16,20,79],"tags":[],"class_list":["post-8348","post","type-post","status-publish","format-standard","hentry","category-80-somme","category-histoire-regionale","category-periodes-historiques","category-personnages-celebres","item-wrap"],"yoast_head":"<!-- This site is optimized with the Yoast SEO plugin v27.5 - https:\/\/yoast.com\/product\/yoast-seo-wordpress\/ -->\n<title>Histoire de Sorel-le-Grand (Somme) - Histoire de France - Communiqu\u00e9s<\/title>\n<meta name=\"robots\" content=\"index, follow, max-snippet:-1, max-image-preview:large, max-video-preview:-1\" \/>\n<link rel=\"canonical\" href=\"https:\/\/www.charles-de-flahaut.fr\/wordpress\/histoire-de-sorel-le-grand-somme\/\" \/>\n<meta property=\"og:locale\" content=\"fr_FR\" \/>\n<meta property=\"og:type\" content=\"article\" \/>\n<meta property=\"og:title\" content=\"Histoire de Sorel-le-Grand (Somme) - Histoire de France - Communiqu\u00e9s\" \/>\n<meta property=\"og:description\" content=\"Histoire de Sorel-le-Grand (Somme) http:\/\/sorel80.jimdo.com\/souvenir-souvenir\/sorel-ou-sorel-le-grand\/ un nouveau site r\u00e9f\u00e9renc\u00e9 sur Histoire et patrimoine des villes et villages de France \u00a0L&rsquo;abb\u00e9 Paul Decagny , dans son livre l&rsquo;arrondissement de P\u00e9ronne paru vers 1880 , Parle de Sorel-Le-Grand-et-Le-Petit. Sorel-Le-Petit, une d\u00e9pendance de Sorel-Le-Grand, \u00e9tait la\u00a0 partie actuelle de Fins situ\u00e9 \u00e0 l&rsquo;ouest de la chauss\u00e9e Brunehaut. (image &hellip; Lire la suite\" \/>\n<meta property=\"og:url\" content=\"https:\/\/www.charles-de-flahaut.fr\/wordpress\/histoire-de-sorel-le-grand-somme\/\" \/>\n<meta property=\"og:site_name\" content=\"Histoire de France - Communiqu\u00e9s\" \/>\n<meta property=\"article:publisher\" content=\"https:\/\/www.facebook.com\/Sites.HistoiredeFrance\" \/>\n<meta property=\"article:published_time\" content=\"2014-09-24T15:14:39+00:00\" \/>\n<meta property=\"article:modified_time\" content=\"2015-05-28T16:55:05+00:00\" \/>\n<meta property=\"og:image\" content=\"http:\/\/www.charles-de-flahaut.fr\/wordpress\/wp-content\/uploads\/2014\/09\/sorellegrand.jpg\" \/>\n<meta name=\"author\" content=\"administrateur\" \/>\n<meta name=\"twitter:card\" content=\"summary_large_image\" \/>\n<meta name=\"twitter:label1\" content=\"\u00c9crit par\" \/>\n\t<meta name=\"twitter:data1\" content=\"administrateur\" \/>\n\t<meta name=\"twitter:label2\" content=\"Dur\u00e9e de lecture estim\u00e9e\" \/>\n\t<meta name=\"twitter:data2\" content=\"1 minute\" \/>\n<script type=\"application\/ld+json\" class=\"yoast-schema-graph\">{\"@context\":\"https:\\\/\\\/schema.org\",\"@graph\":[{\"@type\":\"Article\",\"@id\":\"https:\\\/\\\/www.charles-de-flahaut.fr\\\/wordpress\\\/histoire-de-sorel-le-grand-somme\\\/#article\",\"isPartOf\":{\"@id\":\"https:\\\/\\\/www.charles-de-flahaut.fr\\\/wordpress\\\/histoire-de-sorel-le-grand-somme\\\/\"},\"author\":{\"name\":\"administrateur\",\"@id\":\"https:\\\/\\\/www.charles-de-flahaut.fr\\\/wordpress\\\/#\\\/schema\\\/person\\\/41c41eaf9ae1d70810ff74a04a786c56\"},\"headline\":\"Histoire de Sorel-le-Grand (Somme)\",\"datePublished\":\"2014-09-24T15:14:39+00:00\",\"dateModified\":\"2015-05-28T16:55:05+00:00\",\"mainEntityOfPage\":{\"@id\":\"https:\\\/\\\/www.charles-de-flahaut.fr\\\/wordpress\\\/histoire-de-sorel-le-grand-somme\\\/\"},\"wordCount\":126,\"commentCount\":0,\"publisher\":{\"@id\":\"https:\\\/\\\/www.charles-de-flahaut.fr\\\/wordpress\\\/#\\\/schema\\\/person\\\/81011c8b61bc74c05499365a506d49a9\"},\"image\":{\"@id\":\"https:\\\/\\\/www.charles-de-flahaut.fr\\\/wordpress\\\/histoire-de-sorel-le-grand-somme\\\/#primaryimage\"},\"thumbnailUrl\":\"http:\\\/\\\/www.charles-de-flahaut.fr\\\/wordpress\\\/wp-content\\\/uploads\\\/2014\\\/09\\\/sorellegrand.jpg\",\"articleSection\":[\"80 - Somme\",\"histoire locale\",\"p\u00e9riodes historiques\",\"personnages c\u00e9l\u00e8bres\"],\"inLanguage\":\"fr-FR\",\"potentialAction\":[{\"@type\":\"CommentAction\",\"name\":\"Comment\",\"target\":[\"https:\\\/\\\/www.charles-de-flahaut.fr\\\/wordpress\\\/histoire-de-sorel-le-grand-somme\\\/#respond\"]}]},{\"@type\":\"WebPage\",\"@id\":\"https:\\\/\\\/www.charles-de-flahaut.fr\\\/wordpress\\\/histoire-de-sorel-le-grand-somme\\\/\",\"url\":\"https:\\\/\\\/www.charles-de-flahaut.fr\\\/wordpress\\\/histoire-de-sorel-le-grand-somme\\\/\",\"name\":\"Histoire de Sorel-le-Grand (Somme) - Histoire de France - Communiqu\u00e9s\",\"isPartOf\":{\"@id\":\"https:\\\/\\\/www.charles-de-flahaut.fr\\\/wordpress\\\/#website\"},\"primaryImageOfPage\":{\"@id\":\"https:\\\/\\\/www.charles-de-flahaut.fr\\\/wordpress\\\/histoire-de-sorel-le-grand-somme\\\/#primaryimage\"},\"image\":{\"@id\":\"https:\\\/\\\/www.charles-de-flahaut.fr\\\/wordpress\\\/histoire-de-sorel-le-grand-somme\\\/#primaryimage\"},\"thumbnailUrl\":\"http:\\\/\\\/www.charles-de-flahaut.fr\\\/wordpress\\\/wp-content\\\/uploads\\\/2014\\\/09\\\/sorellegrand.jpg\",\"datePublished\":\"2014-09-24T15:14:39+00:00\",\"dateModified\":\"2015-05-28T16:55:05+00:00\",\"breadcrumb\":{\"@id\":\"https:\\\/\\\/www.charles-de-flahaut.fr\\\/wordpress\\\/histoire-de-sorel-le-grand-somme\\\/#breadcrumb\"},\"inLanguage\":\"fr-FR\",\"potentialAction\":[{\"@type\":\"ReadAction\",\"target\":[\"https:\\\/\\\/www.charles-de-flahaut.fr\\\/wordpress\\\/histoire-de-sorel-le-grand-somme\\\/\"]}]},{\"@type\":\"ImageObject\",\"inLanguage\":\"fr-FR\",\"@id\":\"https:\\\/\\\/www.charles-de-flahaut.fr\\\/wordpress\\\/histoire-de-sorel-le-grand-somme\\\/#primaryimage\",\"url\":\"http:\\\/\\\/www.charles-de-flahaut.fr\\\/wordpress\\\/wp-content\\\/uploads\\\/2014\\\/09\\\/sorellegrand.jpg\",\"contentUrl\":\"http:\\\/\\\/www.charles-de-flahaut.fr\\\/wordpress\\\/wp-content\\\/uploads\\\/2014\\\/09\\\/sorellegrand.jpg\"},{\"@type\":\"BreadcrumbList\",\"@id\":\"https:\\\/\\\/www.charles-de-flahaut.fr\\\/wordpress\\\/histoire-de-sorel-le-grand-somme\\\/#breadcrumb\",\"itemListElement\":[{\"@type\":\"ListItem\",\"position\":1,\"name\":\"Accueil\",\"item\":\"https:\\\/\\\/www.charles-de-flahaut.fr\\\/wordpress\\\/\"},{\"@type\":\"ListItem\",\"position\":2,\"name\":\"Histoire de Sorel-le-Grand (Somme)\"}]},{\"@type\":\"WebSite\",\"@id\":\"https:\\\/\\\/www.charles-de-flahaut.fr\\\/wordpress\\\/#website\",\"url\":\"https:\\\/\\\/www.charles-de-flahaut.fr\\\/wordpress\\\/\",\"name\":\"Histoire de France - Communiqu\u00e9s\",\"description\":\"Histoire et patrimoine\",\"publisher\":{\"@id\":\"https:\\\/\\\/www.charles-de-flahaut.fr\\\/wordpress\\\/#\\\/schema\\\/person\\\/81011c8b61bc74c05499365a506d49a9\"},\"potentialAction\":[{\"@type\":\"SearchAction\",\"target\":{\"@type\":\"EntryPoint\",\"urlTemplate\":\"https:\\\/\\\/www.charles-de-flahaut.fr\\\/wordpress\\\/?s={search_term_string}\"},\"query-input\":{\"@type\":\"PropertyValueSpecification\",\"valueRequired\":true,\"valueName\":\"search_term_string\"}}],\"inLanguage\":\"fr-FR\"},{\"@type\":[\"Person\",\"Organization\"],\"@id\":\"https:\\\/\\\/www.charles-de-flahaut.fr\\\/wordpress\\\/#\\\/schema\\\/person\\\/81011c8b61bc74c05499365a506d49a9\",\"name\":\"administrateur\",\"logo\":{\"@id\":\"https:\\\/\\\/www.charles-de-flahaut.fr\\\/wordpress\\\/#\\\/schema\\\/person\\\/image\\\/\"},\"sameAs\":[\"http:\\\/\\\/www.charles-de-flahaut.fr\",\"https:\\\/\\\/www.facebook.com\\\/Sites.HistoiredeFrance\"]},{\"@type\":\"Person\",\"@id\":\"https:\\\/\\\/www.charles-de-flahaut.fr\\\/wordpress\\\/#\\\/schema\\\/person\\\/41c41eaf9ae1d70810ff74a04a786c56\",\"name\":\"administrateur\",\"url\":\"https:\\\/\\\/www.charles-de-flahaut.fr\\\/wordpress\\\/author\\\/hist_8la_ad\\\/\"}]}<\/script>\n<!-- \/ Yoast SEO plugin. -->","yoast_head_json":{"title":"Histoire de Sorel-le-Grand (Somme) - Histoire de France - Communiqu\u00e9s","robots":{"index":"index","follow":"follow","max-snippet":"max-snippet:-1","max-image-preview":"max-image-preview:large","max-video-preview":"max-video-preview:-1"},"canonical":"https:\/\/www.charles-de-flahaut.fr\/wordpress\/histoire-de-sorel-le-grand-somme\/","og_locale":"fr_FR","og_type":"article","og_title":"Histoire de Sorel-le-Grand (Somme) - Histoire de France - Communiqu\u00e9s","og_description":"Histoire de Sorel-le-Grand (Somme) http:\/\/sorel80.jimdo.com\/souvenir-souvenir\/sorel-ou-sorel-le-grand\/ un nouveau site r\u00e9f\u00e9renc\u00e9 sur Histoire et patrimoine des villes et villages de France \u00a0L&rsquo;abb\u00e9 Paul Decagny , dans son livre l&rsquo;arrondissement de P\u00e9ronne paru vers 1880 , Parle de Sorel-Le-Grand-et-Le-Petit. Sorel-Le-Petit, une d\u00e9pendance de Sorel-Le-Grand, \u00e9tait la\u00a0 partie actuelle de Fins situ\u00e9 \u00e0 l&rsquo;ouest de la chauss\u00e9e Brunehaut. (image &hellip; Lire la suite","og_url":"https:\/\/www.charles-de-flahaut.fr\/wordpress\/histoire-de-sorel-le-grand-somme\/","og_site_name":"Histoire de France - Communiqu\u00e9s","article_publisher":"https:\/\/www.facebook.com\/Sites.HistoiredeFrance","article_published_time":"2014-09-24T15:14:39+00:00","article_modified_time":"2015-05-28T16:55:05+00:00","og_image":[{"url":"http:\/\/www.charles-de-flahaut.fr\/wordpress\/wp-content\/uploads\/2014\/09\/sorellegrand.jpg","type":"","width":"","height":""}],"author":"administrateur","twitter_card":"summary_large_image","twitter_misc":{"\u00c9crit par":"administrateur","Dur\u00e9e de lecture estim\u00e9e":"1 minute"},"schema":{"@context":"https:\/\/schema.org","@graph":[{"@type":"Article","@id":"https:\/\/www.charles-de-flahaut.fr\/wordpress\/histoire-de-sorel-le-grand-somme\/#article","isPartOf":{"@id":"https:\/\/www.charles-de-flahaut.fr\/wordpress\/histoire-de-sorel-le-grand-somme\/"},"author":{"name":"administrateur","@id":"https:\/\/www.charles-de-flahaut.fr\/wordpress\/#\/schema\/person\/41c41eaf9ae1d70810ff74a04a786c56"},"headline":"Histoire de Sorel-le-Grand (Somme)","datePublished":"2014-09-24T15:14:39+00:00","dateModified":"2015-05-28T16:55:05+00:00","mainEntityOfPage":{"@id":"https:\/\/www.charles-de-flahaut.fr\/wordpress\/histoire-de-sorel-le-grand-somme\/"},"wordCount":126,"commentCount":0,"publisher":{"@id":"https:\/\/www.charles-de-flahaut.fr\/wordpress\/#\/schema\/person\/81011c8b61bc74c05499365a506d49a9"},"image":{"@id":"https:\/\/www.charles-de-flahaut.fr\/wordpress\/histoire-de-sorel-le-grand-somme\/#primaryimage"},"thumbnailUrl":"http:\/\/www.charles-de-flahaut.fr\/wordpress\/wp-content\/uploads\/2014\/09\/sorellegrand.jpg","articleSection":["80 - Somme","histoire locale","p\u00e9riodes historiques","personnages c\u00e9l\u00e8bres"],"inLanguage":"fr-FR","potentialAction":[{"@type":"CommentAction","name":"Comment","target":["https:\/\/www.charles-de-flahaut.fr\/wordpress\/histoire-de-sorel-le-grand-somme\/#respond"]}]},{"@type":"WebPage","@id":"https:\/\/www.charles-de-flahaut.fr\/wordpress\/histoire-de-sorel-le-grand-somme\/","url":"https:\/\/www.charles-de-flahaut.fr\/wordpress\/histoire-de-sorel-le-grand-somme\/","name":"Histoire de Sorel-le-Grand (Somme) - Histoire de France - Communiqu\u00e9s","isPartOf":{"@id":"https:\/\/www.charles-de-flahaut.fr\/wordpress\/#website"},"primaryImageOfPage":{"@id":"https:\/\/www.charles-de-flahaut.fr\/wordpress\/histoire-de-sorel-le-grand-somme\/#primaryimage"},"image":{"@id":"https:\/\/www.charles-de-flahaut.fr\/wordpress\/histoire-de-sorel-le-grand-somme\/#primaryimage"},"thumbnailUrl":"http:\/\/www.charles-de-flahaut.fr\/wordpress\/wp-content\/uploads\/2014\/09\/sorellegrand.jpg","datePublished":"2014-09-24T15:14:39+00:00","dateModified":"2015-05-28T16:55:05+00:00","breadcrumb":{"@id":"https:\/\/www.charles-de-flahaut.fr\/wordpress\/histoire-de-sorel-le-grand-somme\/#breadcrumb"},"inLanguage":"fr-FR","potentialAction":[{"@type":"ReadAction","target":["https:\/\/www.charles-de-flahaut.fr\/wordpress\/histoire-de-sorel-le-grand-somme\/"]}]},{"@type":"ImageObject","inLanguage":"fr-FR","@id":"https:\/\/www.charles-de-flahaut.fr\/wordpress\/histoire-de-sorel-le-grand-somme\/#primaryimage","url":"http:\/\/www.charles-de-flahaut.fr\/wordpress\/wp-content\/uploads\/2014\/09\/sorellegrand.jpg","contentUrl":"http:\/\/www.charles-de-flahaut.fr\/wordpress\/wp-content\/uploads\/2014\/09\/sorellegrand.jpg"},{"@type":"BreadcrumbList","@id":"https:\/\/www.charles-de-flahaut.fr\/wordpress\/histoire-de-sorel-le-grand-somme\/#breadcrumb","itemListElement":[{"@type":"ListItem","position":1,"name":"Accueil","item":"https:\/\/www.charles-de-flahaut.fr\/wordpress\/"},{"@type":"ListItem","position":2,"name":"Histoire de Sorel-le-Grand (Somme)"}]},{"@type":"WebSite","@id":"https:\/\/www.charles-de-flahaut.fr\/wordpress\/#website","url":"https:\/\/www.charles-de-flahaut.fr\/wordpress\/","name":"Histoire de France - Communiqu\u00e9s","description":"Histoire et patrimoine","publisher":{"@id":"https:\/\/www.charles-de-flahaut.fr\/wordpress\/#\/schema\/person\/81011c8b61bc74c05499365a506d49a9"},"potentialAction":[{"@type":"SearchAction","target":{"@type":"EntryPoint","urlTemplate":"https:\/\/www.charles-de-flahaut.fr\/wordpress\/?s={search_term_string}"},"query-input":{"@type":"PropertyValueSpecification","valueRequired":true,"valueName":"search_term_string"}}],"inLanguage":"fr-FR"},{"@type":["Person","Organization"],"@id":"https:\/\/www.charles-de-flahaut.fr\/wordpress\/#\/schema\/person\/81011c8b61bc74c05499365a506d49a9","name":"administrateur","logo":{"@id":"https:\/\/www.charles-de-flahaut.fr\/wordpress\/#\/schema\/person\/image\/"},"sameAs":["http:\/\/www.charles-de-flahaut.fr","https:\/\/www.facebook.com\/Sites.HistoiredeFrance"]},{"@type":"Person","@id":"https:\/\/www.charles-de-flahaut.fr\/wordpress\/#\/schema\/person\/41c41eaf9ae1d70810ff74a04a786c56","name":"administrateur","url":"https:\/\/www.charles-de-flahaut.fr\/wordpress\/author\/hist_8la_ad\/"}]}},"views":545,"amp_enabled":true,"_links":{"self":[{"href":"https:\/\/www.charles-de-flahaut.fr\/wordpress\/wp-json\/wp\/v2\/posts\/8348","targetHints":{"allow":["GET"]}}],"collection":[{"href":"https:\/\/www.charles-de-flahaut.fr\/wordpress\/wp-json\/wp\/v2\/posts"}],"about":[{"href":"https:\/\/www.charles-de-flahaut.fr\/wordpress\/wp-json\/wp\/v2\/types\/post"}],"author":[{"embeddable":true,"href":"https:\/\/www.charles-de-flahaut.fr\/wordpress\/wp-json\/wp\/v2\/users\/117"}],"replies":[{"embeddable":true,"href":"https:\/\/www.charles-de-flahaut.fr\/wordpress\/wp-json\/wp\/v2\/comments?post=8348"}],"version-history":[{"count":3,"href":"https:\/\/www.charles-de-flahaut.fr\/wordpress\/wp-json\/wp\/v2\/posts\/8348\/revisions"}],"predecessor-version":[{"id":13331,"href":"https:\/\/www.charles-de-flahaut.fr\/wordpress\/wp-json\/wp\/v2\/posts\/8348\/revisions\/13331"}],"wp:attachment":[{"href":"https:\/\/www.charles-de-flahaut.fr\/wordpress\/wp-json\/wp\/v2\/media?parent=8348"}],"wp:term":[{"taxonomy":"category","embeddable":true,"href":"https:\/\/www.charles-de-flahaut.fr\/wordpress\/wp-json\/wp\/v2\/categories?post=8348"},{"taxonomy":"post_tag","embeddable":true,"href":"https:\/\/www.charles-de-flahaut.fr\/wordpress\/wp-json\/wp\/v2\/tags?post=8348"}],"curies":[{"name":"wp","href":"https:\/\/api.w.org\/{rel}","templated":true}]}}