{"id":8344,"date":"2014-09-24T16:03:06","date_gmt":"2014-09-24T15:03:06","guid":{"rendered":"http:\/\/www.charles-de-flahaut.fr\/wordpress\/?p=8344"},"modified":"2015-05-25T19:18:43","modified_gmt":"2015-05-25T18:18:43","slug":"histoire-de-saint-laurent-de-brevedent-seine-maritime","status":"publish","type":"post","link":"https:\/\/www.charles-de-flahaut.fr\/wordpress\/histoire-de-saint-laurent-de-brevedent-seine-maritime\/","title":{"rendered":"Histoire de Saint-Laurent-de-Brevedent (Seine-Maritime)"},"content":{"rendered":"<p><strong>Histoire de Saint-Laurent-de-Brevedent (Seine-Maritime)<\/strong><br \/>\n<a href=\"http:\/\/www.st-laurent-de-brevedent.com\/histoire.php?z=1\" target=\"_blank\">http:\/\/www.st-laurent-de-brevedent.com\/histoire.php?z=1<\/a><\/p>\n<p><em>un nouveau site r\u00e9f\u00e9renc\u00e9 sur <a href=\"http:\/\/www.histoire-communes.jpflahaut.fr\/\" target=\"_blank\">Histoire et patrimoine des villes et villages de France<\/a><\/em><\/p>\n<p style=\"text-align: justify;\"><a href=\"http:\/\/www.charles-de-flahaut.fr\/wordpress\/wp-content\/uploads\/2014\/09\/stlaurentdebrevedent.jpg\"><img loading=\"lazy\" decoding=\"async\" class=\"alignleft  wp-image-8345\" src=\"http:\/\/www.charles-de-flahaut.fr\/wordpress\/wp-content\/uploads\/2014\/09\/stlaurentdebrevedent-300x225.jpg\" alt=\"stlaurentdebrevedent\" width=\"271\" height=\"203\" srcset=\"https:\/\/www.charles-de-flahaut.fr\/wordpress\/wp-content\/uploads\/2014\/09\/stlaurentdebrevedent-300x225.jpg 300w, https:\/\/www.charles-de-flahaut.fr\/wordpress\/wp-content\/uploads\/2014\/09\/stlaurentdebrevedent.jpg 650w\" sizes=\"auto, (max-width: 271px) 100vw, 271px\" \/><\/a>Le plus ancien monument de la commune.<br \/>\nSelon l&rsquo;Abb\u00e9 Cochet, la premi\u00e8re \u00e9glise a \u00e9t\u00e9 construite au XIIe si\u00e8cle sur ordre de Galeran ou Waleran, doyen de la cath\u00e9drale de Rouen.Elle fut d\u00e9di\u00e9e \u00e0 Saint Laurent, jeune espagnol chr\u00e9tien qui aurait p\u00e9ri, br\u00fbl\u00e9 sur un gril par ordre d&rsquo;un empereur romain&#8230;<\/p>\n<p><em>(image et extrait du site officiel de la commune &#8230; <a href=\"http:\/\/www.st-laurent-de-brevedent.com\/histoire.php?z=1\" target=\"_blank\">lire la suite<\/a>)<\/em><\/p>\n<p class=\"gras\"><strong>Voici la liste des articles de cette page :<\/strong><\/p>\n<p><a title=\"L'\u00e9glise\" href=\"http:\/\/www.st-laurent-de-brevedent.com\/histoire.php?z=1#9\">L&rsquo;\u00e9glise<\/a> :: <a title=\"La gare\" href=\"http:\/\/www.st-laurent-de-brevedent.com\/histoire.php?z=1#10\">La gare<\/a> :: <a title=\"la petite histoire du village...\" href=\"http:\/\/www.st-laurent-de-brevedent.com\/histoire.php?z=1#100\">la petite histoire du village&#8230;<\/a> :: <a title=\"Les origines\" href=\"http:\/\/www.st-laurent-de-brevedent.com\/histoire.php?z=1#6\">Les origines<\/a> :: <a title=\"L'eau, les sources\" href=\"http:\/\/www.st-laurent-de-brevedent.com\/histoire.php?z=1#7\">L&rsquo;eau, les sources<\/a> :: <a title=\"L'\u00e9cole\" href=\"http:\/\/www.st-laurent-de-brevedent.com\/histoire.php?z=1#8\">L&rsquo;\u00e9cole<\/a> :: <a title=\"Le nom de la commune\" href=\"http:\/\/www.st-laurent-de-brevedent.com\/histoire.php?z=1#11\">Le nom de la commune<\/a> :: <a title=\"Les maires de Saint-Laurent\" href=\"http:\/\/www.st-laurent-de-brevedent.com\/histoire.php?z=1#12\">Les maires de Saint-Laurent<\/a><\/p>\n<p><iframe style=\"width:120px;height:240px;\" marginwidth=\"0\" marginheight=\"0\" scrolling=\"no\" frameborder=\"0\" src=\"\/\/ws-eu.amazon-adsystem.com\/widgets\/q?ServiceVersion=20070822&#038;OneJS=1&#038;Operation=GetAdHtml&#038;MarketPlace=FR&#038;source=ac&#038;ref=tf_til&#038;ad_type=product_link&#038;tracking_id=charledeflaha-21&#038;marketplace=amazon&#038;region=FR&#038;placement=2364640237&#038;asins=2364640237&#038;linkId=6XUZAK3UX6WCMA4K&#038;show_border=true&#038;link_opens_in_new_window=true\"><br \/>\n<\/iframe><iframe style=\"width:120px;height:240px;\" marginwidth=\"0\" marginheight=\"0\" scrolling=\"no\" frameborder=\"0\" src=\"\/\/ws-eu.amazon-adsystem.com\/widgets\/q?ServiceVersion=20070822&#038;OneJS=1&#038;Operation=GetAdHtml&#038;MarketPlace=FR&#038;source=ac&#038;ref=tf_til&#038;ad_type=product_link&#038;tracking_id=charledeflaha-21&#038;marketplace=amazon&#038;region=FR&#038;placement=2364640229&#038;asins=2364640229&#038;linkId=UTHWULPNVNLD6VT5&#038;show_border=true&#038;link_opens_in_new_window=true\"><br \/>\n<\/iframe><\/p>\n","protected":false},"excerpt":{"rendered":"<p>Histoire de Saint-Laurent-de-Brevedent (Seine-Maritime) http:\/\/www.st-laurent-de-brevedent.com\/histoire.php?z=1 un nouveau site r\u00e9f\u00e9renc\u00e9 sur Histoire et patrimoine des villes et villages de France Le plus ancien monument de la commune. Selon l&rsquo;Abb\u00e9 Cochet, la premi\u00e8re \u00e9glise a \u00e9t\u00e9 construite au XIIe si\u00e8cle sur ordre de Galeran ou Waleran, doyen de la cath\u00e9drale de Rouen.Elle fut d\u00e9di\u00e9e \u00e0 Saint Laurent, &hellip; <\/p>\n<p><a class=\"more-link btn\" href=\"https:\/\/www.charles-de-flahaut.fr\/wordpress\/histoire-de-saint-laurent-de-brevedent-seine-maritime\/\">Lire la suite<\/a><\/p>\n","protected":false},"author":117,"featured_media":0,"comment_status":"open","ping_status":"open","sticky":false,"template":"","format":"standard","meta":{"footnotes":""},"categories":[165,16,8],"tags":[],"class_list":["post-8344","post","type-post","status-publish","format-standard","hentry","category-76-seine-maritime","category-histoire-regionale","category-patrimoine","item-wrap"],"yoast_head":"<!-- This site is optimized with the Yoast SEO plugin v27.5 - https:\/\/yoast.com\/product\/yoast-seo-wordpress\/ -->\n<title>Histoire de Saint-Laurent-de-Brevedent (Seine-Maritime) - Histoire de France - Communiqu\u00e9s<\/title>\n<meta name=\"robots\" content=\"index, follow, max-snippet:-1, max-image-preview:large, max-video-preview:-1\" \/>\n<link rel=\"canonical\" href=\"https:\/\/www.charles-de-flahaut.fr\/wordpress\/histoire-de-saint-laurent-de-brevedent-seine-maritime\/\" \/>\n<meta property=\"og:locale\" content=\"fr_FR\" \/>\n<meta property=\"og:type\" content=\"article\" \/>\n<meta property=\"og:title\" content=\"Histoire de Saint-Laurent-de-Brevedent (Seine-Maritime) - Histoire de France - Communiqu\u00e9s\" \/>\n<meta property=\"og:description\" content=\"Histoire de Saint-Laurent-de-Brevedent (Seine-Maritime) http:\/\/www.st-laurent-de-brevedent.com\/histoire.php?z=1 un nouveau site r\u00e9f\u00e9renc\u00e9 sur Histoire et patrimoine des villes et villages de France Le plus ancien monument de la commune. Selon l&rsquo;Abb\u00e9 Cochet, la premi\u00e8re \u00e9glise a \u00e9t\u00e9 construite au XIIe si\u00e8cle sur ordre de Galeran ou Waleran, doyen de la cath\u00e9drale de Rouen.Elle fut d\u00e9di\u00e9e \u00e0 Saint Laurent, &hellip; Lire la suite\" \/>\n<meta property=\"og:url\" content=\"https:\/\/www.charles-de-flahaut.fr\/wordpress\/histoire-de-saint-laurent-de-brevedent-seine-maritime\/\" \/>\n<meta property=\"og:site_name\" content=\"Histoire de France - Communiqu\u00e9s\" \/>\n<meta property=\"article:publisher\" content=\"https:\/\/www.facebook.com\/Sites.HistoiredeFrance\" \/>\n<meta property=\"article:published_time\" content=\"2014-09-24T15:03:06+00:00\" \/>\n<meta property=\"article:modified_time\" content=\"2015-05-25T18:18:43+00:00\" \/>\n<meta property=\"og:image\" content=\"http:\/\/www.charles-de-flahaut.fr\/wordpress\/wp-content\/uploads\/2014\/09\/stlaurentdebrevedent-300x225.jpg\" \/>\n<meta name=\"author\" content=\"administrateur\" \/>\n<meta name=\"twitter:card\" content=\"summary_large_image\" \/>\n<meta name=\"twitter:label1\" content=\"\u00c9crit par\" \/>\n\t<meta name=\"twitter:data1\" content=\"administrateur\" \/>\n\t<meta name=\"twitter:label2\" content=\"Dur\u00e9e de lecture estim\u00e9e\" \/>\n\t<meta name=\"twitter:data2\" content=\"1 minute\" \/>\n<script type=\"application\/ld+json\" class=\"yoast-schema-graph\">{\"@context\":\"https:\\\/\\\/schema.org\",\"@graph\":[{\"@type\":\"Article\",\"@id\":\"https:\\\/\\\/www.charles-de-flahaut.fr\\\/wordpress\\\/histoire-de-saint-laurent-de-brevedent-seine-maritime\\\/#article\",\"isPartOf\":{\"@id\":\"https:\\\/\\\/www.charles-de-flahaut.fr\\\/wordpress\\\/histoire-de-saint-laurent-de-brevedent-seine-maritime\\\/\"},\"author\":{\"name\":\"administrateur\",\"@id\":\"https:\\\/\\\/www.charles-de-flahaut.fr\\\/wordpress\\\/#\\\/schema\\\/person\\\/41c41eaf9ae1d70810ff74a04a786c56\"},\"headline\":\"Histoire de Saint-Laurent-de-Brevedent (Seine-Maritime)\",\"datePublished\":\"2014-09-24T15:03:06+00:00\",\"dateModified\":\"2015-05-25T18:18:43+00:00\",\"mainEntityOfPage\":{\"@id\":\"https:\\\/\\\/www.charles-de-flahaut.fr\\\/wordpress\\\/histoire-de-saint-laurent-de-brevedent-seine-maritime\\\/\"},\"wordCount\":138,\"commentCount\":0,\"publisher\":{\"@id\":\"https:\\\/\\\/www.charles-de-flahaut.fr\\\/wordpress\\\/#\\\/schema\\\/person\\\/81011c8b61bc74c05499365a506d49a9\"},\"image\":{\"@id\":\"https:\\\/\\\/www.charles-de-flahaut.fr\\\/wordpress\\\/histoire-de-saint-laurent-de-brevedent-seine-maritime\\\/#primaryimage\"},\"thumbnailUrl\":\"http:\\\/\\\/www.charles-de-flahaut.fr\\\/wordpress\\\/wp-content\\\/uploads\\\/2014\\\/09\\\/stlaurentdebrevedent-300x225.jpg\",\"articleSection\":[\"76 - Seine-Maritime\",\"histoire locale\",\"patrimoine\"],\"inLanguage\":\"fr-FR\",\"potentialAction\":[{\"@type\":\"CommentAction\",\"name\":\"Comment\",\"target\":[\"https:\\\/\\\/www.charles-de-flahaut.fr\\\/wordpress\\\/histoire-de-saint-laurent-de-brevedent-seine-maritime\\\/#respond\"]}]},{\"@type\":\"WebPage\",\"@id\":\"https:\\\/\\\/www.charles-de-flahaut.fr\\\/wordpress\\\/histoire-de-saint-laurent-de-brevedent-seine-maritime\\\/\",\"url\":\"https:\\\/\\\/www.charles-de-flahaut.fr\\\/wordpress\\\/histoire-de-saint-laurent-de-brevedent-seine-maritime\\\/\",\"name\":\"Histoire de Saint-Laurent-de-Brevedent (Seine-Maritime) - Histoire de France - Communiqu\u00e9s\",\"isPartOf\":{\"@id\":\"https:\\\/\\\/www.charles-de-flahaut.fr\\\/wordpress\\\/#website\"},\"primaryImageOfPage\":{\"@id\":\"https:\\\/\\\/www.charles-de-flahaut.fr\\\/wordpress\\\/histoire-de-saint-laurent-de-brevedent-seine-maritime\\\/#primaryimage\"},\"image\":{\"@id\":\"https:\\\/\\\/www.charles-de-flahaut.fr\\\/wordpress\\\/histoire-de-saint-laurent-de-brevedent-seine-maritime\\\/#primaryimage\"},\"thumbnailUrl\":\"http:\\\/\\\/www.charles-de-flahaut.fr\\\/wordpress\\\/wp-content\\\/uploads\\\/2014\\\/09\\\/stlaurentdebrevedent-300x225.jpg\",\"datePublished\":\"2014-09-24T15:03:06+00:00\",\"dateModified\":\"2015-05-25T18:18:43+00:00\",\"breadcrumb\":{\"@id\":\"https:\\\/\\\/www.charles-de-flahaut.fr\\\/wordpress\\\/histoire-de-saint-laurent-de-brevedent-seine-maritime\\\/#breadcrumb\"},\"inLanguage\":\"fr-FR\",\"potentialAction\":[{\"@type\":\"ReadAction\",\"target\":[\"https:\\\/\\\/www.charles-de-flahaut.fr\\\/wordpress\\\/histoire-de-saint-laurent-de-brevedent-seine-maritime\\\/\"]}]},{\"@type\":\"ImageObject\",\"inLanguage\":\"fr-FR\",\"@id\":\"https:\\\/\\\/www.charles-de-flahaut.fr\\\/wordpress\\\/histoire-de-saint-laurent-de-brevedent-seine-maritime\\\/#primaryimage\",\"url\":\"https:\\\/\\\/www.charles-de-flahaut.fr\\\/wordpress\\\/wp-content\\\/uploads\\\/2014\\\/09\\\/stlaurentdebrevedent.jpg\",\"contentUrl\":\"https:\\\/\\\/www.charles-de-flahaut.fr\\\/wordpress\\\/wp-content\\\/uploads\\\/2014\\\/09\\\/stlaurentdebrevedent.jpg\",\"width\":650,\"height\":488},{\"@type\":\"BreadcrumbList\",\"@id\":\"https:\\\/\\\/www.charles-de-flahaut.fr\\\/wordpress\\\/histoire-de-saint-laurent-de-brevedent-seine-maritime\\\/#breadcrumb\",\"itemListElement\":[{\"@type\":\"ListItem\",\"position\":1,\"name\":\"Accueil\",\"item\":\"https:\\\/\\\/www.charles-de-flahaut.fr\\\/wordpress\\\/\"},{\"@type\":\"ListItem\",\"position\":2,\"name\":\"Histoire de Saint-Laurent-de-Brevedent (Seine-Maritime)\"}]},{\"@type\":\"WebSite\",\"@id\":\"https:\\\/\\\/www.charles-de-flahaut.fr\\\/wordpress\\\/#website\",\"url\":\"https:\\\/\\\/www.charles-de-flahaut.fr\\\/wordpress\\\/\",\"name\":\"Histoire de France - Communiqu\u00e9s\",\"description\":\"Histoire et patrimoine\",\"publisher\":{\"@id\":\"https:\\\/\\\/www.charles-de-flahaut.fr\\\/wordpress\\\/#\\\/schema\\\/person\\\/81011c8b61bc74c05499365a506d49a9\"},\"potentialAction\":[{\"@type\":\"SearchAction\",\"target\":{\"@type\":\"EntryPoint\",\"urlTemplate\":\"https:\\\/\\\/www.charles-de-flahaut.fr\\\/wordpress\\\/?s={search_term_string}\"},\"query-input\":{\"@type\":\"PropertyValueSpecification\",\"valueRequired\":true,\"valueName\":\"search_term_string\"}}],\"inLanguage\":\"fr-FR\"},{\"@type\":[\"Person\",\"Organization\"],\"@id\":\"https:\\\/\\\/www.charles-de-flahaut.fr\\\/wordpress\\\/#\\\/schema\\\/person\\\/81011c8b61bc74c05499365a506d49a9\",\"name\":\"administrateur\",\"logo\":{\"@id\":\"https:\\\/\\\/www.charles-de-flahaut.fr\\\/wordpress\\\/#\\\/schema\\\/person\\\/image\\\/\"},\"sameAs\":[\"http:\\\/\\\/www.charles-de-flahaut.fr\",\"https:\\\/\\\/www.facebook.com\\\/Sites.HistoiredeFrance\"]},{\"@type\":\"Person\",\"@id\":\"https:\\\/\\\/www.charles-de-flahaut.fr\\\/wordpress\\\/#\\\/schema\\\/person\\\/41c41eaf9ae1d70810ff74a04a786c56\",\"name\":\"administrateur\",\"url\":\"https:\\\/\\\/www.charles-de-flahaut.fr\\\/wordpress\\\/author\\\/hist_8la_ad\\\/\"}]}<\/script>\n<!-- \/ Yoast SEO plugin. -->","yoast_head_json":{"title":"Histoire de Saint-Laurent-de-Brevedent (Seine-Maritime) - Histoire de France - Communiqu\u00e9s","robots":{"index":"index","follow":"follow","max-snippet":"max-snippet:-1","max-image-preview":"max-image-preview:large","max-video-preview":"max-video-preview:-1"},"canonical":"https:\/\/www.charles-de-flahaut.fr\/wordpress\/histoire-de-saint-laurent-de-brevedent-seine-maritime\/","og_locale":"fr_FR","og_type":"article","og_title":"Histoire de Saint-Laurent-de-Brevedent (Seine-Maritime) - Histoire de France - Communiqu\u00e9s","og_description":"Histoire de Saint-Laurent-de-Brevedent (Seine-Maritime) http:\/\/www.st-laurent-de-brevedent.com\/histoire.php?z=1 un nouveau site r\u00e9f\u00e9renc\u00e9 sur Histoire et patrimoine des villes et villages de France Le plus ancien monument de la commune. Selon l&rsquo;Abb\u00e9 Cochet, la premi\u00e8re \u00e9glise a \u00e9t\u00e9 construite au XIIe si\u00e8cle sur ordre de Galeran ou Waleran, doyen de la cath\u00e9drale de Rouen.Elle fut d\u00e9di\u00e9e \u00e0 Saint Laurent, &hellip; Lire la suite","og_url":"https:\/\/www.charles-de-flahaut.fr\/wordpress\/histoire-de-saint-laurent-de-brevedent-seine-maritime\/","og_site_name":"Histoire de France - Communiqu\u00e9s","article_publisher":"https:\/\/www.facebook.com\/Sites.HistoiredeFrance","article_published_time":"2014-09-24T15:03:06+00:00","article_modified_time":"2015-05-25T18:18:43+00:00","og_image":[{"url":"http:\/\/www.charles-de-flahaut.fr\/wordpress\/wp-content\/uploads\/2014\/09\/stlaurentdebrevedent-300x225.jpg","type":"","width":"","height":""}],"author":"administrateur","twitter_card":"summary_large_image","twitter_misc":{"\u00c9crit par":"administrateur","Dur\u00e9e de lecture estim\u00e9e":"1 minute"},"schema":{"@context":"https:\/\/schema.org","@graph":[{"@type":"Article","@id":"https:\/\/www.charles-de-flahaut.fr\/wordpress\/histoire-de-saint-laurent-de-brevedent-seine-maritime\/#article","isPartOf":{"@id":"https:\/\/www.charles-de-flahaut.fr\/wordpress\/histoire-de-saint-laurent-de-brevedent-seine-maritime\/"},"author":{"name":"administrateur","@id":"https:\/\/www.charles-de-flahaut.fr\/wordpress\/#\/schema\/person\/41c41eaf9ae1d70810ff74a04a786c56"},"headline":"Histoire de Saint-Laurent-de-Brevedent (Seine-Maritime)","datePublished":"2014-09-24T15:03:06+00:00","dateModified":"2015-05-25T18:18:43+00:00","mainEntityOfPage":{"@id":"https:\/\/www.charles-de-flahaut.fr\/wordpress\/histoire-de-saint-laurent-de-brevedent-seine-maritime\/"},"wordCount":138,"commentCount":0,"publisher":{"@id":"https:\/\/www.charles-de-flahaut.fr\/wordpress\/#\/schema\/person\/81011c8b61bc74c05499365a506d49a9"},"image":{"@id":"https:\/\/www.charles-de-flahaut.fr\/wordpress\/histoire-de-saint-laurent-de-brevedent-seine-maritime\/#primaryimage"},"thumbnailUrl":"http:\/\/www.charles-de-flahaut.fr\/wordpress\/wp-content\/uploads\/2014\/09\/stlaurentdebrevedent-300x225.jpg","articleSection":["76 - Seine-Maritime","histoire locale","patrimoine"],"inLanguage":"fr-FR","potentialAction":[{"@type":"CommentAction","name":"Comment","target":["https:\/\/www.charles-de-flahaut.fr\/wordpress\/histoire-de-saint-laurent-de-brevedent-seine-maritime\/#respond"]}]},{"@type":"WebPage","@id":"https:\/\/www.charles-de-flahaut.fr\/wordpress\/histoire-de-saint-laurent-de-brevedent-seine-maritime\/","url":"https:\/\/www.charles-de-flahaut.fr\/wordpress\/histoire-de-saint-laurent-de-brevedent-seine-maritime\/","name":"Histoire de Saint-Laurent-de-Brevedent (Seine-Maritime) - Histoire de France - Communiqu\u00e9s","isPartOf":{"@id":"https:\/\/www.charles-de-flahaut.fr\/wordpress\/#website"},"primaryImageOfPage":{"@id":"https:\/\/www.charles-de-flahaut.fr\/wordpress\/histoire-de-saint-laurent-de-brevedent-seine-maritime\/#primaryimage"},"image":{"@id":"https:\/\/www.charles-de-flahaut.fr\/wordpress\/histoire-de-saint-laurent-de-brevedent-seine-maritime\/#primaryimage"},"thumbnailUrl":"http:\/\/www.charles-de-flahaut.fr\/wordpress\/wp-content\/uploads\/2014\/09\/stlaurentdebrevedent-300x225.jpg","datePublished":"2014-09-24T15:03:06+00:00","dateModified":"2015-05-25T18:18:43+00:00","breadcrumb":{"@id":"https:\/\/www.charles-de-flahaut.fr\/wordpress\/histoire-de-saint-laurent-de-brevedent-seine-maritime\/#breadcrumb"},"inLanguage":"fr-FR","potentialAction":[{"@type":"ReadAction","target":["https:\/\/www.charles-de-flahaut.fr\/wordpress\/histoire-de-saint-laurent-de-brevedent-seine-maritime\/"]}]},{"@type":"ImageObject","inLanguage":"fr-FR","@id":"https:\/\/www.charles-de-flahaut.fr\/wordpress\/histoire-de-saint-laurent-de-brevedent-seine-maritime\/#primaryimage","url":"https:\/\/www.charles-de-flahaut.fr\/wordpress\/wp-content\/uploads\/2014\/09\/stlaurentdebrevedent.jpg","contentUrl":"https:\/\/www.charles-de-flahaut.fr\/wordpress\/wp-content\/uploads\/2014\/09\/stlaurentdebrevedent.jpg","width":650,"height":488},{"@type":"BreadcrumbList","@id":"https:\/\/www.charles-de-flahaut.fr\/wordpress\/histoire-de-saint-laurent-de-brevedent-seine-maritime\/#breadcrumb","itemListElement":[{"@type":"ListItem","position":1,"name":"Accueil","item":"https:\/\/www.charles-de-flahaut.fr\/wordpress\/"},{"@type":"ListItem","position":2,"name":"Histoire de Saint-Laurent-de-Brevedent (Seine-Maritime)"}]},{"@type":"WebSite","@id":"https:\/\/www.charles-de-flahaut.fr\/wordpress\/#website","url":"https:\/\/www.charles-de-flahaut.fr\/wordpress\/","name":"Histoire de France - Communiqu\u00e9s","description":"Histoire et patrimoine","publisher":{"@id":"https:\/\/www.charles-de-flahaut.fr\/wordpress\/#\/schema\/person\/81011c8b61bc74c05499365a506d49a9"},"potentialAction":[{"@type":"SearchAction","target":{"@type":"EntryPoint","urlTemplate":"https:\/\/www.charles-de-flahaut.fr\/wordpress\/?s={search_term_string}"},"query-input":{"@type":"PropertyValueSpecification","valueRequired":true,"valueName":"search_term_string"}}],"inLanguage":"fr-FR"},{"@type":["Person","Organization"],"@id":"https:\/\/www.charles-de-flahaut.fr\/wordpress\/#\/schema\/person\/81011c8b61bc74c05499365a506d49a9","name":"administrateur","logo":{"@id":"https:\/\/www.charles-de-flahaut.fr\/wordpress\/#\/schema\/person\/image\/"},"sameAs":["http:\/\/www.charles-de-flahaut.fr","https:\/\/www.facebook.com\/Sites.HistoiredeFrance"]},{"@type":"Person","@id":"https:\/\/www.charles-de-flahaut.fr\/wordpress\/#\/schema\/person\/41c41eaf9ae1d70810ff74a04a786c56","name":"administrateur","url":"https:\/\/www.charles-de-flahaut.fr\/wordpress\/author\/hist_8la_ad\/"}]}},"views":453,"amp_enabled":true,"_links":{"self":[{"href":"https:\/\/www.charles-de-flahaut.fr\/wordpress\/wp-json\/wp\/v2\/posts\/8344","targetHints":{"allow":["GET"]}}],"collection":[{"href":"https:\/\/www.charles-de-flahaut.fr\/wordpress\/wp-json\/wp\/v2\/posts"}],"about":[{"href":"https:\/\/www.charles-de-flahaut.fr\/wordpress\/wp-json\/wp\/v2\/types\/post"}],"author":[{"embeddable":true,"href":"https:\/\/www.charles-de-flahaut.fr\/wordpress\/wp-json\/wp\/v2\/users\/117"}],"replies":[{"embeddable":true,"href":"https:\/\/www.charles-de-flahaut.fr\/wordpress\/wp-json\/wp\/v2\/comments?post=8344"}],"version-history":[{"count":3,"href":"https:\/\/www.charles-de-flahaut.fr\/wordpress\/wp-json\/wp\/v2\/posts\/8344\/revisions"}],"predecessor-version":[{"id":13147,"href":"https:\/\/www.charles-de-flahaut.fr\/wordpress\/wp-json\/wp\/v2\/posts\/8344\/revisions\/13147"}],"wp:attachment":[{"href":"https:\/\/www.charles-de-flahaut.fr\/wordpress\/wp-json\/wp\/v2\/media?parent=8344"}],"wp:term":[{"taxonomy":"category","embeddable":true,"href":"https:\/\/www.charles-de-flahaut.fr\/wordpress\/wp-json\/wp\/v2\/categories?post=8344"},{"taxonomy":"post_tag","embeddable":true,"href":"https:\/\/www.charles-de-flahaut.fr\/wordpress\/wp-json\/wp\/v2\/tags?post=8344"}],"curies":[{"name":"wp","href":"https:\/\/api.w.org\/{rel}","templated":true}]}}