{"id":8223,"date":"2014-09-15T13:20:42","date_gmt":"2014-09-15T12:20:42","guid":{"rendered":"http:\/\/www.charles-de-flahaut.fr\/wordpress\/?p=8223"},"modified":"2015-05-28T07:53:32","modified_gmt":"2015-05-28T06:53:32","slug":"le-mesnil-le-roi-yvelines-et-son-histoire","status":"publish","type":"post","link":"https:\/\/www.charles-de-flahaut.fr\/wordpress\/le-mesnil-le-roi-yvelines-et-son-histoire\/","title":{"rendered":"Le Mesnil-le-Roi (Yvelines) et son histoire"},"content":{"rendered":"<p><strong>Le Mesnil-le-Roi (Yvelines) et son histoire<\/strong><br \/>\n<a href=\"http:\/\/www.lemesnilleroi.com\/ville\/histoire.htm\" target=\"_blank\">http:\/\/www.lemesnilleroi.com\/ville\/histoire.htm<\/a><\/p>\n<p><em>un nouveau site r\u00e9f\u00e9renc\u00e9 sur <a href=\"http:\/\/www.histoire-communes.jpflahaut.fr\/\" target=\"_blank\">Histoire et patrimoine des villes et villages de France<\/a><\/em><\/p>\n<p style=\"text-align: justify;\"><a href=\"http:\/\/www.charles-de-flahaut.fr\/wordpress\/wp-content\/uploads\/2014\/09\/lemesnilleroi.jpg\"><img loading=\"lazy\" decoding=\"async\" class=\"alignleft size-medium wp-image-8224\" src=\"http:\/\/www.charles-de-flahaut.fr\/wordpress\/wp-content\/uploads\/2014\/09\/lemesnilleroi-300x184.jpg\" alt=\"lemesnilleroi\" width=\"300\" height=\"184\" srcset=\"https:\/\/www.charles-de-flahaut.fr\/wordpress\/wp-content\/uploads\/2014\/09\/lemesnilleroi-300x184.jpg 300w, https:\/\/www.charles-de-flahaut.fr\/wordpress\/wp-content\/uploads\/2014\/09\/lemesnilleroi.jpg 650w\" sizes=\"auto, (max-width: 300px) 100vw, 300px\" \/><\/a>Le nom du Mesnil vient du latin \u00ab\u00a0mansio\u00a0\u00bb lieu de s\u00e9jour, d\u2019habitation. Son qualificatif royal remonterait \u00e0 Hugues Capet lorsque celui-ci s&rsquo;approprie les biens que l&rsquo;abbaye de Saint-Germain-des-Pr\u00e8s poss\u00e8de dans la r\u00e9gion. Lorsque le fondateur de la dynastie cap\u00e9tienne d\u00e9cide de redistribuer ce patrimoine, \u00e0 ses plus fid\u00e8les vassaux, il ne conserve que \u00ab\u00a0la for\u00eat et la villa royale du Mesnil\u00a0\u00bb&#8230;<\/p>\n<p><em>(image et extrait du site officiel de la commune &#8230; <a href=\"http:\/\/www.lemesnilleroi.com\/ville\/histoire.htm\" target=\"_blank\">lire la suite<\/a>)<\/em><\/p>\n<p style=\"text-align: justify;\"><strong>A lire \u00e9galement :<\/strong><br \/>\n&#8211; <a href=\"http:\/\/www.lemesnilleroi.com\/ville\/blason.htm\" target=\"_blank\">le blason<\/a><br \/>\n&#8211; <a href=\"http:\/\/www.lemesnilleroi.com\/ville\/monuments.htm\" target=\"_blank\">les monuments<\/a><br \/>\n&#8211; <a href=\"http:\/\/www.lemesnilleroi.com\/ville\/perso.htm\" target=\"_blank\">les personnalit\u00e9s locales<\/a><\/p>\n<p><iframe loading=\"lazy\" style=\"width: 120px; height: 240px;\" src=\"\/\/ws-eu.amazon-adsystem.com\/widgets\/q?ServiceVersion=20070822&amp;OneJS=1&amp;Operation=GetAdHtml&amp;MarketPlace=FR&amp;source=ac&amp;ref=tf_til&amp;ad_type=product_link&amp;tracking_id=charledeflaha-21&amp;marketplace=amazon&amp;region=FR&amp;placement=2951712901&amp;asins=2951712901&amp;linkId=UX2BD5ZIPVZ6DWFE&amp;show_border=true&amp;link_opens_in_new_window=true\" width=\"300\" height=\"150\" frameborder=\"0\" marginwidth=\"0\" marginheight=\"0\" scrolling=\"no\"><br \/>\n<\/iframe><iframe loading=\"lazy\" style=\"width: 120px; height: 240px;\" src=\"\/\/ws-eu.amazon-adsystem.com\/widgets\/q?ServiceVersion=20070822&amp;OneJS=1&amp;Operation=GetAdHtml&amp;MarketPlace=FR&amp;source=ac&amp;ref=tf_til&amp;ad_type=product_link&amp;tracking_id=charledeflaha-21&amp;marketplace=amazon&amp;region=FR&amp;placement=2842531949&amp;asins=2842531949&amp;linkId=5NTBI24K743MJ5UV&amp;show_border=true&amp;link_opens_in_new_window=true\" width=\"300\" height=\"150\" frameborder=\"0\" marginwidth=\"0\" marginheight=\"0\" scrolling=\"no\"><br \/>\n<\/iframe><\/p>\n","protected":false},"excerpt":{"rendered":"<p>Le Mesnil-le-Roi (Yvelines) et son histoire http:\/\/www.lemesnilleroi.com\/ville\/histoire.htm un nouveau site r\u00e9f\u00e9renc\u00e9 sur Histoire et patrimoine des villes et villages de France Le nom du Mesnil vient du latin \u00ab\u00a0mansio\u00a0\u00bb lieu de s\u00e9jour, d\u2019habitation. Son qualificatif royal remonterait \u00e0 Hugues Capet lorsque celui-ci s&rsquo;approprie les biens que l&rsquo;abbaye de Saint-Germain-des-Pr\u00e8s poss\u00e8de dans la r\u00e9gion. Lorsque le &hellip; <\/p>\n<p><a class=\"more-link btn\" href=\"https:\/\/www.charles-de-flahaut.fr\/wordpress\/le-mesnil-le-roi-yvelines-et-son-histoire\/\">Lire la suite<\/a><\/p>\n","protected":false},"author":117,"featured_media":0,"comment_status":"open","ping_status":"open","sticky":false,"template":"","format":"standard","meta":{"footnotes":""},"categories":[166,13,16,8,79],"tags":[],"class_list":["post-8223","post","type-post","status-publish","format-standard","hentry","category-78-yvelines","category-armoiries-blasons","category-histoire-regionale","category-patrimoine","category-personnages-celebres","item-wrap"],"yoast_head":"<!-- This site is optimized with the Yoast SEO plugin v27.5 - https:\/\/yoast.com\/product\/yoast-seo-wordpress\/ -->\n<title>Le Mesnil-le-Roi (Yvelines) et son histoire - Histoire de France - Communiqu\u00e9s<\/title>\n<meta name=\"robots\" content=\"index, follow, max-snippet:-1, max-image-preview:large, max-video-preview:-1\" \/>\n<link rel=\"canonical\" href=\"https:\/\/www.charles-de-flahaut.fr\/wordpress\/le-mesnil-le-roi-yvelines-et-son-histoire\/\" \/>\n<meta property=\"og:locale\" content=\"fr_FR\" \/>\n<meta property=\"og:type\" content=\"article\" \/>\n<meta property=\"og:title\" content=\"Le Mesnil-le-Roi (Yvelines) et son histoire - Histoire de France - Communiqu\u00e9s\" \/>\n<meta property=\"og:description\" content=\"Le Mesnil-le-Roi (Yvelines) et son histoire http:\/\/www.lemesnilleroi.com\/ville\/histoire.htm un nouveau site r\u00e9f\u00e9renc\u00e9 sur Histoire et patrimoine des villes et villages de France Le nom du Mesnil vient du latin \u00ab\u00a0mansio\u00a0\u00bb lieu de s\u00e9jour, d\u2019habitation. Son qualificatif royal remonterait \u00e0 Hugues Capet lorsque celui-ci s&rsquo;approprie les biens que l&rsquo;abbaye de Saint-Germain-des-Pr\u00e8s poss\u00e8de dans la r\u00e9gion. Lorsque le &hellip; Lire la suite\" \/>\n<meta property=\"og:url\" content=\"https:\/\/www.charles-de-flahaut.fr\/wordpress\/le-mesnil-le-roi-yvelines-et-son-histoire\/\" \/>\n<meta property=\"og:site_name\" content=\"Histoire de France - Communiqu\u00e9s\" \/>\n<meta property=\"article:publisher\" content=\"https:\/\/www.facebook.com\/Sites.HistoiredeFrance\" \/>\n<meta property=\"article:published_time\" content=\"2014-09-15T12:20:42+00:00\" \/>\n<meta property=\"article:modified_time\" content=\"2015-05-28T06:53:32+00:00\" \/>\n<meta property=\"og:image\" content=\"http:\/\/www.charles-de-flahaut.fr\/wordpress\/wp-content\/uploads\/2014\/09\/lemesnilleroi-300x184.jpg\" \/>\n<meta name=\"author\" content=\"administrateur\" \/>\n<meta name=\"twitter:card\" content=\"summary_large_image\" \/>\n<meta name=\"twitter:label1\" content=\"\u00c9crit par\" \/>\n\t<meta name=\"twitter:data1\" content=\"administrateur\" \/>\n\t<meta name=\"twitter:label2\" content=\"Dur\u00e9e de lecture estim\u00e9e\" \/>\n\t<meta name=\"twitter:data2\" content=\"1 minute\" \/>\n<script type=\"application\/ld+json\" class=\"yoast-schema-graph\">{\"@context\":\"https:\\\/\\\/schema.org\",\"@graph\":[{\"@type\":\"Article\",\"@id\":\"https:\\\/\\\/www.charles-de-flahaut.fr\\\/wordpress\\\/le-mesnil-le-roi-yvelines-et-son-histoire\\\/#article\",\"isPartOf\":{\"@id\":\"https:\\\/\\\/www.charles-de-flahaut.fr\\\/wordpress\\\/le-mesnil-le-roi-yvelines-et-son-histoire\\\/\"},\"author\":{\"name\":\"administrateur\",\"@id\":\"https:\\\/\\\/www.charles-de-flahaut.fr\\\/wordpress\\\/#\\\/schema\\\/person\\\/41c41eaf9ae1d70810ff74a04a786c56\"},\"headline\":\"Le Mesnil-le-Roi (Yvelines) et son histoire\",\"datePublished\":\"2014-09-15T12:20:42+00:00\",\"dateModified\":\"2015-05-28T06:53:32+00:00\",\"mainEntityOfPage\":{\"@id\":\"https:\\\/\\\/www.charles-de-flahaut.fr\\\/wordpress\\\/le-mesnil-le-roi-yvelines-et-son-histoire\\\/\"},\"wordCount\":131,\"commentCount\":0,\"publisher\":{\"@id\":\"https:\\\/\\\/www.charles-de-flahaut.fr\\\/wordpress\\\/#\\\/schema\\\/person\\\/81011c8b61bc74c05499365a506d49a9\"},\"image\":{\"@id\":\"https:\\\/\\\/www.charles-de-flahaut.fr\\\/wordpress\\\/le-mesnil-le-roi-yvelines-et-son-histoire\\\/#primaryimage\"},\"thumbnailUrl\":\"http:\\\/\\\/www.charles-de-flahaut.fr\\\/wordpress\\\/wp-content\\\/uploads\\\/2014\\\/09\\\/lemesnilleroi-300x184.jpg\",\"articleSection\":[\"78 - Yvelines\",\"armoiries, blasons\",\"histoire locale\",\"patrimoine\",\"personnages c\u00e9l\u00e8bres\"],\"inLanguage\":\"fr-FR\",\"potentialAction\":[{\"@type\":\"CommentAction\",\"name\":\"Comment\",\"target\":[\"https:\\\/\\\/www.charles-de-flahaut.fr\\\/wordpress\\\/le-mesnil-le-roi-yvelines-et-son-histoire\\\/#respond\"]}]},{\"@type\":\"WebPage\",\"@id\":\"https:\\\/\\\/www.charles-de-flahaut.fr\\\/wordpress\\\/le-mesnil-le-roi-yvelines-et-son-histoire\\\/\",\"url\":\"https:\\\/\\\/www.charles-de-flahaut.fr\\\/wordpress\\\/le-mesnil-le-roi-yvelines-et-son-histoire\\\/\",\"name\":\"Le Mesnil-le-Roi (Yvelines) et son histoire - Histoire de France - Communiqu\u00e9s\",\"isPartOf\":{\"@id\":\"https:\\\/\\\/www.charles-de-flahaut.fr\\\/wordpress\\\/#website\"},\"primaryImageOfPage\":{\"@id\":\"https:\\\/\\\/www.charles-de-flahaut.fr\\\/wordpress\\\/le-mesnil-le-roi-yvelines-et-son-histoire\\\/#primaryimage\"},\"image\":{\"@id\":\"https:\\\/\\\/www.charles-de-flahaut.fr\\\/wordpress\\\/le-mesnil-le-roi-yvelines-et-son-histoire\\\/#primaryimage\"},\"thumbnailUrl\":\"http:\\\/\\\/www.charles-de-flahaut.fr\\\/wordpress\\\/wp-content\\\/uploads\\\/2014\\\/09\\\/lemesnilleroi-300x184.jpg\",\"datePublished\":\"2014-09-15T12:20:42+00:00\",\"dateModified\":\"2015-05-28T06:53:32+00:00\",\"breadcrumb\":{\"@id\":\"https:\\\/\\\/www.charles-de-flahaut.fr\\\/wordpress\\\/le-mesnil-le-roi-yvelines-et-son-histoire\\\/#breadcrumb\"},\"inLanguage\":\"fr-FR\",\"potentialAction\":[{\"@type\":\"ReadAction\",\"target\":[\"https:\\\/\\\/www.charles-de-flahaut.fr\\\/wordpress\\\/le-mesnil-le-roi-yvelines-et-son-histoire\\\/\"]}]},{\"@type\":\"ImageObject\",\"inLanguage\":\"fr-FR\",\"@id\":\"https:\\\/\\\/www.charles-de-flahaut.fr\\\/wordpress\\\/le-mesnil-le-roi-yvelines-et-son-histoire\\\/#primaryimage\",\"url\":\"https:\\\/\\\/www.charles-de-flahaut.fr\\\/wordpress\\\/wp-content\\\/uploads\\\/2014\\\/09\\\/lemesnilleroi.jpg\",\"contentUrl\":\"https:\\\/\\\/www.charles-de-flahaut.fr\\\/wordpress\\\/wp-content\\\/uploads\\\/2014\\\/09\\\/lemesnilleroi.jpg\",\"width\":650,\"height\":400},{\"@type\":\"BreadcrumbList\",\"@id\":\"https:\\\/\\\/www.charles-de-flahaut.fr\\\/wordpress\\\/le-mesnil-le-roi-yvelines-et-son-histoire\\\/#breadcrumb\",\"itemListElement\":[{\"@type\":\"ListItem\",\"position\":1,\"name\":\"Accueil\",\"item\":\"https:\\\/\\\/www.charles-de-flahaut.fr\\\/wordpress\\\/\"},{\"@type\":\"ListItem\",\"position\":2,\"name\":\"Le Mesnil-le-Roi (Yvelines) et son histoire\"}]},{\"@type\":\"WebSite\",\"@id\":\"https:\\\/\\\/www.charles-de-flahaut.fr\\\/wordpress\\\/#website\",\"url\":\"https:\\\/\\\/www.charles-de-flahaut.fr\\\/wordpress\\\/\",\"name\":\"Histoire de France - Communiqu\u00e9s\",\"description\":\"Histoire et patrimoine\",\"publisher\":{\"@id\":\"https:\\\/\\\/www.charles-de-flahaut.fr\\\/wordpress\\\/#\\\/schema\\\/person\\\/81011c8b61bc74c05499365a506d49a9\"},\"potentialAction\":[{\"@type\":\"SearchAction\",\"target\":{\"@type\":\"EntryPoint\",\"urlTemplate\":\"https:\\\/\\\/www.charles-de-flahaut.fr\\\/wordpress\\\/?s={search_term_string}\"},\"query-input\":{\"@type\":\"PropertyValueSpecification\",\"valueRequired\":true,\"valueName\":\"search_term_string\"}}],\"inLanguage\":\"fr-FR\"},{\"@type\":[\"Person\",\"Organization\"],\"@id\":\"https:\\\/\\\/www.charles-de-flahaut.fr\\\/wordpress\\\/#\\\/schema\\\/person\\\/81011c8b61bc74c05499365a506d49a9\",\"name\":\"administrateur\",\"logo\":{\"@id\":\"https:\\\/\\\/www.charles-de-flahaut.fr\\\/wordpress\\\/#\\\/schema\\\/person\\\/image\\\/\"},\"sameAs\":[\"http:\\\/\\\/www.charles-de-flahaut.fr\",\"https:\\\/\\\/www.facebook.com\\\/Sites.HistoiredeFrance\"]},{\"@type\":\"Person\",\"@id\":\"https:\\\/\\\/www.charles-de-flahaut.fr\\\/wordpress\\\/#\\\/schema\\\/person\\\/41c41eaf9ae1d70810ff74a04a786c56\",\"name\":\"administrateur\",\"url\":\"https:\\\/\\\/www.charles-de-flahaut.fr\\\/wordpress\\\/author\\\/hist_8la_ad\\\/\"}]}<\/script>\n<!-- \/ Yoast SEO plugin. -->","yoast_head_json":{"title":"Le Mesnil-le-Roi (Yvelines) et son histoire - Histoire de France - Communiqu\u00e9s","robots":{"index":"index","follow":"follow","max-snippet":"max-snippet:-1","max-image-preview":"max-image-preview:large","max-video-preview":"max-video-preview:-1"},"canonical":"https:\/\/www.charles-de-flahaut.fr\/wordpress\/le-mesnil-le-roi-yvelines-et-son-histoire\/","og_locale":"fr_FR","og_type":"article","og_title":"Le Mesnil-le-Roi (Yvelines) et son histoire - Histoire de France - Communiqu\u00e9s","og_description":"Le Mesnil-le-Roi (Yvelines) et son histoire http:\/\/www.lemesnilleroi.com\/ville\/histoire.htm un nouveau site r\u00e9f\u00e9renc\u00e9 sur Histoire et patrimoine des villes et villages de France Le nom du Mesnil vient du latin \u00ab\u00a0mansio\u00a0\u00bb lieu de s\u00e9jour, d\u2019habitation. Son qualificatif royal remonterait \u00e0 Hugues Capet lorsque celui-ci s&rsquo;approprie les biens que l&rsquo;abbaye de Saint-Germain-des-Pr\u00e8s poss\u00e8de dans la r\u00e9gion. Lorsque le &hellip; Lire la suite","og_url":"https:\/\/www.charles-de-flahaut.fr\/wordpress\/le-mesnil-le-roi-yvelines-et-son-histoire\/","og_site_name":"Histoire de France - Communiqu\u00e9s","article_publisher":"https:\/\/www.facebook.com\/Sites.HistoiredeFrance","article_published_time":"2014-09-15T12:20:42+00:00","article_modified_time":"2015-05-28T06:53:32+00:00","og_image":[{"url":"http:\/\/www.charles-de-flahaut.fr\/wordpress\/wp-content\/uploads\/2014\/09\/lemesnilleroi-300x184.jpg","type":"","width":"","height":""}],"author":"administrateur","twitter_card":"summary_large_image","twitter_misc":{"\u00c9crit par":"administrateur","Dur\u00e9e de lecture estim\u00e9e":"1 minute"},"schema":{"@context":"https:\/\/schema.org","@graph":[{"@type":"Article","@id":"https:\/\/www.charles-de-flahaut.fr\/wordpress\/le-mesnil-le-roi-yvelines-et-son-histoire\/#article","isPartOf":{"@id":"https:\/\/www.charles-de-flahaut.fr\/wordpress\/le-mesnil-le-roi-yvelines-et-son-histoire\/"},"author":{"name":"administrateur","@id":"https:\/\/www.charles-de-flahaut.fr\/wordpress\/#\/schema\/person\/41c41eaf9ae1d70810ff74a04a786c56"},"headline":"Le Mesnil-le-Roi (Yvelines) et son histoire","datePublished":"2014-09-15T12:20:42+00:00","dateModified":"2015-05-28T06:53:32+00:00","mainEntityOfPage":{"@id":"https:\/\/www.charles-de-flahaut.fr\/wordpress\/le-mesnil-le-roi-yvelines-et-son-histoire\/"},"wordCount":131,"commentCount":0,"publisher":{"@id":"https:\/\/www.charles-de-flahaut.fr\/wordpress\/#\/schema\/person\/81011c8b61bc74c05499365a506d49a9"},"image":{"@id":"https:\/\/www.charles-de-flahaut.fr\/wordpress\/le-mesnil-le-roi-yvelines-et-son-histoire\/#primaryimage"},"thumbnailUrl":"http:\/\/www.charles-de-flahaut.fr\/wordpress\/wp-content\/uploads\/2014\/09\/lemesnilleroi-300x184.jpg","articleSection":["78 - Yvelines","armoiries, blasons","histoire locale","patrimoine","personnages c\u00e9l\u00e8bres"],"inLanguage":"fr-FR","potentialAction":[{"@type":"CommentAction","name":"Comment","target":["https:\/\/www.charles-de-flahaut.fr\/wordpress\/le-mesnil-le-roi-yvelines-et-son-histoire\/#respond"]}]},{"@type":"WebPage","@id":"https:\/\/www.charles-de-flahaut.fr\/wordpress\/le-mesnil-le-roi-yvelines-et-son-histoire\/","url":"https:\/\/www.charles-de-flahaut.fr\/wordpress\/le-mesnil-le-roi-yvelines-et-son-histoire\/","name":"Le Mesnil-le-Roi (Yvelines) et son histoire - Histoire de France - Communiqu\u00e9s","isPartOf":{"@id":"https:\/\/www.charles-de-flahaut.fr\/wordpress\/#website"},"primaryImageOfPage":{"@id":"https:\/\/www.charles-de-flahaut.fr\/wordpress\/le-mesnil-le-roi-yvelines-et-son-histoire\/#primaryimage"},"image":{"@id":"https:\/\/www.charles-de-flahaut.fr\/wordpress\/le-mesnil-le-roi-yvelines-et-son-histoire\/#primaryimage"},"thumbnailUrl":"http:\/\/www.charles-de-flahaut.fr\/wordpress\/wp-content\/uploads\/2014\/09\/lemesnilleroi-300x184.jpg","datePublished":"2014-09-15T12:20:42+00:00","dateModified":"2015-05-28T06:53:32+00:00","breadcrumb":{"@id":"https:\/\/www.charles-de-flahaut.fr\/wordpress\/le-mesnil-le-roi-yvelines-et-son-histoire\/#breadcrumb"},"inLanguage":"fr-FR","potentialAction":[{"@type":"ReadAction","target":["https:\/\/www.charles-de-flahaut.fr\/wordpress\/le-mesnil-le-roi-yvelines-et-son-histoire\/"]}]},{"@type":"ImageObject","inLanguage":"fr-FR","@id":"https:\/\/www.charles-de-flahaut.fr\/wordpress\/le-mesnil-le-roi-yvelines-et-son-histoire\/#primaryimage","url":"https:\/\/www.charles-de-flahaut.fr\/wordpress\/wp-content\/uploads\/2014\/09\/lemesnilleroi.jpg","contentUrl":"https:\/\/www.charles-de-flahaut.fr\/wordpress\/wp-content\/uploads\/2014\/09\/lemesnilleroi.jpg","width":650,"height":400},{"@type":"BreadcrumbList","@id":"https:\/\/www.charles-de-flahaut.fr\/wordpress\/le-mesnil-le-roi-yvelines-et-son-histoire\/#breadcrumb","itemListElement":[{"@type":"ListItem","position":1,"name":"Accueil","item":"https:\/\/www.charles-de-flahaut.fr\/wordpress\/"},{"@type":"ListItem","position":2,"name":"Le Mesnil-le-Roi (Yvelines) et son histoire"}]},{"@type":"WebSite","@id":"https:\/\/www.charles-de-flahaut.fr\/wordpress\/#website","url":"https:\/\/www.charles-de-flahaut.fr\/wordpress\/","name":"Histoire de France - Communiqu\u00e9s","description":"Histoire et patrimoine","publisher":{"@id":"https:\/\/www.charles-de-flahaut.fr\/wordpress\/#\/schema\/person\/81011c8b61bc74c05499365a506d49a9"},"potentialAction":[{"@type":"SearchAction","target":{"@type":"EntryPoint","urlTemplate":"https:\/\/www.charles-de-flahaut.fr\/wordpress\/?s={search_term_string}"},"query-input":{"@type":"PropertyValueSpecification","valueRequired":true,"valueName":"search_term_string"}}],"inLanguage":"fr-FR"},{"@type":["Person","Organization"],"@id":"https:\/\/www.charles-de-flahaut.fr\/wordpress\/#\/schema\/person\/81011c8b61bc74c05499365a506d49a9","name":"administrateur","logo":{"@id":"https:\/\/www.charles-de-flahaut.fr\/wordpress\/#\/schema\/person\/image\/"},"sameAs":["http:\/\/www.charles-de-flahaut.fr","https:\/\/www.facebook.com\/Sites.HistoiredeFrance"]},{"@type":"Person","@id":"https:\/\/www.charles-de-flahaut.fr\/wordpress\/#\/schema\/person\/41c41eaf9ae1d70810ff74a04a786c56","name":"administrateur","url":"https:\/\/www.charles-de-flahaut.fr\/wordpress\/author\/hist_8la_ad\/"}]}},"views":489,"amp_enabled":true,"_links":{"self":[{"href":"https:\/\/www.charles-de-flahaut.fr\/wordpress\/wp-json\/wp\/v2\/posts\/8223","targetHints":{"allow":["GET"]}}],"collection":[{"href":"https:\/\/www.charles-de-flahaut.fr\/wordpress\/wp-json\/wp\/v2\/posts"}],"about":[{"href":"https:\/\/www.charles-de-flahaut.fr\/wordpress\/wp-json\/wp\/v2\/types\/post"}],"author":[{"embeddable":true,"href":"https:\/\/www.charles-de-flahaut.fr\/wordpress\/wp-json\/wp\/v2\/users\/117"}],"replies":[{"embeddable":true,"href":"https:\/\/www.charles-de-flahaut.fr\/wordpress\/wp-json\/wp\/v2\/comments?post=8223"}],"version-history":[{"count":4,"href":"https:\/\/www.charles-de-flahaut.fr\/wordpress\/wp-json\/wp\/v2\/posts\/8223\/revisions"}],"predecessor-version":[{"id":13278,"href":"https:\/\/www.charles-de-flahaut.fr\/wordpress\/wp-json\/wp\/v2\/posts\/8223\/revisions\/13278"}],"wp:attachment":[{"href":"https:\/\/www.charles-de-flahaut.fr\/wordpress\/wp-json\/wp\/v2\/media?parent=8223"}],"wp:term":[{"taxonomy":"category","embeddable":true,"href":"https:\/\/www.charles-de-flahaut.fr\/wordpress\/wp-json\/wp\/v2\/categories?post=8223"},{"taxonomy":"post_tag","embeddable":true,"href":"https:\/\/www.charles-de-flahaut.fr\/wordpress\/wp-json\/wp\/v2\/tags?post=8223"}],"curies":[{"name":"wp","href":"https:\/\/api.w.org\/{rel}","templated":true}]}}