{"id":79563,"date":"2021-01-19T18:25:25","date_gmt":"2021-01-19T17:25:25","guid":{"rendered":"https:\/\/www.charles-de-flahaut.fr\/wordpress\/?p=79563"},"modified":"2025-12-21T13:41:29","modified_gmt":"2025-12-21T12:41:29","slug":"histoire-et-patrimoine-de-la-chapelle-saint-sauveur-loire-atlantique","status":"publish","type":"post","link":"https:\/\/www.charles-de-flahaut.fr\/wordpress\/histoire-et-patrimoine-de-la-chapelle-saint-sauveur-loire-atlantique\/","title":{"rendered":"Histoire et patrimoine de La Chapelle Saint Sauveur (Loire-Atlantique)"},"content":{"rendered":"<p><strong>Histoire et patrimoine de La Chapelle Saint Sauveur (Loire-Atlantique)<\/strong><br \/>\n<a href=\"https:\/\/www.pays-ancenis.com\/compa\/le-territoire\/les-communes\/loireauxence\/la-chapelle-saint-sauveur\" target=\"_blank\" rel=\"noopener noreferrer\">https:\/\/www.pays-ancenis.com\/compa\/le-territoire\/les-communes\/loireauxence\/la-chapelle-saint-sauveur<\/a><\/p>\n<p style=\"text-align: justify;\"><em><a href=\"https:\/\/www.charles-de-flahaut.fr\/wordpress\/wp-content\/uploads\/2021\/01\/lachapellesaintsauveur44.jpg\"><img loading=\"lazy\" decoding=\"async\" class=\"alignleft size-full wp-image-79565\" src=\"https:\/\/www.charles-de-flahaut.fr\/wordpress\/wp-content\/uploads\/2021\/01\/lachapellesaintsauveur44.jpg\" alt=\"\" width=\"150\" height=\"113\" \/><\/a>un site r\u00e9f\u00e9renc\u00e9 sur le nouvel\u00a0\u00a0<a href=\"https:\/\/charles-de-flahaut.fr\/annuaire-histoire-communes\" target=\"_blank\" rel=\"noopener noreferrer\">Annuaire Historique des Communes de France<\/a><\/em><\/p>\n<p style=\"text-align: justify;\">La Chapelle-Saint-Sauveur autrefois reli\u00e9e \u00e0 Montrelais \u00e9tait d\u00e9nomm\u00e9e La Chapelle de Montrelais. Erig\u00e9e en paroisse en 1767, l\u2019\u00e9glise d\u00e9j\u00e0 existante en 1196 avait pour nom St Sauveur. Ce n\u2019est que lors de la s\u00e9paration d\u2019avec Montrelais en l\u2019an IV de la R\u00e9publique (1795) qu\u2019elle fut appel\u00e9e \u00ab La Chapelle-Saint-Sauveur \u00bb&#8230;<\/p>\n<p><em>(image et extrait du site pays-ancenis.com&#8230; <a href=\"https:\/\/www.pays-ancenis.com\/compa\/le-territoire\/les-communes\/loireauxence\/la-chapelle-saint-sauveur\" target=\"_blank\" rel=\"noopener noreferrer\">lire la suite<\/a>)<\/em><\/p>\n<p style=\"text-align: center;\"><a href=\"https:\/\/amzn.to\/44GoMfT\" target=\"_blank\" rel=\"noopener\"><strong>Ouvrages sur la Loire-Atlantique<\/strong><\/a><\/p>\n<p><a href=\"https:\/\/amzn.to\/44GoMfT\" target=\"_blank\" rel=\"noopener\"><img loading=\"lazy\" decoding=\"async\" class=\"size-full wp-image-103324 aligncenter\" src=\"https:\/\/www.charles-de-flahaut.fr\/wordpress\/wp-content\/uploads\/2025\/04\/loireatlantique.jpg\" alt=\"\" width=\"342\" height=\"438\" srcset=\"https:\/\/www.charles-de-flahaut.fr\/wordpress\/wp-content\/uploads\/2025\/04\/loireatlantique.jpg 342w, https:\/\/www.charles-de-flahaut.fr\/wordpress\/wp-content\/uploads\/2025\/04\/loireatlantique-234x300.jpg 234w\" sizes=\"auto, (max-width: 342px) 100vw, 342px\" \/><\/a><\/p>\n","protected":false},"excerpt":{"rendered":"<p>Histoire et patrimoine de La Chapelle Saint Sauveur (Loire-Atlantique) https:\/\/www.pays-ancenis.com\/compa\/le-territoire\/les-communes\/loireauxence\/la-chapelle-saint-sauveur un site r\u00e9f\u00e9renc\u00e9 sur le nouvel\u00a0\u00a0Annuaire Historique des Communes de France La Chapelle-Saint-Sauveur autrefois reli\u00e9e \u00e0 Montrelais \u00e9tait d\u00e9nomm\u00e9e La Chapelle de Montrelais. Erig\u00e9e en paroisse en 1767, l\u2019\u00e9glise d\u00e9j\u00e0 existante en 1196 avait pour nom St Sauveur. Ce n\u2019est que lors de la s\u00e9paration &hellip; <\/p>\n<p><a class=\"more-link btn\" href=\"https:\/\/www.charles-de-flahaut.fr\/wordpress\/histoire-et-patrimoine-de-la-chapelle-saint-sauveur-loire-atlantique\/\">Lire la suite<\/a><\/p>\n","protected":false},"author":117,"featured_media":0,"comment_status":"open","ping_status":"open","sticky":false,"template":"","format":"standard","meta":{"footnotes":""},"categories":[132,16,8],"tags":[],"class_list":["post-79563","post","type-post","status-publish","format-standard","hentry","category-44-loire-atlantique","category-histoire-regionale","category-patrimoine","item-wrap"],"yoast_head":"<!-- This site is optimized with the Yoast SEO plugin v27.4 - https:\/\/yoast.com\/product\/yoast-seo-wordpress\/ -->\n<title>Histoire et patrimoine de La Chapelle Saint Sauveur (Loire-Atlantique) - Histoire de France - Communiqu\u00e9s<\/title>\n<meta name=\"description\" content=\"La Chapelle-Saint-Sauveur autrefois reli\u00e9e \u00e0 Montrelais \u00e9tait d\u00e9nomm\u00e9e La Chapelle de Montrelais....\" \/>\n<meta name=\"robots\" content=\"index, follow, max-snippet:-1, max-image-preview:large, max-video-preview:-1\" \/>\n<link rel=\"canonical\" href=\"https:\/\/www.charles-de-flahaut.fr\/wordpress\/histoire-et-patrimoine-de-la-chapelle-saint-sauveur-loire-atlantique\/\" \/>\n<meta property=\"og:locale\" content=\"fr_FR\" \/>\n<meta property=\"og:type\" content=\"article\" \/>\n<meta property=\"og:title\" content=\"Histoire et patrimoine de La Chapelle Saint Sauveur (Loire-Atlantique) - Histoire de France - Communiqu\u00e9s\" \/>\n<meta property=\"og:description\" content=\"La Chapelle-Saint-Sauveur autrefois reli\u00e9e \u00e0 Montrelais \u00e9tait d\u00e9nomm\u00e9e La Chapelle de Montrelais....\" \/>\n<meta property=\"og:url\" content=\"https:\/\/www.charles-de-flahaut.fr\/wordpress\/histoire-et-patrimoine-de-la-chapelle-saint-sauveur-loire-atlantique\/\" \/>\n<meta property=\"og:site_name\" content=\"Histoire de France - Communiqu\u00e9s\" \/>\n<meta property=\"article:publisher\" content=\"https:\/\/www.facebook.com\/Sites.HistoiredeFrance\" \/>\n<meta property=\"article:published_time\" content=\"2021-01-19T17:25:25+00:00\" \/>\n<meta property=\"article:modified_time\" content=\"2025-12-21T12:41:29+00:00\" \/>\n<meta property=\"og:image\" content=\"https:\/\/www.charles-de-flahaut.fr\/wordpress\/wp-content\/uploads\/2021\/01\/lachapellesaintsauveur44.jpg\" \/>\n\t<meta property=\"og:image:width\" content=\"150\" \/>\n\t<meta property=\"og:image:height\" content=\"113\" \/>\n\t<meta property=\"og:image:type\" content=\"image\/jpeg\" \/>\n<meta name=\"author\" content=\"administrateur\" \/>\n<meta name=\"twitter:card\" content=\"summary_large_image\" \/>\n<meta name=\"twitter:label1\" content=\"\u00c9crit par\" \/>\n\t<meta name=\"twitter:data1\" content=\"administrateur\" \/>\n\t<meta name=\"twitter:label2\" content=\"Dur\u00e9e de lecture estim\u00e9e\" \/>\n\t<meta name=\"twitter:data2\" content=\"1 minute\" \/>\n<script type=\"application\/ld+json\" class=\"yoast-schema-graph\">{\"@context\":\"https:\\\/\\\/schema.org\",\"@graph\":[{\"@type\":\"Article\",\"@id\":\"https:\\\/\\\/www.charles-de-flahaut.fr\\\/wordpress\\\/histoire-et-patrimoine-de-la-chapelle-saint-sauveur-loire-atlantique\\\/#article\",\"isPartOf\":{\"@id\":\"https:\\\/\\\/www.charles-de-flahaut.fr\\\/wordpress\\\/histoire-et-patrimoine-de-la-chapelle-saint-sauveur-loire-atlantique\\\/\"},\"author\":{\"name\":\"administrateur\",\"@id\":\"https:\\\/\\\/www.charles-de-flahaut.fr\\\/wordpress\\\/#\\\/schema\\\/person\\\/41c41eaf9ae1d70810ff74a04a786c56\"},\"headline\":\"Histoire et patrimoine de La Chapelle Saint Sauveur (Loire-Atlantique)\",\"datePublished\":\"2021-01-19T17:25:25+00:00\",\"dateModified\":\"2025-12-21T12:41:29+00:00\",\"mainEntityOfPage\":{\"@id\":\"https:\\\/\\\/www.charles-de-flahaut.fr\\\/wordpress\\\/histoire-et-patrimoine-de-la-chapelle-saint-sauveur-loire-atlantique\\\/\"},\"wordCount\":112,\"commentCount\":0,\"publisher\":{\"@id\":\"https:\\\/\\\/www.charles-de-flahaut.fr\\\/wordpress\\\/#\\\/schema\\\/person\\\/81011c8b61bc74c05499365a506d49a9\"},\"image\":{\"@id\":\"https:\\\/\\\/www.charles-de-flahaut.fr\\\/wordpress\\\/histoire-et-patrimoine-de-la-chapelle-saint-sauveur-loire-atlantique\\\/#primaryimage\"},\"thumbnailUrl\":\"https:\\\/\\\/www.charles-de-flahaut.fr\\\/wordpress\\\/wp-content\\\/uploads\\\/2021\\\/01\\\/lachapellesaintsauveur44.jpg\",\"articleSection\":[\"44 - Loire Atlantique\",\"histoire locale\",\"patrimoine\"],\"inLanguage\":\"fr-FR\",\"potentialAction\":[{\"@type\":\"CommentAction\",\"name\":\"Comment\",\"target\":[\"https:\\\/\\\/www.charles-de-flahaut.fr\\\/wordpress\\\/histoire-et-patrimoine-de-la-chapelle-saint-sauveur-loire-atlantique\\\/#respond\"]}]},{\"@type\":\"WebPage\",\"@id\":\"https:\\\/\\\/www.charles-de-flahaut.fr\\\/wordpress\\\/histoire-et-patrimoine-de-la-chapelle-saint-sauveur-loire-atlantique\\\/\",\"url\":\"https:\\\/\\\/www.charles-de-flahaut.fr\\\/wordpress\\\/histoire-et-patrimoine-de-la-chapelle-saint-sauveur-loire-atlantique\\\/\",\"name\":\"Histoire et patrimoine de La Chapelle Saint Sauveur (Loire-Atlantique) - Histoire de France - Communiqu\u00e9s\",\"isPartOf\":{\"@id\":\"https:\\\/\\\/www.charles-de-flahaut.fr\\\/wordpress\\\/#website\"},\"primaryImageOfPage\":{\"@id\":\"https:\\\/\\\/www.charles-de-flahaut.fr\\\/wordpress\\\/histoire-et-patrimoine-de-la-chapelle-saint-sauveur-loire-atlantique\\\/#primaryimage\"},\"image\":{\"@id\":\"https:\\\/\\\/www.charles-de-flahaut.fr\\\/wordpress\\\/histoire-et-patrimoine-de-la-chapelle-saint-sauveur-loire-atlantique\\\/#primaryimage\"},\"thumbnailUrl\":\"https:\\\/\\\/www.charles-de-flahaut.fr\\\/wordpress\\\/wp-content\\\/uploads\\\/2021\\\/01\\\/lachapellesaintsauveur44.jpg\",\"datePublished\":\"2021-01-19T17:25:25+00:00\",\"dateModified\":\"2025-12-21T12:41:29+00:00\",\"description\":\"La Chapelle-Saint-Sauveur autrefois reli\u00e9e \u00e0 Montrelais \u00e9tait d\u00e9nomm\u00e9e La Chapelle de Montrelais....\",\"breadcrumb\":{\"@id\":\"https:\\\/\\\/www.charles-de-flahaut.fr\\\/wordpress\\\/histoire-et-patrimoine-de-la-chapelle-saint-sauveur-loire-atlantique\\\/#breadcrumb\"},\"inLanguage\":\"fr-FR\",\"potentialAction\":[{\"@type\":\"ReadAction\",\"target\":[\"https:\\\/\\\/www.charles-de-flahaut.fr\\\/wordpress\\\/histoire-et-patrimoine-de-la-chapelle-saint-sauveur-loire-atlantique\\\/\"]}]},{\"@type\":\"ImageObject\",\"inLanguage\":\"fr-FR\",\"@id\":\"https:\\\/\\\/www.charles-de-flahaut.fr\\\/wordpress\\\/histoire-et-patrimoine-de-la-chapelle-saint-sauveur-loire-atlantique\\\/#primaryimage\",\"url\":\"https:\\\/\\\/www.charles-de-flahaut.fr\\\/wordpress\\\/wp-content\\\/uploads\\\/2021\\\/01\\\/lachapellesaintsauveur44.jpg\",\"contentUrl\":\"https:\\\/\\\/www.charles-de-flahaut.fr\\\/wordpress\\\/wp-content\\\/uploads\\\/2021\\\/01\\\/lachapellesaintsauveur44.jpg\",\"width\":150,\"height\":113},{\"@type\":\"BreadcrumbList\",\"@id\":\"https:\\\/\\\/www.charles-de-flahaut.fr\\\/wordpress\\\/histoire-et-patrimoine-de-la-chapelle-saint-sauveur-loire-atlantique\\\/#breadcrumb\",\"itemListElement\":[{\"@type\":\"ListItem\",\"position\":1,\"name\":\"Accueil\",\"item\":\"https:\\\/\\\/www.charles-de-flahaut.fr\\\/wordpress\\\/\"},{\"@type\":\"ListItem\",\"position\":2,\"name\":\"Histoire et patrimoine de La Chapelle Saint Sauveur (Loire-Atlantique)\"}]},{\"@type\":\"WebSite\",\"@id\":\"https:\\\/\\\/www.charles-de-flahaut.fr\\\/wordpress\\\/#website\",\"url\":\"https:\\\/\\\/www.charles-de-flahaut.fr\\\/wordpress\\\/\",\"name\":\"Histoire de France - Communiqu\u00e9s\",\"description\":\"Histoire et patrimoine\",\"publisher\":{\"@id\":\"https:\\\/\\\/www.charles-de-flahaut.fr\\\/wordpress\\\/#\\\/schema\\\/person\\\/81011c8b61bc74c05499365a506d49a9\"},\"potentialAction\":[{\"@type\":\"SearchAction\",\"target\":{\"@type\":\"EntryPoint\",\"urlTemplate\":\"https:\\\/\\\/www.charles-de-flahaut.fr\\\/wordpress\\\/?s={search_term_string}\"},\"query-input\":{\"@type\":\"PropertyValueSpecification\",\"valueRequired\":true,\"valueName\":\"search_term_string\"}}],\"inLanguage\":\"fr-FR\"},{\"@type\":[\"Person\",\"Organization\"],\"@id\":\"https:\\\/\\\/www.charles-de-flahaut.fr\\\/wordpress\\\/#\\\/schema\\\/person\\\/81011c8b61bc74c05499365a506d49a9\",\"name\":\"administrateur\",\"logo\":{\"@id\":\"https:\\\/\\\/www.charles-de-flahaut.fr\\\/wordpress\\\/#\\\/schema\\\/person\\\/image\\\/\"},\"sameAs\":[\"http:\\\/\\\/www.charles-de-flahaut.fr\",\"https:\\\/\\\/www.facebook.com\\\/Sites.HistoiredeFrance\"]},{\"@type\":\"Person\",\"@id\":\"https:\\\/\\\/www.charles-de-flahaut.fr\\\/wordpress\\\/#\\\/schema\\\/person\\\/41c41eaf9ae1d70810ff74a04a786c56\",\"name\":\"administrateur\",\"url\":\"https:\\\/\\\/www.charles-de-flahaut.fr\\\/wordpress\\\/author\\\/hist_8la_ad\\\/\"}]}<\/script>\n<!-- \/ Yoast SEO plugin. -->","yoast_head_json":{"title":"Histoire et patrimoine de La Chapelle Saint Sauveur (Loire-Atlantique) - Histoire de France - Communiqu\u00e9s","description":"La Chapelle-Saint-Sauveur autrefois reli\u00e9e \u00e0 Montrelais \u00e9tait d\u00e9nomm\u00e9e La Chapelle de Montrelais....","robots":{"index":"index","follow":"follow","max-snippet":"max-snippet:-1","max-image-preview":"max-image-preview:large","max-video-preview":"max-video-preview:-1"},"canonical":"https:\/\/www.charles-de-flahaut.fr\/wordpress\/histoire-et-patrimoine-de-la-chapelle-saint-sauveur-loire-atlantique\/","og_locale":"fr_FR","og_type":"article","og_title":"Histoire et patrimoine de La Chapelle Saint Sauveur (Loire-Atlantique) - Histoire de France - Communiqu\u00e9s","og_description":"La Chapelle-Saint-Sauveur autrefois reli\u00e9e \u00e0 Montrelais \u00e9tait d\u00e9nomm\u00e9e La Chapelle de Montrelais....","og_url":"https:\/\/www.charles-de-flahaut.fr\/wordpress\/histoire-et-patrimoine-de-la-chapelle-saint-sauveur-loire-atlantique\/","og_site_name":"Histoire de France - Communiqu\u00e9s","article_publisher":"https:\/\/www.facebook.com\/Sites.HistoiredeFrance","article_published_time":"2021-01-19T17:25:25+00:00","article_modified_time":"2025-12-21T12:41:29+00:00","og_image":[{"width":150,"height":113,"url":"https:\/\/www.charles-de-flahaut.fr\/wordpress\/wp-content\/uploads\/2021\/01\/lachapellesaintsauveur44.jpg","type":"image\/jpeg"}],"author":"administrateur","twitter_card":"summary_large_image","twitter_misc":{"\u00c9crit par":"administrateur","Dur\u00e9e de lecture estim\u00e9e":"1 minute"},"schema":{"@context":"https:\/\/schema.org","@graph":[{"@type":"Article","@id":"https:\/\/www.charles-de-flahaut.fr\/wordpress\/histoire-et-patrimoine-de-la-chapelle-saint-sauveur-loire-atlantique\/#article","isPartOf":{"@id":"https:\/\/www.charles-de-flahaut.fr\/wordpress\/histoire-et-patrimoine-de-la-chapelle-saint-sauveur-loire-atlantique\/"},"author":{"name":"administrateur","@id":"https:\/\/www.charles-de-flahaut.fr\/wordpress\/#\/schema\/person\/41c41eaf9ae1d70810ff74a04a786c56"},"headline":"Histoire et patrimoine de La Chapelle Saint Sauveur (Loire-Atlantique)","datePublished":"2021-01-19T17:25:25+00:00","dateModified":"2025-12-21T12:41:29+00:00","mainEntityOfPage":{"@id":"https:\/\/www.charles-de-flahaut.fr\/wordpress\/histoire-et-patrimoine-de-la-chapelle-saint-sauveur-loire-atlantique\/"},"wordCount":112,"commentCount":0,"publisher":{"@id":"https:\/\/www.charles-de-flahaut.fr\/wordpress\/#\/schema\/person\/81011c8b61bc74c05499365a506d49a9"},"image":{"@id":"https:\/\/www.charles-de-flahaut.fr\/wordpress\/histoire-et-patrimoine-de-la-chapelle-saint-sauveur-loire-atlantique\/#primaryimage"},"thumbnailUrl":"https:\/\/www.charles-de-flahaut.fr\/wordpress\/wp-content\/uploads\/2021\/01\/lachapellesaintsauveur44.jpg","articleSection":["44 - Loire Atlantique","histoire locale","patrimoine"],"inLanguage":"fr-FR","potentialAction":[{"@type":"CommentAction","name":"Comment","target":["https:\/\/www.charles-de-flahaut.fr\/wordpress\/histoire-et-patrimoine-de-la-chapelle-saint-sauveur-loire-atlantique\/#respond"]}]},{"@type":"WebPage","@id":"https:\/\/www.charles-de-flahaut.fr\/wordpress\/histoire-et-patrimoine-de-la-chapelle-saint-sauveur-loire-atlantique\/","url":"https:\/\/www.charles-de-flahaut.fr\/wordpress\/histoire-et-patrimoine-de-la-chapelle-saint-sauveur-loire-atlantique\/","name":"Histoire et patrimoine de La Chapelle Saint Sauveur (Loire-Atlantique) - Histoire de France - Communiqu\u00e9s","isPartOf":{"@id":"https:\/\/www.charles-de-flahaut.fr\/wordpress\/#website"},"primaryImageOfPage":{"@id":"https:\/\/www.charles-de-flahaut.fr\/wordpress\/histoire-et-patrimoine-de-la-chapelle-saint-sauveur-loire-atlantique\/#primaryimage"},"image":{"@id":"https:\/\/www.charles-de-flahaut.fr\/wordpress\/histoire-et-patrimoine-de-la-chapelle-saint-sauveur-loire-atlantique\/#primaryimage"},"thumbnailUrl":"https:\/\/www.charles-de-flahaut.fr\/wordpress\/wp-content\/uploads\/2021\/01\/lachapellesaintsauveur44.jpg","datePublished":"2021-01-19T17:25:25+00:00","dateModified":"2025-12-21T12:41:29+00:00","description":"La Chapelle-Saint-Sauveur autrefois reli\u00e9e \u00e0 Montrelais \u00e9tait d\u00e9nomm\u00e9e La Chapelle de Montrelais....","breadcrumb":{"@id":"https:\/\/www.charles-de-flahaut.fr\/wordpress\/histoire-et-patrimoine-de-la-chapelle-saint-sauveur-loire-atlantique\/#breadcrumb"},"inLanguage":"fr-FR","potentialAction":[{"@type":"ReadAction","target":["https:\/\/www.charles-de-flahaut.fr\/wordpress\/histoire-et-patrimoine-de-la-chapelle-saint-sauveur-loire-atlantique\/"]}]},{"@type":"ImageObject","inLanguage":"fr-FR","@id":"https:\/\/www.charles-de-flahaut.fr\/wordpress\/histoire-et-patrimoine-de-la-chapelle-saint-sauveur-loire-atlantique\/#primaryimage","url":"https:\/\/www.charles-de-flahaut.fr\/wordpress\/wp-content\/uploads\/2021\/01\/lachapellesaintsauveur44.jpg","contentUrl":"https:\/\/www.charles-de-flahaut.fr\/wordpress\/wp-content\/uploads\/2021\/01\/lachapellesaintsauveur44.jpg","width":150,"height":113},{"@type":"BreadcrumbList","@id":"https:\/\/www.charles-de-flahaut.fr\/wordpress\/histoire-et-patrimoine-de-la-chapelle-saint-sauveur-loire-atlantique\/#breadcrumb","itemListElement":[{"@type":"ListItem","position":1,"name":"Accueil","item":"https:\/\/www.charles-de-flahaut.fr\/wordpress\/"},{"@type":"ListItem","position":2,"name":"Histoire et patrimoine de La Chapelle Saint Sauveur (Loire-Atlantique)"}]},{"@type":"WebSite","@id":"https:\/\/www.charles-de-flahaut.fr\/wordpress\/#website","url":"https:\/\/www.charles-de-flahaut.fr\/wordpress\/","name":"Histoire de France - Communiqu\u00e9s","description":"Histoire et patrimoine","publisher":{"@id":"https:\/\/www.charles-de-flahaut.fr\/wordpress\/#\/schema\/person\/81011c8b61bc74c05499365a506d49a9"},"potentialAction":[{"@type":"SearchAction","target":{"@type":"EntryPoint","urlTemplate":"https:\/\/www.charles-de-flahaut.fr\/wordpress\/?s={search_term_string}"},"query-input":{"@type":"PropertyValueSpecification","valueRequired":true,"valueName":"search_term_string"}}],"inLanguage":"fr-FR"},{"@type":["Person","Organization"],"@id":"https:\/\/www.charles-de-flahaut.fr\/wordpress\/#\/schema\/person\/81011c8b61bc74c05499365a506d49a9","name":"administrateur","logo":{"@id":"https:\/\/www.charles-de-flahaut.fr\/wordpress\/#\/schema\/person\/image\/"},"sameAs":["http:\/\/www.charles-de-flahaut.fr","https:\/\/www.facebook.com\/Sites.HistoiredeFrance"]},{"@type":"Person","@id":"https:\/\/www.charles-de-flahaut.fr\/wordpress\/#\/schema\/person\/41c41eaf9ae1d70810ff74a04a786c56","name":"administrateur","url":"https:\/\/www.charles-de-flahaut.fr\/wordpress\/author\/hist_8la_ad\/"}]}},"views":169,"amp_enabled":true,"_links":{"self":[{"href":"https:\/\/www.charles-de-flahaut.fr\/wordpress\/wp-json\/wp\/v2\/posts\/79563","targetHints":{"allow":["GET"]}}],"collection":[{"href":"https:\/\/www.charles-de-flahaut.fr\/wordpress\/wp-json\/wp\/v2\/posts"}],"about":[{"href":"https:\/\/www.charles-de-flahaut.fr\/wordpress\/wp-json\/wp\/v2\/types\/post"}],"author":[{"embeddable":true,"href":"https:\/\/www.charles-de-flahaut.fr\/wordpress\/wp-json\/wp\/v2\/users\/117"}],"replies":[{"embeddable":true,"href":"https:\/\/www.charles-de-flahaut.fr\/wordpress\/wp-json\/wp\/v2\/comments?post=79563"}],"version-history":[{"count":2,"href":"https:\/\/www.charles-de-flahaut.fr\/wordpress\/wp-json\/wp\/v2\/posts\/79563\/revisions"}],"predecessor-version":[{"id":114191,"href":"https:\/\/www.charles-de-flahaut.fr\/wordpress\/wp-json\/wp\/v2\/posts\/79563\/revisions\/114191"}],"wp:attachment":[{"href":"https:\/\/www.charles-de-flahaut.fr\/wordpress\/wp-json\/wp\/v2\/media?parent=79563"}],"wp:term":[{"taxonomy":"category","embeddable":true,"href":"https:\/\/www.charles-de-flahaut.fr\/wordpress\/wp-json\/wp\/v2\/categories?post=79563"},{"taxonomy":"post_tag","embeddable":true,"href":"https:\/\/www.charles-de-flahaut.fr\/wordpress\/wp-json\/wp\/v2\/tags?post=79563"}],"curies":[{"name":"wp","href":"https:\/\/api.w.org\/{rel}","templated":true}]}}