{"id":79217,"date":"2021-01-09T11:19:36","date_gmt":"2021-01-09T10:19:36","guid":{"rendered":"https:\/\/www.charles-de-flahaut.fr\/wordpress\/?p=79217"},"modified":"2025-12-23T21:33:55","modified_gmt":"2025-12-23T20:33:55","slug":"histoire-et-genealogie-a-longpre-les-corps-saints-somme","status":"publish","type":"post","link":"https:\/\/www.charles-de-flahaut.fr\/wordpress\/histoire-et-genealogie-a-longpre-les-corps-saints-somme\/","title":{"rendered":"Histoire et g\u00e9n\u00e9alogie \u00e0 Longpr\u00e9 les Corps Saints (Somme)"},"content":{"rendered":"<p><strong>Histoire et g\u00e9n\u00e9alogie \u00e0 Longpr\u00e9 les Corps Saints (Somme)<\/strong><br \/>\n<a href=\"http:\/\/eric.bailly2.free.fr\/\" target=\"_blank\" rel=\"noopener noreferrer\">http:\/\/eric.bailly2.free.fr\/<\/a><\/p>\n<p style=\"text-align: justify;\"><em><a href=\"https:\/\/www.charles-de-flahaut.fr\/wordpress\/wp-content\/uploads\/2021\/01\/longprelcsperso80.jpg\"><img loading=\"lazy\" decoding=\"async\" class=\"alignleft wp-image-79218 size-full\" src=\"https:\/\/www.charles-de-flahaut.fr\/wordpress\/wp-content\/uploads\/2021\/01\/longprelcsperso80.jpg\" alt=\"\" width=\"400\" height=\"168\" srcset=\"https:\/\/www.charles-de-flahaut.fr\/wordpress\/wp-content\/uploads\/2021\/01\/longprelcsperso80.jpg 400w, https:\/\/www.charles-de-flahaut.fr\/wordpress\/wp-content\/uploads\/2021\/01\/longprelcsperso80-300x126.jpg 300w\" sizes=\"auto, (max-width: 400px) 100vw, 400px\" \/><\/a>un site r\u00e9f\u00e9renc\u00e9 sur le nouvel\u00a0\u00a0<a href=\"https:\/\/charles-de-flahaut.fr\/annuaire-histoire-communes\" target=\"_blank\" rel=\"noopener noreferrer\">Annuaire Historique des Communes de France<\/a><\/em><\/p>\n<p style=\"text-align: justify;\">Histoire du village et retranscription de listes g\u00e9n\u00e9alogiques<br \/>\nSite personnel<\/p>\n<p style=\"text-align: justify;\"><strong>Son histoire a toujours \u00e9t\u00e9 marqu\u00e9 par les conflits europ\u00e9ens et mondiaux, profitant des p\u00e9riodes de paix pour se d\u00e9velopper et commercer, la fin du XX\u00e9me si\u00e9cle l\u2019a transform\u00e9 en village de campagne, bien au calme au fond de sa vall\u00e9e, berc\u00e9 par le clapotis de l\u2019eau et le chant des oiseaux.<\/strong>..<\/p>\n<p><em>(image et extrait du site&#8230; <a href=\"http:\/\/eric.bailly2.free.fr\/\" target=\"_blank\" rel=\"noopener noreferrer\">lire la suite<\/a>)<\/em><\/p>\n<p style=\"text-align: center;\"><a href=\"https:\/\/amzn.to\/4qmj0Iq\" target=\"_blank\" rel=\"noopener\"><strong>Ouvrages sur Longr\u00e9 les Corps Saints<\/strong><\/a><\/p>\n<p><a href=\"https:\/\/amzn.to\/4qmj0Iq\" target=\"_blank\" rel=\"noopener\"><img loading=\"lazy\" decoding=\"async\" class=\"size-full wp-image-114383 aligncenter\" src=\"https:\/\/www.charles-de-flahaut.fr\/wordpress\/wp-content\/uploads\/2021\/01\/logprelescorpssaints.jpg\" alt=\"\" width=\"164\" height=\"232\" \/><\/a><\/p>\n","protected":false},"excerpt":{"rendered":"<p>Histoire et g\u00e9n\u00e9alogie \u00e0 Longpr\u00e9 les Corps Saints (Somme) http:\/\/eric.bailly2.free.fr\/ un site r\u00e9f\u00e9renc\u00e9 sur le nouvel\u00a0\u00a0Annuaire Historique des Communes de France Histoire du village et retranscription de listes g\u00e9n\u00e9alogiques Site personnel Son histoire a toujours \u00e9t\u00e9 marqu\u00e9 par les conflits europ\u00e9ens et mondiaux, profitant des p\u00e9riodes de paix pour se d\u00e9velopper et commercer, la fin &hellip; <\/p>\n<p><a class=\"more-link btn\" href=\"https:\/\/www.charles-de-flahaut.fr\/wordpress\/histoire-et-genealogie-a-longpre-les-corps-saints-somme\/\">Lire la suite<\/a><\/p>\n","protected":false},"author":117,"featured_media":0,"comment_status":"open","ping_status":"open","sticky":false,"template":"","format":"standard","meta":{"footnotes":""},"categories":[168,9,16,8],"tags":[],"class_list":["post-79217","post","type-post","status-publish","format-standard","hentry","category-80-somme","category-genealogie","category-histoire-regionale","category-patrimoine","item-wrap"],"yoast_head":"<!-- This site is optimized with the Yoast SEO plugin v27.5 - https:\/\/yoast.com\/product\/yoast-seo-wordpress\/ -->\n<title>Histoire et g\u00e9n\u00e9alogie \u00e0 Longpr\u00e9 les Corps Saints (Somme) - Histoire de France - Communiqu\u00e9s<\/title>\n<meta name=\"description\" content=\"Son histoire a toujours \u00e9t\u00e9 marqu\u00e9 par les conflits europ\u00e9ens et mondiaux, profitant des p\u00e9riodes de paix...\" \/>\n<meta name=\"robots\" content=\"index, follow, max-snippet:-1, max-image-preview:large, max-video-preview:-1\" \/>\n<link rel=\"canonical\" href=\"https:\/\/www.charles-de-flahaut.fr\/wordpress\/histoire-et-genealogie-a-longpre-les-corps-saints-somme\/\" \/>\n<meta property=\"og:locale\" content=\"fr_FR\" \/>\n<meta property=\"og:type\" content=\"article\" \/>\n<meta property=\"og:title\" content=\"Histoire et g\u00e9n\u00e9alogie \u00e0 Longpr\u00e9 les Corps Saints (Somme) - Histoire de France - Communiqu\u00e9s\" \/>\n<meta property=\"og:description\" content=\"Son histoire a toujours \u00e9t\u00e9 marqu\u00e9 par les conflits europ\u00e9ens et mondiaux, profitant des p\u00e9riodes de paix...\" \/>\n<meta property=\"og:url\" content=\"https:\/\/www.charles-de-flahaut.fr\/wordpress\/histoire-et-genealogie-a-longpre-les-corps-saints-somme\/\" \/>\n<meta property=\"og:site_name\" content=\"Histoire de France - Communiqu\u00e9s\" \/>\n<meta property=\"article:publisher\" content=\"https:\/\/www.facebook.com\/Sites.HistoiredeFrance\" \/>\n<meta property=\"article:published_time\" content=\"2021-01-09T10:19:36+00:00\" \/>\n<meta property=\"article:modified_time\" content=\"2025-12-23T20:33:55+00:00\" \/>\n<meta property=\"og:image\" content=\"https:\/\/www.charles-de-flahaut.fr\/wordpress\/wp-content\/uploads\/2021\/01\/longprelcsperso80.jpg\" \/>\n\t<meta property=\"og:image:width\" content=\"400\" \/>\n\t<meta property=\"og:image:height\" content=\"168\" \/>\n\t<meta property=\"og:image:type\" content=\"image\/jpeg\" \/>\n<meta name=\"author\" content=\"administrateur\" \/>\n<meta name=\"twitter:card\" content=\"summary_large_image\" \/>\n<meta name=\"twitter:label1\" content=\"\u00c9crit par\" \/>\n\t<meta name=\"twitter:data1\" content=\"administrateur\" \/>\n\t<meta name=\"twitter:label2\" content=\"Dur\u00e9e de lecture estim\u00e9e\" \/>\n\t<meta name=\"twitter:data2\" content=\"1 minute\" \/>\n<script type=\"application\/ld+json\" class=\"yoast-schema-graph\">{\"@context\":\"https:\\\/\\\/schema.org\",\"@graph\":[{\"@type\":\"Article\",\"@id\":\"https:\\\/\\\/www.charles-de-flahaut.fr\\\/wordpress\\\/histoire-et-genealogie-a-longpre-les-corps-saints-somme\\\/#article\",\"isPartOf\":{\"@id\":\"https:\\\/\\\/www.charles-de-flahaut.fr\\\/wordpress\\\/histoire-et-genealogie-a-longpre-les-corps-saints-somme\\\/\"},\"author\":{\"name\":\"administrateur\",\"@id\":\"https:\\\/\\\/www.charles-de-flahaut.fr\\\/wordpress\\\/#\\\/schema\\\/person\\\/41c41eaf9ae1d70810ff74a04a786c56\"},\"headline\":\"Histoire et g\u00e9n\u00e9alogie \u00e0 Longpr\u00e9 les Corps Saints (Somme)\",\"datePublished\":\"2021-01-09T10:19:36+00:00\",\"dateModified\":\"2025-12-23T20:33:55+00:00\",\"mainEntityOfPage\":{\"@id\":\"https:\\\/\\\/www.charles-de-flahaut.fr\\\/wordpress\\\/histoire-et-genealogie-a-longpre-les-corps-saints-somme\\\/\"},\"wordCount\":125,\"commentCount\":0,\"publisher\":{\"@id\":\"https:\\\/\\\/www.charles-de-flahaut.fr\\\/wordpress\\\/#\\\/schema\\\/person\\\/81011c8b61bc74c05499365a506d49a9\"},\"image\":{\"@id\":\"https:\\\/\\\/www.charles-de-flahaut.fr\\\/wordpress\\\/histoire-et-genealogie-a-longpre-les-corps-saints-somme\\\/#primaryimage\"},\"thumbnailUrl\":\"https:\\\/\\\/www.charles-de-flahaut.fr\\\/wordpress\\\/wp-content\\\/uploads\\\/2021\\\/01\\\/longprelcsperso80.jpg\",\"articleSection\":[\"80 - Somme\",\"g\u00e9n\u00e9alogie\",\"histoire locale\",\"patrimoine\"],\"inLanguage\":\"fr-FR\",\"potentialAction\":[{\"@type\":\"CommentAction\",\"name\":\"Comment\",\"target\":[\"https:\\\/\\\/www.charles-de-flahaut.fr\\\/wordpress\\\/histoire-et-genealogie-a-longpre-les-corps-saints-somme\\\/#respond\"]}]},{\"@type\":\"WebPage\",\"@id\":\"https:\\\/\\\/www.charles-de-flahaut.fr\\\/wordpress\\\/histoire-et-genealogie-a-longpre-les-corps-saints-somme\\\/\",\"url\":\"https:\\\/\\\/www.charles-de-flahaut.fr\\\/wordpress\\\/histoire-et-genealogie-a-longpre-les-corps-saints-somme\\\/\",\"name\":\"Histoire et g\u00e9n\u00e9alogie \u00e0 Longpr\u00e9 les Corps Saints (Somme) - Histoire de France - Communiqu\u00e9s\",\"isPartOf\":{\"@id\":\"https:\\\/\\\/www.charles-de-flahaut.fr\\\/wordpress\\\/#website\"},\"primaryImageOfPage\":{\"@id\":\"https:\\\/\\\/www.charles-de-flahaut.fr\\\/wordpress\\\/histoire-et-genealogie-a-longpre-les-corps-saints-somme\\\/#primaryimage\"},\"image\":{\"@id\":\"https:\\\/\\\/www.charles-de-flahaut.fr\\\/wordpress\\\/histoire-et-genealogie-a-longpre-les-corps-saints-somme\\\/#primaryimage\"},\"thumbnailUrl\":\"https:\\\/\\\/www.charles-de-flahaut.fr\\\/wordpress\\\/wp-content\\\/uploads\\\/2021\\\/01\\\/longprelcsperso80.jpg\",\"datePublished\":\"2021-01-09T10:19:36+00:00\",\"dateModified\":\"2025-12-23T20:33:55+00:00\",\"description\":\"Son histoire a toujours \u00e9t\u00e9 marqu\u00e9 par les conflits europ\u00e9ens et mondiaux, profitant des p\u00e9riodes de paix...\",\"breadcrumb\":{\"@id\":\"https:\\\/\\\/www.charles-de-flahaut.fr\\\/wordpress\\\/histoire-et-genealogie-a-longpre-les-corps-saints-somme\\\/#breadcrumb\"},\"inLanguage\":\"fr-FR\",\"potentialAction\":[{\"@type\":\"ReadAction\",\"target\":[\"https:\\\/\\\/www.charles-de-flahaut.fr\\\/wordpress\\\/histoire-et-genealogie-a-longpre-les-corps-saints-somme\\\/\"]}]},{\"@type\":\"ImageObject\",\"inLanguage\":\"fr-FR\",\"@id\":\"https:\\\/\\\/www.charles-de-flahaut.fr\\\/wordpress\\\/histoire-et-genealogie-a-longpre-les-corps-saints-somme\\\/#primaryimage\",\"url\":\"https:\\\/\\\/www.charles-de-flahaut.fr\\\/wordpress\\\/wp-content\\\/uploads\\\/2021\\\/01\\\/longprelcsperso80.jpg\",\"contentUrl\":\"https:\\\/\\\/www.charles-de-flahaut.fr\\\/wordpress\\\/wp-content\\\/uploads\\\/2021\\\/01\\\/longprelcsperso80.jpg\",\"width\":400,\"height\":168},{\"@type\":\"BreadcrumbList\",\"@id\":\"https:\\\/\\\/www.charles-de-flahaut.fr\\\/wordpress\\\/histoire-et-genealogie-a-longpre-les-corps-saints-somme\\\/#breadcrumb\",\"itemListElement\":[{\"@type\":\"ListItem\",\"position\":1,\"name\":\"Accueil\",\"item\":\"https:\\\/\\\/www.charles-de-flahaut.fr\\\/wordpress\\\/\"},{\"@type\":\"ListItem\",\"position\":2,\"name\":\"Histoire et g\u00e9n\u00e9alogie \u00e0 Longpr\u00e9 les Corps Saints (Somme)\"}]},{\"@type\":\"WebSite\",\"@id\":\"https:\\\/\\\/www.charles-de-flahaut.fr\\\/wordpress\\\/#website\",\"url\":\"https:\\\/\\\/www.charles-de-flahaut.fr\\\/wordpress\\\/\",\"name\":\"Histoire de France - Communiqu\u00e9s\",\"description\":\"Histoire et patrimoine\",\"publisher\":{\"@id\":\"https:\\\/\\\/www.charles-de-flahaut.fr\\\/wordpress\\\/#\\\/schema\\\/person\\\/81011c8b61bc74c05499365a506d49a9\"},\"potentialAction\":[{\"@type\":\"SearchAction\",\"target\":{\"@type\":\"EntryPoint\",\"urlTemplate\":\"https:\\\/\\\/www.charles-de-flahaut.fr\\\/wordpress\\\/?s={search_term_string}\"},\"query-input\":{\"@type\":\"PropertyValueSpecification\",\"valueRequired\":true,\"valueName\":\"search_term_string\"}}],\"inLanguage\":\"fr-FR\"},{\"@type\":[\"Person\",\"Organization\"],\"@id\":\"https:\\\/\\\/www.charles-de-flahaut.fr\\\/wordpress\\\/#\\\/schema\\\/person\\\/81011c8b61bc74c05499365a506d49a9\",\"name\":\"administrateur\",\"logo\":{\"@id\":\"https:\\\/\\\/www.charles-de-flahaut.fr\\\/wordpress\\\/#\\\/schema\\\/person\\\/image\\\/\"},\"sameAs\":[\"http:\\\/\\\/www.charles-de-flahaut.fr\",\"https:\\\/\\\/www.facebook.com\\\/Sites.HistoiredeFrance\"]},{\"@type\":\"Person\",\"@id\":\"https:\\\/\\\/www.charles-de-flahaut.fr\\\/wordpress\\\/#\\\/schema\\\/person\\\/41c41eaf9ae1d70810ff74a04a786c56\",\"name\":\"administrateur\",\"url\":\"https:\\\/\\\/www.charles-de-flahaut.fr\\\/wordpress\\\/author\\\/hist_8la_ad\\\/\"}]}<\/script>\n<!-- \/ Yoast SEO plugin. -->","yoast_head_json":{"title":"Histoire et g\u00e9n\u00e9alogie \u00e0 Longpr\u00e9 les Corps Saints (Somme) - Histoire de France - Communiqu\u00e9s","description":"Son histoire a toujours \u00e9t\u00e9 marqu\u00e9 par les conflits europ\u00e9ens et mondiaux, profitant des p\u00e9riodes de paix...","robots":{"index":"index","follow":"follow","max-snippet":"max-snippet:-1","max-image-preview":"max-image-preview:large","max-video-preview":"max-video-preview:-1"},"canonical":"https:\/\/www.charles-de-flahaut.fr\/wordpress\/histoire-et-genealogie-a-longpre-les-corps-saints-somme\/","og_locale":"fr_FR","og_type":"article","og_title":"Histoire et g\u00e9n\u00e9alogie \u00e0 Longpr\u00e9 les Corps Saints (Somme) - Histoire de France - Communiqu\u00e9s","og_description":"Son histoire a toujours \u00e9t\u00e9 marqu\u00e9 par les conflits europ\u00e9ens et mondiaux, profitant des p\u00e9riodes de paix...","og_url":"https:\/\/www.charles-de-flahaut.fr\/wordpress\/histoire-et-genealogie-a-longpre-les-corps-saints-somme\/","og_site_name":"Histoire de France - Communiqu\u00e9s","article_publisher":"https:\/\/www.facebook.com\/Sites.HistoiredeFrance","article_published_time":"2021-01-09T10:19:36+00:00","article_modified_time":"2025-12-23T20:33:55+00:00","og_image":[{"width":400,"height":168,"url":"https:\/\/www.charles-de-flahaut.fr\/wordpress\/wp-content\/uploads\/2021\/01\/longprelcsperso80.jpg","type":"image\/jpeg"}],"author":"administrateur","twitter_card":"summary_large_image","twitter_misc":{"\u00c9crit par":"administrateur","Dur\u00e9e de lecture estim\u00e9e":"1 minute"},"schema":{"@context":"https:\/\/schema.org","@graph":[{"@type":"Article","@id":"https:\/\/www.charles-de-flahaut.fr\/wordpress\/histoire-et-genealogie-a-longpre-les-corps-saints-somme\/#article","isPartOf":{"@id":"https:\/\/www.charles-de-flahaut.fr\/wordpress\/histoire-et-genealogie-a-longpre-les-corps-saints-somme\/"},"author":{"name":"administrateur","@id":"https:\/\/www.charles-de-flahaut.fr\/wordpress\/#\/schema\/person\/41c41eaf9ae1d70810ff74a04a786c56"},"headline":"Histoire et g\u00e9n\u00e9alogie \u00e0 Longpr\u00e9 les Corps Saints (Somme)","datePublished":"2021-01-09T10:19:36+00:00","dateModified":"2025-12-23T20:33:55+00:00","mainEntityOfPage":{"@id":"https:\/\/www.charles-de-flahaut.fr\/wordpress\/histoire-et-genealogie-a-longpre-les-corps-saints-somme\/"},"wordCount":125,"commentCount":0,"publisher":{"@id":"https:\/\/www.charles-de-flahaut.fr\/wordpress\/#\/schema\/person\/81011c8b61bc74c05499365a506d49a9"},"image":{"@id":"https:\/\/www.charles-de-flahaut.fr\/wordpress\/histoire-et-genealogie-a-longpre-les-corps-saints-somme\/#primaryimage"},"thumbnailUrl":"https:\/\/www.charles-de-flahaut.fr\/wordpress\/wp-content\/uploads\/2021\/01\/longprelcsperso80.jpg","articleSection":["80 - Somme","g\u00e9n\u00e9alogie","histoire locale","patrimoine"],"inLanguage":"fr-FR","potentialAction":[{"@type":"CommentAction","name":"Comment","target":["https:\/\/www.charles-de-flahaut.fr\/wordpress\/histoire-et-genealogie-a-longpre-les-corps-saints-somme\/#respond"]}]},{"@type":"WebPage","@id":"https:\/\/www.charles-de-flahaut.fr\/wordpress\/histoire-et-genealogie-a-longpre-les-corps-saints-somme\/","url":"https:\/\/www.charles-de-flahaut.fr\/wordpress\/histoire-et-genealogie-a-longpre-les-corps-saints-somme\/","name":"Histoire et g\u00e9n\u00e9alogie \u00e0 Longpr\u00e9 les Corps Saints (Somme) - Histoire de France - Communiqu\u00e9s","isPartOf":{"@id":"https:\/\/www.charles-de-flahaut.fr\/wordpress\/#website"},"primaryImageOfPage":{"@id":"https:\/\/www.charles-de-flahaut.fr\/wordpress\/histoire-et-genealogie-a-longpre-les-corps-saints-somme\/#primaryimage"},"image":{"@id":"https:\/\/www.charles-de-flahaut.fr\/wordpress\/histoire-et-genealogie-a-longpre-les-corps-saints-somme\/#primaryimage"},"thumbnailUrl":"https:\/\/www.charles-de-flahaut.fr\/wordpress\/wp-content\/uploads\/2021\/01\/longprelcsperso80.jpg","datePublished":"2021-01-09T10:19:36+00:00","dateModified":"2025-12-23T20:33:55+00:00","description":"Son histoire a toujours \u00e9t\u00e9 marqu\u00e9 par les conflits europ\u00e9ens et mondiaux, profitant des p\u00e9riodes de paix...","breadcrumb":{"@id":"https:\/\/www.charles-de-flahaut.fr\/wordpress\/histoire-et-genealogie-a-longpre-les-corps-saints-somme\/#breadcrumb"},"inLanguage":"fr-FR","potentialAction":[{"@type":"ReadAction","target":["https:\/\/www.charles-de-flahaut.fr\/wordpress\/histoire-et-genealogie-a-longpre-les-corps-saints-somme\/"]}]},{"@type":"ImageObject","inLanguage":"fr-FR","@id":"https:\/\/www.charles-de-flahaut.fr\/wordpress\/histoire-et-genealogie-a-longpre-les-corps-saints-somme\/#primaryimage","url":"https:\/\/www.charles-de-flahaut.fr\/wordpress\/wp-content\/uploads\/2021\/01\/longprelcsperso80.jpg","contentUrl":"https:\/\/www.charles-de-flahaut.fr\/wordpress\/wp-content\/uploads\/2021\/01\/longprelcsperso80.jpg","width":400,"height":168},{"@type":"BreadcrumbList","@id":"https:\/\/www.charles-de-flahaut.fr\/wordpress\/histoire-et-genealogie-a-longpre-les-corps-saints-somme\/#breadcrumb","itemListElement":[{"@type":"ListItem","position":1,"name":"Accueil","item":"https:\/\/www.charles-de-flahaut.fr\/wordpress\/"},{"@type":"ListItem","position":2,"name":"Histoire et g\u00e9n\u00e9alogie \u00e0 Longpr\u00e9 les Corps Saints (Somme)"}]},{"@type":"WebSite","@id":"https:\/\/www.charles-de-flahaut.fr\/wordpress\/#website","url":"https:\/\/www.charles-de-flahaut.fr\/wordpress\/","name":"Histoire de France - Communiqu\u00e9s","description":"Histoire et patrimoine","publisher":{"@id":"https:\/\/www.charles-de-flahaut.fr\/wordpress\/#\/schema\/person\/81011c8b61bc74c05499365a506d49a9"},"potentialAction":[{"@type":"SearchAction","target":{"@type":"EntryPoint","urlTemplate":"https:\/\/www.charles-de-flahaut.fr\/wordpress\/?s={search_term_string}"},"query-input":{"@type":"PropertyValueSpecification","valueRequired":true,"valueName":"search_term_string"}}],"inLanguage":"fr-FR"},{"@type":["Person","Organization"],"@id":"https:\/\/www.charles-de-flahaut.fr\/wordpress\/#\/schema\/person\/81011c8b61bc74c05499365a506d49a9","name":"administrateur","logo":{"@id":"https:\/\/www.charles-de-flahaut.fr\/wordpress\/#\/schema\/person\/image\/"},"sameAs":["http:\/\/www.charles-de-flahaut.fr","https:\/\/www.facebook.com\/Sites.HistoiredeFrance"]},{"@type":"Person","@id":"https:\/\/www.charles-de-flahaut.fr\/wordpress\/#\/schema\/person\/41c41eaf9ae1d70810ff74a04a786c56","name":"administrateur","url":"https:\/\/www.charles-de-flahaut.fr\/wordpress\/author\/hist_8la_ad\/"}]}},"views":58,"amp_enabled":true,"_links":{"self":[{"href":"https:\/\/www.charles-de-flahaut.fr\/wordpress\/wp-json\/wp\/v2\/posts\/79217","targetHints":{"allow":["GET"]}}],"collection":[{"href":"https:\/\/www.charles-de-flahaut.fr\/wordpress\/wp-json\/wp\/v2\/posts"}],"about":[{"href":"https:\/\/www.charles-de-flahaut.fr\/wordpress\/wp-json\/wp\/v2\/types\/post"}],"author":[{"embeddable":true,"href":"https:\/\/www.charles-de-flahaut.fr\/wordpress\/wp-json\/wp\/v2\/users\/117"}],"replies":[{"embeddable":true,"href":"https:\/\/www.charles-de-flahaut.fr\/wordpress\/wp-json\/wp\/v2\/comments?post=79217"}],"version-history":[{"count":4,"href":"https:\/\/www.charles-de-flahaut.fr\/wordpress\/wp-json\/wp\/v2\/posts\/79217\/revisions"}],"predecessor-version":[{"id":114385,"href":"https:\/\/www.charles-de-flahaut.fr\/wordpress\/wp-json\/wp\/v2\/posts\/79217\/revisions\/114385"}],"wp:attachment":[{"href":"https:\/\/www.charles-de-flahaut.fr\/wordpress\/wp-json\/wp\/v2\/media?parent=79217"}],"wp:term":[{"taxonomy":"category","embeddable":true,"href":"https:\/\/www.charles-de-flahaut.fr\/wordpress\/wp-json\/wp\/v2\/categories?post=79217"},{"taxonomy":"post_tag","embeddable":true,"href":"https:\/\/www.charles-de-flahaut.fr\/wordpress\/wp-json\/wp\/v2\/tags?post=79217"}],"curies":[{"name":"wp","href":"https:\/\/api.w.org\/{rel}","templated":true}]}}