{"id":7847,"date":"2014-08-30T08:24:45","date_gmt":"2014-08-30T07:24:45","guid":{"rendered":"http:\/\/www.charles-de-flahaut.fr\/wordpress\/?p=7847"},"modified":"2025-04-16T12:52:06","modified_gmt":"2025-04-16T11:52:06","slug":"eglise-et-patrimoine-de-valloire-savoie","status":"publish","type":"post","link":"https:\/\/www.charles-de-flahaut.fr\/wordpress\/eglise-et-patrimoine-de-valloire-savoie\/","title":{"rendered":"Eglise et patrimoine de Valloire (Savoie)"},"content":{"rendered":"<p><strong>Eglise et patrimoine de Valloire (Savoie)<\/strong><br \/>\n<a href=\"http:\/\/ete.valloire.net\/fr\/il4-patrimoine,culturel,ete_i436591-eglise-baroque-notre-dame-de-l-assomption.aspx\" target=\"_blank\" rel=\"noopener\">http:\/\/ete.valloire.net\/fr\/il4-patrimoine,culturel,ete_i436591-eglise-baroque-notre-dame-de-l-assomption.aspx<\/a><\/p>\n<p><em>un nouveau site r\u00e9f\u00e9renc\u00e9 sur <a href=\"http:\/\/www.histoire-communes.jpflahaut.fr\/\" target=\"_blank\" rel=\"noopener\">Histoire et patrimoine des villes et villages de France<\/a><\/em><\/p>\n<p style=\"text-align: justify;\"><a href=\"http:\/\/www.charles-de-flahaut.fr\/wordpress\/wp-content\/uploads\/2014\/08\/valloire.jpg\"><img loading=\"lazy\" decoding=\"async\" class=\"alignleft size-medium wp-image-7848\" src=\"http:\/\/www.charles-de-flahaut.fr\/wordpress\/wp-content\/uploads\/2014\/08\/valloire-200x300.jpg\" alt=\"valloire\" width=\"200\" height=\"300\" srcset=\"https:\/\/www.charles-de-flahaut.fr\/wordpress\/wp-content\/uploads\/2014\/08\/valloire-200x300.jpg 200w, https:\/\/www.charles-de-flahaut.fr\/wordpress\/wp-content\/uploads\/2014\/08\/valloire.jpg 650w\" sizes=\"auto, (max-width: 200px) 100vw, 200px\" \/><\/a>Caract\u00e9ristique de l&rsquo;art baroque savoyard du XVII \u00e8me si\u00e8cle, cette \u00e9glise a \u00e9t\u00e9 consacr\u00e9e en 1682 par l&rsquo;Ev\u00eaque de Maurienne Monseigneur Hercule Berzetti. Sobre de l&rsquo;ext\u00e9rieur, c&rsquo;est \u00e0 l&rsquo;int\u00e9rieur que cet \u00e9difice vous d\u00e9voile ses d\u00e9corations&#8230;<\/p>\n<p><em>(image et extrait du site officiel de la commune &#8230; <a href=\"http:\/\/ete.valloire.net\/fr\/il4-patrimoine,culturel,ete_i436591-eglise-baroque-notre-dame-de-l-assomption.aspx\" target=\"_blank\" rel=\"noopener\">lire la suite<\/a>)<\/em><\/p>\n<p style=\"text-align: justify;\"><strong>A lire \u00e9galement<\/strong> : le <a href=\"http:\/\/ete.valloire.net\/fr\/il4-patrimoine,culturel,ete_i436553-le-fort-du-telegraphe.aspx\" target=\"_blank\" rel=\"noopener\">fort du T\u00e9l\u00e9graphe<\/a><\/p>\n<p style=\"text-align: center;\"><a href=\"https:\/\/amzn.to\/4j96clB\" target=\"_blank\" rel=\"noopener\"><strong>Ouvrages sur la Savoie<\/strong><\/a><\/p>\n<p><a href=\"https:\/\/amzn.to\/4j96clB\" target=\"_blank\" rel=\"noopener\"><img loading=\"lazy\" decoding=\"async\" class=\"aligncenter size-full wp-image-102948\" src=\"https:\/\/www.charles-de-flahaut.fr\/wordpress\/wp-content\/uploads\/2025\/04\/savoie6.jpg\" alt=\"\" width=\"294\" height=\"445\" srcset=\"https:\/\/www.charles-de-flahaut.fr\/wordpress\/wp-content\/uploads\/2025\/04\/savoie6.jpg 294w, https:\/\/www.charles-de-flahaut.fr\/wordpress\/wp-content\/uploads\/2025\/04\/savoie6-198x300.jpg 198w\" sizes=\"auto, (max-width: 294px) 100vw, 294px\" \/><\/a><\/p>\n","protected":false},"excerpt":{"rendered":"<p>Eglise et patrimoine de Valloire (Savoie) http:\/\/ete.valloire.net\/fr\/il4-patrimoine,culturel,ete_i436591-eglise-baroque-notre-dame-de-l-assomption.aspx un nouveau site r\u00e9f\u00e9renc\u00e9 sur Histoire et patrimoine des villes et villages de France Caract\u00e9ristique de l&rsquo;art baroque savoyard du XVII \u00e8me si\u00e8cle, cette \u00e9glise a \u00e9t\u00e9 consacr\u00e9e en 1682 par l&rsquo;Ev\u00eaque de Maurienne Monseigneur Hercule Berzetti. Sobre de l&rsquo;ext\u00e9rieur, c&rsquo;est \u00e0 l&rsquo;int\u00e9rieur que cet \u00e9difice vous d\u00e9voile &hellip; <\/p>\n<p><a class=\"more-link btn\" href=\"https:\/\/www.charles-de-flahaut.fr\/wordpress\/eglise-et-patrimoine-de-valloire-savoie\/\">Lire la suite<\/a><\/p>\n","protected":false},"author":117,"featured_media":0,"comment_status":"open","ping_status":"open","sticky":false,"template":"","format":"standard","meta":{"footnotes":""},"categories":[161,36,16,8],"tags":[],"class_list":["post-7847","post","type-post","status-publish","format-standard","hentry","category-73-savoie","category-arts-et-histoire","category-histoire-regionale","category-patrimoine","item-wrap"],"yoast_head":"<!-- This site is optimized with the Yoast SEO plugin v27.5 - https:\/\/yoast.com\/product\/yoast-seo-wordpress\/ -->\n<title>Eglise et patrimoine de Valloire (Savoie) - Histoire de France - Communiqu\u00e9s<\/title>\n<meta name=\"description\" content=\"Caract\u00e9ristique de l&#039;art baroque savoyard du XVII \u00e8me si\u00e8cle, cette \u00e9glise a \u00e9t\u00e9 consacr\u00e9e en 1682 par l&#039;Ev\u00eaque de Maurienne Monseigneur Hercule Berzetti.\" \/>\n<meta name=\"robots\" content=\"index, follow, max-snippet:-1, max-image-preview:large, max-video-preview:-1\" \/>\n<link rel=\"canonical\" href=\"https:\/\/www.charles-de-flahaut.fr\/wordpress\/eglise-et-patrimoine-de-valloire-savoie\/\" \/>\n<meta property=\"og:locale\" content=\"fr_FR\" \/>\n<meta property=\"og:type\" content=\"article\" \/>\n<meta property=\"og:title\" content=\"Eglise et patrimoine de Valloire (Savoie) - Histoire de France - Communiqu\u00e9s\" \/>\n<meta property=\"og:description\" content=\"Caract\u00e9ristique de l&#039;art baroque savoyard du XVII \u00e8me si\u00e8cle, cette \u00e9glise a \u00e9t\u00e9 consacr\u00e9e en 1682 par l&#039;Ev\u00eaque de Maurienne Monseigneur Hercule Berzetti.\" \/>\n<meta property=\"og:url\" content=\"https:\/\/www.charles-de-flahaut.fr\/wordpress\/eglise-et-patrimoine-de-valloire-savoie\/\" \/>\n<meta property=\"og:site_name\" content=\"Histoire de France - Communiqu\u00e9s\" \/>\n<meta property=\"article:publisher\" content=\"https:\/\/www.facebook.com\/Sites.HistoiredeFrance\" \/>\n<meta property=\"article:published_time\" content=\"2014-08-30T07:24:45+00:00\" \/>\n<meta property=\"article:modified_time\" content=\"2025-04-16T11:52:06+00:00\" \/>\n<meta property=\"og:image\" content=\"https:\/\/www.charles-de-flahaut.fr\/wordpress\/wp-content\/uploads\/2014\/08\/valloire.jpg\" \/>\n\t<meta property=\"og:image:width\" content=\"650\" \/>\n\t<meta property=\"og:image:height\" content=\"975\" \/>\n\t<meta property=\"og:image:type\" content=\"image\/jpeg\" \/>\n<meta name=\"author\" content=\"administrateur\" \/>\n<meta name=\"twitter:card\" content=\"summary_large_image\" \/>\n<meta name=\"twitter:label1\" content=\"\u00c9crit par\" \/>\n\t<meta name=\"twitter:data1\" content=\"administrateur\" \/>\n\t<meta name=\"twitter:label2\" content=\"Dur\u00e9e de lecture estim\u00e9e\" \/>\n\t<meta name=\"twitter:data2\" content=\"1 minute\" \/>\n<script type=\"application\/ld+json\" class=\"yoast-schema-graph\">{\"@context\":\"https:\\\/\\\/schema.org\",\"@graph\":[{\"@type\":\"Article\",\"@id\":\"https:\\\/\\\/www.charles-de-flahaut.fr\\\/wordpress\\\/eglise-et-patrimoine-de-valloire-savoie\\\/#article\",\"isPartOf\":{\"@id\":\"https:\\\/\\\/www.charles-de-flahaut.fr\\\/wordpress\\\/eglise-et-patrimoine-de-valloire-savoie\\\/\"},\"author\":{\"name\":\"administrateur\",\"@id\":\"https:\\\/\\\/www.charles-de-flahaut.fr\\\/wordpress\\\/#\\\/schema\\\/person\\\/41c41eaf9ae1d70810ff74a04a786c56\"},\"headline\":\"Eglise et patrimoine de Valloire (Savoie)\",\"datePublished\":\"2014-08-30T07:24:45+00:00\",\"dateModified\":\"2025-04-16T11:52:06+00:00\",\"mainEntityOfPage\":{\"@id\":\"https:\\\/\\\/www.charles-de-flahaut.fr\\\/wordpress\\\/eglise-et-patrimoine-de-valloire-savoie\\\/\"},\"wordCount\":112,\"commentCount\":0,\"publisher\":{\"@id\":\"https:\\\/\\\/www.charles-de-flahaut.fr\\\/wordpress\\\/#\\\/schema\\\/person\\\/81011c8b61bc74c05499365a506d49a9\"},\"image\":{\"@id\":\"https:\\\/\\\/www.charles-de-flahaut.fr\\\/wordpress\\\/eglise-et-patrimoine-de-valloire-savoie\\\/#primaryimage\"},\"thumbnailUrl\":\"http:\\\/\\\/www.charles-de-flahaut.fr\\\/wordpress\\\/wp-content\\\/uploads\\\/2014\\\/08\\\/valloire-200x300.jpg\",\"articleSection\":[\"73 - Savoie\",\"arts et histoire\",\"histoire locale\",\"patrimoine\"],\"inLanguage\":\"fr-FR\",\"potentialAction\":[{\"@type\":\"CommentAction\",\"name\":\"Comment\",\"target\":[\"https:\\\/\\\/www.charles-de-flahaut.fr\\\/wordpress\\\/eglise-et-patrimoine-de-valloire-savoie\\\/#respond\"]}]},{\"@type\":\"WebPage\",\"@id\":\"https:\\\/\\\/www.charles-de-flahaut.fr\\\/wordpress\\\/eglise-et-patrimoine-de-valloire-savoie\\\/\",\"url\":\"https:\\\/\\\/www.charles-de-flahaut.fr\\\/wordpress\\\/eglise-et-patrimoine-de-valloire-savoie\\\/\",\"name\":\"Eglise et patrimoine de Valloire (Savoie) - Histoire de France - Communiqu\u00e9s\",\"isPartOf\":{\"@id\":\"https:\\\/\\\/www.charles-de-flahaut.fr\\\/wordpress\\\/#website\"},\"primaryImageOfPage\":{\"@id\":\"https:\\\/\\\/www.charles-de-flahaut.fr\\\/wordpress\\\/eglise-et-patrimoine-de-valloire-savoie\\\/#primaryimage\"},\"image\":{\"@id\":\"https:\\\/\\\/www.charles-de-flahaut.fr\\\/wordpress\\\/eglise-et-patrimoine-de-valloire-savoie\\\/#primaryimage\"},\"thumbnailUrl\":\"http:\\\/\\\/www.charles-de-flahaut.fr\\\/wordpress\\\/wp-content\\\/uploads\\\/2014\\\/08\\\/valloire-200x300.jpg\",\"datePublished\":\"2014-08-30T07:24:45+00:00\",\"dateModified\":\"2025-04-16T11:52:06+00:00\",\"description\":\"Caract\u00e9ristique de l'art baroque savoyard du XVII \u00e8me si\u00e8cle, cette \u00e9glise a \u00e9t\u00e9 consacr\u00e9e en 1682 par l'Ev\u00eaque de Maurienne Monseigneur Hercule Berzetti.\",\"breadcrumb\":{\"@id\":\"https:\\\/\\\/www.charles-de-flahaut.fr\\\/wordpress\\\/eglise-et-patrimoine-de-valloire-savoie\\\/#breadcrumb\"},\"inLanguage\":\"fr-FR\",\"potentialAction\":[{\"@type\":\"ReadAction\",\"target\":[\"https:\\\/\\\/www.charles-de-flahaut.fr\\\/wordpress\\\/eglise-et-patrimoine-de-valloire-savoie\\\/\"]}]},{\"@type\":\"ImageObject\",\"inLanguage\":\"fr-FR\",\"@id\":\"https:\\\/\\\/www.charles-de-flahaut.fr\\\/wordpress\\\/eglise-et-patrimoine-de-valloire-savoie\\\/#primaryimage\",\"url\":\"https:\\\/\\\/www.charles-de-flahaut.fr\\\/wordpress\\\/wp-content\\\/uploads\\\/2014\\\/08\\\/valloire.jpg\",\"contentUrl\":\"https:\\\/\\\/www.charles-de-flahaut.fr\\\/wordpress\\\/wp-content\\\/uploads\\\/2014\\\/08\\\/valloire.jpg\",\"width\":650,\"height\":975},{\"@type\":\"BreadcrumbList\",\"@id\":\"https:\\\/\\\/www.charles-de-flahaut.fr\\\/wordpress\\\/eglise-et-patrimoine-de-valloire-savoie\\\/#breadcrumb\",\"itemListElement\":[{\"@type\":\"ListItem\",\"position\":1,\"name\":\"Accueil\",\"item\":\"https:\\\/\\\/www.charles-de-flahaut.fr\\\/wordpress\\\/\"},{\"@type\":\"ListItem\",\"position\":2,\"name\":\"Eglise et patrimoine de Valloire (Savoie)\"}]},{\"@type\":\"WebSite\",\"@id\":\"https:\\\/\\\/www.charles-de-flahaut.fr\\\/wordpress\\\/#website\",\"url\":\"https:\\\/\\\/www.charles-de-flahaut.fr\\\/wordpress\\\/\",\"name\":\"Histoire de France - Communiqu\u00e9s\",\"description\":\"Histoire et patrimoine\",\"publisher\":{\"@id\":\"https:\\\/\\\/www.charles-de-flahaut.fr\\\/wordpress\\\/#\\\/schema\\\/person\\\/81011c8b61bc74c05499365a506d49a9\"},\"potentialAction\":[{\"@type\":\"SearchAction\",\"target\":{\"@type\":\"EntryPoint\",\"urlTemplate\":\"https:\\\/\\\/www.charles-de-flahaut.fr\\\/wordpress\\\/?s={search_term_string}\"},\"query-input\":{\"@type\":\"PropertyValueSpecification\",\"valueRequired\":true,\"valueName\":\"search_term_string\"}}],\"inLanguage\":\"fr-FR\"},{\"@type\":[\"Person\",\"Organization\"],\"@id\":\"https:\\\/\\\/www.charles-de-flahaut.fr\\\/wordpress\\\/#\\\/schema\\\/person\\\/81011c8b61bc74c05499365a506d49a9\",\"name\":\"administrateur\",\"logo\":{\"@id\":\"https:\\\/\\\/www.charles-de-flahaut.fr\\\/wordpress\\\/#\\\/schema\\\/person\\\/image\\\/\"},\"sameAs\":[\"http:\\\/\\\/www.charles-de-flahaut.fr\",\"https:\\\/\\\/www.facebook.com\\\/Sites.HistoiredeFrance\"]},{\"@type\":\"Person\",\"@id\":\"https:\\\/\\\/www.charles-de-flahaut.fr\\\/wordpress\\\/#\\\/schema\\\/person\\\/41c41eaf9ae1d70810ff74a04a786c56\",\"name\":\"administrateur\",\"url\":\"https:\\\/\\\/www.charles-de-flahaut.fr\\\/wordpress\\\/author\\\/hist_8la_ad\\\/\"}]}<\/script>\n<!-- \/ Yoast SEO plugin. -->","yoast_head_json":{"title":"Eglise et patrimoine de Valloire (Savoie) - Histoire de France - Communiqu\u00e9s","description":"Caract\u00e9ristique de l'art baroque savoyard du XVII \u00e8me si\u00e8cle, cette \u00e9glise a \u00e9t\u00e9 consacr\u00e9e en 1682 par l'Ev\u00eaque de Maurienne Monseigneur Hercule Berzetti.","robots":{"index":"index","follow":"follow","max-snippet":"max-snippet:-1","max-image-preview":"max-image-preview:large","max-video-preview":"max-video-preview:-1"},"canonical":"https:\/\/www.charles-de-flahaut.fr\/wordpress\/eglise-et-patrimoine-de-valloire-savoie\/","og_locale":"fr_FR","og_type":"article","og_title":"Eglise et patrimoine de Valloire (Savoie) - Histoire de France - Communiqu\u00e9s","og_description":"Caract\u00e9ristique de l'art baroque savoyard du XVII \u00e8me si\u00e8cle, cette \u00e9glise a \u00e9t\u00e9 consacr\u00e9e en 1682 par l'Ev\u00eaque de Maurienne Monseigneur Hercule Berzetti.","og_url":"https:\/\/www.charles-de-flahaut.fr\/wordpress\/eglise-et-patrimoine-de-valloire-savoie\/","og_site_name":"Histoire de France - Communiqu\u00e9s","article_publisher":"https:\/\/www.facebook.com\/Sites.HistoiredeFrance","article_published_time":"2014-08-30T07:24:45+00:00","article_modified_time":"2025-04-16T11:52:06+00:00","og_image":[{"width":650,"height":975,"url":"https:\/\/www.charles-de-flahaut.fr\/wordpress\/wp-content\/uploads\/2014\/08\/valloire.jpg","type":"image\/jpeg"}],"author":"administrateur","twitter_card":"summary_large_image","twitter_misc":{"\u00c9crit par":"administrateur","Dur\u00e9e de lecture estim\u00e9e":"1 minute"},"schema":{"@context":"https:\/\/schema.org","@graph":[{"@type":"Article","@id":"https:\/\/www.charles-de-flahaut.fr\/wordpress\/eglise-et-patrimoine-de-valloire-savoie\/#article","isPartOf":{"@id":"https:\/\/www.charles-de-flahaut.fr\/wordpress\/eglise-et-patrimoine-de-valloire-savoie\/"},"author":{"name":"administrateur","@id":"https:\/\/www.charles-de-flahaut.fr\/wordpress\/#\/schema\/person\/41c41eaf9ae1d70810ff74a04a786c56"},"headline":"Eglise et patrimoine de Valloire (Savoie)","datePublished":"2014-08-30T07:24:45+00:00","dateModified":"2025-04-16T11:52:06+00:00","mainEntityOfPage":{"@id":"https:\/\/www.charles-de-flahaut.fr\/wordpress\/eglise-et-patrimoine-de-valloire-savoie\/"},"wordCount":112,"commentCount":0,"publisher":{"@id":"https:\/\/www.charles-de-flahaut.fr\/wordpress\/#\/schema\/person\/81011c8b61bc74c05499365a506d49a9"},"image":{"@id":"https:\/\/www.charles-de-flahaut.fr\/wordpress\/eglise-et-patrimoine-de-valloire-savoie\/#primaryimage"},"thumbnailUrl":"http:\/\/www.charles-de-flahaut.fr\/wordpress\/wp-content\/uploads\/2014\/08\/valloire-200x300.jpg","articleSection":["73 - Savoie","arts et histoire","histoire locale","patrimoine"],"inLanguage":"fr-FR","potentialAction":[{"@type":"CommentAction","name":"Comment","target":["https:\/\/www.charles-de-flahaut.fr\/wordpress\/eglise-et-patrimoine-de-valloire-savoie\/#respond"]}]},{"@type":"WebPage","@id":"https:\/\/www.charles-de-flahaut.fr\/wordpress\/eglise-et-patrimoine-de-valloire-savoie\/","url":"https:\/\/www.charles-de-flahaut.fr\/wordpress\/eglise-et-patrimoine-de-valloire-savoie\/","name":"Eglise et patrimoine de Valloire (Savoie) - Histoire de France - Communiqu\u00e9s","isPartOf":{"@id":"https:\/\/www.charles-de-flahaut.fr\/wordpress\/#website"},"primaryImageOfPage":{"@id":"https:\/\/www.charles-de-flahaut.fr\/wordpress\/eglise-et-patrimoine-de-valloire-savoie\/#primaryimage"},"image":{"@id":"https:\/\/www.charles-de-flahaut.fr\/wordpress\/eglise-et-patrimoine-de-valloire-savoie\/#primaryimage"},"thumbnailUrl":"http:\/\/www.charles-de-flahaut.fr\/wordpress\/wp-content\/uploads\/2014\/08\/valloire-200x300.jpg","datePublished":"2014-08-30T07:24:45+00:00","dateModified":"2025-04-16T11:52:06+00:00","description":"Caract\u00e9ristique de l'art baroque savoyard du XVII \u00e8me si\u00e8cle, cette \u00e9glise a \u00e9t\u00e9 consacr\u00e9e en 1682 par l'Ev\u00eaque de Maurienne Monseigneur Hercule Berzetti.","breadcrumb":{"@id":"https:\/\/www.charles-de-flahaut.fr\/wordpress\/eglise-et-patrimoine-de-valloire-savoie\/#breadcrumb"},"inLanguage":"fr-FR","potentialAction":[{"@type":"ReadAction","target":["https:\/\/www.charles-de-flahaut.fr\/wordpress\/eglise-et-patrimoine-de-valloire-savoie\/"]}]},{"@type":"ImageObject","inLanguage":"fr-FR","@id":"https:\/\/www.charles-de-flahaut.fr\/wordpress\/eglise-et-patrimoine-de-valloire-savoie\/#primaryimage","url":"https:\/\/www.charles-de-flahaut.fr\/wordpress\/wp-content\/uploads\/2014\/08\/valloire.jpg","contentUrl":"https:\/\/www.charles-de-flahaut.fr\/wordpress\/wp-content\/uploads\/2014\/08\/valloire.jpg","width":650,"height":975},{"@type":"BreadcrumbList","@id":"https:\/\/www.charles-de-flahaut.fr\/wordpress\/eglise-et-patrimoine-de-valloire-savoie\/#breadcrumb","itemListElement":[{"@type":"ListItem","position":1,"name":"Accueil","item":"https:\/\/www.charles-de-flahaut.fr\/wordpress\/"},{"@type":"ListItem","position":2,"name":"Eglise et patrimoine de Valloire (Savoie)"}]},{"@type":"WebSite","@id":"https:\/\/www.charles-de-flahaut.fr\/wordpress\/#website","url":"https:\/\/www.charles-de-flahaut.fr\/wordpress\/","name":"Histoire de France - Communiqu\u00e9s","description":"Histoire et patrimoine","publisher":{"@id":"https:\/\/www.charles-de-flahaut.fr\/wordpress\/#\/schema\/person\/81011c8b61bc74c05499365a506d49a9"},"potentialAction":[{"@type":"SearchAction","target":{"@type":"EntryPoint","urlTemplate":"https:\/\/www.charles-de-flahaut.fr\/wordpress\/?s={search_term_string}"},"query-input":{"@type":"PropertyValueSpecification","valueRequired":true,"valueName":"search_term_string"}}],"inLanguage":"fr-FR"},{"@type":["Person","Organization"],"@id":"https:\/\/www.charles-de-flahaut.fr\/wordpress\/#\/schema\/person\/81011c8b61bc74c05499365a506d49a9","name":"administrateur","logo":{"@id":"https:\/\/www.charles-de-flahaut.fr\/wordpress\/#\/schema\/person\/image\/"},"sameAs":["http:\/\/www.charles-de-flahaut.fr","https:\/\/www.facebook.com\/Sites.HistoiredeFrance"]},{"@type":"Person","@id":"https:\/\/www.charles-de-flahaut.fr\/wordpress\/#\/schema\/person\/41c41eaf9ae1d70810ff74a04a786c56","name":"administrateur","url":"https:\/\/www.charles-de-flahaut.fr\/wordpress\/author\/hist_8la_ad\/"}]}},"views":493,"amp_enabled":true,"_links":{"self":[{"href":"https:\/\/www.charles-de-flahaut.fr\/wordpress\/wp-json\/wp\/v2\/posts\/7847","targetHints":{"allow":["GET"]}}],"collection":[{"href":"https:\/\/www.charles-de-flahaut.fr\/wordpress\/wp-json\/wp\/v2\/posts"}],"about":[{"href":"https:\/\/www.charles-de-flahaut.fr\/wordpress\/wp-json\/wp\/v2\/types\/post"}],"author":[{"embeddable":true,"href":"https:\/\/www.charles-de-flahaut.fr\/wordpress\/wp-json\/wp\/v2\/users\/117"}],"replies":[{"embeddable":true,"href":"https:\/\/www.charles-de-flahaut.fr\/wordpress\/wp-json\/wp\/v2\/comments?post=7847"}],"version-history":[{"count":5,"href":"https:\/\/www.charles-de-flahaut.fr\/wordpress\/wp-json\/wp\/v2\/posts\/7847\/revisions"}],"predecessor-version":[{"id":103251,"href":"https:\/\/www.charles-de-flahaut.fr\/wordpress\/wp-json\/wp\/v2\/posts\/7847\/revisions\/103251"}],"wp:attachment":[{"href":"https:\/\/www.charles-de-flahaut.fr\/wordpress\/wp-json\/wp\/v2\/media?parent=7847"}],"wp:term":[{"taxonomy":"category","embeddable":true,"href":"https:\/\/www.charles-de-flahaut.fr\/wordpress\/wp-json\/wp\/v2\/categories?post=7847"},{"taxonomy":"post_tag","embeddable":true,"href":"https:\/\/www.charles-de-flahaut.fr\/wordpress\/wp-json\/wp\/v2\/tags?post=7847"}],"curies":[{"name":"wp","href":"https:\/\/api.w.org\/{rel}","templated":true}]}}