{"id":7652,"date":"2014-08-21T07:43:32","date_gmt":"2014-08-21T06:43:32","guid":{"rendered":"http:\/\/www.charles-de-flahaut.fr\/wordpress\/?p=7652"},"modified":"2015-05-25T16:36:23","modified_gmt":"2015-05-25T15:36:23","slug":"histoire-dexcenevex-haute-savoie","status":"publish","type":"post","link":"https:\/\/www.charles-de-flahaut.fr\/wordpress\/histoire-dexcenevex-haute-savoie\/","title":{"rendered":"Histoire d&rsquo;Excenevex (Haute-Savoie)"},"content":{"rendered":"<p><strong>Histoire d&rsquo;Excenevex (Haute-Savoie)<\/strong><br \/>\n<a href=\"http:\/\/www.excenevex.fr\/index.php\/fr\/histoire\" target=\"_blank\">http:\/\/www.excenevex.fr\/index.php\/fr\/histoire<\/a><\/p>\n<p><em>un nouveau site r\u00e9f\u00e9renc\u00e9 sur <a href=\"http:\/\/www.histoire-communes.jpflahaut.fr\/\" target=\"_blank\">Histoire et patrimoine des villes et villages de France<\/a><\/em><\/p>\n<p style=\"text-align: justify;\"><a href=\"http:\/\/www.charles-de-flahaut.fr\/wordpress\/wp-content\/uploads\/2014\/08\/excenevex.jpg\"><img loading=\"lazy\" decoding=\"async\" class=\"alignleft size-medium wp-image-7653\" src=\"http:\/\/www.charles-de-flahaut.fr\/wordpress\/wp-content\/uploads\/2014\/08\/excenevex-300x210.jpg\" alt=\"excenevex\" width=\"300\" height=\"210\" srcset=\"https:\/\/www.charles-de-flahaut.fr\/wordpress\/wp-content\/uploads\/2014\/08\/excenevex-300x210.jpg 300w, https:\/\/www.charles-de-flahaut.fr\/wordpress\/wp-content\/uploads\/2014\/08\/excenevex.jpg 700w\" sizes=\"auto, (max-width: 300px) 100vw, 300px\" \/><\/a>Ce nom surprend toujours lorsqu\u2019on l\u2019entend pour la premi\u00e8re fois.<br \/>\nEssanevai en 1039, Essonevay en 1275, Cura de Essenevay* vers 1344, Essennevay** vers 1536, plus tard Exchenevay, et Ech\u00e9nevex au XIX\u00e8me si\u00e8cle, nom dans lequel certains voient un Es s\u00e9n\u00e9v\u00e9, du nom commun de la plante dont les grains fournissent la moutarde (Sinapis nigra), d\u2019autres pensent que ce nom serait d\u00b4origine burgonde \u00ab\u00a0Hexenweg\u00a0\u00bb&#8230;<\/p>\n<p><em>(image et extrait du site officiel de la commune &#8230; <a href=\"http:\/\/www.excenevex.fr\/index.php\/fr\/histoire\" target=\"_blank\">lire la suite<\/a>)<\/em><\/p>\n<p><iframe loading=\"lazy\" style=\"width: 120px; height: 240px;\" src=\"\/\/ws-eu.amazon-adsystem.com\/widgets\/q?ServiceVersion=20070822&amp;OneJS=1&amp;Operation=GetAdHtml&amp;MarketPlace=FR&amp;source=ac&amp;ref=tf_til&amp;ad_type=product_link&amp;tracking_id=charledeflaha-21&amp;marketplace=amazon&amp;region=FR&amp;placement=2950279317&amp;asins=2950279317&amp;linkId=SGUDHWFN7P76FB4M&amp;show_border=true&amp;link_opens_in_new_window=true\" width=\"300\" height=\"150\" frameborder=\"0\" marginwidth=\"0\" marginheight=\"0\" scrolling=\"no\"><br \/>\n<\/iframe><\/p>\n","protected":false},"excerpt":{"rendered":"<p>Histoire d&rsquo;Excenevex (Haute-Savoie) http:\/\/www.excenevex.fr\/index.php\/fr\/histoire un nouveau site r\u00e9f\u00e9renc\u00e9 sur Histoire et patrimoine des villes et villages de France Ce nom surprend toujours lorsqu\u2019on l\u2019entend pour la premi\u00e8re fois. Essanevai en 1039, Essonevay en 1275, Cura de Essenevay* vers 1344, Essennevay** vers 1536, plus tard Exchenevay, et Ech\u00e9nevex au XIX\u00e8me si\u00e8cle, nom dans lequel certains voient &hellip; <\/p>\n<p><a class=\"more-link btn\" href=\"https:\/\/www.charles-de-flahaut.fr\/wordpress\/histoire-dexcenevex-haute-savoie\/\">Lire la suite<\/a><\/p>\n","protected":false},"author":117,"featured_media":0,"comment_status":"open","ping_status":"open","sticky":false,"template":"","format":"standard","meta":{"footnotes":""},"categories":[162,16],"tags":[],"class_list":["post-7652","post","type-post","status-publish","format-standard","hentry","category-74-haute-savoie","category-histoire-regionale","item-wrap"],"yoast_head":"<!-- This site is optimized with the Yoast SEO plugin v27.4 - https:\/\/yoast.com\/product\/yoast-seo-wordpress\/ -->\n<title>Histoire d&#039;Excenevex (Haute-Savoie) - Histoire de France - Communiqu\u00e9s<\/title>\n<meta name=\"robots\" content=\"index, follow, max-snippet:-1, max-image-preview:large, max-video-preview:-1\" \/>\n<link rel=\"canonical\" href=\"https:\/\/www.charles-de-flahaut.fr\/wordpress\/histoire-dexcenevex-haute-savoie\/\" \/>\n<meta property=\"og:locale\" content=\"fr_FR\" \/>\n<meta property=\"og:type\" content=\"article\" \/>\n<meta property=\"og:title\" content=\"Histoire d&#039;Excenevex (Haute-Savoie) - Histoire de France - Communiqu\u00e9s\" \/>\n<meta property=\"og:description\" content=\"Histoire d&rsquo;Excenevex (Haute-Savoie) http:\/\/www.excenevex.fr\/index.php\/fr\/histoire un nouveau site r\u00e9f\u00e9renc\u00e9 sur Histoire et patrimoine des villes et villages de France Ce nom surprend toujours lorsqu\u2019on l\u2019entend pour la premi\u00e8re fois. Essanevai en 1039, Essonevay en 1275, Cura de Essenevay* vers 1344, Essennevay** vers 1536, plus tard Exchenevay, et Ech\u00e9nevex au XIX\u00e8me si\u00e8cle, nom dans lequel certains voient &hellip; Lire la suite\" \/>\n<meta property=\"og:url\" content=\"https:\/\/www.charles-de-flahaut.fr\/wordpress\/histoire-dexcenevex-haute-savoie\/\" \/>\n<meta property=\"og:site_name\" content=\"Histoire de France - Communiqu\u00e9s\" \/>\n<meta property=\"article:publisher\" content=\"https:\/\/www.facebook.com\/Sites.HistoiredeFrance\" \/>\n<meta property=\"article:published_time\" content=\"2014-08-21T06:43:32+00:00\" \/>\n<meta property=\"article:modified_time\" content=\"2015-05-25T15:36:23+00:00\" \/>\n<meta property=\"og:image\" content=\"http:\/\/www.charles-de-flahaut.fr\/wordpress\/wp-content\/uploads\/2014\/08\/excenevex-300x210.jpg\" \/>\n<meta name=\"author\" content=\"administrateur\" \/>\n<meta name=\"twitter:card\" content=\"summary_large_image\" \/>\n<meta name=\"twitter:label1\" content=\"\u00c9crit par\" \/>\n\t<meta name=\"twitter:data1\" content=\"administrateur\" \/>\n\t<meta name=\"twitter:label2\" content=\"Dur\u00e9e de lecture estim\u00e9e\" \/>\n\t<meta name=\"twitter:data2\" content=\"1 minute\" \/>\n<script type=\"application\/ld+json\" class=\"yoast-schema-graph\">{\"@context\":\"https:\\\/\\\/schema.org\",\"@graph\":[{\"@type\":\"Article\",\"@id\":\"https:\\\/\\\/www.charles-de-flahaut.fr\\\/wordpress\\\/histoire-dexcenevex-haute-savoie\\\/#article\",\"isPartOf\":{\"@id\":\"https:\\\/\\\/www.charles-de-flahaut.fr\\\/wordpress\\\/histoire-dexcenevex-haute-savoie\\\/\"},\"author\":{\"name\":\"administrateur\",\"@id\":\"https:\\\/\\\/www.charles-de-flahaut.fr\\\/wordpress\\\/#\\\/schema\\\/person\\\/41c41eaf9ae1d70810ff74a04a786c56\"},\"headline\":\"Histoire d&rsquo;Excenevex (Haute-Savoie)\",\"datePublished\":\"2014-08-21T06:43:32+00:00\",\"dateModified\":\"2015-05-25T15:36:23+00:00\",\"mainEntityOfPage\":{\"@id\":\"https:\\\/\\\/www.charles-de-flahaut.fr\\\/wordpress\\\/histoire-dexcenevex-haute-savoie\\\/\"},\"wordCount\":113,\"commentCount\":0,\"publisher\":{\"@id\":\"https:\\\/\\\/www.charles-de-flahaut.fr\\\/wordpress\\\/#\\\/schema\\\/person\\\/81011c8b61bc74c05499365a506d49a9\"},\"image\":{\"@id\":\"https:\\\/\\\/www.charles-de-flahaut.fr\\\/wordpress\\\/histoire-dexcenevex-haute-savoie\\\/#primaryimage\"},\"thumbnailUrl\":\"http:\\\/\\\/www.charles-de-flahaut.fr\\\/wordpress\\\/wp-content\\\/uploads\\\/2014\\\/08\\\/excenevex-300x210.jpg\",\"articleSection\":[\"74 - Haute-Savoie\",\"histoire locale\"],\"inLanguage\":\"fr-FR\",\"potentialAction\":[{\"@type\":\"CommentAction\",\"name\":\"Comment\",\"target\":[\"https:\\\/\\\/www.charles-de-flahaut.fr\\\/wordpress\\\/histoire-dexcenevex-haute-savoie\\\/#respond\"]}]},{\"@type\":\"WebPage\",\"@id\":\"https:\\\/\\\/www.charles-de-flahaut.fr\\\/wordpress\\\/histoire-dexcenevex-haute-savoie\\\/\",\"url\":\"https:\\\/\\\/www.charles-de-flahaut.fr\\\/wordpress\\\/histoire-dexcenevex-haute-savoie\\\/\",\"name\":\"Histoire d'Excenevex (Haute-Savoie) - Histoire de France - Communiqu\u00e9s\",\"isPartOf\":{\"@id\":\"https:\\\/\\\/www.charles-de-flahaut.fr\\\/wordpress\\\/#website\"},\"primaryImageOfPage\":{\"@id\":\"https:\\\/\\\/www.charles-de-flahaut.fr\\\/wordpress\\\/histoire-dexcenevex-haute-savoie\\\/#primaryimage\"},\"image\":{\"@id\":\"https:\\\/\\\/www.charles-de-flahaut.fr\\\/wordpress\\\/histoire-dexcenevex-haute-savoie\\\/#primaryimage\"},\"thumbnailUrl\":\"http:\\\/\\\/www.charles-de-flahaut.fr\\\/wordpress\\\/wp-content\\\/uploads\\\/2014\\\/08\\\/excenevex-300x210.jpg\",\"datePublished\":\"2014-08-21T06:43:32+00:00\",\"dateModified\":\"2015-05-25T15:36:23+00:00\",\"breadcrumb\":{\"@id\":\"https:\\\/\\\/www.charles-de-flahaut.fr\\\/wordpress\\\/histoire-dexcenevex-haute-savoie\\\/#breadcrumb\"},\"inLanguage\":\"fr-FR\",\"potentialAction\":[{\"@type\":\"ReadAction\",\"target\":[\"https:\\\/\\\/www.charles-de-flahaut.fr\\\/wordpress\\\/histoire-dexcenevex-haute-savoie\\\/\"]}]},{\"@type\":\"ImageObject\",\"inLanguage\":\"fr-FR\",\"@id\":\"https:\\\/\\\/www.charles-de-flahaut.fr\\\/wordpress\\\/histoire-dexcenevex-haute-savoie\\\/#primaryimage\",\"url\":\"https:\\\/\\\/www.charles-de-flahaut.fr\\\/wordpress\\\/wp-content\\\/uploads\\\/2014\\\/08\\\/excenevex.jpg\",\"contentUrl\":\"https:\\\/\\\/www.charles-de-flahaut.fr\\\/wordpress\\\/wp-content\\\/uploads\\\/2014\\\/08\\\/excenevex.jpg\",\"width\":700,\"height\":490},{\"@type\":\"BreadcrumbList\",\"@id\":\"https:\\\/\\\/www.charles-de-flahaut.fr\\\/wordpress\\\/histoire-dexcenevex-haute-savoie\\\/#breadcrumb\",\"itemListElement\":[{\"@type\":\"ListItem\",\"position\":1,\"name\":\"Accueil\",\"item\":\"https:\\\/\\\/www.charles-de-flahaut.fr\\\/wordpress\\\/\"},{\"@type\":\"ListItem\",\"position\":2,\"name\":\"Histoire d&rsquo;Excenevex (Haute-Savoie)\"}]},{\"@type\":\"WebSite\",\"@id\":\"https:\\\/\\\/www.charles-de-flahaut.fr\\\/wordpress\\\/#website\",\"url\":\"https:\\\/\\\/www.charles-de-flahaut.fr\\\/wordpress\\\/\",\"name\":\"Histoire de France - Communiqu\u00e9s\",\"description\":\"Histoire et patrimoine\",\"publisher\":{\"@id\":\"https:\\\/\\\/www.charles-de-flahaut.fr\\\/wordpress\\\/#\\\/schema\\\/person\\\/81011c8b61bc74c05499365a506d49a9\"},\"potentialAction\":[{\"@type\":\"SearchAction\",\"target\":{\"@type\":\"EntryPoint\",\"urlTemplate\":\"https:\\\/\\\/www.charles-de-flahaut.fr\\\/wordpress\\\/?s={search_term_string}\"},\"query-input\":{\"@type\":\"PropertyValueSpecification\",\"valueRequired\":true,\"valueName\":\"search_term_string\"}}],\"inLanguage\":\"fr-FR\"},{\"@type\":[\"Person\",\"Organization\"],\"@id\":\"https:\\\/\\\/www.charles-de-flahaut.fr\\\/wordpress\\\/#\\\/schema\\\/person\\\/81011c8b61bc74c05499365a506d49a9\",\"name\":\"administrateur\",\"logo\":{\"@id\":\"https:\\\/\\\/www.charles-de-flahaut.fr\\\/wordpress\\\/#\\\/schema\\\/person\\\/image\\\/\"},\"sameAs\":[\"http:\\\/\\\/www.charles-de-flahaut.fr\",\"https:\\\/\\\/www.facebook.com\\\/Sites.HistoiredeFrance\"]},{\"@type\":\"Person\",\"@id\":\"https:\\\/\\\/www.charles-de-flahaut.fr\\\/wordpress\\\/#\\\/schema\\\/person\\\/41c41eaf9ae1d70810ff74a04a786c56\",\"name\":\"administrateur\",\"url\":\"https:\\\/\\\/www.charles-de-flahaut.fr\\\/wordpress\\\/author\\\/hist_8la_ad\\\/\"}]}<\/script>\n<!-- \/ Yoast SEO plugin. -->","yoast_head_json":{"title":"Histoire d'Excenevex (Haute-Savoie) - Histoire de France - Communiqu\u00e9s","robots":{"index":"index","follow":"follow","max-snippet":"max-snippet:-1","max-image-preview":"max-image-preview:large","max-video-preview":"max-video-preview:-1"},"canonical":"https:\/\/www.charles-de-flahaut.fr\/wordpress\/histoire-dexcenevex-haute-savoie\/","og_locale":"fr_FR","og_type":"article","og_title":"Histoire d'Excenevex (Haute-Savoie) - Histoire de France - Communiqu\u00e9s","og_description":"Histoire d&rsquo;Excenevex (Haute-Savoie) http:\/\/www.excenevex.fr\/index.php\/fr\/histoire un nouveau site r\u00e9f\u00e9renc\u00e9 sur Histoire et patrimoine des villes et villages de France Ce nom surprend toujours lorsqu\u2019on l\u2019entend pour la premi\u00e8re fois. Essanevai en 1039, Essonevay en 1275, Cura de Essenevay* vers 1344, Essennevay** vers 1536, plus tard Exchenevay, et Ech\u00e9nevex au XIX\u00e8me si\u00e8cle, nom dans lequel certains voient &hellip; Lire la suite","og_url":"https:\/\/www.charles-de-flahaut.fr\/wordpress\/histoire-dexcenevex-haute-savoie\/","og_site_name":"Histoire de France - Communiqu\u00e9s","article_publisher":"https:\/\/www.facebook.com\/Sites.HistoiredeFrance","article_published_time":"2014-08-21T06:43:32+00:00","article_modified_time":"2015-05-25T15:36:23+00:00","og_image":[{"url":"http:\/\/www.charles-de-flahaut.fr\/wordpress\/wp-content\/uploads\/2014\/08\/excenevex-300x210.jpg","type":"","width":"","height":""}],"author":"administrateur","twitter_card":"summary_large_image","twitter_misc":{"\u00c9crit par":"administrateur","Dur\u00e9e de lecture estim\u00e9e":"1 minute"},"schema":{"@context":"https:\/\/schema.org","@graph":[{"@type":"Article","@id":"https:\/\/www.charles-de-flahaut.fr\/wordpress\/histoire-dexcenevex-haute-savoie\/#article","isPartOf":{"@id":"https:\/\/www.charles-de-flahaut.fr\/wordpress\/histoire-dexcenevex-haute-savoie\/"},"author":{"name":"administrateur","@id":"https:\/\/www.charles-de-flahaut.fr\/wordpress\/#\/schema\/person\/41c41eaf9ae1d70810ff74a04a786c56"},"headline":"Histoire d&rsquo;Excenevex (Haute-Savoie)","datePublished":"2014-08-21T06:43:32+00:00","dateModified":"2015-05-25T15:36:23+00:00","mainEntityOfPage":{"@id":"https:\/\/www.charles-de-flahaut.fr\/wordpress\/histoire-dexcenevex-haute-savoie\/"},"wordCount":113,"commentCount":0,"publisher":{"@id":"https:\/\/www.charles-de-flahaut.fr\/wordpress\/#\/schema\/person\/81011c8b61bc74c05499365a506d49a9"},"image":{"@id":"https:\/\/www.charles-de-flahaut.fr\/wordpress\/histoire-dexcenevex-haute-savoie\/#primaryimage"},"thumbnailUrl":"http:\/\/www.charles-de-flahaut.fr\/wordpress\/wp-content\/uploads\/2014\/08\/excenevex-300x210.jpg","articleSection":["74 - Haute-Savoie","histoire locale"],"inLanguage":"fr-FR","potentialAction":[{"@type":"CommentAction","name":"Comment","target":["https:\/\/www.charles-de-flahaut.fr\/wordpress\/histoire-dexcenevex-haute-savoie\/#respond"]}]},{"@type":"WebPage","@id":"https:\/\/www.charles-de-flahaut.fr\/wordpress\/histoire-dexcenevex-haute-savoie\/","url":"https:\/\/www.charles-de-flahaut.fr\/wordpress\/histoire-dexcenevex-haute-savoie\/","name":"Histoire d'Excenevex (Haute-Savoie) - Histoire de France - Communiqu\u00e9s","isPartOf":{"@id":"https:\/\/www.charles-de-flahaut.fr\/wordpress\/#website"},"primaryImageOfPage":{"@id":"https:\/\/www.charles-de-flahaut.fr\/wordpress\/histoire-dexcenevex-haute-savoie\/#primaryimage"},"image":{"@id":"https:\/\/www.charles-de-flahaut.fr\/wordpress\/histoire-dexcenevex-haute-savoie\/#primaryimage"},"thumbnailUrl":"http:\/\/www.charles-de-flahaut.fr\/wordpress\/wp-content\/uploads\/2014\/08\/excenevex-300x210.jpg","datePublished":"2014-08-21T06:43:32+00:00","dateModified":"2015-05-25T15:36:23+00:00","breadcrumb":{"@id":"https:\/\/www.charles-de-flahaut.fr\/wordpress\/histoire-dexcenevex-haute-savoie\/#breadcrumb"},"inLanguage":"fr-FR","potentialAction":[{"@type":"ReadAction","target":["https:\/\/www.charles-de-flahaut.fr\/wordpress\/histoire-dexcenevex-haute-savoie\/"]}]},{"@type":"ImageObject","inLanguage":"fr-FR","@id":"https:\/\/www.charles-de-flahaut.fr\/wordpress\/histoire-dexcenevex-haute-savoie\/#primaryimage","url":"https:\/\/www.charles-de-flahaut.fr\/wordpress\/wp-content\/uploads\/2014\/08\/excenevex.jpg","contentUrl":"https:\/\/www.charles-de-flahaut.fr\/wordpress\/wp-content\/uploads\/2014\/08\/excenevex.jpg","width":700,"height":490},{"@type":"BreadcrumbList","@id":"https:\/\/www.charles-de-flahaut.fr\/wordpress\/histoire-dexcenevex-haute-savoie\/#breadcrumb","itemListElement":[{"@type":"ListItem","position":1,"name":"Accueil","item":"https:\/\/www.charles-de-flahaut.fr\/wordpress\/"},{"@type":"ListItem","position":2,"name":"Histoire d&rsquo;Excenevex (Haute-Savoie)"}]},{"@type":"WebSite","@id":"https:\/\/www.charles-de-flahaut.fr\/wordpress\/#website","url":"https:\/\/www.charles-de-flahaut.fr\/wordpress\/","name":"Histoire de France - Communiqu\u00e9s","description":"Histoire et patrimoine","publisher":{"@id":"https:\/\/www.charles-de-flahaut.fr\/wordpress\/#\/schema\/person\/81011c8b61bc74c05499365a506d49a9"},"potentialAction":[{"@type":"SearchAction","target":{"@type":"EntryPoint","urlTemplate":"https:\/\/www.charles-de-flahaut.fr\/wordpress\/?s={search_term_string}"},"query-input":{"@type":"PropertyValueSpecification","valueRequired":true,"valueName":"search_term_string"}}],"inLanguage":"fr-FR"},{"@type":["Person","Organization"],"@id":"https:\/\/www.charles-de-flahaut.fr\/wordpress\/#\/schema\/person\/81011c8b61bc74c05499365a506d49a9","name":"administrateur","logo":{"@id":"https:\/\/www.charles-de-flahaut.fr\/wordpress\/#\/schema\/person\/image\/"},"sameAs":["http:\/\/www.charles-de-flahaut.fr","https:\/\/www.facebook.com\/Sites.HistoiredeFrance"]},{"@type":"Person","@id":"https:\/\/www.charles-de-flahaut.fr\/wordpress\/#\/schema\/person\/41c41eaf9ae1d70810ff74a04a786c56","name":"administrateur","url":"https:\/\/www.charles-de-flahaut.fr\/wordpress\/author\/hist_8la_ad\/"}]}},"views":428,"amp_enabled":true,"_links":{"self":[{"href":"https:\/\/www.charles-de-flahaut.fr\/wordpress\/wp-json\/wp\/v2\/posts\/7652","targetHints":{"allow":["GET"]}}],"collection":[{"href":"https:\/\/www.charles-de-flahaut.fr\/wordpress\/wp-json\/wp\/v2\/posts"}],"about":[{"href":"https:\/\/www.charles-de-flahaut.fr\/wordpress\/wp-json\/wp\/v2\/types\/post"}],"author":[{"embeddable":true,"href":"https:\/\/www.charles-de-flahaut.fr\/wordpress\/wp-json\/wp\/v2\/users\/117"}],"replies":[{"embeddable":true,"href":"https:\/\/www.charles-de-flahaut.fr\/wordpress\/wp-json\/wp\/v2\/comments?post=7652"}],"version-history":[{"count":5,"href":"https:\/\/www.charles-de-flahaut.fr\/wordpress\/wp-json\/wp\/v2\/posts\/7652\/revisions"}],"predecessor-version":[{"id":13131,"href":"https:\/\/www.charles-de-flahaut.fr\/wordpress\/wp-json\/wp\/v2\/posts\/7652\/revisions\/13131"}],"wp:attachment":[{"href":"https:\/\/www.charles-de-flahaut.fr\/wordpress\/wp-json\/wp\/v2\/media?parent=7652"}],"wp:term":[{"taxonomy":"category","embeddable":true,"href":"https:\/\/www.charles-de-flahaut.fr\/wordpress\/wp-json\/wp\/v2\/categories?post=7652"},{"taxonomy":"post_tag","embeddable":true,"href":"https:\/\/www.charles-de-flahaut.fr\/wordpress\/wp-json\/wp\/v2\/tags?post=7652"}],"curies":[{"name":"wp","href":"https:\/\/api.w.org\/{rel}","templated":true}]}}