{"id":760,"date":"2013-02-12T16:25:19","date_gmt":"2013-02-12T15:25:19","guid":{"rendered":"http:\/\/www.charles-de-flahaut.fr\/wordpress\/?p=760"},"modified":"2024-01-14T14:24:14","modified_gmt":"2024-01-14T13:24:14","slug":"histoire-de-liesse-notre-dame-aisne","status":"publish","type":"post","link":"https:\/\/www.charles-de-flahaut.fr\/wordpress\/histoire-de-liesse-notre-dame-aisne\/","title":{"rendered":"Histoire de Liesse Notre-Dame (Aisne)"},"content":{"rendered":"<p>Une nouvelle page r\u00e9f\u00e9renc\u00e9e sur <a href=\"http:\/\/www.histoire-communes.jpflahaut.fr\/\" target=\"_blank\" rel=\"noopener\">Annuaire Histoire<\/a> :<\/p>\n<p><strong><a href=\"http:\/\/www.charles-de-flahaut.fr\/wordpress\/wp-content\/uploads\/2013\/02\/Liesse.gif\"><img loading=\"lazy\" decoding=\"async\" class=\"alignleft size-medium wp-image-761\" title=\"Liesse\" src=\"http:\/\/www.charles-de-flahaut.fr\/wordpress\/wp-content\/uploads\/2013\/02\/Liesse-285x300.gif\" alt=\"\" width=\"285\" height=\"300\" srcset=\"https:\/\/www.charles-de-flahaut.fr\/wordpress\/wp-content\/uploads\/2013\/02\/Liesse-285x300.gif 285w, https:\/\/www.charles-de-flahaut.fr\/wordpress\/wp-content\/uploads\/2013\/02\/Liesse.gif 302w\" sizes=\"auto, (max-width: 285px) 100vw, 285px\" \/><\/a>Histoire de Liesse Notre-Dame (Aisne)<\/strong><br \/>\n<a href=\"http:\/\/www.ville-de-liesse.com\/page_dynamique.asp?num_chapitre=288&amp;num_page=446\" target=\"_blank\" rel=\"noopener\">http:\/\/www.ville-de-liesse.com\/page_dynamique.asp?num_chapitre=288&amp;num_page=446<\/a><\/p>\n<p style=\"text-align: justify;\"><span style=\"font-size: small;\">\u00ab\u00a0L&rsquo;histoire de Liesse est avant tout li\u00e9e aux p\u00e8lerinages qui ont donn\u00e9 une grande renomm\u00e9e \u00e0 la ville. Notre-Dame de Liesse\u00a0continue\u00a0d&rsquo;\u00eatre c\u00e9l\u00e9br\u00e9e dans le monde entier.\u00a0Cette histoire est d\u00e9crite dans le site mis en place par la paroisse.\u00a0Pour consulter ce site, <\/span><a href=\"http:\/\/perso.orange.fr\/notre.dame.de.liesse\/ORIGINE%20ET%20HISTOIRE%201%20AVRIL%202006%20plan%20titre%20paragraphe%201.htm\"><span style=\"color: #3535a8; font-size: small;\">cliquer ici<\/span><\/a><span style=\"font-size: small;\">.<\/span><\/p>\n<p>Nous nous contenterons ici de rapporter quelques faits historiques, issus principalement des recherches de Monsieur <span style=\"color: #0000d7;\"><strong><em><span style=\"color: #3535a8;\">Jean PESTEL<\/span><\/em>.<\/strong><\/span><\/p>\n<p>Pour consulter les articles historiques, cliquer sur les liens ci-dessous :<\/p>\n<p><span style=\"color: #3535a8;\">&#8211;\u00a0 <\/span><a href=\"http:\/\/www.ville-de-liesse.com\/page_dynamique.asp?num_chapitre=343&amp;num_page=508\"><span style=\"color: #3535a8; font-size: small;\">Histoire du blason de Liesse (article de Monsieur Laurent Denneval).<\/span><\/a><\/p>\n<p><span style=\"color: #3535a8; font-size: small;\">\u00a0&#8211;\u00a0 <\/span><a href=\"http:\/\/www.ville-de-liesse.com\/page_dynamique.asp?num_chapitre=346&amp;num_page=511\"><span style=\"color: #3535a8; font-size: small;\">Quelques mots sur l&rsquo;ancien &lsquo;Petit S\u00e9minaire de Liesse&rsquo;<\/span><\/a><span style=\"color: #3535a8; font-size: small;\">.<\/span><\/p>\n<p>&#8211;\u00a0 <a href=\"http:\/\/www.ville-de-liesse.com\/page_dynamique.asp?num_chapitre=342&amp;num_page=507\"><span style=\"color: #3535a8; font-size: small;\">Personnages historiques : le g\u00e9n\u00e9ral Li\u00e9bert et Louis Bonnaire<\/span><\/a><span style=\"color: #3535a8;\"><span style=\"font-size: small;\">.<\/span><\/span><\/p>\n<p><span style=\"color: #3535a8;\">\u00a0&#8211;\u00a0\u00a0<\/span><a href=\"http:\/\/www.ville-de-liesse.com\/page_dynamique.asp?num_chapitre=352&amp;num_page=517\"><span style=\"color: #3535a8; font-size: small;\">L&rsquo;Abb\u00e9 Emile Duploy\u00e9<\/span><\/a><span style=\"font-size: small;\"><span style=\"color: #3535a8;\">.<\/span><\/span><\/p>\n<p>&#8211;\u00a0\u00a0<a href=\"http:\/\/www.ville-de-liesse.com\/page_dynamique.asp?num_chapitre=349&amp;num_page=514\"><span style=\"color: #3535a8; font-size: small;\">Visite de la Duchesse d&rsquo;Angoul\u00eame (8 mai 1826).<\/span><\/a><\/p>\n<p>&#8211;\u00a0 <a href=\"http:\/\/www.ville-de-liesse.com\/page_dynamique.asp?num_chapitre=310&amp;num_page=468\"><span style=\"color: #3535a8; font-size: small;\">Histoire de l&rsquo;H\u00f4tel de Ville (1856)<\/span><\/a><span style=\"color: #3535a8; font-size: small;\">.<\/span><\/p>\n<p>&#8211;\u00a0\u00a0<a href=\"http:\/\/perso.orange.fr\/correspondance.14-18\/\" target=\"newform\" rel=\"noopener\"><span style=\"color: #3535a8; font-size: small;\">Destins de Liessois pendant la Grande Guerre (site document\u00e9 par Monsieur Pascal Becquet).<\/span><\/a><\/p>\n<p><span style=\"color: #3535a8; font-size: small;\">\u00a0&#8211;\u00a0 <\/span><a href=\"http:\/\/www.ville-de-liesse.com\/page_dynamique.asp?num_chapitre=344&amp;num_page=509\"><span style=\"color: #3535a8; font-size: small;\">R\u00f4le des marais de Liesse et\u00a0Marchais dans la guerre de 1914-1918<\/span><\/a><span style=\"color: #3535a8; font-size: small;\">.<\/span><\/p>\n<p><span style=\"color: #3535a8; font-size: small;\">\u00a0&#8211;\u00a0 <\/span><a href=\"http:\/\/www.ville-de-liesse.com\/page_dynamique.asp?num_chapitre=328&amp;num_page=488\"><span style=\"color: #3535a8; font-size: small;\">Lib\u00e9ration de Liesse le 16 Octobre 1918<\/span><\/a><span style=\"color: #3535a8; font-size: small;\">.<\/span><\/p>\n<p>&#8211;\u00a0 <a href=\"http:\/\/www.ville-de-liesse.com\/page_dynamique.asp?num_chapitre=327&amp;num_page=487\"><span style=\"color: #3535a8; font-size: small;\">Statue de Jeanne d&rsquo;Arc (1921)<\/span><\/a><span style=\"color: #3535a8; font-size: small;\">.<\/span><\/p>\n<p>&#8211;\u00a0 <a href=\"http:\/\/www.ville-de-liesse.com\/page_dynamique.asp?num_chapitre=311&amp;num_page=469\"><span style=\"color: #3535a8; font-size: small;\">Croix de Guerre de la ville de Liesse (1926)<\/span><\/a><span style=\"color: #3535a8; font-size: xx-small;\"><span style=\"font-size: small;\">.<\/span><\/span><\/p>\n<p><span style=\"color: #3535a8;\">\u00a0&#8211;\u00a0\u00a0<\/span><a href=\"http:\/\/www.ville-de-liesse.com\/page_dynamique.asp?num_chapitre=351&amp;num_page=516\"><span style=\"color: #3535a8; font-size: small;\">Aviateurs anglais inhum\u00e9s \u00e0 Liesse (1940)<\/span><\/a><span style=\"color: #3535a8;\"><span style=\"font-size: small;\">.<\/span><\/span><\/p>\n<p><span style=\"color: #3535a8;\">\u00a0&#8211;\u00a0 <\/span><a href=\"http:\/\/www.ville-de-liesse.com\/page_dynamique.asp?num_chapitre=383&amp;num_page=553\"><span style=\"color: #3535a8; font-size: small;\">Le calvaire dit de &lsquo;La Croix de Marchais&rsquo;<\/span><\/a><span style=\"font-size: small;\">.<\/span><\/p>\n<p>&#8211;\u00a0\u00a0<a href=\"http:\/\/www.ville-de-liesse.com\/page_dynamique.asp?num_chapitre=410&amp;num_page=579\"><span style=\"color: #3535a8; font-size: small;\">Le Jub\u00e9 de Notre Dame de Liesse<\/span><\/a><span style=\"font-size: small;\">.<\/span><\/p>\n<p><span style=\"color: #3535a8;\"><span style=\"font-size: small;\">\u00a0&#8211;\u00a0 <\/span><a href=\"http:\/\/paratge.wordpress.com\/2012\/10\/26\/un-pelerinage-au-xviiie-siecle-notre-dame-de-liesse\/\" target=\"newform\" rel=\"noopener\"><span style=\"color: #3535a8; font-size: small;\">Un p\u00e8lerinage au XVIII\u00e8 si\u00e8cle : Notre Dame de Liesse (par Monsieur Gauthier Langlois). \u00a0\u00bb<br \/>\n<\/span><\/a><\/span><\/p>\n<p style=\"text-align: justify;\"><em>(extraits du site de Liesse Notre-Dame)<\/em><\/p>\n<p><a href=\"https:\/\/amzn.to\/48zGlOq\" target=\"_blank\" rel=\"noopener\"><strong>Ouvrages sur Liesse Notre Dame<\/strong><\/a><\/p>\n","protected":false},"excerpt":{"rendered":"<p>Une nouvelle page r\u00e9f\u00e9renc\u00e9e sur Annuaire Histoire : Histoire de Liesse Notre-Dame (Aisne) http:\/\/www.ville-de-liesse.com\/page_dynamique.asp?num_chapitre=288&amp;num_page=446 \u00ab\u00a0L&rsquo;histoire de Liesse est avant tout li\u00e9e aux p\u00e8lerinages qui ont donn\u00e9 une grande renomm\u00e9e \u00e0 la ville. Notre-Dame de Liesse\u00a0continue\u00a0d&rsquo;\u00eatre c\u00e9l\u00e9br\u00e9e dans le monde entier.\u00a0Cette histoire est d\u00e9crite dans le site mis en place par la paroisse.\u00a0Pour consulter ce site, &hellip; <\/p>\n<p><a class=\"more-link btn\" href=\"https:\/\/www.charles-de-flahaut.fr\/wordpress\/histoire-de-liesse-notre-dame-aisne\/\">Lire la suite<\/a><\/p>\n","protected":false},"author":1,"featured_media":0,"comment_status":"open","ping_status":"open","sticky":false,"template":"","format":"standard","meta":{"footnotes":""},"categories":[91,16,8],"tags":[],"class_list":["post-760","post","type-post","status-publish","format-standard","hentry","category-02-aisne","category-histoire-regionale","category-patrimoine","item-wrap"],"yoast_head":"<!-- This site is optimized with the Yoast SEO plugin v27.4 - https:\/\/yoast.com\/product\/yoast-seo-wordpress\/ -->\n<title>Histoire de Liesse Notre-Dame (Aisne) - Histoire de France - Communiqu\u00e9s<\/title>\n<meta name=\"description\" content=\"&#039;histoire de Liesse est avant tout li\u00e9e aux p\u00e8lerinages qui ont donn\u00e9 une grande renomm\u00e9e \u00e0 la ville. Notre-Dame de Liesse\" \/>\n<meta name=\"robots\" content=\"index, follow, max-snippet:-1, max-image-preview:large, max-video-preview:-1\" \/>\n<link rel=\"canonical\" href=\"https:\/\/www.charles-de-flahaut.fr\/wordpress\/histoire-de-liesse-notre-dame-aisne\/\" \/>\n<meta property=\"og:locale\" content=\"fr_FR\" \/>\n<meta property=\"og:type\" content=\"article\" \/>\n<meta property=\"og:title\" content=\"Histoire de Liesse Notre-Dame (Aisne) - Histoire de France - Communiqu\u00e9s\" \/>\n<meta property=\"og:description\" content=\"&#039;histoire de Liesse est avant tout li\u00e9e aux p\u00e8lerinages qui ont donn\u00e9 une grande renomm\u00e9e \u00e0 la ville. Notre-Dame de Liesse\" \/>\n<meta property=\"og:url\" content=\"https:\/\/www.charles-de-flahaut.fr\/wordpress\/histoire-de-liesse-notre-dame-aisne\/\" \/>\n<meta property=\"og:site_name\" content=\"Histoire de France - Communiqu\u00e9s\" \/>\n<meta property=\"article:publisher\" content=\"https:\/\/www.facebook.com\/Sites.HistoiredeFrance\" \/>\n<meta property=\"article:author\" content=\"https:\/\/www.facebook.com\/Sites.HistoiredeFrance\" \/>\n<meta property=\"article:published_time\" content=\"2013-02-12T15:25:19+00:00\" \/>\n<meta property=\"article:modified_time\" content=\"2024-01-14T13:24:14+00:00\" \/>\n<meta property=\"og:image\" content=\"http:\/\/www.charles-de-flahaut.fr\/wordpress\/wp-content\/uploads\/2013\/02\/Liesse-285x300.gif\" \/>\n<meta name=\"author\" content=\"administrateur\" \/>\n<meta name=\"twitter:card\" content=\"summary_large_image\" \/>\n<meta name=\"twitter:label1\" content=\"\u00c9crit par\" \/>\n\t<meta name=\"twitter:data1\" content=\"administrateur\" \/>\n\t<meta name=\"twitter:label2\" content=\"Dur\u00e9e de lecture estim\u00e9e\" \/>\n\t<meta name=\"twitter:data2\" content=\"2 minutes\" \/>\n<script type=\"application\/ld+json\" class=\"yoast-schema-graph\">{\"@context\":\"https:\\\/\\\/schema.org\",\"@graph\":[{\"@type\":\"Article\",\"@id\":\"https:\\\/\\\/www.charles-de-flahaut.fr\\\/wordpress\\\/histoire-de-liesse-notre-dame-aisne\\\/#article\",\"isPartOf\":{\"@id\":\"https:\\\/\\\/www.charles-de-flahaut.fr\\\/wordpress\\\/histoire-de-liesse-notre-dame-aisne\\\/\"},\"author\":{\"name\":\"administrateur\",\"@id\":\"https:\\\/\\\/www.charles-de-flahaut.fr\\\/wordpress\\\/#\\\/schema\\\/person\\\/81011c8b61bc74c05499365a506d49a9\"},\"headline\":\"Histoire de Liesse Notre-Dame (Aisne)\",\"datePublished\":\"2013-02-12T15:25:19+00:00\",\"dateModified\":\"2024-01-14T13:24:14+00:00\",\"mainEntityOfPage\":{\"@id\":\"https:\\\/\\\/www.charles-de-flahaut.fr\\\/wordpress\\\/histoire-de-liesse-notre-dame-aisne\\\/\"},\"wordCount\":270,\"commentCount\":0,\"publisher\":{\"@id\":\"https:\\\/\\\/www.charles-de-flahaut.fr\\\/wordpress\\\/#\\\/schema\\\/person\\\/81011c8b61bc74c05499365a506d49a9\"},\"image\":{\"@id\":\"https:\\\/\\\/www.charles-de-flahaut.fr\\\/wordpress\\\/histoire-de-liesse-notre-dame-aisne\\\/#primaryimage\"},\"thumbnailUrl\":\"http:\\\/\\\/www.charles-de-flahaut.fr\\\/wordpress\\\/wp-content\\\/uploads\\\/2013\\\/02\\\/Liesse-285x300.gif\",\"articleSection\":[\"02 - Aisne\",\"histoire locale\",\"patrimoine\"],\"inLanguage\":\"fr-FR\",\"potentialAction\":[{\"@type\":\"CommentAction\",\"name\":\"Comment\",\"target\":[\"https:\\\/\\\/www.charles-de-flahaut.fr\\\/wordpress\\\/histoire-de-liesse-notre-dame-aisne\\\/#respond\"]}]},{\"@type\":\"WebPage\",\"@id\":\"https:\\\/\\\/www.charles-de-flahaut.fr\\\/wordpress\\\/histoire-de-liesse-notre-dame-aisne\\\/\",\"url\":\"https:\\\/\\\/www.charles-de-flahaut.fr\\\/wordpress\\\/histoire-de-liesse-notre-dame-aisne\\\/\",\"name\":\"Histoire de Liesse Notre-Dame (Aisne) - Histoire de France - Communiqu\u00e9s\",\"isPartOf\":{\"@id\":\"https:\\\/\\\/www.charles-de-flahaut.fr\\\/wordpress\\\/#website\"},\"primaryImageOfPage\":{\"@id\":\"https:\\\/\\\/www.charles-de-flahaut.fr\\\/wordpress\\\/histoire-de-liesse-notre-dame-aisne\\\/#primaryimage\"},\"image\":{\"@id\":\"https:\\\/\\\/www.charles-de-flahaut.fr\\\/wordpress\\\/histoire-de-liesse-notre-dame-aisne\\\/#primaryimage\"},\"thumbnailUrl\":\"http:\\\/\\\/www.charles-de-flahaut.fr\\\/wordpress\\\/wp-content\\\/uploads\\\/2013\\\/02\\\/Liesse-285x300.gif\",\"datePublished\":\"2013-02-12T15:25:19+00:00\",\"dateModified\":\"2024-01-14T13:24:14+00:00\",\"description\":\"'histoire de Liesse est avant tout li\u00e9e aux p\u00e8lerinages qui ont donn\u00e9 une grande renomm\u00e9e \u00e0 la ville. Notre-Dame de Liesse\",\"breadcrumb\":{\"@id\":\"https:\\\/\\\/www.charles-de-flahaut.fr\\\/wordpress\\\/histoire-de-liesse-notre-dame-aisne\\\/#breadcrumb\"},\"inLanguage\":\"fr-FR\",\"potentialAction\":[{\"@type\":\"ReadAction\",\"target\":[\"https:\\\/\\\/www.charles-de-flahaut.fr\\\/wordpress\\\/histoire-de-liesse-notre-dame-aisne\\\/\"]}]},{\"@type\":\"ImageObject\",\"inLanguage\":\"fr-FR\",\"@id\":\"https:\\\/\\\/www.charles-de-flahaut.fr\\\/wordpress\\\/histoire-de-liesse-notre-dame-aisne\\\/#primaryimage\",\"url\":\"https:\\\/\\\/www.charles-de-flahaut.fr\\\/wordpress\\\/wp-content\\\/uploads\\\/2013\\\/02\\\/Liesse.gif\",\"contentUrl\":\"https:\\\/\\\/www.charles-de-flahaut.fr\\\/wordpress\\\/wp-content\\\/uploads\\\/2013\\\/02\\\/Liesse.gif\",\"width\":\"302\",\"height\":\"317\"},{\"@type\":\"BreadcrumbList\",\"@id\":\"https:\\\/\\\/www.charles-de-flahaut.fr\\\/wordpress\\\/histoire-de-liesse-notre-dame-aisne\\\/#breadcrumb\",\"itemListElement\":[{\"@type\":\"ListItem\",\"position\":1,\"name\":\"Accueil\",\"item\":\"https:\\\/\\\/www.charles-de-flahaut.fr\\\/wordpress\\\/\"},{\"@type\":\"ListItem\",\"position\":2,\"name\":\"Histoire de Liesse Notre-Dame (Aisne)\"}]},{\"@type\":\"WebSite\",\"@id\":\"https:\\\/\\\/www.charles-de-flahaut.fr\\\/wordpress\\\/#website\",\"url\":\"https:\\\/\\\/www.charles-de-flahaut.fr\\\/wordpress\\\/\",\"name\":\"Histoire de France - Communiqu\u00e9s\",\"description\":\"Histoire et patrimoine\",\"publisher\":{\"@id\":\"https:\\\/\\\/www.charles-de-flahaut.fr\\\/wordpress\\\/#\\\/schema\\\/person\\\/81011c8b61bc74c05499365a506d49a9\"},\"potentialAction\":[{\"@type\":\"SearchAction\",\"target\":{\"@type\":\"EntryPoint\",\"urlTemplate\":\"https:\\\/\\\/www.charles-de-flahaut.fr\\\/wordpress\\\/?s={search_term_string}\"},\"query-input\":{\"@type\":\"PropertyValueSpecification\",\"valueRequired\":true,\"valueName\":\"search_term_string\"}}],\"inLanguage\":\"fr-FR\"},{\"@type\":[\"Person\",\"Organization\"],\"@id\":\"https:\\\/\\\/www.charles-de-flahaut.fr\\\/wordpress\\\/#\\\/schema\\\/person\\\/81011c8b61bc74c05499365a506d49a9\",\"name\":\"administrateur\",\"logo\":{\"@id\":\"https:\\\/\\\/www.charles-de-flahaut.fr\\\/wordpress\\\/#\\\/schema\\\/person\\\/image\\\/\"},\"sameAs\":[\"http:\\\/\\\/www.charles-de-flahaut.fr\",\"https:\\\/\\\/www.facebook.com\\\/Sites.HistoiredeFrance\"],\"url\":\"https:\\\/\\\/www.charles-de-flahaut.fr\\\/wordpress\\\/author\\\/admin\\\/\"}]}<\/script>\n<!-- \/ Yoast SEO plugin. -->","yoast_head_json":{"title":"Histoire de Liesse Notre-Dame (Aisne) - Histoire de France - Communiqu\u00e9s","description":"'histoire de Liesse est avant tout li\u00e9e aux p\u00e8lerinages qui ont donn\u00e9 une grande renomm\u00e9e \u00e0 la ville. Notre-Dame de Liesse","robots":{"index":"index","follow":"follow","max-snippet":"max-snippet:-1","max-image-preview":"max-image-preview:large","max-video-preview":"max-video-preview:-1"},"canonical":"https:\/\/www.charles-de-flahaut.fr\/wordpress\/histoire-de-liesse-notre-dame-aisne\/","og_locale":"fr_FR","og_type":"article","og_title":"Histoire de Liesse Notre-Dame (Aisne) - Histoire de France - Communiqu\u00e9s","og_description":"'histoire de Liesse est avant tout li\u00e9e aux p\u00e8lerinages qui ont donn\u00e9 une grande renomm\u00e9e \u00e0 la ville. Notre-Dame de Liesse","og_url":"https:\/\/www.charles-de-flahaut.fr\/wordpress\/histoire-de-liesse-notre-dame-aisne\/","og_site_name":"Histoire de France - Communiqu\u00e9s","article_publisher":"https:\/\/www.facebook.com\/Sites.HistoiredeFrance","article_author":"https:\/\/www.facebook.com\/Sites.HistoiredeFrance","article_published_time":"2013-02-12T15:25:19+00:00","article_modified_time":"2024-01-14T13:24:14+00:00","og_image":[{"url":"http:\/\/www.charles-de-flahaut.fr\/wordpress\/wp-content\/uploads\/2013\/02\/Liesse-285x300.gif","type":"","width":"","height":""}],"author":"administrateur","twitter_card":"summary_large_image","twitter_misc":{"\u00c9crit par":"administrateur","Dur\u00e9e de lecture estim\u00e9e":"2 minutes"},"schema":{"@context":"https:\/\/schema.org","@graph":[{"@type":"Article","@id":"https:\/\/www.charles-de-flahaut.fr\/wordpress\/histoire-de-liesse-notre-dame-aisne\/#article","isPartOf":{"@id":"https:\/\/www.charles-de-flahaut.fr\/wordpress\/histoire-de-liesse-notre-dame-aisne\/"},"author":{"name":"administrateur","@id":"https:\/\/www.charles-de-flahaut.fr\/wordpress\/#\/schema\/person\/81011c8b61bc74c05499365a506d49a9"},"headline":"Histoire de Liesse Notre-Dame (Aisne)","datePublished":"2013-02-12T15:25:19+00:00","dateModified":"2024-01-14T13:24:14+00:00","mainEntityOfPage":{"@id":"https:\/\/www.charles-de-flahaut.fr\/wordpress\/histoire-de-liesse-notre-dame-aisne\/"},"wordCount":270,"commentCount":0,"publisher":{"@id":"https:\/\/www.charles-de-flahaut.fr\/wordpress\/#\/schema\/person\/81011c8b61bc74c05499365a506d49a9"},"image":{"@id":"https:\/\/www.charles-de-flahaut.fr\/wordpress\/histoire-de-liesse-notre-dame-aisne\/#primaryimage"},"thumbnailUrl":"http:\/\/www.charles-de-flahaut.fr\/wordpress\/wp-content\/uploads\/2013\/02\/Liesse-285x300.gif","articleSection":["02 - Aisne","histoire locale","patrimoine"],"inLanguage":"fr-FR","potentialAction":[{"@type":"CommentAction","name":"Comment","target":["https:\/\/www.charles-de-flahaut.fr\/wordpress\/histoire-de-liesse-notre-dame-aisne\/#respond"]}]},{"@type":"WebPage","@id":"https:\/\/www.charles-de-flahaut.fr\/wordpress\/histoire-de-liesse-notre-dame-aisne\/","url":"https:\/\/www.charles-de-flahaut.fr\/wordpress\/histoire-de-liesse-notre-dame-aisne\/","name":"Histoire de Liesse Notre-Dame (Aisne) - Histoire de France - Communiqu\u00e9s","isPartOf":{"@id":"https:\/\/www.charles-de-flahaut.fr\/wordpress\/#website"},"primaryImageOfPage":{"@id":"https:\/\/www.charles-de-flahaut.fr\/wordpress\/histoire-de-liesse-notre-dame-aisne\/#primaryimage"},"image":{"@id":"https:\/\/www.charles-de-flahaut.fr\/wordpress\/histoire-de-liesse-notre-dame-aisne\/#primaryimage"},"thumbnailUrl":"http:\/\/www.charles-de-flahaut.fr\/wordpress\/wp-content\/uploads\/2013\/02\/Liesse-285x300.gif","datePublished":"2013-02-12T15:25:19+00:00","dateModified":"2024-01-14T13:24:14+00:00","description":"'histoire de Liesse est avant tout li\u00e9e aux p\u00e8lerinages qui ont donn\u00e9 une grande renomm\u00e9e \u00e0 la ville. Notre-Dame de Liesse","breadcrumb":{"@id":"https:\/\/www.charles-de-flahaut.fr\/wordpress\/histoire-de-liesse-notre-dame-aisne\/#breadcrumb"},"inLanguage":"fr-FR","potentialAction":[{"@type":"ReadAction","target":["https:\/\/www.charles-de-flahaut.fr\/wordpress\/histoire-de-liesse-notre-dame-aisne\/"]}]},{"@type":"ImageObject","inLanguage":"fr-FR","@id":"https:\/\/www.charles-de-flahaut.fr\/wordpress\/histoire-de-liesse-notre-dame-aisne\/#primaryimage","url":"https:\/\/www.charles-de-flahaut.fr\/wordpress\/wp-content\/uploads\/2013\/02\/Liesse.gif","contentUrl":"https:\/\/www.charles-de-flahaut.fr\/wordpress\/wp-content\/uploads\/2013\/02\/Liesse.gif","width":"302","height":"317"},{"@type":"BreadcrumbList","@id":"https:\/\/www.charles-de-flahaut.fr\/wordpress\/histoire-de-liesse-notre-dame-aisne\/#breadcrumb","itemListElement":[{"@type":"ListItem","position":1,"name":"Accueil","item":"https:\/\/www.charles-de-flahaut.fr\/wordpress\/"},{"@type":"ListItem","position":2,"name":"Histoire de Liesse Notre-Dame (Aisne)"}]},{"@type":"WebSite","@id":"https:\/\/www.charles-de-flahaut.fr\/wordpress\/#website","url":"https:\/\/www.charles-de-flahaut.fr\/wordpress\/","name":"Histoire de France - Communiqu\u00e9s","description":"Histoire et patrimoine","publisher":{"@id":"https:\/\/www.charles-de-flahaut.fr\/wordpress\/#\/schema\/person\/81011c8b61bc74c05499365a506d49a9"},"potentialAction":[{"@type":"SearchAction","target":{"@type":"EntryPoint","urlTemplate":"https:\/\/www.charles-de-flahaut.fr\/wordpress\/?s={search_term_string}"},"query-input":{"@type":"PropertyValueSpecification","valueRequired":true,"valueName":"search_term_string"}}],"inLanguage":"fr-FR"},{"@type":["Person","Organization"],"@id":"https:\/\/www.charles-de-flahaut.fr\/wordpress\/#\/schema\/person\/81011c8b61bc74c05499365a506d49a9","name":"administrateur","logo":{"@id":"https:\/\/www.charles-de-flahaut.fr\/wordpress\/#\/schema\/person\/image\/"},"sameAs":["http:\/\/www.charles-de-flahaut.fr","https:\/\/www.facebook.com\/Sites.HistoiredeFrance"],"url":"https:\/\/www.charles-de-flahaut.fr\/wordpress\/author\/admin\/"}]}},"views":901,"amp_enabled":true,"_links":{"self":[{"href":"https:\/\/www.charles-de-flahaut.fr\/wordpress\/wp-json\/wp\/v2\/posts\/760","targetHints":{"allow":["GET"]}}],"collection":[{"href":"https:\/\/www.charles-de-flahaut.fr\/wordpress\/wp-json\/wp\/v2\/posts"}],"about":[{"href":"https:\/\/www.charles-de-flahaut.fr\/wordpress\/wp-json\/wp\/v2\/types\/post"}],"author":[{"embeddable":true,"href":"https:\/\/www.charles-de-flahaut.fr\/wordpress\/wp-json\/wp\/v2\/users\/1"}],"replies":[{"embeddable":true,"href":"https:\/\/www.charles-de-flahaut.fr\/wordpress\/wp-json\/wp\/v2\/comments?post=760"}],"version-history":[{"count":9,"href":"https:\/\/www.charles-de-flahaut.fr\/wordpress\/wp-json\/wp\/v2\/posts\/760\/revisions"}],"predecessor-version":[{"id":94583,"href":"https:\/\/www.charles-de-flahaut.fr\/wordpress\/wp-json\/wp\/v2\/posts\/760\/revisions\/94583"}],"wp:attachment":[{"href":"https:\/\/www.charles-de-flahaut.fr\/wordpress\/wp-json\/wp\/v2\/media?parent=760"}],"wp:term":[{"taxonomy":"category","embeddable":true,"href":"https:\/\/www.charles-de-flahaut.fr\/wordpress\/wp-json\/wp\/v2\/categories?post=760"},{"taxonomy":"post_tag","embeddable":true,"href":"https:\/\/www.charles-de-flahaut.fr\/wordpress\/wp-json\/wp\/v2\/tags?post=760"}],"curies":[{"name":"wp","href":"https:\/\/api.w.org\/{rel}","templated":true}]}}