{"id":75636,"date":"2020-07-23T21:20:09","date_gmt":"2020-07-23T20:20:09","guid":{"rendered":"https:\/\/www.charles-de-flahaut.fr\/wordpress\/?p=75636"},"modified":"2026-03-06T18:15:23","modified_gmt":"2026-03-06T17:15:23","slug":"hier-en-finistere-les-finisteriens-aux-siecles-derniers","status":"publish","type":"post","link":"https:\/\/www.charles-de-flahaut.fr\/wordpress\/hier-en-finistere-les-finisteriens-aux-siecles-derniers\/","title":{"rendered":"Hier en Finist\u00e8re &#8211; Les Finist\u00e9riens aux si\u00e8cles derniers"},"content":{"rendered":"<p><strong>Hier en Finist\u00e8re &#8211; Les Finist\u00e9riens aux si\u00e8cles derniers<\/strong><br \/>\n<a href=\"https:\/\/www.retro29.fr\/\" target=\"_blank\" rel=\"noopener noreferrer\">https:\/\/www.retro29.fr\/<\/a><\/p>\n<p style=\"text-align: justify;\"><em><a href=\"https:\/\/www.charles-de-flahaut.fr\/wordpress\/wp-content\/uploads\/2020\/07\/hierenfinistere.png\"><img loading=\"lazy\" decoding=\"async\" class=\"alignleft size-full wp-image-75637\" src=\"https:\/\/www.charles-de-flahaut.fr\/wordpress\/wp-content\/uploads\/2020\/07\/hierenfinistere.png\" alt=\"\" width=\"155\" height=\"129\" \/><\/a>un site r\u00e9f\u00e9renc\u00e9 sur le nouvel\u00a0\u00a0<a href=\"http:\/\/charles-de-flahaut.fr\/annuaire-histoire-communes\" target=\"_blank\" rel=\"noopener noreferrer\">Annuaire Historique des Communes de France<\/a><\/em><\/p>\n<p style=\"text-align: justify;\">A consulter :<br \/>\nSoldats &#8211; Marins Guerre de 14-18<br \/>\nBagnards au bagne de Guyane<br \/>\nFaits et m\u00e9faits Articles de presse<br \/>\nCommunards envoy\u00e9s au bagne en Nouvelle Cal\u00e9donie<br \/>\nFen\u00eatres sur le pass\u00e9 Articles de presse<br \/>\nBagnards au bagne en Nouvelle Cal\u00e9donie<br \/>\nEnfants adopt\u00e9s par les Am\u00e9ricains 14-18<br \/>\nTailleurs de pierres de Plouguin<\/p>\n<p><em>(image du site&#8230; <a href=\"https:\/\/www.retro29.fr\/\" target=\"_blank\" rel=\"noopener noreferrer\">lire la suite<\/a>)<\/em><\/p>\n<p style=\"text-align: center;\"><a href=\"https:\/\/amzn.to\/46JwFlN\" target=\"_blank\" rel=\"noopener\"><strong>Ouvrages sur le Finist\u00e8re<\/strong><\/a><\/p>\n<p><a href=\"https:\/\/amzn.to\/46JwFlN\" target=\"_blank\" rel=\"noopener\"><img loading=\"lazy\" decoding=\"async\" class=\"size-full wp-image-98740 aligncenter\" src=\"https:\/\/www.charles-de-flahaut.fr\/wordpress\/wp-content\/uploads\/2025\/01\/finistere3.jpg\" alt=\"\" width=\"301\" height=\"445\" srcset=\"https:\/\/www.charles-de-flahaut.fr\/wordpress\/wp-content\/uploads\/2025\/01\/finistere3.jpg 301w, https:\/\/www.charles-de-flahaut.fr\/wordpress\/wp-content\/uploads\/2025\/01\/finistere3-203x300.jpg 203w\" sizes=\"auto, (max-width: 301px) 100vw, 301px\" \/><\/a><\/p>\n","protected":false},"excerpt":{"rendered":"<p>Hier en Finist\u00e8re &#8211; Les Finist\u00e9riens aux si\u00e8cles derniers https:\/\/www.retro29.fr\/ un site r\u00e9f\u00e9renc\u00e9 sur le nouvel\u00a0\u00a0Annuaire Historique des Communes de France A consulter : Soldats &#8211; Marins Guerre de 14-18 Bagnards au bagne de Guyane Faits et m\u00e9faits Articles de presse Communards envoy\u00e9s au bagne en Nouvelle Cal\u00e9donie Fen\u00eatres sur le pass\u00e9 Articles de presse &hellip; <\/p>\n<p><a class=\"more-link btn\" href=\"https:\/\/www.charles-de-flahaut.fr\/wordpress\/hier-en-finistere-les-finisteriens-aux-siecles-derniers\/\">Lire la suite<\/a><\/p>\n","protected":false},"author":117,"featured_media":0,"comment_status":"open","ping_status":"open","sticky":false,"template":"","format":"standard","meta":{"footnotes":""},"categories":[117,16,20],"tags":[],"class_list":["post-75636","post","type-post","status-publish","format-standard","hentry","category-29-finistere","category-histoire-regionale","category-periodes-historiques","item-wrap"],"yoast_head":"<!-- This site is optimized with the Yoast SEO plugin v27.5 - https:\/\/yoast.com\/product\/yoast-seo-wordpress\/ -->\n<title>Hier en Finist\u00e8re - Les Finist\u00e9riens aux si\u00e8cles derniers - Histoire de France - Communiqu\u00e9s<\/title>\n<meta name=\"description\" content=\"Soldats - Marins Guerre de 14-18Bagnards au bagne de Guyane - Faits et m\u00e9faits Articles de presse - Communards envoy\u00e9s au bagne en\" \/>\n<meta name=\"robots\" content=\"index, follow, max-snippet:-1, max-image-preview:large, max-video-preview:-1\" \/>\n<link rel=\"canonical\" href=\"https:\/\/www.charles-de-flahaut.fr\/wordpress\/hier-en-finistere-les-finisteriens-aux-siecles-derniers\/\" \/>\n<meta property=\"og:locale\" content=\"fr_FR\" \/>\n<meta property=\"og:type\" content=\"article\" \/>\n<meta property=\"og:title\" content=\"Hier en Finist\u00e8re - Les Finist\u00e9riens aux si\u00e8cles derniers - Histoire de France - Communiqu\u00e9s\" \/>\n<meta property=\"og:description\" content=\"Soldats - Marins Guerre de 14-18Bagnards au bagne de Guyane - Faits et m\u00e9faits Articles de presse - Communards envoy\u00e9s au bagne en\" \/>\n<meta property=\"og:url\" content=\"https:\/\/www.charles-de-flahaut.fr\/wordpress\/hier-en-finistere-les-finisteriens-aux-siecles-derniers\/\" \/>\n<meta property=\"og:site_name\" content=\"Histoire de France - Communiqu\u00e9s\" \/>\n<meta property=\"article:publisher\" content=\"https:\/\/www.facebook.com\/Sites.HistoiredeFrance\" \/>\n<meta property=\"article:published_time\" content=\"2020-07-23T20:20:09+00:00\" \/>\n<meta property=\"article:modified_time\" content=\"2026-03-06T17:15:23+00:00\" \/>\n<meta property=\"og:image\" content=\"https:\/\/www.charles-de-flahaut.fr\/wordpress\/wp-content\/uploads\/2020\/07\/hierenfinistere.png\" \/>\n\t<meta property=\"og:image:width\" content=\"155\" \/>\n\t<meta property=\"og:image:height\" content=\"129\" \/>\n\t<meta property=\"og:image:type\" content=\"image\/png\" \/>\n<meta name=\"author\" content=\"administrateur\" \/>\n<meta name=\"twitter:card\" content=\"summary_large_image\" \/>\n<meta name=\"twitter:label1\" content=\"\u00c9crit par\" \/>\n\t<meta name=\"twitter:data1\" content=\"administrateur\" \/>\n\t<meta name=\"twitter:label2\" content=\"Dur\u00e9e de lecture estim\u00e9e\" \/>\n\t<meta name=\"twitter:data2\" content=\"1 minute\" \/>\n<script type=\"application\/ld+json\" class=\"yoast-schema-graph\">{\"@context\":\"https:\\\/\\\/schema.org\",\"@graph\":[{\"@type\":\"Article\",\"@id\":\"https:\\\/\\\/www.charles-de-flahaut.fr\\\/wordpress\\\/hier-en-finistere-les-finisteriens-aux-siecles-derniers\\\/#article\",\"isPartOf\":{\"@id\":\"https:\\\/\\\/www.charles-de-flahaut.fr\\\/wordpress\\\/hier-en-finistere-les-finisteriens-aux-siecles-derniers\\\/\"},\"author\":{\"name\":\"administrateur\",\"@id\":\"https:\\\/\\\/www.charles-de-flahaut.fr\\\/wordpress\\\/#\\\/schema\\\/person\\\/41c41eaf9ae1d70810ff74a04a786c56\"},\"headline\":\"Hier en Finist\u00e8re &#8211; Les Finist\u00e9riens aux si\u00e8cles derniers\",\"datePublished\":\"2020-07-23T20:20:09+00:00\",\"dateModified\":\"2026-03-06T17:15:23+00:00\",\"mainEntityOfPage\":{\"@id\":\"https:\\\/\\\/www.charles-de-flahaut.fr\\\/wordpress\\\/hier-en-finistere-les-finisteriens-aux-siecles-derniers\\\/\"},\"wordCount\":110,\"commentCount\":0,\"publisher\":{\"@id\":\"https:\\\/\\\/www.charles-de-flahaut.fr\\\/wordpress\\\/#\\\/schema\\\/person\\\/81011c8b61bc74c05499365a506d49a9\"},\"image\":{\"@id\":\"https:\\\/\\\/www.charles-de-flahaut.fr\\\/wordpress\\\/hier-en-finistere-les-finisteriens-aux-siecles-derniers\\\/#primaryimage\"},\"thumbnailUrl\":\"https:\\\/\\\/www.charles-de-flahaut.fr\\\/wordpress\\\/wp-content\\\/uploads\\\/2020\\\/07\\\/hierenfinistere.png\",\"articleSection\":[\"29 - Finist\u00e8re\",\"histoire locale\",\"p\u00e9riodes historiques\"],\"inLanguage\":\"fr-FR\",\"potentialAction\":[{\"@type\":\"CommentAction\",\"name\":\"Comment\",\"target\":[\"https:\\\/\\\/www.charles-de-flahaut.fr\\\/wordpress\\\/hier-en-finistere-les-finisteriens-aux-siecles-derniers\\\/#respond\"]}]},{\"@type\":\"WebPage\",\"@id\":\"https:\\\/\\\/www.charles-de-flahaut.fr\\\/wordpress\\\/hier-en-finistere-les-finisteriens-aux-siecles-derniers\\\/\",\"url\":\"https:\\\/\\\/www.charles-de-flahaut.fr\\\/wordpress\\\/hier-en-finistere-les-finisteriens-aux-siecles-derniers\\\/\",\"name\":\"Hier en Finist\u00e8re - Les Finist\u00e9riens aux si\u00e8cles derniers - Histoire de France - Communiqu\u00e9s\",\"isPartOf\":{\"@id\":\"https:\\\/\\\/www.charles-de-flahaut.fr\\\/wordpress\\\/#website\"},\"primaryImageOfPage\":{\"@id\":\"https:\\\/\\\/www.charles-de-flahaut.fr\\\/wordpress\\\/hier-en-finistere-les-finisteriens-aux-siecles-derniers\\\/#primaryimage\"},\"image\":{\"@id\":\"https:\\\/\\\/www.charles-de-flahaut.fr\\\/wordpress\\\/hier-en-finistere-les-finisteriens-aux-siecles-derniers\\\/#primaryimage\"},\"thumbnailUrl\":\"https:\\\/\\\/www.charles-de-flahaut.fr\\\/wordpress\\\/wp-content\\\/uploads\\\/2020\\\/07\\\/hierenfinistere.png\",\"datePublished\":\"2020-07-23T20:20:09+00:00\",\"dateModified\":\"2026-03-06T17:15:23+00:00\",\"description\":\"Soldats - Marins Guerre de 14-18Bagnards au bagne de Guyane - Faits et m\u00e9faits Articles de presse - Communards envoy\u00e9s au bagne en\",\"breadcrumb\":{\"@id\":\"https:\\\/\\\/www.charles-de-flahaut.fr\\\/wordpress\\\/hier-en-finistere-les-finisteriens-aux-siecles-derniers\\\/#breadcrumb\"},\"inLanguage\":\"fr-FR\",\"potentialAction\":[{\"@type\":\"ReadAction\",\"target\":[\"https:\\\/\\\/www.charles-de-flahaut.fr\\\/wordpress\\\/hier-en-finistere-les-finisteriens-aux-siecles-derniers\\\/\"]}]},{\"@type\":\"ImageObject\",\"inLanguage\":\"fr-FR\",\"@id\":\"https:\\\/\\\/www.charles-de-flahaut.fr\\\/wordpress\\\/hier-en-finistere-les-finisteriens-aux-siecles-derniers\\\/#primaryimage\",\"url\":\"https:\\\/\\\/www.charles-de-flahaut.fr\\\/wordpress\\\/wp-content\\\/uploads\\\/2020\\\/07\\\/hierenfinistere.png\",\"contentUrl\":\"https:\\\/\\\/www.charles-de-flahaut.fr\\\/wordpress\\\/wp-content\\\/uploads\\\/2020\\\/07\\\/hierenfinistere.png\"},{\"@type\":\"BreadcrumbList\",\"@id\":\"https:\\\/\\\/www.charles-de-flahaut.fr\\\/wordpress\\\/hier-en-finistere-les-finisteriens-aux-siecles-derniers\\\/#breadcrumb\",\"itemListElement\":[{\"@type\":\"ListItem\",\"position\":1,\"name\":\"Accueil\",\"item\":\"https:\\\/\\\/www.charles-de-flahaut.fr\\\/wordpress\\\/\"},{\"@type\":\"ListItem\",\"position\":2,\"name\":\"Hier en Finist\u00e8re &#8211; Les Finist\u00e9riens aux si\u00e8cles derniers\"}]},{\"@type\":\"WebSite\",\"@id\":\"https:\\\/\\\/www.charles-de-flahaut.fr\\\/wordpress\\\/#website\",\"url\":\"https:\\\/\\\/www.charles-de-flahaut.fr\\\/wordpress\\\/\",\"name\":\"Histoire de France - Communiqu\u00e9s\",\"description\":\"Histoire et patrimoine\",\"publisher\":{\"@id\":\"https:\\\/\\\/www.charles-de-flahaut.fr\\\/wordpress\\\/#\\\/schema\\\/person\\\/81011c8b61bc74c05499365a506d49a9\"},\"potentialAction\":[{\"@type\":\"SearchAction\",\"target\":{\"@type\":\"EntryPoint\",\"urlTemplate\":\"https:\\\/\\\/www.charles-de-flahaut.fr\\\/wordpress\\\/?s={search_term_string}\"},\"query-input\":{\"@type\":\"PropertyValueSpecification\",\"valueRequired\":true,\"valueName\":\"search_term_string\"}}],\"inLanguage\":\"fr-FR\"},{\"@type\":[\"Person\",\"Organization\"],\"@id\":\"https:\\\/\\\/www.charles-de-flahaut.fr\\\/wordpress\\\/#\\\/schema\\\/person\\\/81011c8b61bc74c05499365a506d49a9\",\"name\":\"administrateur\",\"logo\":{\"@id\":\"https:\\\/\\\/www.charles-de-flahaut.fr\\\/wordpress\\\/#\\\/schema\\\/person\\\/image\\\/\"},\"sameAs\":[\"http:\\\/\\\/www.charles-de-flahaut.fr\",\"https:\\\/\\\/www.facebook.com\\\/Sites.HistoiredeFrance\"]},{\"@type\":\"Person\",\"@id\":\"https:\\\/\\\/www.charles-de-flahaut.fr\\\/wordpress\\\/#\\\/schema\\\/person\\\/41c41eaf9ae1d70810ff74a04a786c56\",\"name\":\"administrateur\",\"url\":\"https:\\\/\\\/www.charles-de-flahaut.fr\\\/wordpress\\\/author\\\/hist_8la_ad\\\/\"}]}<\/script>\n<!-- \/ Yoast SEO plugin. -->","yoast_head_json":{"title":"Hier en Finist\u00e8re - Les Finist\u00e9riens aux si\u00e8cles derniers - Histoire de France - Communiqu\u00e9s","description":"Soldats - Marins Guerre de 14-18Bagnards au bagne de Guyane - Faits et m\u00e9faits Articles de presse - Communards envoy\u00e9s au bagne en","robots":{"index":"index","follow":"follow","max-snippet":"max-snippet:-1","max-image-preview":"max-image-preview:large","max-video-preview":"max-video-preview:-1"},"canonical":"https:\/\/www.charles-de-flahaut.fr\/wordpress\/hier-en-finistere-les-finisteriens-aux-siecles-derniers\/","og_locale":"fr_FR","og_type":"article","og_title":"Hier en Finist\u00e8re - Les Finist\u00e9riens aux si\u00e8cles derniers - Histoire de France - Communiqu\u00e9s","og_description":"Soldats - Marins Guerre de 14-18Bagnards au bagne de Guyane - Faits et m\u00e9faits Articles de presse - Communards envoy\u00e9s au bagne en","og_url":"https:\/\/www.charles-de-flahaut.fr\/wordpress\/hier-en-finistere-les-finisteriens-aux-siecles-derniers\/","og_site_name":"Histoire de France - Communiqu\u00e9s","article_publisher":"https:\/\/www.facebook.com\/Sites.HistoiredeFrance","article_published_time":"2020-07-23T20:20:09+00:00","article_modified_time":"2026-03-06T17:15:23+00:00","og_image":[{"width":155,"height":129,"url":"https:\/\/www.charles-de-flahaut.fr\/wordpress\/wp-content\/uploads\/2020\/07\/hierenfinistere.png","type":"image\/png"}],"author":"administrateur","twitter_card":"summary_large_image","twitter_misc":{"\u00c9crit par":"administrateur","Dur\u00e9e de lecture estim\u00e9e":"1 minute"},"schema":{"@context":"https:\/\/schema.org","@graph":[{"@type":"Article","@id":"https:\/\/www.charles-de-flahaut.fr\/wordpress\/hier-en-finistere-les-finisteriens-aux-siecles-derniers\/#article","isPartOf":{"@id":"https:\/\/www.charles-de-flahaut.fr\/wordpress\/hier-en-finistere-les-finisteriens-aux-siecles-derniers\/"},"author":{"name":"administrateur","@id":"https:\/\/www.charles-de-flahaut.fr\/wordpress\/#\/schema\/person\/41c41eaf9ae1d70810ff74a04a786c56"},"headline":"Hier en Finist\u00e8re &#8211; Les Finist\u00e9riens aux si\u00e8cles derniers","datePublished":"2020-07-23T20:20:09+00:00","dateModified":"2026-03-06T17:15:23+00:00","mainEntityOfPage":{"@id":"https:\/\/www.charles-de-flahaut.fr\/wordpress\/hier-en-finistere-les-finisteriens-aux-siecles-derniers\/"},"wordCount":110,"commentCount":0,"publisher":{"@id":"https:\/\/www.charles-de-flahaut.fr\/wordpress\/#\/schema\/person\/81011c8b61bc74c05499365a506d49a9"},"image":{"@id":"https:\/\/www.charles-de-flahaut.fr\/wordpress\/hier-en-finistere-les-finisteriens-aux-siecles-derniers\/#primaryimage"},"thumbnailUrl":"https:\/\/www.charles-de-flahaut.fr\/wordpress\/wp-content\/uploads\/2020\/07\/hierenfinistere.png","articleSection":["29 - Finist\u00e8re","histoire locale","p\u00e9riodes historiques"],"inLanguage":"fr-FR","potentialAction":[{"@type":"CommentAction","name":"Comment","target":["https:\/\/www.charles-de-flahaut.fr\/wordpress\/hier-en-finistere-les-finisteriens-aux-siecles-derniers\/#respond"]}]},{"@type":"WebPage","@id":"https:\/\/www.charles-de-flahaut.fr\/wordpress\/hier-en-finistere-les-finisteriens-aux-siecles-derniers\/","url":"https:\/\/www.charles-de-flahaut.fr\/wordpress\/hier-en-finistere-les-finisteriens-aux-siecles-derniers\/","name":"Hier en Finist\u00e8re - Les Finist\u00e9riens aux si\u00e8cles derniers - Histoire de France - Communiqu\u00e9s","isPartOf":{"@id":"https:\/\/www.charles-de-flahaut.fr\/wordpress\/#website"},"primaryImageOfPage":{"@id":"https:\/\/www.charles-de-flahaut.fr\/wordpress\/hier-en-finistere-les-finisteriens-aux-siecles-derniers\/#primaryimage"},"image":{"@id":"https:\/\/www.charles-de-flahaut.fr\/wordpress\/hier-en-finistere-les-finisteriens-aux-siecles-derniers\/#primaryimage"},"thumbnailUrl":"https:\/\/www.charles-de-flahaut.fr\/wordpress\/wp-content\/uploads\/2020\/07\/hierenfinistere.png","datePublished":"2020-07-23T20:20:09+00:00","dateModified":"2026-03-06T17:15:23+00:00","description":"Soldats - Marins Guerre de 14-18Bagnards au bagne de Guyane - Faits et m\u00e9faits Articles de presse - Communards envoy\u00e9s au bagne en","breadcrumb":{"@id":"https:\/\/www.charles-de-flahaut.fr\/wordpress\/hier-en-finistere-les-finisteriens-aux-siecles-derniers\/#breadcrumb"},"inLanguage":"fr-FR","potentialAction":[{"@type":"ReadAction","target":["https:\/\/www.charles-de-flahaut.fr\/wordpress\/hier-en-finistere-les-finisteriens-aux-siecles-derniers\/"]}]},{"@type":"ImageObject","inLanguage":"fr-FR","@id":"https:\/\/www.charles-de-flahaut.fr\/wordpress\/hier-en-finistere-les-finisteriens-aux-siecles-derniers\/#primaryimage","url":"https:\/\/www.charles-de-flahaut.fr\/wordpress\/wp-content\/uploads\/2020\/07\/hierenfinistere.png","contentUrl":"https:\/\/www.charles-de-flahaut.fr\/wordpress\/wp-content\/uploads\/2020\/07\/hierenfinistere.png"},{"@type":"BreadcrumbList","@id":"https:\/\/www.charles-de-flahaut.fr\/wordpress\/hier-en-finistere-les-finisteriens-aux-siecles-derniers\/#breadcrumb","itemListElement":[{"@type":"ListItem","position":1,"name":"Accueil","item":"https:\/\/www.charles-de-flahaut.fr\/wordpress\/"},{"@type":"ListItem","position":2,"name":"Hier en Finist\u00e8re &#8211; Les Finist\u00e9riens aux si\u00e8cles derniers"}]},{"@type":"WebSite","@id":"https:\/\/www.charles-de-flahaut.fr\/wordpress\/#website","url":"https:\/\/www.charles-de-flahaut.fr\/wordpress\/","name":"Histoire de France - Communiqu\u00e9s","description":"Histoire et patrimoine","publisher":{"@id":"https:\/\/www.charles-de-flahaut.fr\/wordpress\/#\/schema\/person\/81011c8b61bc74c05499365a506d49a9"},"potentialAction":[{"@type":"SearchAction","target":{"@type":"EntryPoint","urlTemplate":"https:\/\/www.charles-de-flahaut.fr\/wordpress\/?s={search_term_string}"},"query-input":{"@type":"PropertyValueSpecification","valueRequired":true,"valueName":"search_term_string"}}],"inLanguage":"fr-FR"},{"@type":["Person","Organization"],"@id":"https:\/\/www.charles-de-flahaut.fr\/wordpress\/#\/schema\/person\/81011c8b61bc74c05499365a506d49a9","name":"administrateur","logo":{"@id":"https:\/\/www.charles-de-flahaut.fr\/wordpress\/#\/schema\/person\/image\/"},"sameAs":["http:\/\/www.charles-de-flahaut.fr","https:\/\/www.facebook.com\/Sites.HistoiredeFrance"]},{"@type":"Person","@id":"https:\/\/www.charles-de-flahaut.fr\/wordpress\/#\/schema\/person\/41c41eaf9ae1d70810ff74a04a786c56","name":"administrateur","url":"https:\/\/www.charles-de-flahaut.fr\/wordpress\/author\/hist_8la_ad\/"}]}},"views":73,"amp_enabled":true,"_links":{"self":[{"href":"https:\/\/www.charles-de-flahaut.fr\/wordpress\/wp-json\/wp\/v2\/posts\/75636","targetHints":{"allow":["GET"]}}],"collection":[{"href":"https:\/\/www.charles-de-flahaut.fr\/wordpress\/wp-json\/wp\/v2\/posts"}],"about":[{"href":"https:\/\/www.charles-de-flahaut.fr\/wordpress\/wp-json\/wp\/v2\/types\/post"}],"author":[{"embeddable":true,"href":"https:\/\/www.charles-de-flahaut.fr\/wordpress\/wp-json\/wp\/v2\/users\/117"}],"replies":[{"embeddable":true,"href":"https:\/\/www.charles-de-flahaut.fr\/wordpress\/wp-json\/wp\/v2\/comments?post=75636"}],"version-history":[{"count":3,"href":"https:\/\/www.charles-de-flahaut.fr\/wordpress\/wp-json\/wp\/v2\/posts\/75636\/revisions"}],"predecessor-version":[{"id":116349,"href":"https:\/\/www.charles-de-flahaut.fr\/wordpress\/wp-json\/wp\/v2\/posts\/75636\/revisions\/116349"}],"wp:attachment":[{"href":"https:\/\/www.charles-de-flahaut.fr\/wordpress\/wp-json\/wp\/v2\/media?parent=75636"}],"wp:term":[{"taxonomy":"category","embeddable":true,"href":"https:\/\/www.charles-de-flahaut.fr\/wordpress\/wp-json\/wp\/v2\/categories?post=75636"},{"taxonomy":"post_tag","embeddable":true,"href":"https:\/\/www.charles-de-flahaut.fr\/wordpress\/wp-json\/wp\/v2\/tags?post=75636"}],"curies":[{"name":"wp","href":"https:\/\/api.w.org\/{rel}","templated":true}]}}