{"id":75624,"date":"2020-07-03T17:59:59","date_gmt":"2020-07-03T16:59:59","guid":{"rendered":"https:\/\/www.charles-de-flahaut.fr\/wordpress\/?p=75624"},"modified":"2026-03-06T18:20:06","modified_gmt":"2026-03-06T17:20:06","slug":"histoire-et-patrimoine-de-martigne-sur-mayenne-mayenne","status":"publish","type":"post","link":"https:\/\/www.charles-de-flahaut.fr\/wordpress\/histoire-et-patrimoine-de-martigne-sur-mayenne-mayenne\/","title":{"rendered":"Histoire et patrimoine de Martign\u00e9 sur Mayenne (Mayenne)"},"content":{"rendered":"<p><strong>Histoire et patrimoine de Martign\u00e9 sur Mayenne (Mayenne)<\/strong><br \/>\n<a href=\"http:\/\/www.martigne.com\/la-commune\/histoire.html\" target=\"_blank\" rel=\"noopener noreferrer\">http:\/\/www.martigne.com\/la-commune\/histoire.html<\/a><\/p>\n<p style=\"text-align: justify;\"><em><a href=\"https:\/\/www.charles-de-flahaut.fr\/wordpress\/wp-content\/uploads\/2020\/07\/martigne53.png\"><img loading=\"lazy\" decoding=\"async\" class=\"alignleft size-medium wp-image-75626\" src=\"https:\/\/www.charles-de-flahaut.fr\/wordpress\/wp-content\/uploads\/2020\/07\/martigne53-300x233.png\" alt=\"\" width=\"300\" height=\"233\" srcset=\"https:\/\/www.charles-de-flahaut.fr\/wordpress\/wp-content\/uploads\/2020\/07\/martigne53-300x233.png 300w, https:\/\/www.charles-de-flahaut.fr\/wordpress\/wp-content\/uploads\/2020\/07\/martigne53.png 311w\" sizes=\"auto, (max-width: 300px) 100vw, 300px\" \/><\/a>un site r\u00e9f\u00e9renc\u00e9 sur le nouvel\u00a0\u00a0<a href=\"http:\/\/charles-de-flahaut.fr\/annuaire-histoire-communes\" target=\"_blank\" rel=\"noopener noreferrer\">Annuaire Historique des Communes de France<\/a><\/em><\/p>\n<p style=\"text-align: justify;\">Les <strong>origines de Martign\u00e9<\/strong> se perdent dans la nuit des temps.\u00a0Martign\u00e9 f\u00fbt l\u00e9gu\u00e9 par St Hadouin \u00e0 la basilique des Saints-Ap\u00f4tres en <strong>642<\/strong>. Charlemagne reconnut les droits de l\u2019Eglise du Mans et Louis le Pieux en confirma la possession en <strong>832<\/strong>. Le village se serait d\u00e9velopp\u00e9 \u00e0 partir du domaine de Martinius, un riche propri\u00e9taire terrien de l\u2019\u00e9poque gallo-romaine&#8230;<\/p>\n<p style=\"text-align: justify;\"><em>(image et extrait du site officiel de la commune&#8230; <a href=\"http:\/\/www.martigne.com\/la-commune\/histoire.html\" target=\"_blank\" rel=\"noopener noreferrer\">lire la suite<\/a>)<\/em><\/p>\n<p style=\"text-align: center;\"><a href=\"https:\/\/amzn.to\/3MZY38r\" target=\"_blank\" rel=\"noopener\"><strong>Ouvrages sur Martign\u00e9 sur Mayenne<\/strong><\/a><\/p>\n<p><a href=\"https:\/\/amzn.to\/3MZY38r\" target=\"_blank\" rel=\"noopener\"><img loading=\"lazy\" decoding=\"async\" class=\"size-full wp-image-116352 aligncenter\" src=\"https:\/\/www.charles-de-flahaut.fr\/wordpress\/wp-content\/uploads\/2020\/07\/martignesurmayenne.jpg\" alt=\"\" width=\"299\" height=\"425\" srcset=\"https:\/\/www.charles-de-flahaut.fr\/wordpress\/wp-content\/uploads\/2020\/07\/martignesurmayenne.jpg 299w, https:\/\/www.charles-de-flahaut.fr\/wordpress\/wp-content\/uploads\/2020\/07\/martignesurmayenne-211x300.jpg 211w\" sizes=\"auto, (max-width: 299px) 100vw, 299px\" \/><\/a><\/p>\n","protected":false},"excerpt":{"rendered":"<p>Histoire et patrimoine de Martign\u00e9 sur Mayenne (Mayenne) http:\/\/www.martigne.com\/la-commune\/histoire.html un site r\u00e9f\u00e9renc\u00e9 sur le nouvel\u00a0\u00a0Annuaire Historique des Communes de France Les origines de Martign\u00e9 se perdent dans la nuit des temps.\u00a0Martign\u00e9 f\u00fbt l\u00e9gu\u00e9 par St Hadouin \u00e0 la basilique des Saints-Ap\u00f4tres en 642. Charlemagne reconnut les droits de l\u2019Eglise du Mans et Louis le Pieux &hellip; <\/p>\n<p><a class=\"more-link btn\" href=\"https:\/\/www.charles-de-flahaut.fr\/wordpress\/histoire-et-patrimoine-de-martigne-sur-mayenne-mayenne\/\">Lire la suite<\/a><\/p>\n","protected":false},"author":117,"featured_media":0,"comment_status":"open","ping_status":"open","sticky":false,"template":"","format":"standard","meta":{"footnotes":""},"categories":[141,16,8],"tags":[],"class_list":["post-75624","post","type-post","status-publish","format-standard","hentry","category-53-mayenne","category-histoire-regionale","category-patrimoine","item-wrap"],"yoast_head":"<!-- This site is optimized with the Yoast SEO plugin v27.5 - https:\/\/yoast.com\/product\/yoast-seo-wordpress\/ -->\n<title>Histoire et patrimoine de Martign\u00e9 sur Mayenne (Mayenne) - Histoire de France - Communiqu\u00e9s<\/title>\n<meta name=\"description\" content=\"Les origines de Martign\u00e9 se perdent dans la nuit des temps.\u00a0Martign\u00e9 f\u00fbt l\u00e9gu\u00e9 par St Hadouin \u00e0 la basilique des Saints-Ap\u00f4tres\" \/>\n<meta name=\"robots\" content=\"index, follow, max-snippet:-1, max-image-preview:large, max-video-preview:-1\" \/>\n<link rel=\"canonical\" href=\"https:\/\/www.charles-de-flahaut.fr\/wordpress\/histoire-et-patrimoine-de-martigne-sur-mayenne-mayenne\/\" \/>\n<meta property=\"og:locale\" content=\"fr_FR\" \/>\n<meta property=\"og:type\" content=\"article\" \/>\n<meta property=\"og:title\" content=\"Histoire et patrimoine de Martign\u00e9 sur Mayenne (Mayenne) - Histoire de France - Communiqu\u00e9s\" \/>\n<meta property=\"og:description\" content=\"Les origines de Martign\u00e9 se perdent dans la nuit des temps.\u00a0Martign\u00e9 f\u00fbt l\u00e9gu\u00e9 par St Hadouin \u00e0 la basilique des Saints-Ap\u00f4tres\" \/>\n<meta property=\"og:url\" content=\"https:\/\/www.charles-de-flahaut.fr\/wordpress\/histoire-et-patrimoine-de-martigne-sur-mayenne-mayenne\/\" \/>\n<meta property=\"og:site_name\" content=\"Histoire de France - Communiqu\u00e9s\" \/>\n<meta property=\"article:publisher\" content=\"https:\/\/www.facebook.com\/Sites.HistoiredeFrance\" \/>\n<meta property=\"article:published_time\" content=\"2020-07-03T16:59:59+00:00\" \/>\n<meta property=\"article:modified_time\" content=\"2026-03-06T17:20:06+00:00\" \/>\n<meta property=\"og:image\" content=\"https:\/\/www.charles-de-flahaut.fr\/wordpress\/wp-content\/uploads\/2020\/07\/martigne53.png\" \/>\n\t<meta property=\"og:image:width\" content=\"311\" \/>\n\t<meta property=\"og:image:height\" content=\"242\" \/>\n\t<meta property=\"og:image:type\" content=\"image\/png\" \/>\n<meta name=\"author\" content=\"administrateur\" \/>\n<meta name=\"twitter:card\" content=\"summary_large_image\" \/>\n<meta name=\"twitter:label1\" content=\"\u00c9crit par\" \/>\n\t<meta name=\"twitter:data1\" content=\"administrateur\" \/>\n\t<meta name=\"twitter:label2\" content=\"Dur\u00e9e de lecture estim\u00e9e\" \/>\n\t<meta name=\"twitter:data2\" content=\"1 minute\" \/>\n<script type=\"application\/ld+json\" class=\"yoast-schema-graph\">{\"@context\":\"https:\\\/\\\/schema.org\",\"@graph\":[{\"@type\":\"Article\",\"@id\":\"https:\\\/\\\/www.charles-de-flahaut.fr\\\/wordpress\\\/histoire-et-patrimoine-de-martigne-sur-mayenne-mayenne\\\/#article\",\"isPartOf\":{\"@id\":\"https:\\\/\\\/www.charles-de-flahaut.fr\\\/wordpress\\\/histoire-et-patrimoine-de-martigne-sur-mayenne-mayenne\\\/\"},\"author\":{\"name\":\"administrateur\",\"@id\":\"https:\\\/\\\/www.charles-de-flahaut.fr\\\/wordpress\\\/#\\\/schema\\\/person\\\/41c41eaf9ae1d70810ff74a04a786c56\"},\"headline\":\"Histoire et patrimoine de Martign\u00e9 sur Mayenne (Mayenne)\",\"datePublished\":\"2020-07-03T16:59:59+00:00\",\"dateModified\":\"2026-03-06T17:20:06+00:00\",\"mainEntityOfPage\":{\"@id\":\"https:\\\/\\\/www.charles-de-flahaut.fr\\\/wordpress\\\/histoire-et-patrimoine-de-martigne-sur-mayenne-mayenne\\\/\"},\"wordCount\":117,\"commentCount\":0,\"publisher\":{\"@id\":\"https:\\\/\\\/www.charles-de-flahaut.fr\\\/wordpress\\\/#\\\/schema\\\/person\\\/81011c8b61bc74c05499365a506d49a9\"},\"image\":{\"@id\":\"https:\\\/\\\/www.charles-de-flahaut.fr\\\/wordpress\\\/histoire-et-patrimoine-de-martigne-sur-mayenne-mayenne\\\/#primaryimage\"},\"thumbnailUrl\":\"https:\\\/\\\/www.charles-de-flahaut.fr\\\/wordpress\\\/wp-content\\\/uploads\\\/2020\\\/07\\\/martigne53-300x233.png\",\"articleSection\":[\"53 - Mayenne\",\"histoire locale\",\"patrimoine\"],\"inLanguage\":\"fr-FR\",\"potentialAction\":[{\"@type\":\"CommentAction\",\"name\":\"Comment\",\"target\":[\"https:\\\/\\\/www.charles-de-flahaut.fr\\\/wordpress\\\/histoire-et-patrimoine-de-martigne-sur-mayenne-mayenne\\\/#respond\"]}]},{\"@type\":\"WebPage\",\"@id\":\"https:\\\/\\\/www.charles-de-flahaut.fr\\\/wordpress\\\/histoire-et-patrimoine-de-martigne-sur-mayenne-mayenne\\\/\",\"url\":\"https:\\\/\\\/www.charles-de-flahaut.fr\\\/wordpress\\\/histoire-et-patrimoine-de-martigne-sur-mayenne-mayenne\\\/\",\"name\":\"Histoire et patrimoine de Martign\u00e9 sur Mayenne (Mayenne) - Histoire de France - Communiqu\u00e9s\",\"isPartOf\":{\"@id\":\"https:\\\/\\\/www.charles-de-flahaut.fr\\\/wordpress\\\/#website\"},\"primaryImageOfPage\":{\"@id\":\"https:\\\/\\\/www.charles-de-flahaut.fr\\\/wordpress\\\/histoire-et-patrimoine-de-martigne-sur-mayenne-mayenne\\\/#primaryimage\"},\"image\":{\"@id\":\"https:\\\/\\\/www.charles-de-flahaut.fr\\\/wordpress\\\/histoire-et-patrimoine-de-martigne-sur-mayenne-mayenne\\\/#primaryimage\"},\"thumbnailUrl\":\"https:\\\/\\\/www.charles-de-flahaut.fr\\\/wordpress\\\/wp-content\\\/uploads\\\/2020\\\/07\\\/martigne53-300x233.png\",\"datePublished\":\"2020-07-03T16:59:59+00:00\",\"dateModified\":\"2026-03-06T17:20:06+00:00\",\"description\":\"Les origines de Martign\u00e9 se perdent dans la nuit des temps.\u00a0Martign\u00e9 f\u00fbt l\u00e9gu\u00e9 par St Hadouin \u00e0 la basilique des Saints-Ap\u00f4tres\",\"breadcrumb\":{\"@id\":\"https:\\\/\\\/www.charles-de-flahaut.fr\\\/wordpress\\\/histoire-et-patrimoine-de-martigne-sur-mayenne-mayenne\\\/#breadcrumb\"},\"inLanguage\":\"fr-FR\",\"potentialAction\":[{\"@type\":\"ReadAction\",\"target\":[\"https:\\\/\\\/www.charles-de-flahaut.fr\\\/wordpress\\\/histoire-et-patrimoine-de-martigne-sur-mayenne-mayenne\\\/\"]}]},{\"@type\":\"ImageObject\",\"inLanguage\":\"fr-FR\",\"@id\":\"https:\\\/\\\/www.charles-de-flahaut.fr\\\/wordpress\\\/histoire-et-patrimoine-de-martigne-sur-mayenne-mayenne\\\/#primaryimage\",\"url\":\"https:\\\/\\\/www.charles-de-flahaut.fr\\\/wordpress\\\/wp-content\\\/uploads\\\/2020\\\/07\\\/martigne53.png\",\"contentUrl\":\"https:\\\/\\\/www.charles-de-flahaut.fr\\\/wordpress\\\/wp-content\\\/uploads\\\/2020\\\/07\\\/martigne53.png\",\"width\":311,\"height\":242},{\"@type\":\"BreadcrumbList\",\"@id\":\"https:\\\/\\\/www.charles-de-flahaut.fr\\\/wordpress\\\/histoire-et-patrimoine-de-martigne-sur-mayenne-mayenne\\\/#breadcrumb\",\"itemListElement\":[{\"@type\":\"ListItem\",\"position\":1,\"name\":\"Accueil\",\"item\":\"https:\\\/\\\/www.charles-de-flahaut.fr\\\/wordpress\\\/\"},{\"@type\":\"ListItem\",\"position\":2,\"name\":\"Histoire et patrimoine de Martign\u00e9 sur Mayenne (Mayenne)\"}]},{\"@type\":\"WebSite\",\"@id\":\"https:\\\/\\\/www.charles-de-flahaut.fr\\\/wordpress\\\/#website\",\"url\":\"https:\\\/\\\/www.charles-de-flahaut.fr\\\/wordpress\\\/\",\"name\":\"Histoire de France - Communiqu\u00e9s\",\"description\":\"Histoire et patrimoine\",\"publisher\":{\"@id\":\"https:\\\/\\\/www.charles-de-flahaut.fr\\\/wordpress\\\/#\\\/schema\\\/person\\\/81011c8b61bc74c05499365a506d49a9\"},\"potentialAction\":[{\"@type\":\"SearchAction\",\"target\":{\"@type\":\"EntryPoint\",\"urlTemplate\":\"https:\\\/\\\/www.charles-de-flahaut.fr\\\/wordpress\\\/?s={search_term_string}\"},\"query-input\":{\"@type\":\"PropertyValueSpecification\",\"valueRequired\":true,\"valueName\":\"search_term_string\"}}],\"inLanguage\":\"fr-FR\"},{\"@type\":[\"Person\",\"Organization\"],\"@id\":\"https:\\\/\\\/www.charles-de-flahaut.fr\\\/wordpress\\\/#\\\/schema\\\/person\\\/81011c8b61bc74c05499365a506d49a9\",\"name\":\"administrateur\",\"logo\":{\"@id\":\"https:\\\/\\\/www.charles-de-flahaut.fr\\\/wordpress\\\/#\\\/schema\\\/person\\\/image\\\/\"},\"sameAs\":[\"http:\\\/\\\/www.charles-de-flahaut.fr\",\"https:\\\/\\\/www.facebook.com\\\/Sites.HistoiredeFrance\"]},{\"@type\":\"Person\",\"@id\":\"https:\\\/\\\/www.charles-de-flahaut.fr\\\/wordpress\\\/#\\\/schema\\\/person\\\/41c41eaf9ae1d70810ff74a04a786c56\",\"name\":\"administrateur\",\"url\":\"https:\\\/\\\/www.charles-de-flahaut.fr\\\/wordpress\\\/author\\\/hist_8la_ad\\\/\"}]}<\/script>\n<!-- \/ Yoast SEO plugin. -->","yoast_head_json":{"title":"Histoire et patrimoine de Martign\u00e9 sur Mayenne (Mayenne) - Histoire de France - Communiqu\u00e9s","description":"Les origines de Martign\u00e9 se perdent dans la nuit des temps.\u00a0Martign\u00e9 f\u00fbt l\u00e9gu\u00e9 par St Hadouin \u00e0 la basilique des Saints-Ap\u00f4tres","robots":{"index":"index","follow":"follow","max-snippet":"max-snippet:-1","max-image-preview":"max-image-preview:large","max-video-preview":"max-video-preview:-1"},"canonical":"https:\/\/www.charles-de-flahaut.fr\/wordpress\/histoire-et-patrimoine-de-martigne-sur-mayenne-mayenne\/","og_locale":"fr_FR","og_type":"article","og_title":"Histoire et patrimoine de Martign\u00e9 sur Mayenne (Mayenne) - Histoire de France - Communiqu\u00e9s","og_description":"Les origines de Martign\u00e9 se perdent dans la nuit des temps.\u00a0Martign\u00e9 f\u00fbt l\u00e9gu\u00e9 par St Hadouin \u00e0 la basilique des Saints-Ap\u00f4tres","og_url":"https:\/\/www.charles-de-flahaut.fr\/wordpress\/histoire-et-patrimoine-de-martigne-sur-mayenne-mayenne\/","og_site_name":"Histoire de France - Communiqu\u00e9s","article_publisher":"https:\/\/www.facebook.com\/Sites.HistoiredeFrance","article_published_time":"2020-07-03T16:59:59+00:00","article_modified_time":"2026-03-06T17:20:06+00:00","og_image":[{"width":311,"height":242,"url":"https:\/\/www.charles-de-flahaut.fr\/wordpress\/wp-content\/uploads\/2020\/07\/martigne53.png","type":"image\/png"}],"author":"administrateur","twitter_card":"summary_large_image","twitter_misc":{"\u00c9crit par":"administrateur","Dur\u00e9e de lecture estim\u00e9e":"1 minute"},"schema":{"@context":"https:\/\/schema.org","@graph":[{"@type":"Article","@id":"https:\/\/www.charles-de-flahaut.fr\/wordpress\/histoire-et-patrimoine-de-martigne-sur-mayenne-mayenne\/#article","isPartOf":{"@id":"https:\/\/www.charles-de-flahaut.fr\/wordpress\/histoire-et-patrimoine-de-martigne-sur-mayenne-mayenne\/"},"author":{"name":"administrateur","@id":"https:\/\/www.charles-de-flahaut.fr\/wordpress\/#\/schema\/person\/41c41eaf9ae1d70810ff74a04a786c56"},"headline":"Histoire et patrimoine de Martign\u00e9 sur Mayenne (Mayenne)","datePublished":"2020-07-03T16:59:59+00:00","dateModified":"2026-03-06T17:20:06+00:00","mainEntityOfPage":{"@id":"https:\/\/www.charles-de-flahaut.fr\/wordpress\/histoire-et-patrimoine-de-martigne-sur-mayenne-mayenne\/"},"wordCount":117,"commentCount":0,"publisher":{"@id":"https:\/\/www.charles-de-flahaut.fr\/wordpress\/#\/schema\/person\/81011c8b61bc74c05499365a506d49a9"},"image":{"@id":"https:\/\/www.charles-de-flahaut.fr\/wordpress\/histoire-et-patrimoine-de-martigne-sur-mayenne-mayenne\/#primaryimage"},"thumbnailUrl":"https:\/\/www.charles-de-flahaut.fr\/wordpress\/wp-content\/uploads\/2020\/07\/martigne53-300x233.png","articleSection":["53 - Mayenne","histoire locale","patrimoine"],"inLanguage":"fr-FR","potentialAction":[{"@type":"CommentAction","name":"Comment","target":["https:\/\/www.charles-de-flahaut.fr\/wordpress\/histoire-et-patrimoine-de-martigne-sur-mayenne-mayenne\/#respond"]}]},{"@type":"WebPage","@id":"https:\/\/www.charles-de-flahaut.fr\/wordpress\/histoire-et-patrimoine-de-martigne-sur-mayenne-mayenne\/","url":"https:\/\/www.charles-de-flahaut.fr\/wordpress\/histoire-et-patrimoine-de-martigne-sur-mayenne-mayenne\/","name":"Histoire et patrimoine de Martign\u00e9 sur Mayenne (Mayenne) - Histoire de France - Communiqu\u00e9s","isPartOf":{"@id":"https:\/\/www.charles-de-flahaut.fr\/wordpress\/#website"},"primaryImageOfPage":{"@id":"https:\/\/www.charles-de-flahaut.fr\/wordpress\/histoire-et-patrimoine-de-martigne-sur-mayenne-mayenne\/#primaryimage"},"image":{"@id":"https:\/\/www.charles-de-flahaut.fr\/wordpress\/histoire-et-patrimoine-de-martigne-sur-mayenne-mayenne\/#primaryimage"},"thumbnailUrl":"https:\/\/www.charles-de-flahaut.fr\/wordpress\/wp-content\/uploads\/2020\/07\/martigne53-300x233.png","datePublished":"2020-07-03T16:59:59+00:00","dateModified":"2026-03-06T17:20:06+00:00","description":"Les origines de Martign\u00e9 se perdent dans la nuit des temps.\u00a0Martign\u00e9 f\u00fbt l\u00e9gu\u00e9 par St Hadouin \u00e0 la basilique des Saints-Ap\u00f4tres","breadcrumb":{"@id":"https:\/\/www.charles-de-flahaut.fr\/wordpress\/histoire-et-patrimoine-de-martigne-sur-mayenne-mayenne\/#breadcrumb"},"inLanguage":"fr-FR","potentialAction":[{"@type":"ReadAction","target":["https:\/\/www.charles-de-flahaut.fr\/wordpress\/histoire-et-patrimoine-de-martigne-sur-mayenne-mayenne\/"]}]},{"@type":"ImageObject","inLanguage":"fr-FR","@id":"https:\/\/www.charles-de-flahaut.fr\/wordpress\/histoire-et-patrimoine-de-martigne-sur-mayenne-mayenne\/#primaryimage","url":"https:\/\/www.charles-de-flahaut.fr\/wordpress\/wp-content\/uploads\/2020\/07\/martigne53.png","contentUrl":"https:\/\/www.charles-de-flahaut.fr\/wordpress\/wp-content\/uploads\/2020\/07\/martigne53.png","width":311,"height":242},{"@type":"BreadcrumbList","@id":"https:\/\/www.charles-de-flahaut.fr\/wordpress\/histoire-et-patrimoine-de-martigne-sur-mayenne-mayenne\/#breadcrumb","itemListElement":[{"@type":"ListItem","position":1,"name":"Accueil","item":"https:\/\/www.charles-de-flahaut.fr\/wordpress\/"},{"@type":"ListItem","position":2,"name":"Histoire et patrimoine de Martign\u00e9 sur Mayenne (Mayenne)"}]},{"@type":"WebSite","@id":"https:\/\/www.charles-de-flahaut.fr\/wordpress\/#website","url":"https:\/\/www.charles-de-flahaut.fr\/wordpress\/","name":"Histoire de France - Communiqu\u00e9s","description":"Histoire et patrimoine","publisher":{"@id":"https:\/\/www.charles-de-flahaut.fr\/wordpress\/#\/schema\/person\/81011c8b61bc74c05499365a506d49a9"},"potentialAction":[{"@type":"SearchAction","target":{"@type":"EntryPoint","urlTemplate":"https:\/\/www.charles-de-flahaut.fr\/wordpress\/?s={search_term_string}"},"query-input":{"@type":"PropertyValueSpecification","valueRequired":true,"valueName":"search_term_string"}}],"inLanguage":"fr-FR"},{"@type":["Person","Organization"],"@id":"https:\/\/www.charles-de-flahaut.fr\/wordpress\/#\/schema\/person\/81011c8b61bc74c05499365a506d49a9","name":"administrateur","logo":{"@id":"https:\/\/www.charles-de-flahaut.fr\/wordpress\/#\/schema\/person\/image\/"},"sameAs":["http:\/\/www.charles-de-flahaut.fr","https:\/\/www.facebook.com\/Sites.HistoiredeFrance"]},{"@type":"Person","@id":"https:\/\/www.charles-de-flahaut.fr\/wordpress\/#\/schema\/person\/41c41eaf9ae1d70810ff74a04a786c56","name":"administrateur","url":"https:\/\/www.charles-de-flahaut.fr\/wordpress\/author\/hist_8la_ad\/"}]}},"views":82,"amp_enabled":true,"_links":{"self":[{"href":"https:\/\/www.charles-de-flahaut.fr\/wordpress\/wp-json\/wp\/v2\/posts\/75624","targetHints":{"allow":["GET"]}}],"collection":[{"href":"https:\/\/www.charles-de-flahaut.fr\/wordpress\/wp-json\/wp\/v2\/posts"}],"about":[{"href":"https:\/\/www.charles-de-flahaut.fr\/wordpress\/wp-json\/wp\/v2\/types\/post"}],"author":[{"embeddable":true,"href":"https:\/\/www.charles-de-flahaut.fr\/wordpress\/wp-json\/wp\/v2\/users\/117"}],"replies":[{"embeddable":true,"href":"https:\/\/www.charles-de-flahaut.fr\/wordpress\/wp-json\/wp\/v2\/comments?post=75624"}],"version-history":[{"count":3,"href":"https:\/\/www.charles-de-flahaut.fr\/wordpress\/wp-json\/wp\/v2\/posts\/75624\/revisions"}],"predecessor-version":[{"id":116354,"href":"https:\/\/www.charles-de-flahaut.fr\/wordpress\/wp-json\/wp\/v2\/posts\/75624\/revisions\/116354"}],"wp:attachment":[{"href":"https:\/\/www.charles-de-flahaut.fr\/wordpress\/wp-json\/wp\/v2\/media?parent=75624"}],"wp:term":[{"taxonomy":"category","embeddable":true,"href":"https:\/\/www.charles-de-flahaut.fr\/wordpress\/wp-json\/wp\/v2\/categories?post=75624"},{"taxonomy":"post_tag","embeddable":true,"href":"https:\/\/www.charles-de-flahaut.fr\/wordpress\/wp-json\/wp\/v2\/tags?post=75624"}],"curies":[{"name":"wp","href":"https:\/\/api.w.org\/{rel}","templated":true}]}}