{"id":74223,"date":"2020-04-05T16:46:30","date_gmt":"2020-04-05T15:46:30","guid":{"rendered":"https:\/\/www.charles-de-flahaut.fr\/wordpress\/?p=74223"},"modified":"2026-04-14T16:34:35","modified_gmt":"2026-04-14T15:34:35","slug":"histoire-et-patrimoine-de-saint-germain-la-montagne-loire","status":"publish","type":"post","link":"https:\/\/www.charles-de-flahaut.fr\/wordpress\/histoire-et-patrimoine-de-saint-germain-la-montagne-loire\/","title":{"rendered":"Histoire et patrimoine de Saint Germain la Montagne (Loire)"},"content":{"rendered":"<p><strong>Histoire et patrimoine de Saint Germain la Montagne (Loire)<\/strong><br \/>\n<a href=\"https:\/\/www.mairiesaintgermainlamontagne.fr\/index.php\/decouvrir-saint-germain-la-montagne\/histoire-de-saint-germain-la-montagne\" target=\"_blank\" rel=\"noopener noreferrer\">https:\/\/www.mairiesaintgermainlamontagne.fr\/index.php\/decouvrir-saint-germain-la-montagne\/histoire-de-saint-germain-la-montagne<\/a><\/p>\n<p style=\"text-align: justify;\"><em><a href=\"https:\/\/www.charles-de-flahaut.fr\/wordpress\/wp-content\/uploads\/2020\/04\/saintgermainlamontagne42.jpg\"><img loading=\"lazy\" decoding=\"async\" class=\"alignleft size-medium wp-image-74224\" src=\"https:\/\/www.charles-de-flahaut.fr\/wordpress\/wp-content\/uploads\/2020\/04\/saintgermainlamontagne42-300x212.jpg\" alt=\"\" width=\"300\" height=\"212\" srcset=\"https:\/\/www.charles-de-flahaut.fr\/wordpress\/wp-content\/uploads\/2020\/04\/saintgermainlamontagne42-300x212.jpg 300w, https:\/\/www.charles-de-flahaut.fr\/wordpress\/wp-content\/uploads\/2020\/04\/saintgermainlamontagne42-768x543.jpg 768w, https:\/\/www.charles-de-flahaut.fr\/wordpress\/wp-content\/uploads\/2020\/04\/saintgermainlamontagne42.jpg 981w\" sizes=\"auto, (max-width: 300px) 100vw, 300px\" \/><\/a>un site r\u00e9f\u00e9renc\u00e9 sur le nouvel\u00a0\u00a0<a href=\"https:\/\/charles-de-flahaut.fr\/annuaire-histoire-communes\" target=\"_blank\" rel=\"noopener noreferrer\">Annuaire Historique des Communes de France<\/a><\/em><\/p>\n<p style=\"text-align: justify;\">\u00ab\u00a0Sanctus Germanus in Monte\u00a0\u00bb est mentionn\u00e9 pour la premi\u00e8re fois dans une chartre en 950, lors de la donation de l\u2019\u00e9glise \u00e0 l\u2019abbaye de Cluny.<\/p>\n<p style=\"text-align: justify;\">Notre village fut d\u2019abord sous la domination de la forteresse du Tourv\u00e9on, jusqu\u2019au VIIIe si\u00e8cle, puis fut inclus dans le \u00ab pagus dunensis \u00bb, jusqu\u2019\u00e0 la destruction de la forteresse de Dun (1180). Par la suite et jusqu\u2019\u00e0 la Grande R\u00e9volution, notre paroisse d\u00e9pendra pour une part de la seigneurie de Belleroche, et pour le reste, de la seigneurie de Chauffailles (fiefs de Vis, fief des Feuillets)&#8230;<\/p>\n<p><em>(image et extrait du site officiel de la commune&#8230; <a href=\"https:\/\/www.mairiesaintgermainlamontagne.fr\/index.php\/decouvrir-saint-germain-la-montagne\/histoire-de-saint-germain-la-montagne\" target=\"_blank\" rel=\"noopener noreferrer\">lire la suite<\/a>)<\/em><\/p>\n<p style=\"text-align: center;\"><a href=\"https:\/\/amzn.to\/4mBD6Ow\" target=\"_blank\" rel=\"noopener\"><strong>Ouvrages sur la Loire<\/strong><\/a><\/p>\n<p><a href=\"https:\/\/amzn.to\/4mBD6Ow\" target=\"_blank\" rel=\"noopener\"><img loading=\"lazy\" decoding=\"async\" class=\"size-full wp-image-99694 aligncenter\" src=\"https:\/\/www.charles-de-flahaut.fr\/wordpress\/wp-content\/uploads\/2025\/02\/loire1.jpg\" alt=\"\" width=\"310\" height=\"466\" srcset=\"https:\/\/www.charles-de-flahaut.fr\/wordpress\/wp-content\/uploads\/2025\/02\/loire1.jpg 310w, https:\/\/www.charles-de-flahaut.fr\/wordpress\/wp-content\/uploads\/2025\/02\/loire1-200x300.jpg 200w\" sizes=\"auto, (max-width: 310px) 100vw, 310px\" \/><\/a><\/p>\n","protected":false},"excerpt":{"rendered":"<p>Histoire et patrimoine de Saint Germain la Montagne (Loire) https:\/\/www.mairiesaintgermainlamontagne.fr\/index.php\/decouvrir-saint-germain-la-montagne\/histoire-de-saint-germain-la-montagne un site r\u00e9f\u00e9renc\u00e9 sur le nouvel\u00a0\u00a0Annuaire Historique des Communes de France \u00ab\u00a0Sanctus Germanus in Monte\u00a0\u00bb est mentionn\u00e9 pour la premi\u00e8re fois dans une chartre en 950, lors de la donation de l\u2019\u00e9glise \u00e0 l\u2019abbaye de Cluny. Notre village fut d\u2019abord sous la domination de la &hellip; <\/p>\n<p><a class=\"more-link btn\" href=\"https:\/\/www.charles-de-flahaut.fr\/wordpress\/histoire-et-patrimoine-de-saint-germain-la-montagne-loire\/\">Lire la suite<\/a><\/p>\n","protected":false},"author":117,"featured_media":0,"comment_status":"open","ping_status":"open","sticky":false,"template":"","format":"standard","meta":{"footnotes":""},"categories":[130,16,8],"tags":[],"class_list":["post-74223","post","type-post","status-publish","format-standard","hentry","category-42-loire","category-histoire-regionale","category-patrimoine","item-wrap"],"yoast_head":"<!-- This site is optimized with the Yoast SEO plugin v27.4 - https:\/\/yoast.com\/product\/yoast-seo-wordpress\/ -->\n<title>Histoire et patrimoine de Saint Germain la Montagne (Loire) - Histoire de France - Communiqu\u00e9s<\/title>\n<meta name=\"description\" content=\"Notre village fut d\u2019abord sous la domination de la forteresse du Tourv\u00e9on, jusqu\u2019au VIIIe si\u00e8cle, puis fut inclus dans le \u00ab pagus dunensis \u00bb\" \/>\n<meta name=\"robots\" content=\"index, follow, max-snippet:-1, max-image-preview:large, max-video-preview:-1\" \/>\n<link rel=\"canonical\" href=\"https:\/\/www.charles-de-flahaut.fr\/wordpress\/histoire-et-patrimoine-de-saint-germain-la-montagne-loire\/\" \/>\n<meta property=\"og:locale\" content=\"fr_FR\" \/>\n<meta property=\"og:type\" content=\"article\" \/>\n<meta property=\"og:title\" content=\"Histoire et patrimoine de Saint Germain la Montagne (Loire) - Histoire de France - Communiqu\u00e9s\" \/>\n<meta property=\"og:description\" content=\"Notre village fut d\u2019abord sous la domination de la forteresse du Tourv\u00e9on, jusqu\u2019au VIIIe si\u00e8cle, puis fut inclus dans le \u00ab pagus dunensis \u00bb\" \/>\n<meta property=\"og:url\" content=\"https:\/\/www.charles-de-flahaut.fr\/wordpress\/histoire-et-patrimoine-de-saint-germain-la-montagne-loire\/\" \/>\n<meta property=\"og:site_name\" content=\"Histoire de France - Communiqu\u00e9s\" \/>\n<meta property=\"article:publisher\" content=\"https:\/\/www.facebook.com\/Sites.HistoiredeFrance\" \/>\n<meta property=\"article:published_time\" content=\"2020-04-05T15:46:30+00:00\" \/>\n<meta property=\"article:modified_time\" content=\"2026-04-14T15:34:35+00:00\" \/>\n<meta property=\"og:image\" content=\"https:\/\/www.charles-de-flahaut.fr\/wordpress\/wp-content\/uploads\/2020\/04\/saintgermainlamontagne42.jpg\" \/>\n\t<meta property=\"og:image:width\" content=\"981\" \/>\n\t<meta property=\"og:image:height\" content=\"693\" \/>\n\t<meta property=\"og:image:type\" content=\"image\/jpeg\" \/>\n<meta name=\"author\" content=\"administrateur\" \/>\n<meta name=\"twitter:card\" content=\"summary_large_image\" \/>\n<meta name=\"twitter:label1\" content=\"\u00c9crit par\" \/>\n\t<meta name=\"twitter:data1\" content=\"administrateur\" \/>\n\t<meta name=\"twitter:label2\" content=\"Dur\u00e9e de lecture estim\u00e9e\" \/>\n\t<meta name=\"twitter:data2\" content=\"2 minutes\" \/>\n<script type=\"application\/ld+json\" class=\"yoast-schema-graph\">{\"@context\":\"https:\\\/\\\/schema.org\",\"@graph\":[{\"@type\":\"Article\",\"@id\":\"https:\\\/\\\/www.charles-de-flahaut.fr\\\/wordpress\\\/histoire-et-patrimoine-de-saint-germain-la-montagne-loire\\\/#article\",\"isPartOf\":{\"@id\":\"https:\\\/\\\/www.charles-de-flahaut.fr\\\/wordpress\\\/histoire-et-patrimoine-de-saint-germain-la-montagne-loire\\\/\"},\"author\":{\"name\":\"administrateur\",\"@id\":\"https:\\\/\\\/www.charles-de-flahaut.fr\\\/wordpress\\\/#\\\/schema\\\/person\\\/41c41eaf9ae1d70810ff74a04a786c56\"},\"headline\":\"Histoire et patrimoine de Saint Germain la Montagne (Loire)\",\"datePublished\":\"2020-04-05T15:46:30+00:00\",\"dateModified\":\"2026-04-14T15:34:35+00:00\",\"mainEntityOfPage\":{\"@id\":\"https:\\\/\\\/www.charles-de-flahaut.fr\\\/wordpress\\\/histoire-et-patrimoine-de-saint-germain-la-montagne-loire\\\/\"},\"wordCount\":152,\"commentCount\":0,\"publisher\":{\"@id\":\"https:\\\/\\\/www.charles-de-flahaut.fr\\\/wordpress\\\/#\\\/schema\\\/person\\\/81011c8b61bc74c05499365a506d49a9\"},\"image\":{\"@id\":\"https:\\\/\\\/www.charles-de-flahaut.fr\\\/wordpress\\\/histoire-et-patrimoine-de-saint-germain-la-montagne-loire\\\/#primaryimage\"},\"thumbnailUrl\":\"https:\\\/\\\/www.charles-de-flahaut.fr\\\/wordpress\\\/wp-content\\\/uploads\\\/2020\\\/04\\\/saintgermainlamontagne42-300x212.jpg\",\"articleSection\":[\"42 - Loire\",\"histoire locale\",\"patrimoine\"],\"inLanguage\":\"fr-FR\",\"potentialAction\":[{\"@type\":\"CommentAction\",\"name\":\"Comment\",\"target\":[\"https:\\\/\\\/www.charles-de-flahaut.fr\\\/wordpress\\\/histoire-et-patrimoine-de-saint-germain-la-montagne-loire\\\/#respond\"]}]},{\"@type\":\"WebPage\",\"@id\":\"https:\\\/\\\/www.charles-de-flahaut.fr\\\/wordpress\\\/histoire-et-patrimoine-de-saint-germain-la-montagne-loire\\\/\",\"url\":\"https:\\\/\\\/www.charles-de-flahaut.fr\\\/wordpress\\\/histoire-et-patrimoine-de-saint-germain-la-montagne-loire\\\/\",\"name\":\"Histoire et patrimoine de Saint Germain la Montagne (Loire) - Histoire de France - Communiqu\u00e9s\",\"isPartOf\":{\"@id\":\"https:\\\/\\\/www.charles-de-flahaut.fr\\\/wordpress\\\/#website\"},\"primaryImageOfPage\":{\"@id\":\"https:\\\/\\\/www.charles-de-flahaut.fr\\\/wordpress\\\/histoire-et-patrimoine-de-saint-germain-la-montagne-loire\\\/#primaryimage\"},\"image\":{\"@id\":\"https:\\\/\\\/www.charles-de-flahaut.fr\\\/wordpress\\\/histoire-et-patrimoine-de-saint-germain-la-montagne-loire\\\/#primaryimage\"},\"thumbnailUrl\":\"https:\\\/\\\/www.charles-de-flahaut.fr\\\/wordpress\\\/wp-content\\\/uploads\\\/2020\\\/04\\\/saintgermainlamontagne42-300x212.jpg\",\"datePublished\":\"2020-04-05T15:46:30+00:00\",\"dateModified\":\"2026-04-14T15:34:35+00:00\",\"description\":\"Notre village fut d\u2019abord sous la domination de la forteresse du Tourv\u00e9on, jusqu\u2019au VIIIe si\u00e8cle, puis fut inclus dans le \u00ab pagus dunensis \u00bb\",\"breadcrumb\":{\"@id\":\"https:\\\/\\\/www.charles-de-flahaut.fr\\\/wordpress\\\/histoire-et-patrimoine-de-saint-germain-la-montagne-loire\\\/#breadcrumb\"},\"inLanguage\":\"fr-FR\",\"potentialAction\":[{\"@type\":\"ReadAction\",\"target\":[\"https:\\\/\\\/www.charles-de-flahaut.fr\\\/wordpress\\\/histoire-et-patrimoine-de-saint-germain-la-montagne-loire\\\/\"]}]},{\"@type\":\"ImageObject\",\"inLanguage\":\"fr-FR\",\"@id\":\"https:\\\/\\\/www.charles-de-flahaut.fr\\\/wordpress\\\/histoire-et-patrimoine-de-saint-germain-la-montagne-loire\\\/#primaryimage\",\"url\":\"https:\\\/\\\/www.charles-de-flahaut.fr\\\/wordpress\\\/wp-content\\\/uploads\\\/2020\\\/04\\\/saintgermainlamontagne42.jpg\",\"contentUrl\":\"https:\\\/\\\/www.charles-de-flahaut.fr\\\/wordpress\\\/wp-content\\\/uploads\\\/2020\\\/04\\\/saintgermainlamontagne42.jpg\",\"width\":981,\"height\":693},{\"@type\":\"BreadcrumbList\",\"@id\":\"https:\\\/\\\/www.charles-de-flahaut.fr\\\/wordpress\\\/histoire-et-patrimoine-de-saint-germain-la-montagne-loire\\\/#breadcrumb\",\"itemListElement\":[{\"@type\":\"ListItem\",\"position\":1,\"name\":\"Accueil\",\"item\":\"https:\\\/\\\/www.charles-de-flahaut.fr\\\/wordpress\\\/\"},{\"@type\":\"ListItem\",\"position\":2,\"name\":\"Histoire et patrimoine de Saint Germain la Montagne (Loire)\"}]},{\"@type\":\"WebSite\",\"@id\":\"https:\\\/\\\/www.charles-de-flahaut.fr\\\/wordpress\\\/#website\",\"url\":\"https:\\\/\\\/www.charles-de-flahaut.fr\\\/wordpress\\\/\",\"name\":\"Histoire de France - Communiqu\u00e9s\",\"description\":\"Histoire et patrimoine\",\"publisher\":{\"@id\":\"https:\\\/\\\/www.charles-de-flahaut.fr\\\/wordpress\\\/#\\\/schema\\\/person\\\/81011c8b61bc74c05499365a506d49a9\"},\"potentialAction\":[{\"@type\":\"SearchAction\",\"target\":{\"@type\":\"EntryPoint\",\"urlTemplate\":\"https:\\\/\\\/www.charles-de-flahaut.fr\\\/wordpress\\\/?s={search_term_string}\"},\"query-input\":{\"@type\":\"PropertyValueSpecification\",\"valueRequired\":true,\"valueName\":\"search_term_string\"}}],\"inLanguage\":\"fr-FR\"},{\"@type\":[\"Person\",\"Organization\"],\"@id\":\"https:\\\/\\\/www.charles-de-flahaut.fr\\\/wordpress\\\/#\\\/schema\\\/person\\\/81011c8b61bc74c05499365a506d49a9\",\"name\":\"administrateur\",\"logo\":{\"@id\":\"https:\\\/\\\/www.charles-de-flahaut.fr\\\/wordpress\\\/#\\\/schema\\\/person\\\/image\\\/\"},\"sameAs\":[\"http:\\\/\\\/www.charles-de-flahaut.fr\",\"https:\\\/\\\/www.facebook.com\\\/Sites.HistoiredeFrance\"]},{\"@type\":\"Person\",\"@id\":\"https:\\\/\\\/www.charles-de-flahaut.fr\\\/wordpress\\\/#\\\/schema\\\/person\\\/41c41eaf9ae1d70810ff74a04a786c56\",\"name\":\"administrateur\",\"url\":\"https:\\\/\\\/www.charles-de-flahaut.fr\\\/wordpress\\\/author\\\/hist_8la_ad\\\/\"}]}<\/script>\n<!-- \/ Yoast SEO plugin. -->","yoast_head_json":{"title":"Histoire et patrimoine de Saint Germain la Montagne (Loire) - Histoire de France - Communiqu\u00e9s","description":"Notre village fut d\u2019abord sous la domination de la forteresse du Tourv\u00e9on, jusqu\u2019au VIIIe si\u00e8cle, puis fut inclus dans le \u00ab pagus dunensis \u00bb","robots":{"index":"index","follow":"follow","max-snippet":"max-snippet:-1","max-image-preview":"max-image-preview:large","max-video-preview":"max-video-preview:-1"},"canonical":"https:\/\/www.charles-de-flahaut.fr\/wordpress\/histoire-et-patrimoine-de-saint-germain-la-montagne-loire\/","og_locale":"fr_FR","og_type":"article","og_title":"Histoire et patrimoine de Saint Germain la Montagne (Loire) - Histoire de France - Communiqu\u00e9s","og_description":"Notre village fut d\u2019abord sous la domination de la forteresse du Tourv\u00e9on, jusqu\u2019au VIIIe si\u00e8cle, puis fut inclus dans le \u00ab pagus dunensis \u00bb","og_url":"https:\/\/www.charles-de-flahaut.fr\/wordpress\/histoire-et-patrimoine-de-saint-germain-la-montagne-loire\/","og_site_name":"Histoire de France - Communiqu\u00e9s","article_publisher":"https:\/\/www.facebook.com\/Sites.HistoiredeFrance","article_published_time":"2020-04-05T15:46:30+00:00","article_modified_time":"2026-04-14T15:34:35+00:00","og_image":[{"width":981,"height":693,"url":"https:\/\/www.charles-de-flahaut.fr\/wordpress\/wp-content\/uploads\/2020\/04\/saintgermainlamontagne42.jpg","type":"image\/jpeg"}],"author":"administrateur","twitter_card":"summary_large_image","twitter_misc":{"\u00c9crit par":"administrateur","Dur\u00e9e de lecture estim\u00e9e":"2 minutes"},"schema":{"@context":"https:\/\/schema.org","@graph":[{"@type":"Article","@id":"https:\/\/www.charles-de-flahaut.fr\/wordpress\/histoire-et-patrimoine-de-saint-germain-la-montagne-loire\/#article","isPartOf":{"@id":"https:\/\/www.charles-de-flahaut.fr\/wordpress\/histoire-et-patrimoine-de-saint-germain-la-montagne-loire\/"},"author":{"name":"administrateur","@id":"https:\/\/www.charles-de-flahaut.fr\/wordpress\/#\/schema\/person\/41c41eaf9ae1d70810ff74a04a786c56"},"headline":"Histoire et patrimoine de Saint Germain la Montagne (Loire)","datePublished":"2020-04-05T15:46:30+00:00","dateModified":"2026-04-14T15:34:35+00:00","mainEntityOfPage":{"@id":"https:\/\/www.charles-de-flahaut.fr\/wordpress\/histoire-et-patrimoine-de-saint-germain-la-montagne-loire\/"},"wordCount":152,"commentCount":0,"publisher":{"@id":"https:\/\/www.charles-de-flahaut.fr\/wordpress\/#\/schema\/person\/81011c8b61bc74c05499365a506d49a9"},"image":{"@id":"https:\/\/www.charles-de-flahaut.fr\/wordpress\/histoire-et-patrimoine-de-saint-germain-la-montagne-loire\/#primaryimage"},"thumbnailUrl":"https:\/\/www.charles-de-flahaut.fr\/wordpress\/wp-content\/uploads\/2020\/04\/saintgermainlamontagne42-300x212.jpg","articleSection":["42 - Loire","histoire locale","patrimoine"],"inLanguage":"fr-FR","potentialAction":[{"@type":"CommentAction","name":"Comment","target":["https:\/\/www.charles-de-flahaut.fr\/wordpress\/histoire-et-patrimoine-de-saint-germain-la-montagne-loire\/#respond"]}]},{"@type":"WebPage","@id":"https:\/\/www.charles-de-flahaut.fr\/wordpress\/histoire-et-patrimoine-de-saint-germain-la-montagne-loire\/","url":"https:\/\/www.charles-de-flahaut.fr\/wordpress\/histoire-et-patrimoine-de-saint-germain-la-montagne-loire\/","name":"Histoire et patrimoine de Saint Germain la Montagne (Loire) - Histoire de France - Communiqu\u00e9s","isPartOf":{"@id":"https:\/\/www.charles-de-flahaut.fr\/wordpress\/#website"},"primaryImageOfPage":{"@id":"https:\/\/www.charles-de-flahaut.fr\/wordpress\/histoire-et-patrimoine-de-saint-germain-la-montagne-loire\/#primaryimage"},"image":{"@id":"https:\/\/www.charles-de-flahaut.fr\/wordpress\/histoire-et-patrimoine-de-saint-germain-la-montagne-loire\/#primaryimage"},"thumbnailUrl":"https:\/\/www.charles-de-flahaut.fr\/wordpress\/wp-content\/uploads\/2020\/04\/saintgermainlamontagne42-300x212.jpg","datePublished":"2020-04-05T15:46:30+00:00","dateModified":"2026-04-14T15:34:35+00:00","description":"Notre village fut d\u2019abord sous la domination de la forteresse du Tourv\u00e9on, jusqu\u2019au VIIIe si\u00e8cle, puis fut inclus dans le \u00ab pagus dunensis \u00bb","breadcrumb":{"@id":"https:\/\/www.charles-de-flahaut.fr\/wordpress\/histoire-et-patrimoine-de-saint-germain-la-montagne-loire\/#breadcrumb"},"inLanguage":"fr-FR","potentialAction":[{"@type":"ReadAction","target":["https:\/\/www.charles-de-flahaut.fr\/wordpress\/histoire-et-patrimoine-de-saint-germain-la-montagne-loire\/"]}]},{"@type":"ImageObject","inLanguage":"fr-FR","@id":"https:\/\/www.charles-de-flahaut.fr\/wordpress\/histoire-et-patrimoine-de-saint-germain-la-montagne-loire\/#primaryimage","url":"https:\/\/www.charles-de-flahaut.fr\/wordpress\/wp-content\/uploads\/2020\/04\/saintgermainlamontagne42.jpg","contentUrl":"https:\/\/www.charles-de-flahaut.fr\/wordpress\/wp-content\/uploads\/2020\/04\/saintgermainlamontagne42.jpg","width":981,"height":693},{"@type":"BreadcrumbList","@id":"https:\/\/www.charles-de-flahaut.fr\/wordpress\/histoire-et-patrimoine-de-saint-germain-la-montagne-loire\/#breadcrumb","itemListElement":[{"@type":"ListItem","position":1,"name":"Accueil","item":"https:\/\/www.charles-de-flahaut.fr\/wordpress\/"},{"@type":"ListItem","position":2,"name":"Histoire et patrimoine de Saint Germain la Montagne (Loire)"}]},{"@type":"WebSite","@id":"https:\/\/www.charles-de-flahaut.fr\/wordpress\/#website","url":"https:\/\/www.charles-de-flahaut.fr\/wordpress\/","name":"Histoire de France - Communiqu\u00e9s","description":"Histoire et patrimoine","publisher":{"@id":"https:\/\/www.charles-de-flahaut.fr\/wordpress\/#\/schema\/person\/81011c8b61bc74c05499365a506d49a9"},"potentialAction":[{"@type":"SearchAction","target":{"@type":"EntryPoint","urlTemplate":"https:\/\/www.charles-de-flahaut.fr\/wordpress\/?s={search_term_string}"},"query-input":{"@type":"PropertyValueSpecification","valueRequired":true,"valueName":"search_term_string"}}],"inLanguage":"fr-FR"},{"@type":["Person","Organization"],"@id":"https:\/\/www.charles-de-flahaut.fr\/wordpress\/#\/schema\/person\/81011c8b61bc74c05499365a506d49a9","name":"administrateur","logo":{"@id":"https:\/\/www.charles-de-flahaut.fr\/wordpress\/#\/schema\/person\/image\/"},"sameAs":["http:\/\/www.charles-de-flahaut.fr","https:\/\/www.facebook.com\/Sites.HistoiredeFrance"]},{"@type":"Person","@id":"https:\/\/www.charles-de-flahaut.fr\/wordpress\/#\/schema\/person\/41c41eaf9ae1d70810ff74a04a786c56","name":"administrateur","url":"https:\/\/www.charles-de-flahaut.fr\/wordpress\/author\/hist_8la_ad\/"}]}},"views":64,"amp_enabled":true,"_links":{"self":[{"href":"https:\/\/www.charles-de-flahaut.fr\/wordpress\/wp-json\/wp\/v2\/posts\/74223","targetHints":{"allow":["GET"]}}],"collection":[{"href":"https:\/\/www.charles-de-flahaut.fr\/wordpress\/wp-json\/wp\/v2\/posts"}],"about":[{"href":"https:\/\/www.charles-de-flahaut.fr\/wordpress\/wp-json\/wp\/v2\/types\/post"}],"author":[{"embeddable":true,"href":"https:\/\/www.charles-de-flahaut.fr\/wordpress\/wp-json\/wp\/v2\/users\/117"}],"replies":[{"embeddable":true,"href":"https:\/\/www.charles-de-flahaut.fr\/wordpress\/wp-json\/wp\/v2\/comments?post=74223"}],"version-history":[{"count":3,"href":"https:\/\/www.charles-de-flahaut.fr\/wordpress\/wp-json\/wp\/v2\/posts\/74223\/revisions"}],"predecessor-version":[{"id":117123,"href":"https:\/\/www.charles-de-flahaut.fr\/wordpress\/wp-json\/wp\/v2\/posts\/74223\/revisions\/117123"}],"wp:attachment":[{"href":"https:\/\/www.charles-de-flahaut.fr\/wordpress\/wp-json\/wp\/v2\/media?parent=74223"}],"wp:term":[{"taxonomy":"category","embeddable":true,"href":"https:\/\/www.charles-de-flahaut.fr\/wordpress\/wp-json\/wp\/v2\/categories?post=74223"},{"taxonomy":"post_tag","embeddable":true,"href":"https:\/\/www.charles-de-flahaut.fr\/wordpress\/wp-json\/wp\/v2\/tags?post=74223"}],"curies":[{"name":"wp","href":"https:\/\/api.w.org\/{rel}","templated":true}]}}