{"id":72883,"date":"2020-02-07T18:08:46","date_gmt":"2020-02-07T17:08:46","guid":{"rendered":"https:\/\/www.charles-de-flahaut.fr\/wordpress\/?p=72883"},"modified":"2020-02-07T18:08:46","modified_gmt":"2020-02-07T17:08:46","slug":"histoire-et-patrimoine-du-theil-de-bretagne-ille-et-vilaine","status":"publish","type":"post","link":"https:\/\/www.charles-de-flahaut.fr\/wordpress\/histoire-et-patrimoine-du-theil-de-bretagne-ille-et-vilaine\/","title":{"rendered":"Histoire et patrimoine du Theil de Bretagne (Ille-et-Vilaine)"},"content":{"rendered":"<p><strong>Histoire et patrimoine du Theil de Bretagne (Ille-et-Vilaine)<\/strong><br \/>\n<a href=\"https:\/\/letheildebretagne.fr\/?Histoire-du-Theil\" target=\"_blank\" rel=\"noopener noreferrer\">https:\/\/letheildebretagne.fr\/?Histoire-du-Theil<\/a><\/p>\n<p style=\"text-align: justify;\"><em><a href=\"https:\/\/www.charles-de-flahaut.fr\/wordpress\/wp-content\/uploads\/2020\/02\/letheildebretagne35.jpg\"><img loading=\"lazy\" decoding=\"async\" class=\"alignleft size-medium wp-image-72885\" src=\"https:\/\/www.charles-de-flahaut.fr\/wordpress\/wp-content\/uploads\/2020\/02\/letheildebretagne35-225x300.jpg\" alt=\"\" width=\"225\" height=\"300\" srcset=\"https:\/\/www.charles-de-flahaut.fr\/wordpress\/wp-content\/uploads\/2020\/02\/letheildebretagne35-225x300.jpg 225w, https:\/\/www.charles-de-flahaut.fr\/wordpress\/wp-content\/uploads\/2020\/02\/letheildebretagne35-768x1024.jpg 768w, https:\/\/www.charles-de-flahaut.fr\/wordpress\/wp-content\/uploads\/2020\/02\/letheildebretagne35.jpg 800w\" sizes=\"auto, (max-width: 225px) 100vw, 225px\" \/><\/a>un site r\u00e9f\u00e9renc\u00e9 sur le nouvel&nbsp;&nbsp;<a href=\"https:\/\/charles-de-flahaut.fr\/annuaire-histoire-communes\" target=\"_blank\" rel=\"noopener noreferrer\">Annuaire Historique des Communes de France<\/a><\/em><\/p>\n<p style=\"text-align: justify;\">Selon les historiens, l\u2019\u00e9tymologie du THEIL (An Tilh en breton, Tillia en latin) est diff\u00e9rente. Le THEIL s\u2019\u00e9crivait TEIL ou TAIL. TEIL proviendrait de \u00ab Tilleul \u00bb tandis que TAIL voudrait dire \u00ab Pierre Sacr\u00e9e \u00bb.<\/p>\n<p style=\"text-align: justify;\">Au VI\u00e8 si\u00e8cle, le terrain qui forme la commune \u00e9tait couvert d\u2019une for\u00eat o\u00f9 on y trouvait un sanctuaire consacr\u00e9 aux c\u00e9r\u00e9monies pa\u00efennes, (La Roche-aux-F\u00e9es) ce qui laisse \u00e0 penser que c\u2019est TAIL qui serait \u00e0 l\u2019origine du nom de notre commune&#8230;<\/p>\n<p><em>(image et extrait du site officiel de la commune&#8230;<a href=\"https:\/\/letheildebretagne.fr\/?Histoire-du-Theil\" target=\"_blank\" rel=\"noopener noreferrer\"> lire la suite<\/a>)<\/em><\/p>\n<p><iframe style=\"width: 120px; height: 240px;\" src=\"\/\/ws-eu.amazon-adsystem.com\/widgets\/q?ServiceVersion=20070822&amp;OneJS=1&amp;Operation=GetAdHtml&amp;MarketPlace=FR&amp;source=ac&amp;ref=tf_til&amp;ad_type=product_link&amp;tracking_id=charledeflaha-21&amp;marketplace=amazon&amp;region=FR&amp;placement=2951833466&amp;asins=2951833466&amp;linkId=HJG5TIMVCCFNUWSS&amp;show_border=true&amp;link_opens_in_new_window=true\" marginwidth=\"0\" marginheight=\"0\" scrolling=\"no\" frameborder=\"0\"><br \/>\n<\/iframe><iframe style=\"width: 120px; height: 240px;\" src=\"\/\/ws-eu.amazon-adsystem.com\/widgets\/q?ServiceVersion=20070822&amp;OneJS=1&amp;Operation=GetAdHtml&amp;MarketPlace=FR&amp;source=ac&amp;ref=tf_til&amp;ad_type=product_link&amp;tracking_id=charledeflaha-21&amp;marketplace=amazon&amp;region=FR&amp;placement=2951833466&amp;asins=2951833466&amp;linkId=HJG5TIMVCCFNUWSS&amp;show_border=true&amp;link_opens_in_new_window=true\" marginwidth=\"0\" marginheight=\"0\" scrolling=\"no\" frameborder=\"0\"><br \/>\n<\/iframe><\/p>\n","protected":false},"excerpt":{"rendered":"<p>Histoire et patrimoine du Theil de Bretagne (Ille-et-Vilaine) https:\/\/letheildebretagne.fr\/?Histoire-du-Theil un site r\u00e9f\u00e9renc\u00e9 sur le nouvel&nbsp;&nbsp;Annuaire Historique des Communes de France Selon les historiens, l\u2019\u00e9tymologie du THEIL (An Tilh en breton, Tillia en latin) est diff\u00e9rente. Le THEIL s\u2019\u00e9crivait TEIL ou TAIL. TEIL proviendrait de \u00ab Tilleul \u00bb tandis que TAIL voudrait dire \u00ab Pierre Sacr\u00e9e &hellip; <\/p>\n<p><a class=\"more-link btn\" href=\"https:\/\/www.charles-de-flahaut.fr\/wordpress\/histoire-et-patrimoine-du-theil-de-bretagne-ille-et-vilaine\/\">Lire la suite<\/a><\/p>\n","protected":false},"author":117,"featured_media":0,"comment_status":"open","ping_status":"open","sticky":false,"template":"","format":"standard","meta":{"footnotes":""},"categories":[123,16,8],"tags":[],"class_list":["post-72883","post","type-post","status-publish","format-standard","hentry","category-35-ille-et-vilaine","category-histoire-regionale","category-patrimoine","item-wrap"],"yoast_head":"<!-- This site is optimized with the Yoast SEO plugin v27.4 - https:\/\/yoast.com\/product\/yoast-seo-wordpress\/ -->\n<title>Histoire et patrimoine du Theil de Bretagne (Ille-et-Vilaine) - Histoire de France - Communiqu\u00e9s<\/title>\n<meta name=\"robots\" content=\"index, follow, max-snippet:-1, max-image-preview:large, max-video-preview:-1\" \/>\n<link rel=\"canonical\" href=\"https:\/\/www.charles-de-flahaut.fr\/wordpress\/histoire-et-patrimoine-du-theil-de-bretagne-ille-et-vilaine\/\" \/>\n<meta property=\"og:locale\" content=\"fr_FR\" \/>\n<meta property=\"og:type\" content=\"article\" \/>\n<meta property=\"og:title\" content=\"Histoire et patrimoine du Theil de Bretagne (Ille-et-Vilaine) - Histoire de France - Communiqu\u00e9s\" \/>\n<meta property=\"og:description\" content=\"Histoire et patrimoine du Theil de Bretagne (Ille-et-Vilaine) https:\/\/letheildebretagne.fr\/?Histoire-du-Theil un site r\u00e9f\u00e9renc\u00e9 sur le nouvel&nbsp;&nbsp;Annuaire Historique des Communes de France Selon les historiens, l\u2019\u00e9tymologie du THEIL (An Tilh en breton, Tillia en latin) est diff\u00e9rente. Le THEIL s\u2019\u00e9crivait TEIL ou TAIL. TEIL proviendrait de \u00ab Tilleul \u00bb tandis que TAIL voudrait dire \u00ab Pierre Sacr\u00e9e &hellip; Lire la suite\" \/>\n<meta property=\"og:url\" content=\"https:\/\/www.charles-de-flahaut.fr\/wordpress\/histoire-et-patrimoine-du-theil-de-bretagne-ille-et-vilaine\/\" \/>\n<meta property=\"og:site_name\" content=\"Histoire de France - Communiqu\u00e9s\" \/>\n<meta property=\"article:publisher\" content=\"https:\/\/www.facebook.com\/Sites.HistoiredeFrance\" \/>\n<meta property=\"article:published_time\" content=\"2020-02-07T17:08:46+00:00\" \/>\n<meta property=\"og:image\" content=\"https:\/\/www.charles-de-flahaut.fr\/wordpress\/wp-content\/uploads\/2020\/02\/letheildebretagne35-225x300.jpg\" \/>\n<meta name=\"author\" content=\"administrateur\" \/>\n<meta name=\"twitter:card\" content=\"summary_large_image\" \/>\n<meta name=\"twitter:label1\" content=\"\u00c9crit par\" \/>\n\t<meta name=\"twitter:data1\" content=\"administrateur\" \/>\n\t<meta name=\"twitter:label2\" content=\"Dur\u00e9e de lecture estim\u00e9e\" \/>\n\t<meta name=\"twitter:data2\" content=\"1 minute\" \/>\n<script type=\"application\/ld+json\" class=\"yoast-schema-graph\">{\"@context\":\"https:\\\/\\\/schema.org\",\"@graph\":[{\"@type\":\"Article\",\"@id\":\"https:\\\/\\\/www.charles-de-flahaut.fr\\\/wordpress\\\/histoire-et-patrimoine-du-theil-de-bretagne-ille-et-vilaine\\\/#article\",\"isPartOf\":{\"@id\":\"https:\\\/\\\/www.charles-de-flahaut.fr\\\/wordpress\\\/histoire-et-patrimoine-du-theil-de-bretagne-ille-et-vilaine\\\/\"},\"author\":{\"name\":\"administrateur\",\"@id\":\"https:\\\/\\\/www.charles-de-flahaut.fr\\\/wordpress\\\/#\\\/schema\\\/person\\\/41c41eaf9ae1d70810ff74a04a786c56\"},\"headline\":\"Histoire et patrimoine du Theil de Bretagne (Ille-et-Vilaine)\",\"datePublished\":\"2020-02-07T17:08:46+00:00\",\"mainEntityOfPage\":{\"@id\":\"https:\\\/\\\/www.charles-de-flahaut.fr\\\/wordpress\\\/histoire-et-patrimoine-du-theil-de-bretagne-ille-et-vilaine\\\/\"},\"wordCount\":133,\"commentCount\":0,\"publisher\":{\"@id\":\"https:\\\/\\\/www.charles-de-flahaut.fr\\\/wordpress\\\/#\\\/schema\\\/person\\\/81011c8b61bc74c05499365a506d49a9\"},\"image\":{\"@id\":\"https:\\\/\\\/www.charles-de-flahaut.fr\\\/wordpress\\\/histoire-et-patrimoine-du-theil-de-bretagne-ille-et-vilaine\\\/#primaryimage\"},\"thumbnailUrl\":\"https:\\\/\\\/www.charles-de-flahaut.fr\\\/wordpress\\\/wp-content\\\/uploads\\\/2020\\\/02\\\/letheildebretagne35-225x300.jpg\",\"articleSection\":[\"35 - Ille-et-Vilaine\",\"histoire locale\",\"patrimoine\"],\"inLanguage\":\"fr-FR\",\"potentialAction\":[{\"@type\":\"CommentAction\",\"name\":\"Comment\",\"target\":[\"https:\\\/\\\/www.charles-de-flahaut.fr\\\/wordpress\\\/histoire-et-patrimoine-du-theil-de-bretagne-ille-et-vilaine\\\/#respond\"]}]},{\"@type\":\"WebPage\",\"@id\":\"https:\\\/\\\/www.charles-de-flahaut.fr\\\/wordpress\\\/histoire-et-patrimoine-du-theil-de-bretagne-ille-et-vilaine\\\/\",\"url\":\"https:\\\/\\\/www.charles-de-flahaut.fr\\\/wordpress\\\/histoire-et-patrimoine-du-theil-de-bretagne-ille-et-vilaine\\\/\",\"name\":\"Histoire et patrimoine du Theil de Bretagne (Ille-et-Vilaine) - Histoire de France - Communiqu\u00e9s\",\"isPartOf\":{\"@id\":\"https:\\\/\\\/www.charles-de-flahaut.fr\\\/wordpress\\\/#website\"},\"primaryImageOfPage\":{\"@id\":\"https:\\\/\\\/www.charles-de-flahaut.fr\\\/wordpress\\\/histoire-et-patrimoine-du-theil-de-bretagne-ille-et-vilaine\\\/#primaryimage\"},\"image\":{\"@id\":\"https:\\\/\\\/www.charles-de-flahaut.fr\\\/wordpress\\\/histoire-et-patrimoine-du-theil-de-bretagne-ille-et-vilaine\\\/#primaryimage\"},\"thumbnailUrl\":\"https:\\\/\\\/www.charles-de-flahaut.fr\\\/wordpress\\\/wp-content\\\/uploads\\\/2020\\\/02\\\/letheildebretagne35-225x300.jpg\",\"datePublished\":\"2020-02-07T17:08:46+00:00\",\"breadcrumb\":{\"@id\":\"https:\\\/\\\/www.charles-de-flahaut.fr\\\/wordpress\\\/histoire-et-patrimoine-du-theil-de-bretagne-ille-et-vilaine\\\/#breadcrumb\"},\"inLanguage\":\"fr-FR\",\"potentialAction\":[{\"@type\":\"ReadAction\",\"target\":[\"https:\\\/\\\/www.charles-de-flahaut.fr\\\/wordpress\\\/histoire-et-patrimoine-du-theil-de-bretagne-ille-et-vilaine\\\/\"]}]},{\"@type\":\"ImageObject\",\"inLanguage\":\"fr-FR\",\"@id\":\"https:\\\/\\\/www.charles-de-flahaut.fr\\\/wordpress\\\/histoire-et-patrimoine-du-theil-de-bretagne-ille-et-vilaine\\\/#primaryimage\",\"url\":\"https:\\\/\\\/www.charles-de-flahaut.fr\\\/wordpress\\\/wp-content\\\/uploads\\\/2020\\\/02\\\/letheildebretagne35.jpg\",\"contentUrl\":\"https:\\\/\\\/www.charles-de-flahaut.fr\\\/wordpress\\\/wp-content\\\/uploads\\\/2020\\\/02\\\/letheildebretagne35.jpg\",\"width\":800,\"height\":1067},{\"@type\":\"BreadcrumbList\",\"@id\":\"https:\\\/\\\/www.charles-de-flahaut.fr\\\/wordpress\\\/histoire-et-patrimoine-du-theil-de-bretagne-ille-et-vilaine\\\/#breadcrumb\",\"itemListElement\":[{\"@type\":\"ListItem\",\"position\":1,\"name\":\"Accueil\",\"item\":\"https:\\\/\\\/www.charles-de-flahaut.fr\\\/wordpress\\\/\"},{\"@type\":\"ListItem\",\"position\":2,\"name\":\"Histoire et patrimoine du Theil de Bretagne (Ille-et-Vilaine)\"}]},{\"@type\":\"WebSite\",\"@id\":\"https:\\\/\\\/www.charles-de-flahaut.fr\\\/wordpress\\\/#website\",\"url\":\"https:\\\/\\\/www.charles-de-flahaut.fr\\\/wordpress\\\/\",\"name\":\"Histoire de France - Communiqu\u00e9s\",\"description\":\"Histoire et patrimoine\",\"publisher\":{\"@id\":\"https:\\\/\\\/www.charles-de-flahaut.fr\\\/wordpress\\\/#\\\/schema\\\/person\\\/81011c8b61bc74c05499365a506d49a9\"},\"potentialAction\":[{\"@type\":\"SearchAction\",\"target\":{\"@type\":\"EntryPoint\",\"urlTemplate\":\"https:\\\/\\\/www.charles-de-flahaut.fr\\\/wordpress\\\/?s={search_term_string}\"},\"query-input\":{\"@type\":\"PropertyValueSpecification\",\"valueRequired\":true,\"valueName\":\"search_term_string\"}}],\"inLanguage\":\"fr-FR\"},{\"@type\":[\"Person\",\"Organization\"],\"@id\":\"https:\\\/\\\/www.charles-de-flahaut.fr\\\/wordpress\\\/#\\\/schema\\\/person\\\/81011c8b61bc74c05499365a506d49a9\",\"name\":\"administrateur\",\"logo\":{\"@id\":\"https:\\\/\\\/www.charles-de-flahaut.fr\\\/wordpress\\\/#\\\/schema\\\/person\\\/image\\\/\"},\"sameAs\":[\"http:\\\/\\\/www.charles-de-flahaut.fr\",\"https:\\\/\\\/www.facebook.com\\\/Sites.HistoiredeFrance\"]},{\"@type\":\"Person\",\"@id\":\"https:\\\/\\\/www.charles-de-flahaut.fr\\\/wordpress\\\/#\\\/schema\\\/person\\\/41c41eaf9ae1d70810ff74a04a786c56\",\"name\":\"administrateur\",\"url\":\"https:\\\/\\\/www.charles-de-flahaut.fr\\\/wordpress\\\/author\\\/hist_8la_ad\\\/\"}]}<\/script>\n<!-- \/ Yoast SEO plugin. -->","yoast_head_json":{"title":"Histoire et patrimoine du Theil de Bretagne (Ille-et-Vilaine) - Histoire de France - Communiqu\u00e9s","robots":{"index":"index","follow":"follow","max-snippet":"max-snippet:-1","max-image-preview":"max-image-preview:large","max-video-preview":"max-video-preview:-1"},"canonical":"https:\/\/www.charles-de-flahaut.fr\/wordpress\/histoire-et-patrimoine-du-theil-de-bretagne-ille-et-vilaine\/","og_locale":"fr_FR","og_type":"article","og_title":"Histoire et patrimoine du Theil de Bretagne (Ille-et-Vilaine) - Histoire de France - Communiqu\u00e9s","og_description":"Histoire et patrimoine du Theil de Bretagne (Ille-et-Vilaine) https:\/\/letheildebretagne.fr\/?Histoire-du-Theil un site r\u00e9f\u00e9renc\u00e9 sur le nouvel&nbsp;&nbsp;Annuaire Historique des Communes de France Selon les historiens, l\u2019\u00e9tymologie du THEIL (An Tilh en breton, Tillia en latin) est diff\u00e9rente. Le THEIL s\u2019\u00e9crivait TEIL ou TAIL. TEIL proviendrait de \u00ab Tilleul \u00bb tandis que TAIL voudrait dire \u00ab Pierre Sacr\u00e9e &hellip; Lire la suite","og_url":"https:\/\/www.charles-de-flahaut.fr\/wordpress\/histoire-et-patrimoine-du-theil-de-bretagne-ille-et-vilaine\/","og_site_name":"Histoire de France - Communiqu\u00e9s","article_publisher":"https:\/\/www.facebook.com\/Sites.HistoiredeFrance","article_published_time":"2020-02-07T17:08:46+00:00","og_image":[{"url":"https:\/\/www.charles-de-flahaut.fr\/wordpress\/wp-content\/uploads\/2020\/02\/letheildebretagne35-225x300.jpg","type":"","width":"","height":""}],"author":"administrateur","twitter_card":"summary_large_image","twitter_misc":{"\u00c9crit par":"administrateur","Dur\u00e9e de lecture estim\u00e9e":"1 minute"},"schema":{"@context":"https:\/\/schema.org","@graph":[{"@type":"Article","@id":"https:\/\/www.charles-de-flahaut.fr\/wordpress\/histoire-et-patrimoine-du-theil-de-bretagne-ille-et-vilaine\/#article","isPartOf":{"@id":"https:\/\/www.charles-de-flahaut.fr\/wordpress\/histoire-et-patrimoine-du-theil-de-bretagne-ille-et-vilaine\/"},"author":{"name":"administrateur","@id":"https:\/\/www.charles-de-flahaut.fr\/wordpress\/#\/schema\/person\/41c41eaf9ae1d70810ff74a04a786c56"},"headline":"Histoire et patrimoine du Theil de Bretagne (Ille-et-Vilaine)","datePublished":"2020-02-07T17:08:46+00:00","mainEntityOfPage":{"@id":"https:\/\/www.charles-de-flahaut.fr\/wordpress\/histoire-et-patrimoine-du-theil-de-bretagne-ille-et-vilaine\/"},"wordCount":133,"commentCount":0,"publisher":{"@id":"https:\/\/www.charles-de-flahaut.fr\/wordpress\/#\/schema\/person\/81011c8b61bc74c05499365a506d49a9"},"image":{"@id":"https:\/\/www.charles-de-flahaut.fr\/wordpress\/histoire-et-patrimoine-du-theil-de-bretagne-ille-et-vilaine\/#primaryimage"},"thumbnailUrl":"https:\/\/www.charles-de-flahaut.fr\/wordpress\/wp-content\/uploads\/2020\/02\/letheildebretagne35-225x300.jpg","articleSection":["35 - Ille-et-Vilaine","histoire locale","patrimoine"],"inLanguage":"fr-FR","potentialAction":[{"@type":"CommentAction","name":"Comment","target":["https:\/\/www.charles-de-flahaut.fr\/wordpress\/histoire-et-patrimoine-du-theil-de-bretagne-ille-et-vilaine\/#respond"]}]},{"@type":"WebPage","@id":"https:\/\/www.charles-de-flahaut.fr\/wordpress\/histoire-et-patrimoine-du-theil-de-bretagne-ille-et-vilaine\/","url":"https:\/\/www.charles-de-flahaut.fr\/wordpress\/histoire-et-patrimoine-du-theil-de-bretagne-ille-et-vilaine\/","name":"Histoire et patrimoine du Theil de Bretagne (Ille-et-Vilaine) - Histoire de France - Communiqu\u00e9s","isPartOf":{"@id":"https:\/\/www.charles-de-flahaut.fr\/wordpress\/#website"},"primaryImageOfPage":{"@id":"https:\/\/www.charles-de-flahaut.fr\/wordpress\/histoire-et-patrimoine-du-theil-de-bretagne-ille-et-vilaine\/#primaryimage"},"image":{"@id":"https:\/\/www.charles-de-flahaut.fr\/wordpress\/histoire-et-patrimoine-du-theil-de-bretagne-ille-et-vilaine\/#primaryimage"},"thumbnailUrl":"https:\/\/www.charles-de-flahaut.fr\/wordpress\/wp-content\/uploads\/2020\/02\/letheildebretagne35-225x300.jpg","datePublished":"2020-02-07T17:08:46+00:00","breadcrumb":{"@id":"https:\/\/www.charles-de-flahaut.fr\/wordpress\/histoire-et-patrimoine-du-theil-de-bretagne-ille-et-vilaine\/#breadcrumb"},"inLanguage":"fr-FR","potentialAction":[{"@type":"ReadAction","target":["https:\/\/www.charles-de-flahaut.fr\/wordpress\/histoire-et-patrimoine-du-theil-de-bretagne-ille-et-vilaine\/"]}]},{"@type":"ImageObject","inLanguage":"fr-FR","@id":"https:\/\/www.charles-de-flahaut.fr\/wordpress\/histoire-et-patrimoine-du-theil-de-bretagne-ille-et-vilaine\/#primaryimage","url":"https:\/\/www.charles-de-flahaut.fr\/wordpress\/wp-content\/uploads\/2020\/02\/letheildebretagne35.jpg","contentUrl":"https:\/\/www.charles-de-flahaut.fr\/wordpress\/wp-content\/uploads\/2020\/02\/letheildebretagne35.jpg","width":800,"height":1067},{"@type":"BreadcrumbList","@id":"https:\/\/www.charles-de-flahaut.fr\/wordpress\/histoire-et-patrimoine-du-theil-de-bretagne-ille-et-vilaine\/#breadcrumb","itemListElement":[{"@type":"ListItem","position":1,"name":"Accueil","item":"https:\/\/www.charles-de-flahaut.fr\/wordpress\/"},{"@type":"ListItem","position":2,"name":"Histoire et patrimoine du Theil de Bretagne (Ille-et-Vilaine)"}]},{"@type":"WebSite","@id":"https:\/\/www.charles-de-flahaut.fr\/wordpress\/#website","url":"https:\/\/www.charles-de-flahaut.fr\/wordpress\/","name":"Histoire de France - Communiqu\u00e9s","description":"Histoire et patrimoine","publisher":{"@id":"https:\/\/www.charles-de-flahaut.fr\/wordpress\/#\/schema\/person\/81011c8b61bc74c05499365a506d49a9"},"potentialAction":[{"@type":"SearchAction","target":{"@type":"EntryPoint","urlTemplate":"https:\/\/www.charles-de-flahaut.fr\/wordpress\/?s={search_term_string}"},"query-input":{"@type":"PropertyValueSpecification","valueRequired":true,"valueName":"search_term_string"}}],"inLanguage":"fr-FR"},{"@type":["Person","Organization"],"@id":"https:\/\/www.charles-de-flahaut.fr\/wordpress\/#\/schema\/person\/81011c8b61bc74c05499365a506d49a9","name":"administrateur","logo":{"@id":"https:\/\/www.charles-de-flahaut.fr\/wordpress\/#\/schema\/person\/image\/"},"sameAs":["http:\/\/www.charles-de-flahaut.fr","https:\/\/www.facebook.com\/Sites.HistoiredeFrance"]},{"@type":"Person","@id":"https:\/\/www.charles-de-flahaut.fr\/wordpress\/#\/schema\/person\/41c41eaf9ae1d70810ff74a04a786c56","name":"administrateur","url":"https:\/\/www.charles-de-flahaut.fr\/wordpress\/author\/hist_8la_ad\/"}]}},"views":109,"amp_enabled":true,"_links":{"self":[{"href":"https:\/\/www.charles-de-flahaut.fr\/wordpress\/wp-json\/wp\/v2\/posts\/72883","targetHints":{"allow":["GET"]}}],"collection":[{"href":"https:\/\/www.charles-de-flahaut.fr\/wordpress\/wp-json\/wp\/v2\/posts"}],"about":[{"href":"https:\/\/www.charles-de-flahaut.fr\/wordpress\/wp-json\/wp\/v2\/types\/post"}],"author":[{"embeddable":true,"href":"https:\/\/www.charles-de-flahaut.fr\/wordpress\/wp-json\/wp\/v2\/users\/117"}],"replies":[{"embeddable":true,"href":"https:\/\/www.charles-de-flahaut.fr\/wordpress\/wp-json\/wp\/v2\/comments?post=72883"}],"version-history":[{"count":1,"href":"https:\/\/www.charles-de-flahaut.fr\/wordpress\/wp-json\/wp\/v2\/posts\/72883\/revisions"}],"predecessor-version":[{"id":72886,"href":"https:\/\/www.charles-de-flahaut.fr\/wordpress\/wp-json\/wp\/v2\/posts\/72883\/revisions\/72886"}],"wp:attachment":[{"href":"https:\/\/www.charles-de-flahaut.fr\/wordpress\/wp-json\/wp\/v2\/media?parent=72883"}],"wp:term":[{"taxonomy":"category","embeddable":true,"href":"https:\/\/www.charles-de-flahaut.fr\/wordpress\/wp-json\/wp\/v2\/categories?post=72883"},{"taxonomy":"post_tag","embeddable":true,"href":"https:\/\/www.charles-de-flahaut.fr\/wordpress\/wp-json\/wp\/v2\/tags?post=72883"}],"curies":[{"name":"wp","href":"https:\/\/api.w.org\/{rel}","templated":true}]}}