{"id":71930,"date":"2019-12-01T18:20:52","date_gmt":"2019-12-01T17:20:52","guid":{"rendered":"https:\/\/www.charles-de-flahaut.fr\/wordpress\/?p=71930"},"modified":"2019-12-01T18:20:52","modified_gmt":"2019-12-01T17:20:52","slug":"histoire-et-patrimoine-de-semblancay-indre-et-loire","status":"publish","type":"post","link":"https:\/\/www.charles-de-flahaut.fr\/wordpress\/histoire-et-patrimoine-de-semblancay-indre-et-loire\/","title":{"rendered":"Histoire et patrimoine de Semblan\u00e7ay (Indre-et-Loire)"},"content":{"rendered":"<p><strong>Histoire et patrimoine de Semblan\u00e7ay (Indre-et-Loire)<\/strong><br \/>\n<a href=\"http:\/\/www.semblancay.com\/histoire.html\" target=\"_blank\" rel=\"noopener noreferrer\">http:\/\/www.semblancay.com\/histoire.html<\/a><\/p>\n<p style=\"text-align: justify;\"><em><a href=\"https:\/\/www.charles-de-flahaut.fr\/wordpress\/wp-content\/uploads\/2019\/12\/semblancay37.png\"><img loading=\"lazy\" decoding=\"async\" class=\"alignleft size-medium wp-image-71931\" src=\"https:\/\/www.charles-de-flahaut.fr\/wordpress\/wp-content\/uploads\/2019\/12\/semblancay37-300x245.png\" alt=\"\" width=\"300\" height=\"245\" srcset=\"https:\/\/www.charles-de-flahaut.fr\/wordpress\/wp-content\/uploads\/2019\/12\/semblancay37-300x245.png 300w, https:\/\/www.charles-de-flahaut.fr\/wordpress\/wp-content\/uploads\/2019\/12\/semblancay37.png 462w\" sizes=\"auto, (max-width: 300px) 100vw, 300px\" \/><\/a>un site r\u00e9f\u00e9renc\u00e9 sur le nouvel&nbsp;&nbsp;<a href=\"http:\/\/charles-de-flahaut.fr\/annuaire-histoire-communes\" target=\"_blank\" rel=\"noopener noreferrer\">Annuaire Historique des Communes de France<\/a><\/em><\/p>\n<p style=\"text-align: justify;\">\u00c0 l&rsquo;\u00e9poque gallo-romaine Semblanciaco est desservi par une voie romaine qui reliait Le Mans et Tours via le Serrain, site o\u00f9 se d\u00e9roulait une importante foire aux bestiaux. Est cr\u00e9\u00e9 par Foulques Nerra un ch\u00e2teau f\u00e9odal arm\u00e9 d&rsquo;un des derniers donjons carr\u00e9s. \u00c0 la Renaissance, Jacques de Beaune, grand argentier de Fran\u00e7ois 1er, est nomm\u00e9 baron de Semblan\u00e7ay, et y fait construire un logis Renaissance o\u00f9 il donna chasses et f\u00eates&#8230;<\/p>\n<p><em>(image et extrait du site officiel de la commune&#8230; <a href=\"http:\/\/www.semblancay.com\/histoire.html\" target=\"_blank\" rel=\"noopener noreferrer\">lire la suite<\/a>)<\/em><\/p>\n<p><iframe style=\"width: 120px; height: 240px;\" src=\"\/\/ws-eu.amazon-adsystem.com\/widgets\/q?ServiceVersion=20070822&amp;OneJS=1&amp;Operation=GetAdHtml&amp;MarketPlace=FR&amp;source=ac&amp;ref=tf_til&amp;ad_type=product_link&amp;tracking_id=charledeflaha-21&amp;marketplace=amazon&amp;region=FR&amp;placement=1332681379&amp;asins=1332681379&amp;linkId=1ca44c6a81e658e345d2221ad61c1a9e&amp;show_border=false&amp;link_opens_in_new_window=false&amp;price_color=333333&amp;title_color=0066c0&amp;bg_color=ffffff\" marginwidth=\"0\" marginheight=\"0\" scrolling=\"no\" frameborder=\"0\"><br \/>\n<\/iframe><\/p>\n","protected":false},"excerpt":{"rendered":"<p>Histoire et patrimoine de Semblan\u00e7ay (Indre-et-Loire) http:\/\/www.semblancay.com\/histoire.html un site r\u00e9f\u00e9renc\u00e9 sur le nouvel&nbsp;&nbsp;Annuaire Historique des Communes de France \u00c0 l&rsquo;\u00e9poque gallo-romaine Semblanciaco est desservi par une voie romaine qui reliait Le Mans et Tours via le Serrain, site o\u00f9 se d\u00e9roulait une importante foire aux bestiaux. Est cr\u00e9\u00e9 par Foulques Nerra un ch\u00e2teau f\u00e9odal arm\u00e9 &hellip; <\/p>\n<p><a class=\"more-link btn\" href=\"https:\/\/www.charles-de-flahaut.fr\/wordpress\/histoire-et-patrimoine-de-semblancay-indre-et-loire\/\">Lire la suite<\/a><\/p>\n","protected":false},"author":117,"featured_media":0,"comment_status":"open","ping_status":"open","sticky":false,"template":"","format":"standard","meta":{"footnotes":""},"categories":[125,16,8],"tags":[],"class_list":["post-71930","post","type-post","status-publish","format-standard","hentry","category-37-indre-et-loire","category-histoire-regionale","category-patrimoine","item-wrap"],"yoast_head":"<!-- This site is optimized with the Yoast SEO plugin v27.5 - https:\/\/yoast.com\/product\/yoast-seo-wordpress\/ -->\n<title>Histoire et patrimoine de Semblan\u00e7ay (Indre-et-Loire) - Histoire de France - Communiqu\u00e9s<\/title>\n<meta name=\"robots\" content=\"index, follow, max-snippet:-1, max-image-preview:large, max-video-preview:-1\" \/>\n<link rel=\"canonical\" href=\"https:\/\/www.charles-de-flahaut.fr\/wordpress\/histoire-et-patrimoine-de-semblancay-indre-et-loire\/\" \/>\n<meta property=\"og:locale\" content=\"fr_FR\" \/>\n<meta property=\"og:type\" content=\"article\" \/>\n<meta property=\"og:title\" content=\"Histoire et patrimoine de Semblan\u00e7ay (Indre-et-Loire) - Histoire de France - Communiqu\u00e9s\" \/>\n<meta property=\"og:description\" content=\"Histoire et patrimoine de Semblan\u00e7ay (Indre-et-Loire) http:\/\/www.semblancay.com\/histoire.html un site r\u00e9f\u00e9renc\u00e9 sur le nouvel&nbsp;&nbsp;Annuaire Historique des Communes de France \u00c0 l&rsquo;\u00e9poque gallo-romaine Semblanciaco est desservi par une voie romaine qui reliait Le Mans et Tours via le Serrain, site o\u00f9 se d\u00e9roulait une importante foire aux bestiaux. Est cr\u00e9\u00e9 par Foulques Nerra un ch\u00e2teau f\u00e9odal arm\u00e9 &hellip; Lire la suite\" \/>\n<meta property=\"og:url\" content=\"https:\/\/www.charles-de-flahaut.fr\/wordpress\/histoire-et-patrimoine-de-semblancay-indre-et-loire\/\" \/>\n<meta property=\"og:site_name\" content=\"Histoire de France - Communiqu\u00e9s\" \/>\n<meta property=\"article:publisher\" content=\"https:\/\/www.facebook.com\/Sites.HistoiredeFrance\" \/>\n<meta property=\"article:published_time\" content=\"2019-12-01T17:20:52+00:00\" \/>\n<meta property=\"og:image\" content=\"https:\/\/www.charles-de-flahaut.fr\/wordpress\/wp-content\/uploads\/2019\/12\/semblancay37-300x245.png\" \/>\n<meta name=\"author\" content=\"administrateur\" \/>\n<meta name=\"twitter:card\" content=\"summary_large_image\" \/>\n<meta name=\"twitter:label1\" content=\"\u00c9crit par\" \/>\n\t<meta name=\"twitter:data1\" content=\"administrateur\" \/>\n\t<meta name=\"twitter:label2\" content=\"Dur\u00e9e de lecture estim\u00e9e\" \/>\n\t<meta name=\"twitter:data2\" content=\"1 minute\" \/>\n<script type=\"application\/ld+json\" class=\"yoast-schema-graph\">{\"@context\":\"https:\\\/\\\/schema.org\",\"@graph\":[{\"@type\":\"Article\",\"@id\":\"https:\\\/\\\/www.charles-de-flahaut.fr\\\/wordpress\\\/histoire-et-patrimoine-de-semblancay-indre-et-loire\\\/#article\",\"isPartOf\":{\"@id\":\"https:\\\/\\\/www.charles-de-flahaut.fr\\\/wordpress\\\/histoire-et-patrimoine-de-semblancay-indre-et-loire\\\/\"},\"author\":{\"name\":\"administrateur\",\"@id\":\"https:\\\/\\\/www.charles-de-flahaut.fr\\\/wordpress\\\/#\\\/schema\\\/person\\\/41c41eaf9ae1d70810ff74a04a786c56\"},\"headline\":\"Histoire et patrimoine de Semblan\u00e7ay (Indre-et-Loire)\",\"datePublished\":\"2019-12-01T17:20:52+00:00\",\"mainEntityOfPage\":{\"@id\":\"https:\\\/\\\/www.charles-de-flahaut.fr\\\/wordpress\\\/histoire-et-patrimoine-de-semblancay-indre-et-loire\\\/\"},\"wordCount\":126,\"commentCount\":0,\"publisher\":{\"@id\":\"https:\\\/\\\/www.charles-de-flahaut.fr\\\/wordpress\\\/#\\\/schema\\\/person\\\/81011c8b61bc74c05499365a506d49a9\"},\"image\":{\"@id\":\"https:\\\/\\\/www.charles-de-flahaut.fr\\\/wordpress\\\/histoire-et-patrimoine-de-semblancay-indre-et-loire\\\/#primaryimage\"},\"thumbnailUrl\":\"https:\\\/\\\/www.charles-de-flahaut.fr\\\/wordpress\\\/wp-content\\\/uploads\\\/2019\\\/12\\\/semblancay37-300x245.png\",\"articleSection\":[\"37 - Indre-et-Loire\",\"histoire locale\",\"patrimoine\"],\"inLanguage\":\"fr-FR\",\"potentialAction\":[{\"@type\":\"CommentAction\",\"name\":\"Comment\",\"target\":[\"https:\\\/\\\/www.charles-de-flahaut.fr\\\/wordpress\\\/histoire-et-patrimoine-de-semblancay-indre-et-loire\\\/#respond\"]}]},{\"@type\":\"WebPage\",\"@id\":\"https:\\\/\\\/www.charles-de-flahaut.fr\\\/wordpress\\\/histoire-et-patrimoine-de-semblancay-indre-et-loire\\\/\",\"url\":\"https:\\\/\\\/www.charles-de-flahaut.fr\\\/wordpress\\\/histoire-et-patrimoine-de-semblancay-indre-et-loire\\\/\",\"name\":\"Histoire et patrimoine de Semblan\u00e7ay (Indre-et-Loire) - Histoire de France - Communiqu\u00e9s\",\"isPartOf\":{\"@id\":\"https:\\\/\\\/www.charles-de-flahaut.fr\\\/wordpress\\\/#website\"},\"primaryImageOfPage\":{\"@id\":\"https:\\\/\\\/www.charles-de-flahaut.fr\\\/wordpress\\\/histoire-et-patrimoine-de-semblancay-indre-et-loire\\\/#primaryimage\"},\"image\":{\"@id\":\"https:\\\/\\\/www.charles-de-flahaut.fr\\\/wordpress\\\/histoire-et-patrimoine-de-semblancay-indre-et-loire\\\/#primaryimage\"},\"thumbnailUrl\":\"https:\\\/\\\/www.charles-de-flahaut.fr\\\/wordpress\\\/wp-content\\\/uploads\\\/2019\\\/12\\\/semblancay37-300x245.png\",\"datePublished\":\"2019-12-01T17:20:52+00:00\",\"breadcrumb\":{\"@id\":\"https:\\\/\\\/www.charles-de-flahaut.fr\\\/wordpress\\\/histoire-et-patrimoine-de-semblancay-indre-et-loire\\\/#breadcrumb\"},\"inLanguage\":\"fr-FR\",\"potentialAction\":[{\"@type\":\"ReadAction\",\"target\":[\"https:\\\/\\\/www.charles-de-flahaut.fr\\\/wordpress\\\/histoire-et-patrimoine-de-semblancay-indre-et-loire\\\/\"]}]},{\"@type\":\"ImageObject\",\"inLanguage\":\"fr-FR\",\"@id\":\"https:\\\/\\\/www.charles-de-flahaut.fr\\\/wordpress\\\/histoire-et-patrimoine-de-semblancay-indre-et-loire\\\/#primaryimage\",\"url\":\"https:\\\/\\\/www.charles-de-flahaut.fr\\\/wordpress\\\/wp-content\\\/uploads\\\/2019\\\/12\\\/semblancay37.png\",\"contentUrl\":\"https:\\\/\\\/www.charles-de-flahaut.fr\\\/wordpress\\\/wp-content\\\/uploads\\\/2019\\\/12\\\/semblancay37.png\",\"width\":462,\"height\":378},{\"@type\":\"BreadcrumbList\",\"@id\":\"https:\\\/\\\/www.charles-de-flahaut.fr\\\/wordpress\\\/histoire-et-patrimoine-de-semblancay-indre-et-loire\\\/#breadcrumb\",\"itemListElement\":[{\"@type\":\"ListItem\",\"position\":1,\"name\":\"Accueil\",\"item\":\"https:\\\/\\\/www.charles-de-flahaut.fr\\\/wordpress\\\/\"},{\"@type\":\"ListItem\",\"position\":2,\"name\":\"Histoire et patrimoine de Semblan\u00e7ay (Indre-et-Loire)\"}]},{\"@type\":\"WebSite\",\"@id\":\"https:\\\/\\\/www.charles-de-flahaut.fr\\\/wordpress\\\/#website\",\"url\":\"https:\\\/\\\/www.charles-de-flahaut.fr\\\/wordpress\\\/\",\"name\":\"Histoire de France - Communiqu\u00e9s\",\"description\":\"Histoire et patrimoine\",\"publisher\":{\"@id\":\"https:\\\/\\\/www.charles-de-flahaut.fr\\\/wordpress\\\/#\\\/schema\\\/person\\\/81011c8b61bc74c05499365a506d49a9\"},\"potentialAction\":[{\"@type\":\"SearchAction\",\"target\":{\"@type\":\"EntryPoint\",\"urlTemplate\":\"https:\\\/\\\/www.charles-de-flahaut.fr\\\/wordpress\\\/?s={search_term_string}\"},\"query-input\":{\"@type\":\"PropertyValueSpecification\",\"valueRequired\":true,\"valueName\":\"search_term_string\"}}],\"inLanguage\":\"fr-FR\"},{\"@type\":[\"Person\",\"Organization\"],\"@id\":\"https:\\\/\\\/www.charles-de-flahaut.fr\\\/wordpress\\\/#\\\/schema\\\/person\\\/81011c8b61bc74c05499365a506d49a9\",\"name\":\"administrateur\",\"logo\":{\"@id\":\"https:\\\/\\\/www.charles-de-flahaut.fr\\\/wordpress\\\/#\\\/schema\\\/person\\\/image\\\/\"},\"sameAs\":[\"http:\\\/\\\/www.charles-de-flahaut.fr\",\"https:\\\/\\\/www.facebook.com\\\/Sites.HistoiredeFrance\"]},{\"@type\":\"Person\",\"@id\":\"https:\\\/\\\/www.charles-de-flahaut.fr\\\/wordpress\\\/#\\\/schema\\\/person\\\/41c41eaf9ae1d70810ff74a04a786c56\",\"name\":\"administrateur\",\"url\":\"https:\\\/\\\/www.charles-de-flahaut.fr\\\/wordpress\\\/author\\\/hist_8la_ad\\\/\"}]}<\/script>\n<!-- \/ Yoast SEO plugin. -->","yoast_head_json":{"title":"Histoire et patrimoine de Semblan\u00e7ay (Indre-et-Loire) - Histoire de France - Communiqu\u00e9s","robots":{"index":"index","follow":"follow","max-snippet":"max-snippet:-1","max-image-preview":"max-image-preview:large","max-video-preview":"max-video-preview:-1"},"canonical":"https:\/\/www.charles-de-flahaut.fr\/wordpress\/histoire-et-patrimoine-de-semblancay-indre-et-loire\/","og_locale":"fr_FR","og_type":"article","og_title":"Histoire et patrimoine de Semblan\u00e7ay (Indre-et-Loire) - Histoire de France - Communiqu\u00e9s","og_description":"Histoire et patrimoine de Semblan\u00e7ay (Indre-et-Loire) http:\/\/www.semblancay.com\/histoire.html un site r\u00e9f\u00e9renc\u00e9 sur le nouvel&nbsp;&nbsp;Annuaire Historique des Communes de France \u00c0 l&rsquo;\u00e9poque gallo-romaine Semblanciaco est desservi par une voie romaine qui reliait Le Mans et Tours via le Serrain, site o\u00f9 se d\u00e9roulait une importante foire aux bestiaux. Est cr\u00e9\u00e9 par Foulques Nerra un ch\u00e2teau f\u00e9odal arm\u00e9 &hellip; Lire la suite","og_url":"https:\/\/www.charles-de-flahaut.fr\/wordpress\/histoire-et-patrimoine-de-semblancay-indre-et-loire\/","og_site_name":"Histoire de France - Communiqu\u00e9s","article_publisher":"https:\/\/www.facebook.com\/Sites.HistoiredeFrance","article_published_time":"2019-12-01T17:20:52+00:00","og_image":[{"url":"https:\/\/www.charles-de-flahaut.fr\/wordpress\/wp-content\/uploads\/2019\/12\/semblancay37-300x245.png","type":"","width":"","height":""}],"author":"administrateur","twitter_card":"summary_large_image","twitter_misc":{"\u00c9crit par":"administrateur","Dur\u00e9e de lecture estim\u00e9e":"1 minute"},"schema":{"@context":"https:\/\/schema.org","@graph":[{"@type":"Article","@id":"https:\/\/www.charles-de-flahaut.fr\/wordpress\/histoire-et-patrimoine-de-semblancay-indre-et-loire\/#article","isPartOf":{"@id":"https:\/\/www.charles-de-flahaut.fr\/wordpress\/histoire-et-patrimoine-de-semblancay-indre-et-loire\/"},"author":{"name":"administrateur","@id":"https:\/\/www.charles-de-flahaut.fr\/wordpress\/#\/schema\/person\/41c41eaf9ae1d70810ff74a04a786c56"},"headline":"Histoire et patrimoine de Semblan\u00e7ay (Indre-et-Loire)","datePublished":"2019-12-01T17:20:52+00:00","mainEntityOfPage":{"@id":"https:\/\/www.charles-de-flahaut.fr\/wordpress\/histoire-et-patrimoine-de-semblancay-indre-et-loire\/"},"wordCount":126,"commentCount":0,"publisher":{"@id":"https:\/\/www.charles-de-flahaut.fr\/wordpress\/#\/schema\/person\/81011c8b61bc74c05499365a506d49a9"},"image":{"@id":"https:\/\/www.charles-de-flahaut.fr\/wordpress\/histoire-et-patrimoine-de-semblancay-indre-et-loire\/#primaryimage"},"thumbnailUrl":"https:\/\/www.charles-de-flahaut.fr\/wordpress\/wp-content\/uploads\/2019\/12\/semblancay37-300x245.png","articleSection":["37 - Indre-et-Loire","histoire locale","patrimoine"],"inLanguage":"fr-FR","potentialAction":[{"@type":"CommentAction","name":"Comment","target":["https:\/\/www.charles-de-flahaut.fr\/wordpress\/histoire-et-patrimoine-de-semblancay-indre-et-loire\/#respond"]}]},{"@type":"WebPage","@id":"https:\/\/www.charles-de-flahaut.fr\/wordpress\/histoire-et-patrimoine-de-semblancay-indre-et-loire\/","url":"https:\/\/www.charles-de-flahaut.fr\/wordpress\/histoire-et-patrimoine-de-semblancay-indre-et-loire\/","name":"Histoire et patrimoine de Semblan\u00e7ay (Indre-et-Loire) - Histoire de France - Communiqu\u00e9s","isPartOf":{"@id":"https:\/\/www.charles-de-flahaut.fr\/wordpress\/#website"},"primaryImageOfPage":{"@id":"https:\/\/www.charles-de-flahaut.fr\/wordpress\/histoire-et-patrimoine-de-semblancay-indre-et-loire\/#primaryimage"},"image":{"@id":"https:\/\/www.charles-de-flahaut.fr\/wordpress\/histoire-et-patrimoine-de-semblancay-indre-et-loire\/#primaryimage"},"thumbnailUrl":"https:\/\/www.charles-de-flahaut.fr\/wordpress\/wp-content\/uploads\/2019\/12\/semblancay37-300x245.png","datePublished":"2019-12-01T17:20:52+00:00","breadcrumb":{"@id":"https:\/\/www.charles-de-flahaut.fr\/wordpress\/histoire-et-patrimoine-de-semblancay-indre-et-loire\/#breadcrumb"},"inLanguage":"fr-FR","potentialAction":[{"@type":"ReadAction","target":["https:\/\/www.charles-de-flahaut.fr\/wordpress\/histoire-et-patrimoine-de-semblancay-indre-et-loire\/"]}]},{"@type":"ImageObject","inLanguage":"fr-FR","@id":"https:\/\/www.charles-de-flahaut.fr\/wordpress\/histoire-et-patrimoine-de-semblancay-indre-et-loire\/#primaryimage","url":"https:\/\/www.charles-de-flahaut.fr\/wordpress\/wp-content\/uploads\/2019\/12\/semblancay37.png","contentUrl":"https:\/\/www.charles-de-flahaut.fr\/wordpress\/wp-content\/uploads\/2019\/12\/semblancay37.png","width":462,"height":378},{"@type":"BreadcrumbList","@id":"https:\/\/www.charles-de-flahaut.fr\/wordpress\/histoire-et-patrimoine-de-semblancay-indre-et-loire\/#breadcrumb","itemListElement":[{"@type":"ListItem","position":1,"name":"Accueil","item":"https:\/\/www.charles-de-flahaut.fr\/wordpress\/"},{"@type":"ListItem","position":2,"name":"Histoire et patrimoine de Semblan\u00e7ay (Indre-et-Loire)"}]},{"@type":"WebSite","@id":"https:\/\/www.charles-de-flahaut.fr\/wordpress\/#website","url":"https:\/\/www.charles-de-flahaut.fr\/wordpress\/","name":"Histoire de France - Communiqu\u00e9s","description":"Histoire et patrimoine","publisher":{"@id":"https:\/\/www.charles-de-flahaut.fr\/wordpress\/#\/schema\/person\/81011c8b61bc74c05499365a506d49a9"},"potentialAction":[{"@type":"SearchAction","target":{"@type":"EntryPoint","urlTemplate":"https:\/\/www.charles-de-flahaut.fr\/wordpress\/?s={search_term_string}"},"query-input":{"@type":"PropertyValueSpecification","valueRequired":true,"valueName":"search_term_string"}}],"inLanguage":"fr-FR"},{"@type":["Person","Organization"],"@id":"https:\/\/www.charles-de-flahaut.fr\/wordpress\/#\/schema\/person\/81011c8b61bc74c05499365a506d49a9","name":"administrateur","logo":{"@id":"https:\/\/www.charles-de-flahaut.fr\/wordpress\/#\/schema\/person\/image\/"},"sameAs":["http:\/\/www.charles-de-flahaut.fr","https:\/\/www.facebook.com\/Sites.HistoiredeFrance"]},{"@type":"Person","@id":"https:\/\/www.charles-de-flahaut.fr\/wordpress\/#\/schema\/person\/41c41eaf9ae1d70810ff74a04a786c56","name":"administrateur","url":"https:\/\/www.charles-de-flahaut.fr\/wordpress\/author\/hist_8la_ad\/"}]}},"views":121,"amp_enabled":true,"_links":{"self":[{"href":"https:\/\/www.charles-de-flahaut.fr\/wordpress\/wp-json\/wp\/v2\/posts\/71930","targetHints":{"allow":["GET"]}}],"collection":[{"href":"https:\/\/www.charles-de-flahaut.fr\/wordpress\/wp-json\/wp\/v2\/posts"}],"about":[{"href":"https:\/\/www.charles-de-flahaut.fr\/wordpress\/wp-json\/wp\/v2\/types\/post"}],"author":[{"embeddable":true,"href":"https:\/\/www.charles-de-flahaut.fr\/wordpress\/wp-json\/wp\/v2\/users\/117"}],"replies":[{"embeddable":true,"href":"https:\/\/www.charles-de-flahaut.fr\/wordpress\/wp-json\/wp\/v2\/comments?post=71930"}],"version-history":[{"count":1,"href":"https:\/\/www.charles-de-flahaut.fr\/wordpress\/wp-json\/wp\/v2\/posts\/71930\/revisions"}],"predecessor-version":[{"id":71932,"href":"https:\/\/www.charles-de-flahaut.fr\/wordpress\/wp-json\/wp\/v2\/posts\/71930\/revisions\/71932"}],"wp:attachment":[{"href":"https:\/\/www.charles-de-flahaut.fr\/wordpress\/wp-json\/wp\/v2\/media?parent=71930"}],"wp:term":[{"taxonomy":"category","embeddable":true,"href":"https:\/\/www.charles-de-flahaut.fr\/wordpress\/wp-json\/wp\/v2\/categories?post=71930"},{"taxonomy":"post_tag","embeddable":true,"href":"https:\/\/www.charles-de-flahaut.fr\/wordpress\/wp-json\/wp\/v2\/tags?post=71930"}],"curies":[{"name":"wp","href":"https:\/\/api.w.org\/{rel}","templated":true}]}}