{"id":68474,"date":"2019-08-11T10:46:58","date_gmt":"2019-08-11T09:46:58","guid":{"rendered":"https:\/\/www.charles-de-flahaut.fr\/wordpress\/?p=68474"},"modified":"2026-08-28T08:45:37","modified_gmt":"2026-08-28T07:45:37","slug":"histoire-et-patrimoine-de-brantes-vaucluse","status":"publish","type":"post","link":"https:\/\/www.charles-de-flahaut.fr\/wordpress\/histoire-et-patrimoine-de-brantes-vaucluse\/","title":{"rendered":"Histoire et patrimoine de Brantes (Vaucluse)"},"content":{"rendered":"<p><strong>Histoire et patrimoine de Brantes (Vaucluse)<\/strong><br \/>\n<a href=\"https:\/\/www.provenceweb.fr\/f\/vaucluse\/brantes\/brantes.htm\" target=\"_blank\" rel=\"noopener noreferrer\">https:\/\/www.provenceweb.fr\/f\/vaucluse\/brantes\/brantes.htm<\/a><\/p>\n<p style=\"text-align: justify;\"><em><a href=\"https:\/\/www.charles-de-flahaut.fr\/wordpress\/wp-content\/uploads\/2019\/08\/brantes84.jpg\"><img loading=\"lazy\" decoding=\"async\" class=\"alignleft size-full wp-image-68475\" src=\"https:\/\/www.charles-de-flahaut.fr\/wordpress\/wp-content\/uploads\/2019\/08\/brantes84.jpg\" alt=\"\" width=\"216\" height=\"162\" \/><\/a>un site r\u00e9f\u00e9renc\u00e9 sur le nouvel\u00a0\u00a0<a href=\"http:\/\/charles-de-flahaut.fr\/annuaire-histoire-communes\" target=\"_blank\" rel=\"noopener noreferrer\">Annuaire Historique des Communes de France<\/a><\/em><\/p>\n<p style=\"text-align: justify;\">Au village, lacis de ruelles, passages vo\u00fbt\u00e9s et vieilles maisons de pierre couronnent un ch\u00e2teau offrant un panorama sublime sur le Ventoux. Vous pourrez d\u00e9couvrir quelques ateliers d&rsquo;artisanat de d\u00e9coration de fa\u00efence, poteries et santons. ..<\/p>\n<p><em>(image et extrait du site provenceweb.fr&#8230; <a href=\"https:\/\/www.provenceweb.fr\/f\/vaucluse\/brantes\/brantes.htm\" target=\"_blank\" rel=\"noopener noreferrer\">lire la suite<\/a>)<\/em><\/p>\n<p style=\"text-align: center;\"><a href=\"https:\/\/amzn.to\/46qJ2Ct\" target=\"_blank\" rel=\"noopener\"><strong>Ouvrages sur le Vaucluse<\/strong><\/a><\/p>\n<p><a href=\"https:\/\/amzn.to\/46qJ2Ct\" target=\"_blank\" rel=\"noopener\"><img loading=\"lazy\" decoding=\"async\" class=\"size-full wp-image-103741 aligncenter\" src=\"https:\/\/www.charles-de-flahaut.fr\/wordpress\/wp-content\/uploads\/2025\/04\/vaucluse2.jpg\" alt=\"\" width=\"296\" height=\"445\" srcset=\"https:\/\/www.charles-de-flahaut.fr\/wordpress\/wp-content\/uploads\/2025\/04\/vaucluse2.jpg 296w, https:\/\/www.charles-de-flahaut.fr\/wordpress\/wp-content\/uploads\/2025\/04\/vaucluse2-200x300.jpg 200w\" sizes=\"auto, (max-width: 296px) 100vw, 296px\" \/><\/a><\/p>\n","protected":false},"excerpt":{"rendered":"<p>Histoire et patrimoine de Brantes (Vaucluse) https:\/\/www.provenceweb.fr\/f\/vaucluse\/brantes\/brantes.htm un site r\u00e9f\u00e9renc\u00e9 sur le nouvel\u00a0\u00a0Annuaire Historique des Communes de France Au village, lacis de ruelles, passages vo\u00fbt\u00e9s et vieilles maisons de pierre couronnent un ch\u00e2teau offrant un panorama sublime sur le Ventoux. Vous pourrez d\u00e9couvrir quelques ateliers d&rsquo;artisanat de d\u00e9coration de fa\u00efence, poteries et santons. .. (image &hellip; <\/p>\n<p><a class=\"more-link btn\" href=\"https:\/\/www.charles-de-flahaut.fr\/wordpress\/histoire-et-patrimoine-de-brantes-vaucluse\/\">Lire la suite<\/a><\/p>\n","protected":false},"author":117,"featured_media":0,"comment_status":"open","ping_status":"open","sticky":false,"template":"","format":"standard","meta":{"footnotes":""},"categories":[172,16,8],"tags":[],"class_list":["post-68474","post","type-post","status-publish","format-standard","hentry","category-84-vaucluse","category-histoire-regionale","category-patrimoine","item-wrap"],"yoast_head":"<!-- This site is optimized with the Yoast SEO plugin v28.0 - https:\/\/yoast.com\/product\/yoast-seo-wordpress\/ -->\n<title>Histoire et patrimoine de Brantes (Vaucluse) - Histoire de France - Communiqu\u00e9s<\/title>\n<meta name=\"description\" content=\"Au village, lacis de ruelles, passages vo\u00fbt\u00e9s et vieilles maisons de pierre couronnent un ch\u00e2teau offrant un panorama sublime sur le Ventoux\" \/>\n<meta name=\"robots\" content=\"index, follow, max-snippet:-1, max-image-preview:large, max-video-preview:-1\" \/>\n<link rel=\"canonical\" href=\"https:\/\/www.charles-de-flahaut.fr\/wordpress\/histoire-et-patrimoine-de-brantes-vaucluse\/\" \/>\n<meta property=\"og:locale\" content=\"fr_FR\" \/>\n<meta property=\"og:type\" content=\"article\" \/>\n<meta property=\"og:title\" content=\"Histoire et patrimoine de Brantes (Vaucluse) - Histoire de France - Communiqu\u00e9s\" \/>\n<meta property=\"og:description\" content=\"Au village, lacis de ruelles, passages vo\u00fbt\u00e9s et vieilles maisons de pierre couronnent un ch\u00e2teau offrant un panorama sublime sur le Ventoux\" \/>\n<meta property=\"og:url\" content=\"https:\/\/www.charles-de-flahaut.fr\/wordpress\/histoire-et-patrimoine-de-brantes-vaucluse\/\" \/>\n<meta property=\"og:site_name\" content=\"Histoire de France - Communiqu\u00e9s\" \/>\n<meta property=\"article:publisher\" content=\"https:\/\/www.facebook.com\/Sites.HistoiredeFrance\" \/>\n<meta property=\"article:published_time\" content=\"2019-08-11T09:46:58+00:00\" \/>\n<meta property=\"article:modified_time\" content=\"2026-08-28T07:45:37+00:00\" \/>\n<meta property=\"og:image\" content=\"https:\/\/www.charles-de-flahaut.fr\/wordpress\/wp-content\/uploads\/2019\/08\/brantes84.jpg\" \/>\n\t<meta property=\"og:image:width\" content=\"216\" \/>\n\t<meta property=\"og:image:height\" content=\"162\" \/>\n\t<meta property=\"og:image:type\" content=\"image\/jpeg\" \/>\n<meta name=\"author\" content=\"administrateur\" \/>\n<meta name=\"twitter:card\" content=\"summary_large_image\" \/>\n<meta name=\"twitter:label1\" content=\"\u00c9crit par\" \/>\n\t<meta name=\"twitter:data1\" content=\"administrateur\" \/>\n\t<meta name=\"twitter:label2\" content=\"Dur\u00e9e de lecture estim\u00e9e\" \/>\n\t<meta name=\"twitter:data2\" content=\"1 minute\" \/>\n<script type=\"application\/ld+json\" class=\"yoast-schema-graph\">{\"@context\":\"https:\\\/\\\/schema.org\",\"@graph\":[{\"@type\":\"Article\",\"@id\":\"https:\\\/\\\/www.charles-de-flahaut.fr\\\/wordpress\\\/histoire-et-patrimoine-de-brantes-vaucluse\\\/#article\",\"isPartOf\":{\"@id\":\"https:\\\/\\\/www.charles-de-flahaut.fr\\\/wordpress\\\/histoire-et-patrimoine-de-brantes-vaucluse\\\/\"},\"author\":{\"name\":\"administrateur\",\"@id\":\"https:\\\/\\\/www.charles-de-flahaut.fr\\\/wordpress\\\/#\\\/schema\\\/person\\\/41c41eaf9ae1d70810ff74a04a786c56\"},\"headline\":\"Histoire et patrimoine de Brantes (Vaucluse)\",\"datePublished\":\"2019-08-11T09:46:58+00:00\",\"dateModified\":\"2026-08-28T07:45:37+00:00\",\"mainEntityOfPage\":{\"@id\":\"https:\\\/\\\/www.charles-de-flahaut.fr\\\/wordpress\\\/histoire-et-patrimoine-de-brantes-vaucluse\\\/\"},\"wordCount\":91,\"commentCount\":0,\"publisher\":{\"@id\":\"https:\\\/\\\/www.charles-de-flahaut.fr\\\/wordpress\\\/#\\\/schema\\\/person\\\/81011c8b61bc74c05499365a506d49a9\"},\"image\":{\"@id\":\"https:\\\/\\\/www.charles-de-flahaut.fr\\\/wordpress\\\/histoire-et-patrimoine-de-brantes-vaucluse\\\/#primaryimage\"},\"thumbnailUrl\":\"https:\\\/\\\/www.charles-de-flahaut.fr\\\/wordpress\\\/wp-content\\\/uploads\\\/2019\\\/08\\\/brantes84.jpg\",\"articleSection\":[\"84 - Vaucluse\",\"histoire locale\",\"patrimoine\"],\"inLanguage\":\"fr-FR\",\"potentialAction\":[{\"@type\":\"CommentAction\",\"name\":\"Comment\",\"target\":[\"https:\\\/\\\/www.charles-de-flahaut.fr\\\/wordpress\\\/histoire-et-patrimoine-de-brantes-vaucluse\\\/#respond\"]}]},{\"@type\":\"WebPage\",\"@id\":\"https:\\\/\\\/www.charles-de-flahaut.fr\\\/wordpress\\\/histoire-et-patrimoine-de-brantes-vaucluse\\\/\",\"url\":\"https:\\\/\\\/www.charles-de-flahaut.fr\\\/wordpress\\\/histoire-et-patrimoine-de-brantes-vaucluse\\\/\",\"name\":\"Histoire et patrimoine de Brantes (Vaucluse) - Histoire de France - Communiqu\u00e9s\",\"isPartOf\":{\"@id\":\"https:\\\/\\\/www.charles-de-flahaut.fr\\\/wordpress\\\/#website\"},\"primaryImageOfPage\":{\"@id\":\"https:\\\/\\\/www.charles-de-flahaut.fr\\\/wordpress\\\/histoire-et-patrimoine-de-brantes-vaucluse\\\/#primaryimage\"},\"image\":{\"@id\":\"https:\\\/\\\/www.charles-de-flahaut.fr\\\/wordpress\\\/histoire-et-patrimoine-de-brantes-vaucluse\\\/#primaryimage\"},\"thumbnailUrl\":\"https:\\\/\\\/www.charles-de-flahaut.fr\\\/wordpress\\\/wp-content\\\/uploads\\\/2019\\\/08\\\/brantes84.jpg\",\"datePublished\":\"2019-08-11T09:46:58+00:00\",\"dateModified\":\"2026-08-28T07:45:37+00:00\",\"description\":\"Au village, lacis de ruelles, passages vo\u00fbt\u00e9s et vieilles maisons de pierre couronnent un ch\u00e2teau offrant un panorama sublime sur le Ventoux\",\"breadcrumb\":{\"@id\":\"https:\\\/\\\/www.charles-de-flahaut.fr\\\/wordpress\\\/histoire-et-patrimoine-de-brantes-vaucluse\\\/#breadcrumb\"},\"inLanguage\":\"fr-FR\",\"potentialAction\":[{\"@type\":\"ReadAction\",\"target\":[\"https:\\\/\\\/www.charles-de-flahaut.fr\\\/wordpress\\\/histoire-et-patrimoine-de-brantes-vaucluse\\\/\"]}]},{\"@type\":\"ImageObject\",\"inLanguage\":\"fr-FR\",\"@id\":\"https:\\\/\\\/www.charles-de-flahaut.fr\\\/wordpress\\\/histoire-et-patrimoine-de-brantes-vaucluse\\\/#primaryimage\",\"url\":\"https:\\\/\\\/www.charles-de-flahaut.fr\\\/wordpress\\\/wp-content\\\/uploads\\\/2019\\\/08\\\/brantes84.jpg\",\"contentUrl\":\"https:\\\/\\\/www.charles-de-flahaut.fr\\\/wordpress\\\/wp-content\\\/uploads\\\/2019\\\/08\\\/brantes84.jpg\"},{\"@type\":\"BreadcrumbList\",\"@id\":\"https:\\\/\\\/www.charles-de-flahaut.fr\\\/wordpress\\\/histoire-et-patrimoine-de-brantes-vaucluse\\\/#breadcrumb\",\"itemListElement\":[{\"@type\":\"ListItem\",\"position\":1,\"name\":\"Accueil\",\"item\":\"https:\\\/\\\/www.charles-de-flahaut.fr\\\/wordpress\\\/\"},{\"@type\":\"ListItem\",\"position\":2,\"name\":\"Histoire et patrimoine de Brantes (Vaucluse)\"}]},{\"@type\":\"WebSite\",\"@id\":\"https:\\\/\\\/www.charles-de-flahaut.fr\\\/wordpress\\\/#website\",\"url\":\"https:\\\/\\\/www.charles-de-flahaut.fr\\\/wordpress\\\/\",\"name\":\"Histoire de France - Communiqu\u00e9s\",\"description\":\"Histoire et patrimoine\",\"publisher\":{\"@id\":\"https:\\\/\\\/www.charles-de-flahaut.fr\\\/wordpress\\\/#\\\/schema\\\/person\\\/81011c8b61bc74c05499365a506d49a9\"},\"potentialAction\":[{\"@type\":\"SearchAction\",\"target\":{\"@type\":\"EntryPoint\",\"urlTemplate\":\"https:\\\/\\\/www.charles-de-flahaut.fr\\\/wordpress\\\/?s={search_term_string}\"},\"query-input\":{\"@type\":\"PropertyValueSpecification\",\"valueRequired\":true,\"valueName\":\"search_term_string\"}}],\"inLanguage\":\"fr-FR\"},{\"@type\":[\"Person\",\"Organization\"],\"@id\":\"https:\\\/\\\/www.charles-de-flahaut.fr\\\/wordpress\\\/#\\\/schema\\\/person\\\/81011c8b61bc74c05499365a506d49a9\",\"name\":\"administrateur\",\"logo\":{\"@id\":\"https:\\\/\\\/www.charles-de-flahaut.fr\\\/wordpress\\\/#\\\/schema\\\/person\\\/image\\\/\"},\"sameAs\":[\"http:\\\/\\\/www.charles-de-flahaut.fr\",\"https:\\\/\\\/www.facebook.com\\\/Sites.HistoiredeFrance\"]},{\"@type\":\"Person\",\"@id\":\"https:\\\/\\\/www.charles-de-flahaut.fr\\\/wordpress\\\/#\\\/schema\\\/person\\\/41c41eaf9ae1d70810ff74a04a786c56\",\"name\":\"administrateur\",\"url\":\"https:\\\/\\\/www.charles-de-flahaut.fr\\\/wordpress\\\/author\\\/hist_8la_ad\\\/\"}]}<\/script>\n<!-- \/ Yoast SEO plugin. -->","yoast_head_json":{"title":"Histoire et patrimoine de Brantes (Vaucluse) - Histoire de France - Communiqu\u00e9s","description":"Au village, lacis de ruelles, passages vo\u00fbt\u00e9s et vieilles maisons de pierre couronnent un ch\u00e2teau offrant un panorama sublime sur le Ventoux","robots":{"index":"index","follow":"follow","max-snippet":"max-snippet:-1","max-image-preview":"max-image-preview:large","max-video-preview":"max-video-preview:-1"},"canonical":"https:\/\/www.charles-de-flahaut.fr\/wordpress\/histoire-et-patrimoine-de-brantes-vaucluse\/","og_locale":"fr_FR","og_type":"article","og_title":"Histoire et patrimoine de Brantes (Vaucluse) - Histoire de France - Communiqu\u00e9s","og_description":"Au village, lacis de ruelles, passages vo\u00fbt\u00e9s et vieilles maisons de pierre couronnent un ch\u00e2teau offrant un panorama sublime sur le Ventoux","og_url":"https:\/\/www.charles-de-flahaut.fr\/wordpress\/histoire-et-patrimoine-de-brantes-vaucluse\/","og_site_name":"Histoire de France - Communiqu\u00e9s","article_publisher":"https:\/\/www.facebook.com\/Sites.HistoiredeFrance","article_published_time":"2019-08-11T09:46:58+00:00","article_modified_time":"2026-08-28T07:45:37+00:00","og_image":[{"width":216,"height":162,"url":"https:\/\/www.charles-de-flahaut.fr\/wordpress\/wp-content\/uploads\/2019\/08\/brantes84.jpg","type":"image\/jpeg"}],"author":"administrateur","twitter_card":"summary_large_image","twitter_misc":{"\u00c9crit par":"administrateur","Dur\u00e9e de lecture estim\u00e9e":"1 minute"},"schema":{"@context":"https:\/\/schema.org","@graph":[{"@type":"Article","@id":"https:\/\/www.charles-de-flahaut.fr\/wordpress\/histoire-et-patrimoine-de-brantes-vaucluse\/#article","isPartOf":{"@id":"https:\/\/www.charles-de-flahaut.fr\/wordpress\/histoire-et-patrimoine-de-brantes-vaucluse\/"},"author":{"name":"administrateur","@id":"https:\/\/www.charles-de-flahaut.fr\/wordpress\/#\/schema\/person\/41c41eaf9ae1d70810ff74a04a786c56"},"headline":"Histoire et patrimoine de Brantes (Vaucluse)","datePublished":"2019-08-11T09:46:58+00:00","dateModified":"2026-08-28T07:45:37+00:00","mainEntityOfPage":{"@id":"https:\/\/www.charles-de-flahaut.fr\/wordpress\/histoire-et-patrimoine-de-brantes-vaucluse\/"},"wordCount":91,"commentCount":0,"publisher":{"@id":"https:\/\/www.charles-de-flahaut.fr\/wordpress\/#\/schema\/person\/81011c8b61bc74c05499365a506d49a9"},"image":{"@id":"https:\/\/www.charles-de-flahaut.fr\/wordpress\/histoire-et-patrimoine-de-brantes-vaucluse\/#primaryimage"},"thumbnailUrl":"https:\/\/www.charles-de-flahaut.fr\/wordpress\/wp-content\/uploads\/2019\/08\/brantes84.jpg","articleSection":["84 - Vaucluse","histoire locale","patrimoine"],"inLanguage":"fr-FR","potentialAction":[{"@type":"CommentAction","name":"Comment","target":["https:\/\/www.charles-de-flahaut.fr\/wordpress\/histoire-et-patrimoine-de-brantes-vaucluse\/#respond"]}]},{"@type":"WebPage","@id":"https:\/\/www.charles-de-flahaut.fr\/wordpress\/histoire-et-patrimoine-de-brantes-vaucluse\/","url":"https:\/\/www.charles-de-flahaut.fr\/wordpress\/histoire-et-patrimoine-de-brantes-vaucluse\/","name":"Histoire et patrimoine de Brantes (Vaucluse) - Histoire de France - Communiqu\u00e9s","isPartOf":{"@id":"https:\/\/www.charles-de-flahaut.fr\/wordpress\/#website"},"primaryImageOfPage":{"@id":"https:\/\/www.charles-de-flahaut.fr\/wordpress\/histoire-et-patrimoine-de-brantes-vaucluse\/#primaryimage"},"image":{"@id":"https:\/\/www.charles-de-flahaut.fr\/wordpress\/histoire-et-patrimoine-de-brantes-vaucluse\/#primaryimage"},"thumbnailUrl":"https:\/\/www.charles-de-flahaut.fr\/wordpress\/wp-content\/uploads\/2019\/08\/brantes84.jpg","datePublished":"2019-08-11T09:46:58+00:00","dateModified":"2026-08-28T07:45:37+00:00","description":"Au village, lacis de ruelles, passages vo\u00fbt\u00e9s et vieilles maisons de pierre couronnent un ch\u00e2teau offrant un panorama sublime sur le Ventoux","breadcrumb":{"@id":"https:\/\/www.charles-de-flahaut.fr\/wordpress\/histoire-et-patrimoine-de-brantes-vaucluse\/#breadcrumb"},"inLanguage":"fr-FR","potentialAction":[{"@type":"ReadAction","target":["https:\/\/www.charles-de-flahaut.fr\/wordpress\/histoire-et-patrimoine-de-brantes-vaucluse\/"]}]},{"@type":"ImageObject","inLanguage":"fr-FR","@id":"https:\/\/www.charles-de-flahaut.fr\/wordpress\/histoire-et-patrimoine-de-brantes-vaucluse\/#primaryimage","url":"https:\/\/www.charles-de-flahaut.fr\/wordpress\/wp-content\/uploads\/2019\/08\/brantes84.jpg","contentUrl":"https:\/\/www.charles-de-flahaut.fr\/wordpress\/wp-content\/uploads\/2019\/08\/brantes84.jpg"},{"@type":"BreadcrumbList","@id":"https:\/\/www.charles-de-flahaut.fr\/wordpress\/histoire-et-patrimoine-de-brantes-vaucluse\/#breadcrumb","itemListElement":[{"@type":"ListItem","position":1,"name":"Accueil","item":"https:\/\/www.charles-de-flahaut.fr\/wordpress\/"},{"@type":"ListItem","position":2,"name":"Histoire et patrimoine de Brantes (Vaucluse)"}]},{"@type":"WebSite","@id":"https:\/\/www.charles-de-flahaut.fr\/wordpress\/#website","url":"https:\/\/www.charles-de-flahaut.fr\/wordpress\/","name":"Histoire de France - Communiqu\u00e9s","description":"Histoire et patrimoine","publisher":{"@id":"https:\/\/www.charles-de-flahaut.fr\/wordpress\/#\/schema\/person\/81011c8b61bc74c05499365a506d49a9"},"potentialAction":[{"@type":"SearchAction","target":{"@type":"EntryPoint","urlTemplate":"https:\/\/www.charles-de-flahaut.fr\/wordpress\/?s={search_term_string}"},"query-input":{"@type":"PropertyValueSpecification","valueRequired":true,"valueName":"search_term_string"}}],"inLanguage":"fr-FR"},{"@type":["Person","Organization"],"@id":"https:\/\/www.charles-de-flahaut.fr\/wordpress\/#\/schema\/person\/81011c8b61bc74c05499365a506d49a9","name":"administrateur","logo":{"@id":"https:\/\/www.charles-de-flahaut.fr\/wordpress\/#\/schema\/person\/image\/"},"sameAs":["http:\/\/www.charles-de-flahaut.fr","https:\/\/www.facebook.com\/Sites.HistoiredeFrance"]},{"@type":"Person","@id":"https:\/\/www.charles-de-flahaut.fr\/wordpress\/#\/schema\/person\/41c41eaf9ae1d70810ff74a04a786c56","name":"administrateur","url":"https:\/\/www.charles-de-flahaut.fr\/wordpress\/author\/hist_8la_ad\/"}]}},"amp_enabled":true,"_links":{"self":[{"href":"https:\/\/www.charles-de-flahaut.fr\/wordpress\/wp-json\/wp\/v2\/posts\/68474","targetHints":{"allow":["GET"]}}],"collection":[{"href":"https:\/\/www.charles-de-flahaut.fr\/wordpress\/wp-json\/wp\/v2\/posts"}],"about":[{"href":"https:\/\/www.charles-de-flahaut.fr\/wordpress\/wp-json\/wp\/v2\/types\/post"}],"author":[{"embeddable":true,"href":"https:\/\/www.charles-de-flahaut.fr\/wordpress\/wp-json\/wp\/v2\/users\/117"}],"replies":[{"embeddable":true,"href":"https:\/\/www.charles-de-flahaut.fr\/wordpress\/wp-json\/wp\/v2\/comments?post=68474"}],"version-history":[{"count":2,"href":"https:\/\/www.charles-de-flahaut.fr\/wordpress\/wp-json\/wp\/v2\/posts\/68474\/revisions"}],"predecessor-version":[{"id":119849,"href":"https:\/\/www.charles-de-flahaut.fr\/wordpress\/wp-json\/wp\/v2\/posts\/68474\/revisions\/119849"}],"wp:attachment":[{"href":"https:\/\/www.charles-de-flahaut.fr\/wordpress\/wp-json\/wp\/v2\/media?parent=68474"}],"wp:term":[{"taxonomy":"category","embeddable":true,"href":"https:\/\/www.charles-de-flahaut.fr\/wordpress\/wp-json\/wp\/v2\/categories?post=68474"},{"taxonomy":"post_tag","embeddable":true,"href":"https:\/\/www.charles-de-flahaut.fr\/wordpress\/wp-json\/wp\/v2\/tags?post=68474"}],"curies":[{"name":"wp","href":"https:\/\/api.w.org\/{rel}","templated":true}]}}