{"id":5468,"date":"2014-01-30T18:04:29","date_gmt":"2014-01-30T17:04:29","guid":{"rendered":"http:\/\/www.charles-de-flahaut.fr\/wordpress\/?p=5468"},"modified":"2014-01-30T18:04:29","modified_gmt":"2014-01-30T17:04:29","slug":"lettre-dinformation-patrimoine-environnement-30012014","status":"publish","type":"post","link":"https:\/\/www.charles-de-flahaut.fr\/wordpress\/lettre-dinformation-patrimoine-environnement-30012014\/","title":{"rendered":"Lettre d&rsquo;information Patrimoine-Environnement 30\/01\/2014"},"content":{"rendered":"<div align=\"center\">\n<table width=\"600\" border=\"0\" cellspacing=\"1\" cellpadding=\"0\">\n<tbody>\n<tr>\n<td valign=\"top\" width=\"379\">\n<p align=\"center\"><b>JOURN\u00c9ES DU PATRIMOINE DE PAYS ET DES MOULINS <\/b><b><\/b><\/p>\n<p><strong>Lancement de la 17\u00e8me \u00e9dition : <\/strong><strong><\/strong><\/p>\n<p align=\"center\"><b>Les 14 et 15 juin 2014, participez aux JPPM sur le th\u00e8me<br \/>\n\u00ab LUMI\u00c8RE ET COULEURS \u00bb !<\/b><\/p>\n<p><strong>Les Journ\u00e9es du Patrimoine de Pays et des Moulins s&rsquo;adressent \u00e0 tous ceux qui veulent faire conna\u00eetre et aimer le patrimoine, les paysages et les savoir-faire traditionnels.<\/strong><\/p>\n<p>&nbsp;<\/p>\n<p align=\"center\"><b>Inscription avant le 31 mars 2014<br \/>\nen remplissant le formulaire en ligne : <a href=\"https:\/\/docs.google.com\/forms\/d\/1PCGwTmA9xJvkuRfjKYU5ge67J1fmNEFVOOUCKvhzETE\/viewform\" target=\"_blank\">cliquez ici<\/a><\/b><\/p>\n<p>Retrouvez toutes les informations concernant l&rsquo;inscription, le th\u00e8me, les programmes, les contacts, les visuels&#8230; sur la page des <a href=\"http:\/\/patrimoine-environnement.fr\/nos-actions\/connaitre\/journees-du-patrimoine-de-pays-et-des-moulins\/\" target=\"_blank\">Journ\u00e9es du Patrimoine de Pays et des Moulins<\/a> !<\/td>\n<\/tr>\n<tr>\n<td valign=\"top\" width=\"379\"><b><\/b><strong>Enqu\u00eate sur le march\u00e9 national de la pierre s\u00e8che <\/strong><br \/>\nLa F\u00e9d\u00e9ration Fran\u00e7aise des Professionnels de la Pierre S\u00e8che (FFPPS) lance une \u00e9tude du march\u00e9 de la pierre s\u00e8che en France, avec l\u2019appui du Minist\u00e8re de l\u2019\u00e9cologie, du D\u00e9veloppement Durable et de l\u2019\u00e9nergie et du Conseil G\u00e9n\u00e9ral de Vaucluse.<br \/>\nComprendre les freins et les leviers du d\u00e9veloppement des constructions en pierre s\u00e8che sera l\u2019enjeu de cette \u00e9tude confi\u00e9e \u00e0 Yanick Lasica et Fran\u00e7oise Naudet.<br \/>\n<a href=\"http:\/\/patrimoine-environnement.fr\/enquete-sur-le-marche-national-de-la-pierre-seche\/\" target=\"_blank\">&gt; Lire la suite&#8230;<\/a> <strong><\/strong><\/p>\n<p align=\"center\"><b>PATRIMOINES EN DANGER<br \/>\n<\/b><\/p>\n<p align=\"center\"><strong><\/strong><b>PATRIMOINES ENTRE DE BONNES MAINS ?<\/b><\/p>\n<p><strong><\/strong><b>CHANTIERS DE B\u00c9N\u00c9VOLES :<\/b><\/p>\n<p>La programmation des chantiers REMPART du printemps est en ligne depuis le 15 janvier !<br \/>\nMa\u00e7onnerie traditionnelle, taille de pierre, forge, enduit et badigeon, mosa\u00efque et m\u00eame cuisine m\u00e9di\u00e9vale sont au programme de mars \u00e0 juin 2014\u2026<br \/>\nInscrivez-vous vite et rendez-vous le 15 mars pour conna\u00eetre l\u2019ensemble des chantiers d\u2019\u00e9t\u00e9 &#8211; <a href=\"http:\/\/www.rempart.com\/m\/search\/index\/session\/n:120322?name=&amp;jour_naissance=&amp;mois_naissance=&amp;annee_naissance=&amp;dispo_from=24%2F01%2F2014&amp;dispo_to=15%2F06%2F2014&amp;periode=&amp;reftypchantier=&amp;reftypchantier%5b%5d=3175&amp;reftypchantier%5b%5d=3171&amp;reftypchantier%5b%5d=3167&amp;reft\" target=\"_blank\">Programmation des chantiers\/stages REMPART du printemps<\/a><\/p>\n<p>&nbsp;<\/p>\n<p align=\"center\"><b>AGENDA DU PATRIMOINE : <\/b><\/p>\n<p><strong>&#8211; 31 janvier 2014 : <\/strong>: \u00ab Le tourisme sur le Grand site Chaillot, Champ de Mars, Tour Eiffel : ses d\u00e9fis, ses enjeux, ses perspectives \u00bb : conf\u00e9rence de l\u2019association les Amis du Champ de Mars &#8211; <a href=\"http:\/\/patrimoine-environnement.fr\/ai1ec_event\/le-tourisme-sur-le-grand-site-chaillot-champ-de-mars-tour-eiffel-ses-defis-ses-enjeux-ses-perspectives-conference-vendredi-31-janvier-2014\/?instance_id=390\" target=\"_blank\">Lire la suite&#8230;<\/a><br \/>\n<strong>&#8211; Du 4 au 11 f\u00e9vrier 2014<\/strong>&#8211; 31\u00e8me Festival International du film d\u2019environnement &#8211; <a href=\"http:\/\/patrimoine-environnement.fr\/ai1ec_event\/31eme-festival-international-du-film-denvironnement\/?instance_id=397\" target=\"_blank\">Lire la suite&#8230;<\/a><br \/>\n<strong>&#8211; Jusqu\u2019en avril 2014 : <\/strong>\u00ab L\u2019ornement d\u2019architecture. H\u00e9ritage et innovations, controverses \u00bb : Cycle 2013-2014 des cours publics de l\u2019\u00c9cole de Chaillot \u00e0 la Cit\u00e9 de l\u2019architecture et du Patrimoine- <a href=\"http:\/\/patrimoine-environnement.fr\/ai1ec_event\/lornement-darchitecture-heritage-et-innovations-controverses-cycle-2013-2014-des-cours-publics-de-lecole-de-chaillot-a-la-cite-de-larchitecture-et-du-pat\/?instance_id=400\" target=\"_blank\">Lire la suite&#8230;<\/a><br \/>\n<strong>&#8211; Aujourd\u2019hui, jeudi 30 janvier 2014 : <\/strong>le Minist\u00e8re des Sports, de la jeunesse, de l\u2019\u00c9ducation populaire et de la Vie associatives organise un s\u00e9minaire de travail pour r\u00e9fl\u00e9chir sur les acteurs du monde associatifs : \u00ab\u00a0<a href=\"http:\/\/patrimoine-environnement.fr\/ai1ec_event\/seminaire-actifs-engagement-benevolat-mode-demploi-jeudi-30-janvier-2014\/?instance_id=392\" target=\"_blank\">ACTIFS ENGAGEMENT B\u00c9N\u00c9VOLAT MODE D\u2019EMPLOI<\/a>\u00a0\u00bb<\/p>\n<p>=&gt; Retrouvez l\u2019\u00e9tude <strong>\u00ab Emploi, b\u00e9n\u00e9volat et financement des associations culturelles \u00bb<\/strong> que le Minist\u00e8re de la Culture et de la Communication vient de publier <a href=\"http:\/\/patrimoine-environnement.fr\/wp-content\/uploads\/2014\/01\/CC-2014-1-Associations-culturelles.pdf\" target=\"_blank\"><strong>en cliquant ici<\/strong><\/a><\/p>\n<p align=\"center\"><strong><a href=\"http:\/\/www.charles-de-flahaut.fr\/wordpress\/wp-content\/uploads\/2014\/01\/patrimoineenvironnement.jpg\"><img loading=\"lazy\" decoding=\"async\" class=\"aligncenter size-medium wp-image-5469\" alt=\"patrimoineenvironnement\" src=\"http:\/\/www.charles-de-flahaut.fr\/wordpress\/wp-content\/uploads\/2014\/01\/patrimoineenvironnement-300x49.jpg\" width=\"300\" height=\"49\" srcset=\"https:\/\/www.charles-de-flahaut.fr\/wordpress\/wp-content\/uploads\/2014\/01\/patrimoineenvironnement-300x49.jpg 300w, https:\/\/www.charles-de-flahaut.fr\/wordpress\/wp-content\/uploads\/2014\/01\/patrimoineenvironnement-1024x170.jpg 1024w, https:\/\/www.charles-de-flahaut.fr\/wordpress\/wp-content\/uploads\/2014\/01\/patrimoineenvironnement.jpg 1082w\" sizes=\"auto, (max-width: 300px) 100vw, 300px\" \/><\/a><\/strong><\/p>\n<\/td>\n<\/tr>\n<\/tbody>\n<\/table>\n<\/div>\n","protected":false},"excerpt":{"rendered":"<p>JOURN\u00c9ES DU PATRIMOINE DE PAYS ET DES MOULINS Lancement de la 17\u00e8me \u00e9dition : Les 14 et 15 juin 2014, participez aux JPPM sur le th\u00e8me \u00ab LUMI\u00c8RE ET COULEURS \u00bb ! Les Journ\u00e9es du Patrimoine de Pays et des Moulins s&rsquo;adressent \u00e0 tous ceux qui veulent faire conna\u00eetre et aimer le patrimoine, les paysages &hellip; <\/p>\n<p><a class=\"more-link btn\" href=\"https:\/\/www.charles-de-flahaut.fr\/wordpress\/lettre-dinformation-patrimoine-environnement-30012014\/\">Lire la suite<\/a><\/p>\n","protected":false},"author":1,"featured_media":0,"comment_status":"open","ping_status":"open","sticky":false,"template":"","format":"standard","meta":{"footnotes":""},"categories":[8],"tags":[],"class_list":["post-5468","post","type-post","status-publish","format-standard","hentry","category-patrimoine","item-wrap"],"yoast_head":"<!-- This site is optimized with the Yoast SEO plugin v27.5 - https:\/\/yoast.com\/product\/yoast-seo-wordpress\/ -->\n<title>Lettre d&#039;information Patrimoine-Environnement 30\/01\/2014 - Histoire de France - Communiqu\u00e9s<\/title>\n<meta name=\"robots\" content=\"index, follow, max-snippet:-1, max-image-preview:large, max-video-preview:-1\" \/>\n<link rel=\"canonical\" href=\"https:\/\/www.charles-de-flahaut.fr\/wordpress\/lettre-dinformation-patrimoine-environnement-30012014\/\" \/>\n<meta property=\"og:locale\" content=\"fr_FR\" \/>\n<meta property=\"og:type\" content=\"article\" \/>\n<meta property=\"og:title\" content=\"Lettre d&#039;information Patrimoine-Environnement 30\/01\/2014 - Histoire de France - Communiqu\u00e9s\" \/>\n<meta property=\"og:description\" content=\"JOURN\u00c9ES DU PATRIMOINE DE PAYS ET DES MOULINS Lancement de la 17\u00e8me \u00e9dition : Les 14 et 15 juin 2014, participez aux JPPM sur le th\u00e8me \u00ab LUMI\u00c8RE ET COULEURS \u00bb ! Les Journ\u00e9es du Patrimoine de Pays et des Moulins s&rsquo;adressent \u00e0 tous ceux qui veulent faire conna\u00eetre et aimer le patrimoine, les paysages &hellip; Lire la suite\" \/>\n<meta property=\"og:url\" content=\"https:\/\/www.charles-de-flahaut.fr\/wordpress\/lettre-dinformation-patrimoine-environnement-30012014\/\" \/>\n<meta property=\"og:site_name\" content=\"Histoire de France - Communiqu\u00e9s\" \/>\n<meta property=\"article:publisher\" content=\"https:\/\/www.facebook.com\/Sites.HistoiredeFrance\" \/>\n<meta property=\"article:author\" content=\"https:\/\/www.facebook.com\/Sites.HistoiredeFrance\" \/>\n<meta property=\"article:published_time\" content=\"2014-01-30T17:04:29+00:00\" \/>\n<meta property=\"og:image\" content=\"http:\/\/www.charles-de-flahaut.fr\/wordpress\/wp-content\/uploads\/2014\/01\/patrimoineenvironnement-300x49.jpg\" \/>\n<meta name=\"author\" content=\"administrateur\" \/>\n<meta name=\"twitter:card\" content=\"summary_large_image\" \/>\n<meta name=\"twitter:label1\" content=\"\u00c9crit par\" \/>\n\t<meta name=\"twitter:data1\" content=\"administrateur\" \/>\n\t<meta name=\"twitter:label2\" content=\"Dur\u00e9e de lecture estim\u00e9e\" \/>\n\t<meta name=\"twitter:data2\" content=\"2 minutes\" \/>\n<script type=\"application\/ld+json\" class=\"yoast-schema-graph\">{\"@context\":\"https:\\\/\\\/schema.org\",\"@graph\":[{\"@type\":\"Article\",\"@id\":\"https:\\\/\\\/www.charles-de-flahaut.fr\\\/wordpress\\\/lettre-dinformation-patrimoine-environnement-30012014\\\/#article\",\"isPartOf\":{\"@id\":\"https:\\\/\\\/www.charles-de-flahaut.fr\\\/wordpress\\\/lettre-dinformation-patrimoine-environnement-30012014\\\/\"},\"author\":{\"name\":\"administrateur\",\"@id\":\"https:\\\/\\\/www.charles-de-flahaut.fr\\\/wordpress\\\/#\\\/schema\\\/person\\\/81011c8b61bc74c05499365a506d49a9\"},\"headline\":\"Lettre d&rsquo;information Patrimoine-Environnement 30\\\/01\\\/2014\",\"datePublished\":\"2014-01-30T17:04:29+00:00\",\"mainEntityOfPage\":{\"@id\":\"https:\\\/\\\/www.charles-de-flahaut.fr\\\/wordpress\\\/lettre-dinformation-patrimoine-environnement-30012014\\\/\"},\"wordCount\":439,\"commentCount\":0,\"publisher\":{\"@id\":\"https:\\\/\\\/www.charles-de-flahaut.fr\\\/wordpress\\\/#\\\/schema\\\/person\\\/81011c8b61bc74c05499365a506d49a9\"},\"image\":{\"@id\":\"https:\\\/\\\/www.charles-de-flahaut.fr\\\/wordpress\\\/lettre-dinformation-patrimoine-environnement-30012014\\\/#primaryimage\"},\"thumbnailUrl\":\"http:\\\/\\\/www.charles-de-flahaut.fr\\\/wordpress\\\/wp-content\\\/uploads\\\/2014\\\/01\\\/patrimoineenvironnement-300x49.jpg\",\"articleSection\":[\"patrimoine\"],\"inLanguage\":\"fr-FR\",\"potentialAction\":[{\"@type\":\"CommentAction\",\"name\":\"Comment\",\"target\":[\"https:\\\/\\\/www.charles-de-flahaut.fr\\\/wordpress\\\/lettre-dinformation-patrimoine-environnement-30012014\\\/#respond\"]}]},{\"@type\":\"WebPage\",\"@id\":\"https:\\\/\\\/www.charles-de-flahaut.fr\\\/wordpress\\\/lettre-dinformation-patrimoine-environnement-30012014\\\/\",\"url\":\"https:\\\/\\\/www.charles-de-flahaut.fr\\\/wordpress\\\/lettre-dinformation-patrimoine-environnement-30012014\\\/\",\"name\":\"Lettre d'information Patrimoine-Environnement 30\\\/01\\\/2014 - Histoire de France - Communiqu\u00e9s\",\"isPartOf\":{\"@id\":\"https:\\\/\\\/www.charles-de-flahaut.fr\\\/wordpress\\\/#website\"},\"primaryImageOfPage\":{\"@id\":\"https:\\\/\\\/www.charles-de-flahaut.fr\\\/wordpress\\\/lettre-dinformation-patrimoine-environnement-30012014\\\/#primaryimage\"},\"image\":{\"@id\":\"https:\\\/\\\/www.charles-de-flahaut.fr\\\/wordpress\\\/lettre-dinformation-patrimoine-environnement-30012014\\\/#primaryimage\"},\"thumbnailUrl\":\"http:\\\/\\\/www.charles-de-flahaut.fr\\\/wordpress\\\/wp-content\\\/uploads\\\/2014\\\/01\\\/patrimoineenvironnement-300x49.jpg\",\"datePublished\":\"2014-01-30T17:04:29+00:00\",\"breadcrumb\":{\"@id\":\"https:\\\/\\\/www.charles-de-flahaut.fr\\\/wordpress\\\/lettre-dinformation-patrimoine-environnement-30012014\\\/#breadcrumb\"},\"inLanguage\":\"fr-FR\",\"potentialAction\":[{\"@type\":\"ReadAction\",\"target\":[\"https:\\\/\\\/www.charles-de-flahaut.fr\\\/wordpress\\\/lettre-dinformation-patrimoine-environnement-30012014\\\/\"]}]},{\"@type\":\"ImageObject\",\"inLanguage\":\"fr-FR\",\"@id\":\"https:\\\/\\\/www.charles-de-flahaut.fr\\\/wordpress\\\/lettre-dinformation-patrimoine-environnement-30012014\\\/#primaryimage\",\"url\":\"https:\\\/\\\/www.charles-de-flahaut.fr\\\/wordpress\\\/wp-content\\\/uploads\\\/2014\\\/01\\\/patrimoineenvironnement.jpg\",\"contentUrl\":\"https:\\\/\\\/www.charles-de-flahaut.fr\\\/wordpress\\\/wp-content\\\/uploads\\\/2014\\\/01\\\/patrimoineenvironnement.jpg\",\"width\":1082,\"height\":180},{\"@type\":\"BreadcrumbList\",\"@id\":\"https:\\\/\\\/www.charles-de-flahaut.fr\\\/wordpress\\\/lettre-dinformation-patrimoine-environnement-30012014\\\/#breadcrumb\",\"itemListElement\":[{\"@type\":\"ListItem\",\"position\":1,\"name\":\"Accueil\",\"item\":\"https:\\\/\\\/www.charles-de-flahaut.fr\\\/wordpress\\\/\"},{\"@type\":\"ListItem\",\"position\":2,\"name\":\"Lettre d&rsquo;information Patrimoine-Environnement 30\\\/01\\\/2014\"}]},{\"@type\":\"WebSite\",\"@id\":\"https:\\\/\\\/www.charles-de-flahaut.fr\\\/wordpress\\\/#website\",\"url\":\"https:\\\/\\\/www.charles-de-flahaut.fr\\\/wordpress\\\/\",\"name\":\"Histoire de France - Communiqu\u00e9s\",\"description\":\"Histoire et patrimoine\",\"publisher\":{\"@id\":\"https:\\\/\\\/www.charles-de-flahaut.fr\\\/wordpress\\\/#\\\/schema\\\/person\\\/81011c8b61bc74c05499365a506d49a9\"},\"potentialAction\":[{\"@type\":\"SearchAction\",\"target\":{\"@type\":\"EntryPoint\",\"urlTemplate\":\"https:\\\/\\\/www.charles-de-flahaut.fr\\\/wordpress\\\/?s={search_term_string}\"},\"query-input\":{\"@type\":\"PropertyValueSpecification\",\"valueRequired\":true,\"valueName\":\"search_term_string\"}}],\"inLanguage\":\"fr-FR\"},{\"@type\":[\"Person\",\"Organization\"],\"@id\":\"https:\\\/\\\/www.charles-de-flahaut.fr\\\/wordpress\\\/#\\\/schema\\\/person\\\/81011c8b61bc74c05499365a506d49a9\",\"name\":\"administrateur\",\"logo\":{\"@id\":\"https:\\\/\\\/www.charles-de-flahaut.fr\\\/wordpress\\\/#\\\/schema\\\/person\\\/image\\\/\"},\"sameAs\":[\"http:\\\/\\\/www.charles-de-flahaut.fr\",\"https:\\\/\\\/www.facebook.com\\\/Sites.HistoiredeFrance\"],\"url\":\"https:\\\/\\\/www.charles-de-flahaut.fr\\\/wordpress\\\/author\\\/admin\\\/\"}]}<\/script>\n<!-- \/ Yoast SEO plugin. -->","yoast_head_json":{"title":"Lettre d'information Patrimoine-Environnement 30\/01\/2014 - Histoire de France - Communiqu\u00e9s","robots":{"index":"index","follow":"follow","max-snippet":"max-snippet:-1","max-image-preview":"max-image-preview:large","max-video-preview":"max-video-preview:-1"},"canonical":"https:\/\/www.charles-de-flahaut.fr\/wordpress\/lettre-dinformation-patrimoine-environnement-30012014\/","og_locale":"fr_FR","og_type":"article","og_title":"Lettre d'information Patrimoine-Environnement 30\/01\/2014 - Histoire de France - Communiqu\u00e9s","og_description":"JOURN\u00c9ES DU PATRIMOINE DE PAYS ET DES MOULINS Lancement de la 17\u00e8me \u00e9dition : Les 14 et 15 juin 2014, participez aux JPPM sur le th\u00e8me \u00ab LUMI\u00c8RE ET COULEURS \u00bb ! Les Journ\u00e9es du Patrimoine de Pays et des Moulins s&rsquo;adressent \u00e0 tous ceux qui veulent faire conna\u00eetre et aimer le patrimoine, les paysages &hellip; Lire la suite","og_url":"https:\/\/www.charles-de-flahaut.fr\/wordpress\/lettre-dinformation-patrimoine-environnement-30012014\/","og_site_name":"Histoire de France - Communiqu\u00e9s","article_publisher":"https:\/\/www.facebook.com\/Sites.HistoiredeFrance","article_author":"https:\/\/www.facebook.com\/Sites.HistoiredeFrance","article_published_time":"2014-01-30T17:04:29+00:00","og_image":[{"url":"http:\/\/www.charles-de-flahaut.fr\/wordpress\/wp-content\/uploads\/2014\/01\/patrimoineenvironnement-300x49.jpg","type":"","width":"","height":""}],"author":"administrateur","twitter_card":"summary_large_image","twitter_misc":{"\u00c9crit par":"administrateur","Dur\u00e9e de lecture estim\u00e9e":"2 minutes"},"schema":{"@context":"https:\/\/schema.org","@graph":[{"@type":"Article","@id":"https:\/\/www.charles-de-flahaut.fr\/wordpress\/lettre-dinformation-patrimoine-environnement-30012014\/#article","isPartOf":{"@id":"https:\/\/www.charles-de-flahaut.fr\/wordpress\/lettre-dinformation-patrimoine-environnement-30012014\/"},"author":{"name":"administrateur","@id":"https:\/\/www.charles-de-flahaut.fr\/wordpress\/#\/schema\/person\/81011c8b61bc74c05499365a506d49a9"},"headline":"Lettre d&rsquo;information Patrimoine-Environnement 30\/01\/2014","datePublished":"2014-01-30T17:04:29+00:00","mainEntityOfPage":{"@id":"https:\/\/www.charles-de-flahaut.fr\/wordpress\/lettre-dinformation-patrimoine-environnement-30012014\/"},"wordCount":439,"commentCount":0,"publisher":{"@id":"https:\/\/www.charles-de-flahaut.fr\/wordpress\/#\/schema\/person\/81011c8b61bc74c05499365a506d49a9"},"image":{"@id":"https:\/\/www.charles-de-flahaut.fr\/wordpress\/lettre-dinformation-patrimoine-environnement-30012014\/#primaryimage"},"thumbnailUrl":"http:\/\/www.charles-de-flahaut.fr\/wordpress\/wp-content\/uploads\/2014\/01\/patrimoineenvironnement-300x49.jpg","articleSection":["patrimoine"],"inLanguage":"fr-FR","potentialAction":[{"@type":"CommentAction","name":"Comment","target":["https:\/\/www.charles-de-flahaut.fr\/wordpress\/lettre-dinformation-patrimoine-environnement-30012014\/#respond"]}]},{"@type":"WebPage","@id":"https:\/\/www.charles-de-flahaut.fr\/wordpress\/lettre-dinformation-patrimoine-environnement-30012014\/","url":"https:\/\/www.charles-de-flahaut.fr\/wordpress\/lettre-dinformation-patrimoine-environnement-30012014\/","name":"Lettre d'information Patrimoine-Environnement 30\/01\/2014 - Histoire de France - Communiqu\u00e9s","isPartOf":{"@id":"https:\/\/www.charles-de-flahaut.fr\/wordpress\/#website"},"primaryImageOfPage":{"@id":"https:\/\/www.charles-de-flahaut.fr\/wordpress\/lettre-dinformation-patrimoine-environnement-30012014\/#primaryimage"},"image":{"@id":"https:\/\/www.charles-de-flahaut.fr\/wordpress\/lettre-dinformation-patrimoine-environnement-30012014\/#primaryimage"},"thumbnailUrl":"http:\/\/www.charles-de-flahaut.fr\/wordpress\/wp-content\/uploads\/2014\/01\/patrimoineenvironnement-300x49.jpg","datePublished":"2014-01-30T17:04:29+00:00","breadcrumb":{"@id":"https:\/\/www.charles-de-flahaut.fr\/wordpress\/lettre-dinformation-patrimoine-environnement-30012014\/#breadcrumb"},"inLanguage":"fr-FR","potentialAction":[{"@type":"ReadAction","target":["https:\/\/www.charles-de-flahaut.fr\/wordpress\/lettre-dinformation-patrimoine-environnement-30012014\/"]}]},{"@type":"ImageObject","inLanguage":"fr-FR","@id":"https:\/\/www.charles-de-flahaut.fr\/wordpress\/lettre-dinformation-patrimoine-environnement-30012014\/#primaryimage","url":"https:\/\/www.charles-de-flahaut.fr\/wordpress\/wp-content\/uploads\/2014\/01\/patrimoineenvironnement.jpg","contentUrl":"https:\/\/www.charles-de-flahaut.fr\/wordpress\/wp-content\/uploads\/2014\/01\/patrimoineenvironnement.jpg","width":1082,"height":180},{"@type":"BreadcrumbList","@id":"https:\/\/www.charles-de-flahaut.fr\/wordpress\/lettre-dinformation-patrimoine-environnement-30012014\/#breadcrumb","itemListElement":[{"@type":"ListItem","position":1,"name":"Accueil","item":"https:\/\/www.charles-de-flahaut.fr\/wordpress\/"},{"@type":"ListItem","position":2,"name":"Lettre d&rsquo;information Patrimoine-Environnement 30\/01\/2014"}]},{"@type":"WebSite","@id":"https:\/\/www.charles-de-flahaut.fr\/wordpress\/#website","url":"https:\/\/www.charles-de-flahaut.fr\/wordpress\/","name":"Histoire de France - Communiqu\u00e9s","description":"Histoire et patrimoine","publisher":{"@id":"https:\/\/www.charles-de-flahaut.fr\/wordpress\/#\/schema\/person\/81011c8b61bc74c05499365a506d49a9"},"potentialAction":[{"@type":"SearchAction","target":{"@type":"EntryPoint","urlTemplate":"https:\/\/www.charles-de-flahaut.fr\/wordpress\/?s={search_term_string}"},"query-input":{"@type":"PropertyValueSpecification","valueRequired":true,"valueName":"search_term_string"}}],"inLanguage":"fr-FR"},{"@type":["Person","Organization"],"@id":"https:\/\/www.charles-de-flahaut.fr\/wordpress\/#\/schema\/person\/81011c8b61bc74c05499365a506d49a9","name":"administrateur","logo":{"@id":"https:\/\/www.charles-de-flahaut.fr\/wordpress\/#\/schema\/person\/image\/"},"sameAs":["http:\/\/www.charles-de-flahaut.fr","https:\/\/www.facebook.com\/Sites.HistoiredeFrance"],"url":"https:\/\/www.charles-de-flahaut.fr\/wordpress\/author\/admin\/"}]}},"views":461,"amp_enabled":true,"_links":{"self":[{"href":"https:\/\/www.charles-de-flahaut.fr\/wordpress\/wp-json\/wp\/v2\/posts\/5468","targetHints":{"allow":["GET"]}}],"collection":[{"href":"https:\/\/www.charles-de-flahaut.fr\/wordpress\/wp-json\/wp\/v2\/posts"}],"about":[{"href":"https:\/\/www.charles-de-flahaut.fr\/wordpress\/wp-json\/wp\/v2\/types\/post"}],"author":[{"embeddable":true,"href":"https:\/\/www.charles-de-flahaut.fr\/wordpress\/wp-json\/wp\/v2\/users\/1"}],"replies":[{"embeddable":true,"href":"https:\/\/www.charles-de-flahaut.fr\/wordpress\/wp-json\/wp\/v2\/comments?post=5468"}],"version-history":[{"count":2,"href":"https:\/\/www.charles-de-flahaut.fr\/wordpress\/wp-json\/wp\/v2\/posts\/5468\/revisions"}],"predecessor-version":[{"id":5471,"href":"https:\/\/www.charles-de-flahaut.fr\/wordpress\/wp-json\/wp\/v2\/posts\/5468\/revisions\/5471"}],"wp:attachment":[{"href":"https:\/\/www.charles-de-flahaut.fr\/wordpress\/wp-json\/wp\/v2\/media?parent=5468"}],"wp:term":[{"taxonomy":"category","embeddable":true,"href":"https:\/\/www.charles-de-flahaut.fr\/wordpress\/wp-json\/wp\/v2\/categories?post=5468"},{"taxonomy":"post_tag","embeddable":true,"href":"https:\/\/www.charles-de-flahaut.fr\/wordpress\/wp-json\/wp\/v2\/tags?post=5468"}],"curies":[{"name":"wp","href":"https:\/\/api.w.org\/{rel}","templated":true}]}}