{"id":482,"date":"2012-12-18T15:22:35","date_gmt":"2012-12-18T14:22:35","guid":{"rendered":"http:\/\/www.charles-de-flahaut.fr\/wordpress\/?p=482"},"modified":"2024-01-12T13:53:45","modified_gmt":"2024-01-12T12:53:45","slug":"exposition-internes-a-royallieu-resistants-a-compiegne-les-collections-du-memorial-du-22-septembre-2012-au-24-mars-2013","status":"publish","type":"post","link":"https:\/\/www.charles-de-flahaut.fr\/wordpress\/exposition-internes-a-royallieu-resistants-a-compiegne-les-collections-du-memorial-du-22-septembre-2012-au-24-mars-2013\/","title":{"rendered":"Exposition \u00ab\u00a0Intern\u00e9s \u00e0 Royallieu- R\u00e9sistants \u00e0 Compi\u00e8gne, les collections du M\u00e9morial\u00a0\u00bb &#8211; du 22 septembre 2012 au 24 mars 2013"},"content":{"rendered":"<p style=\"text-align: justify;\"><strong><a href=\"http:\/\/www.charles-de-flahaut.fr\/wordpress\/wp-content\/uploads\/2012\/12\/royallieu.jpg\"><img loading=\"lazy\" decoding=\"async\" class=\"alignright size-medium wp-image-488\" title=\"royallieu\" src=\"http:\/\/www.charles-de-flahaut.fr\/wordpress\/wp-content\/uploads\/2012\/12\/royallieu-300x74.jpg\" alt=\"\" width=\"300\" height=\"74\" srcset=\"https:\/\/www.charles-de-flahaut.fr\/wordpress\/wp-content\/uploads\/2012\/12\/royallieu-300x74.jpg 300w, https:\/\/www.charles-de-flahaut.fr\/wordpress\/wp-content\/uploads\/2012\/12\/royallieu.jpg 994w\" sizes=\"auto, (max-width: 300px) 100vw, 300px\" \/><\/a>Venez d\u00e9couvrir les collections du M\u00e9morial dans une exposition in\u00e9dite ! A travers les lettres, les objets du quotidien, les t\u00e9moignages, vous aurez le sentiment de mieux conna\u00eetre les intern\u00e9s du camp de Royallieu, leurs pr\u00e9occupations, leurs joies, leurs moments de fraternit\u00e9 et de communion&#8230; Et bien s\u00fbr leur ignorance de l&rsquo; \u00ab\u00a0apr\u00e8s Compi\u00e8gne\u00a0\u00bb&#8230;<\/strong><\/p>\n<p><strong>Pour plus de renseignements : <a href=\"http:\/\/www.memorial-compiegne.fr\/page0001019f.aspx?card=889\">http:\/\/www.memorial-compiegne.fr\/page0001019f.aspx?card=889<\/a><\/strong><\/p>\n<p><a href=\"https:\/\/amzn.to\/41XI263\" target=\"_blank\" rel=\"noopener\"><strong>Ouvrages sur Compi\u00e8gne<\/strong><\/a><\/p>\n","protected":false},"excerpt":{"rendered":"<p>Venez d\u00e9couvrir les collections du M\u00e9morial dans une exposition in\u00e9dite ! A travers les lettres, les objets du quotidien, les t\u00e9moignages, vous aurez le sentiment de mieux conna\u00eetre les intern\u00e9s du camp de Royallieu, leurs pr\u00e9occupations, leurs joies, leurs moments de fraternit\u00e9 et de communion&#8230; Et bien s\u00fbr leur ignorance de l&rsquo; \u00ab\u00a0apr\u00e8s Compi\u00e8gne\u00a0\u00bb&#8230; Pour &hellip; <\/p>\n<p><a class=\"more-link btn\" href=\"https:\/\/www.charles-de-flahaut.fr\/wordpress\/exposition-internes-a-royallieu-resistants-a-compiegne-les-collections-du-memorial-du-22-septembre-2012-au-24-mars-2013\/\">Lire la suite<\/a><\/p>\n","protected":false},"author":7,"featured_media":0,"comment_status":"open","ping_status":"open","sticky":false,"template":"","format":"standard","meta":{"footnotes":""},"categories":[5,16,20],"tags":[],"class_list":["post-482","post","type-post","status-publish","format-standard","hentry","category-expositions","category-histoire-regionale","category-periodes-historiques","item-wrap"],"yoast_head":"<!-- This site is optimized with the Yoast SEO plugin v27.4 - https:\/\/yoast.com\/product\/yoast-seo-wordpress\/ -->\n<title>Exposition &quot;Intern\u00e9s \u00e0 Royallieu- R\u00e9sistants \u00e0 Compi\u00e8gne, les collections du M\u00e9morial&quot; - du 22 septembre 2012 au 24 mars 2013 - Histoire de France - Communiqu\u00e9s<\/title>\n<meta name=\"description\" content=\"Venez d\u00e9couvrir les collections du M\u00e9morial dans une exposition in\u00e9dite !\" \/>\n<meta name=\"robots\" content=\"index, follow, max-snippet:-1, max-image-preview:large, max-video-preview:-1\" \/>\n<link rel=\"canonical\" href=\"https:\/\/www.charles-de-flahaut.fr\/wordpress\/exposition-internes-a-royallieu-resistants-a-compiegne-les-collections-du-memorial-du-22-septembre-2012-au-24-mars-2013\/\" \/>\n<meta property=\"og:locale\" content=\"fr_FR\" \/>\n<meta property=\"og:type\" content=\"article\" \/>\n<meta property=\"og:title\" content=\"Exposition &quot;Intern\u00e9s \u00e0 Royallieu- R\u00e9sistants \u00e0 Compi\u00e8gne, les collections du M\u00e9morial&quot; - du 22 septembre 2012 au 24 mars 2013 - Histoire de France - Communiqu\u00e9s\" \/>\n<meta property=\"og:description\" content=\"Venez d\u00e9couvrir les collections du M\u00e9morial dans une exposition in\u00e9dite !\" \/>\n<meta property=\"og:url\" content=\"https:\/\/www.charles-de-flahaut.fr\/wordpress\/exposition-internes-a-royallieu-resistants-a-compiegne-les-collections-du-memorial-du-22-septembre-2012-au-24-mars-2013\/\" \/>\n<meta property=\"og:site_name\" content=\"Histoire de France - Communiqu\u00e9s\" \/>\n<meta property=\"article:publisher\" content=\"https:\/\/www.facebook.com\/Sites.HistoiredeFrance\" \/>\n<meta property=\"article:published_time\" content=\"2012-12-18T14:22:35+00:00\" \/>\n<meta property=\"article:modified_time\" content=\"2024-01-12T12:53:45+00:00\" \/>\n<meta property=\"og:image\" content=\"http:\/\/www.charles-de-flahaut.fr\/wordpress\/wp-content\/uploads\/2012\/12\/royallieu-300x74.jpg\" \/>\n<meta name=\"author\" content=\"M\u00e9morial de l&#039;Internement et de la D\u00e9portation - Camp de Royallieu \u00e0 Compi\u00e8gne\" \/>\n<meta name=\"twitter:card\" content=\"summary_large_image\" \/>\n<meta name=\"twitter:label1\" content=\"\u00c9crit par\" \/>\n\t<meta name=\"twitter:data1\" content=\"M\u00e9morial de l&#039;Internement et de la D\u00e9portation - Camp de Royallieu \u00e0 Compi\u00e8gne\" \/>\n\t<meta name=\"twitter:label2\" content=\"Dur\u00e9e de lecture estim\u00e9e\" \/>\n\t<meta name=\"twitter:data2\" content=\"1 minute\" \/>\n<script type=\"application\/ld+json\" class=\"yoast-schema-graph\">{\"@context\":\"https:\\\/\\\/schema.org\",\"@graph\":[{\"@type\":\"Article\",\"@id\":\"https:\\\/\\\/www.charles-de-flahaut.fr\\\/wordpress\\\/exposition-internes-a-royallieu-resistants-a-compiegne-les-collections-du-memorial-du-22-septembre-2012-au-24-mars-2013\\\/#article\",\"isPartOf\":{\"@id\":\"https:\\\/\\\/www.charles-de-flahaut.fr\\\/wordpress\\\/exposition-internes-a-royallieu-resistants-a-compiegne-les-collections-du-memorial-du-22-septembre-2012-au-24-mars-2013\\\/\"},\"author\":{\"name\":\"M\u00e9morial de l'Internement et de la D\u00e9portation - Camp de Royallieu \u00e0 Compi\u00e8gne\",\"@id\":\"https:\\\/\\\/www.charles-de-flahaut.fr\\\/wordpress\\\/#\\\/schema\\\/person\\\/30dfd39175108cf3b788105640035a72\"},\"headline\":\"Exposition \u00ab\u00a0Intern\u00e9s \u00e0 Royallieu- R\u00e9sistants \u00e0 Compi\u00e8gne, les collections du M\u00e9morial\u00a0\u00bb &#8211; du 22 septembre 2012 au 24 mars 2013\",\"datePublished\":\"2012-12-18T14:22:35+00:00\",\"dateModified\":\"2024-01-12T12:53:45+00:00\",\"mainEntityOfPage\":{\"@id\":\"https:\\\/\\\/www.charles-de-flahaut.fr\\\/wordpress\\\/exposition-internes-a-royallieu-resistants-a-compiegne-les-collections-du-memorial-du-22-septembre-2012-au-24-mars-2013\\\/\"},\"wordCount\":97,\"commentCount\":0,\"publisher\":{\"@id\":\"https:\\\/\\\/www.charles-de-flahaut.fr\\\/wordpress\\\/#\\\/schema\\\/person\\\/81011c8b61bc74c05499365a506d49a9\"},\"image\":{\"@id\":\"https:\\\/\\\/www.charles-de-flahaut.fr\\\/wordpress\\\/exposition-internes-a-royallieu-resistants-a-compiegne-les-collections-du-memorial-du-22-septembre-2012-au-24-mars-2013\\\/#primaryimage\"},\"thumbnailUrl\":\"http:\\\/\\\/www.charles-de-flahaut.fr\\\/wordpress\\\/wp-content\\\/uploads\\\/2012\\\/12\\\/royallieu-300x74.jpg\",\"articleSection\":[\"expositions\",\"histoire locale\",\"p\u00e9riodes historiques\"],\"inLanguage\":\"fr-FR\",\"potentialAction\":[{\"@type\":\"CommentAction\",\"name\":\"Comment\",\"target\":[\"https:\\\/\\\/www.charles-de-flahaut.fr\\\/wordpress\\\/exposition-internes-a-royallieu-resistants-a-compiegne-les-collections-du-memorial-du-22-septembre-2012-au-24-mars-2013\\\/#respond\"]}]},{\"@type\":\"WebPage\",\"@id\":\"https:\\\/\\\/www.charles-de-flahaut.fr\\\/wordpress\\\/exposition-internes-a-royallieu-resistants-a-compiegne-les-collections-du-memorial-du-22-septembre-2012-au-24-mars-2013\\\/\",\"url\":\"https:\\\/\\\/www.charles-de-flahaut.fr\\\/wordpress\\\/exposition-internes-a-royallieu-resistants-a-compiegne-les-collections-du-memorial-du-22-septembre-2012-au-24-mars-2013\\\/\",\"name\":\"Exposition \\\"Intern\u00e9s \u00e0 Royallieu- R\u00e9sistants \u00e0 Compi\u00e8gne, les collections du M\u00e9morial\\\" - du 22 septembre 2012 au 24 mars 2013 - Histoire de France - Communiqu\u00e9s\",\"isPartOf\":{\"@id\":\"https:\\\/\\\/www.charles-de-flahaut.fr\\\/wordpress\\\/#website\"},\"primaryImageOfPage\":{\"@id\":\"https:\\\/\\\/www.charles-de-flahaut.fr\\\/wordpress\\\/exposition-internes-a-royallieu-resistants-a-compiegne-les-collections-du-memorial-du-22-septembre-2012-au-24-mars-2013\\\/#primaryimage\"},\"image\":{\"@id\":\"https:\\\/\\\/www.charles-de-flahaut.fr\\\/wordpress\\\/exposition-internes-a-royallieu-resistants-a-compiegne-les-collections-du-memorial-du-22-septembre-2012-au-24-mars-2013\\\/#primaryimage\"},\"thumbnailUrl\":\"http:\\\/\\\/www.charles-de-flahaut.fr\\\/wordpress\\\/wp-content\\\/uploads\\\/2012\\\/12\\\/royallieu-300x74.jpg\",\"datePublished\":\"2012-12-18T14:22:35+00:00\",\"dateModified\":\"2024-01-12T12:53:45+00:00\",\"description\":\"Venez d\u00e9couvrir les collections du M\u00e9morial dans une exposition in\u00e9dite !\",\"breadcrumb\":{\"@id\":\"https:\\\/\\\/www.charles-de-flahaut.fr\\\/wordpress\\\/exposition-internes-a-royallieu-resistants-a-compiegne-les-collections-du-memorial-du-22-septembre-2012-au-24-mars-2013\\\/#breadcrumb\"},\"inLanguage\":\"fr-FR\",\"potentialAction\":[{\"@type\":\"ReadAction\",\"target\":[\"https:\\\/\\\/www.charles-de-flahaut.fr\\\/wordpress\\\/exposition-internes-a-royallieu-resistants-a-compiegne-les-collections-du-memorial-du-22-septembre-2012-au-24-mars-2013\\\/\"]}]},{\"@type\":\"ImageObject\",\"inLanguage\":\"fr-FR\",\"@id\":\"https:\\\/\\\/www.charles-de-flahaut.fr\\\/wordpress\\\/exposition-internes-a-royallieu-resistants-a-compiegne-les-collections-du-memorial-du-22-septembre-2012-au-24-mars-2013\\\/#primaryimage\",\"url\":\"https:\\\/\\\/www.charles-de-flahaut.fr\\\/wordpress\\\/wp-content\\\/uploads\\\/2012\\\/12\\\/royallieu.jpg\",\"contentUrl\":\"https:\\\/\\\/www.charles-de-flahaut.fr\\\/wordpress\\\/wp-content\\\/uploads\\\/2012\\\/12\\\/royallieu.jpg\",\"width\":\"994\",\"height\":\"247\"},{\"@type\":\"BreadcrumbList\",\"@id\":\"https:\\\/\\\/www.charles-de-flahaut.fr\\\/wordpress\\\/exposition-internes-a-royallieu-resistants-a-compiegne-les-collections-du-memorial-du-22-septembre-2012-au-24-mars-2013\\\/#breadcrumb\",\"itemListElement\":[{\"@type\":\"ListItem\",\"position\":1,\"name\":\"Accueil\",\"item\":\"https:\\\/\\\/www.charles-de-flahaut.fr\\\/wordpress\\\/\"},{\"@type\":\"ListItem\",\"position\":2,\"name\":\"Exposition &#8220;Intern\u00e9s \u00e0 Royallieu- R\u00e9sistants \u00e0 Compi\u00e8gne, les collections du M\u00e9morial&#8221; &#8211; du 22 septembre 2012 au 24 mars 2013\"}]},{\"@type\":\"WebSite\",\"@id\":\"https:\\\/\\\/www.charles-de-flahaut.fr\\\/wordpress\\\/#website\",\"url\":\"https:\\\/\\\/www.charles-de-flahaut.fr\\\/wordpress\\\/\",\"name\":\"Histoire de France - Communiqu\u00e9s\",\"description\":\"Histoire et patrimoine\",\"publisher\":{\"@id\":\"https:\\\/\\\/www.charles-de-flahaut.fr\\\/wordpress\\\/#\\\/schema\\\/person\\\/81011c8b61bc74c05499365a506d49a9\"},\"potentialAction\":[{\"@type\":\"SearchAction\",\"target\":{\"@type\":\"EntryPoint\",\"urlTemplate\":\"https:\\\/\\\/www.charles-de-flahaut.fr\\\/wordpress\\\/?s={search_term_string}\"},\"query-input\":{\"@type\":\"PropertyValueSpecification\",\"valueRequired\":true,\"valueName\":\"search_term_string\"}}],\"inLanguage\":\"fr-FR\"},{\"@type\":[\"Person\",\"Organization\"],\"@id\":\"https:\\\/\\\/www.charles-de-flahaut.fr\\\/wordpress\\\/#\\\/schema\\\/person\\\/81011c8b61bc74c05499365a506d49a9\",\"name\":\"administrateur\",\"logo\":{\"@id\":\"https:\\\/\\\/www.charles-de-flahaut.fr\\\/wordpress\\\/#\\\/schema\\\/person\\\/image\\\/\"},\"sameAs\":[\"http:\\\/\\\/www.charles-de-flahaut.fr\",\"https:\\\/\\\/www.facebook.com\\\/Sites.HistoiredeFrance\"]},{\"@type\":\"Person\",\"@id\":\"https:\\\/\\\/www.charles-de-flahaut.fr\\\/wordpress\\\/#\\\/schema\\\/person\\\/30dfd39175108cf3b788105640035a72\",\"name\":\"M\u00e9morial de l'Internement et de la D\u00e9portation - Camp de Royallieu \u00e0 Compi\u00e8gne\",\"description\":\"M\u00e9morial de l'Internement et de la d\u00e9portation Camp de Royallieu &gt; Oise &gt; Picardie 2 bis avenue des Martyrs de la Libert\u00e9 60200 Compi\u00e8gne T\u00e9l\u00e9phone : 03 44 96 37 00 Fax : 03 44 96 37 09 Facebook : M\u00e9morial de l'Internement et de la D\u00e9portation - Camp de Royallieu www.memorial-compiegne.fr\",\"url\":\"https:\\\/\\\/www.charles-de-flahaut.fr\\\/wordpress\\\/author\\\/memoroyallieu\\\/\"}]}<\/script>\n<!-- \/ Yoast SEO plugin. -->","yoast_head_json":{"title":"Exposition \"Intern\u00e9s \u00e0 Royallieu- R\u00e9sistants \u00e0 Compi\u00e8gne, les collections du M\u00e9morial\" - du 22 septembre 2012 au 24 mars 2013 - Histoire de France - Communiqu\u00e9s","description":"Venez d\u00e9couvrir les collections du M\u00e9morial dans une exposition in\u00e9dite !","robots":{"index":"index","follow":"follow","max-snippet":"max-snippet:-1","max-image-preview":"max-image-preview:large","max-video-preview":"max-video-preview:-1"},"canonical":"https:\/\/www.charles-de-flahaut.fr\/wordpress\/exposition-internes-a-royallieu-resistants-a-compiegne-les-collections-du-memorial-du-22-septembre-2012-au-24-mars-2013\/","og_locale":"fr_FR","og_type":"article","og_title":"Exposition \"Intern\u00e9s \u00e0 Royallieu- R\u00e9sistants \u00e0 Compi\u00e8gne, les collections du M\u00e9morial\" - du 22 septembre 2012 au 24 mars 2013 - Histoire de France - Communiqu\u00e9s","og_description":"Venez d\u00e9couvrir les collections du M\u00e9morial dans une exposition in\u00e9dite !","og_url":"https:\/\/www.charles-de-flahaut.fr\/wordpress\/exposition-internes-a-royallieu-resistants-a-compiegne-les-collections-du-memorial-du-22-septembre-2012-au-24-mars-2013\/","og_site_name":"Histoire de France - Communiqu\u00e9s","article_publisher":"https:\/\/www.facebook.com\/Sites.HistoiredeFrance","article_published_time":"2012-12-18T14:22:35+00:00","article_modified_time":"2024-01-12T12:53:45+00:00","og_image":[{"url":"http:\/\/www.charles-de-flahaut.fr\/wordpress\/wp-content\/uploads\/2012\/12\/royallieu-300x74.jpg","type":"","width":"","height":""}],"author":"M\u00e9morial de l'Internement et de la D\u00e9portation - Camp de Royallieu \u00e0 Compi\u00e8gne","twitter_card":"summary_large_image","twitter_misc":{"\u00c9crit par":"M\u00e9morial de l'Internement et de la D\u00e9portation - Camp de Royallieu \u00e0 Compi\u00e8gne","Dur\u00e9e de lecture estim\u00e9e":"1 minute"},"schema":{"@context":"https:\/\/schema.org","@graph":[{"@type":"Article","@id":"https:\/\/www.charles-de-flahaut.fr\/wordpress\/exposition-internes-a-royallieu-resistants-a-compiegne-les-collections-du-memorial-du-22-septembre-2012-au-24-mars-2013\/#article","isPartOf":{"@id":"https:\/\/www.charles-de-flahaut.fr\/wordpress\/exposition-internes-a-royallieu-resistants-a-compiegne-les-collections-du-memorial-du-22-septembre-2012-au-24-mars-2013\/"},"author":{"name":"M\u00e9morial de l'Internement et de la D\u00e9portation - Camp de Royallieu \u00e0 Compi\u00e8gne","@id":"https:\/\/www.charles-de-flahaut.fr\/wordpress\/#\/schema\/person\/30dfd39175108cf3b788105640035a72"},"headline":"Exposition \u00ab\u00a0Intern\u00e9s \u00e0 Royallieu- R\u00e9sistants \u00e0 Compi\u00e8gne, les collections du M\u00e9morial\u00a0\u00bb &#8211; du 22 septembre 2012 au 24 mars 2013","datePublished":"2012-12-18T14:22:35+00:00","dateModified":"2024-01-12T12:53:45+00:00","mainEntityOfPage":{"@id":"https:\/\/www.charles-de-flahaut.fr\/wordpress\/exposition-internes-a-royallieu-resistants-a-compiegne-les-collections-du-memorial-du-22-septembre-2012-au-24-mars-2013\/"},"wordCount":97,"commentCount":0,"publisher":{"@id":"https:\/\/www.charles-de-flahaut.fr\/wordpress\/#\/schema\/person\/81011c8b61bc74c05499365a506d49a9"},"image":{"@id":"https:\/\/www.charles-de-flahaut.fr\/wordpress\/exposition-internes-a-royallieu-resistants-a-compiegne-les-collections-du-memorial-du-22-septembre-2012-au-24-mars-2013\/#primaryimage"},"thumbnailUrl":"http:\/\/www.charles-de-flahaut.fr\/wordpress\/wp-content\/uploads\/2012\/12\/royallieu-300x74.jpg","articleSection":["expositions","histoire locale","p\u00e9riodes historiques"],"inLanguage":"fr-FR","potentialAction":[{"@type":"CommentAction","name":"Comment","target":["https:\/\/www.charles-de-flahaut.fr\/wordpress\/exposition-internes-a-royallieu-resistants-a-compiegne-les-collections-du-memorial-du-22-septembre-2012-au-24-mars-2013\/#respond"]}]},{"@type":"WebPage","@id":"https:\/\/www.charles-de-flahaut.fr\/wordpress\/exposition-internes-a-royallieu-resistants-a-compiegne-les-collections-du-memorial-du-22-septembre-2012-au-24-mars-2013\/","url":"https:\/\/www.charles-de-flahaut.fr\/wordpress\/exposition-internes-a-royallieu-resistants-a-compiegne-les-collections-du-memorial-du-22-septembre-2012-au-24-mars-2013\/","name":"Exposition \"Intern\u00e9s \u00e0 Royallieu- R\u00e9sistants \u00e0 Compi\u00e8gne, les collections du M\u00e9morial\" - du 22 septembre 2012 au 24 mars 2013 - Histoire de France - Communiqu\u00e9s","isPartOf":{"@id":"https:\/\/www.charles-de-flahaut.fr\/wordpress\/#website"},"primaryImageOfPage":{"@id":"https:\/\/www.charles-de-flahaut.fr\/wordpress\/exposition-internes-a-royallieu-resistants-a-compiegne-les-collections-du-memorial-du-22-septembre-2012-au-24-mars-2013\/#primaryimage"},"image":{"@id":"https:\/\/www.charles-de-flahaut.fr\/wordpress\/exposition-internes-a-royallieu-resistants-a-compiegne-les-collections-du-memorial-du-22-septembre-2012-au-24-mars-2013\/#primaryimage"},"thumbnailUrl":"http:\/\/www.charles-de-flahaut.fr\/wordpress\/wp-content\/uploads\/2012\/12\/royallieu-300x74.jpg","datePublished":"2012-12-18T14:22:35+00:00","dateModified":"2024-01-12T12:53:45+00:00","description":"Venez d\u00e9couvrir les collections du M\u00e9morial dans une exposition in\u00e9dite !","breadcrumb":{"@id":"https:\/\/www.charles-de-flahaut.fr\/wordpress\/exposition-internes-a-royallieu-resistants-a-compiegne-les-collections-du-memorial-du-22-septembre-2012-au-24-mars-2013\/#breadcrumb"},"inLanguage":"fr-FR","potentialAction":[{"@type":"ReadAction","target":["https:\/\/www.charles-de-flahaut.fr\/wordpress\/exposition-internes-a-royallieu-resistants-a-compiegne-les-collections-du-memorial-du-22-septembre-2012-au-24-mars-2013\/"]}]},{"@type":"ImageObject","inLanguage":"fr-FR","@id":"https:\/\/www.charles-de-flahaut.fr\/wordpress\/exposition-internes-a-royallieu-resistants-a-compiegne-les-collections-du-memorial-du-22-septembre-2012-au-24-mars-2013\/#primaryimage","url":"https:\/\/www.charles-de-flahaut.fr\/wordpress\/wp-content\/uploads\/2012\/12\/royallieu.jpg","contentUrl":"https:\/\/www.charles-de-flahaut.fr\/wordpress\/wp-content\/uploads\/2012\/12\/royallieu.jpg","width":"994","height":"247"},{"@type":"BreadcrumbList","@id":"https:\/\/www.charles-de-flahaut.fr\/wordpress\/exposition-internes-a-royallieu-resistants-a-compiegne-les-collections-du-memorial-du-22-septembre-2012-au-24-mars-2013\/#breadcrumb","itemListElement":[{"@type":"ListItem","position":1,"name":"Accueil","item":"https:\/\/www.charles-de-flahaut.fr\/wordpress\/"},{"@type":"ListItem","position":2,"name":"Exposition &#8220;Intern\u00e9s \u00e0 Royallieu- R\u00e9sistants \u00e0 Compi\u00e8gne, les collections du M\u00e9morial&#8221; &#8211; du 22 septembre 2012 au 24 mars 2013"}]},{"@type":"WebSite","@id":"https:\/\/www.charles-de-flahaut.fr\/wordpress\/#website","url":"https:\/\/www.charles-de-flahaut.fr\/wordpress\/","name":"Histoire de France - Communiqu\u00e9s","description":"Histoire et patrimoine","publisher":{"@id":"https:\/\/www.charles-de-flahaut.fr\/wordpress\/#\/schema\/person\/81011c8b61bc74c05499365a506d49a9"},"potentialAction":[{"@type":"SearchAction","target":{"@type":"EntryPoint","urlTemplate":"https:\/\/www.charles-de-flahaut.fr\/wordpress\/?s={search_term_string}"},"query-input":{"@type":"PropertyValueSpecification","valueRequired":true,"valueName":"search_term_string"}}],"inLanguage":"fr-FR"},{"@type":["Person","Organization"],"@id":"https:\/\/www.charles-de-flahaut.fr\/wordpress\/#\/schema\/person\/81011c8b61bc74c05499365a506d49a9","name":"administrateur","logo":{"@id":"https:\/\/www.charles-de-flahaut.fr\/wordpress\/#\/schema\/person\/image\/"},"sameAs":["http:\/\/www.charles-de-flahaut.fr","https:\/\/www.facebook.com\/Sites.HistoiredeFrance"]},{"@type":"Person","@id":"https:\/\/www.charles-de-flahaut.fr\/wordpress\/#\/schema\/person\/30dfd39175108cf3b788105640035a72","name":"M\u00e9morial de l'Internement et de la D\u00e9portation - Camp de Royallieu \u00e0 Compi\u00e8gne","description":"M\u00e9morial de l'Internement et de la d\u00e9portation Camp de Royallieu &gt; Oise &gt; Picardie 2 bis avenue des Martyrs de la Libert\u00e9 60200 Compi\u00e8gne T\u00e9l\u00e9phone : 03 44 96 37 00 Fax : 03 44 96 37 09 Facebook : M\u00e9morial de l'Internement et de la D\u00e9portation - Camp de Royallieu www.memorial-compiegne.fr","url":"https:\/\/www.charles-de-flahaut.fr\/wordpress\/author\/memoroyallieu\/"}]}},"views":442,"amp_enabled":true,"_links":{"self":[{"href":"https:\/\/www.charles-de-flahaut.fr\/wordpress\/wp-json\/wp\/v2\/posts\/482","targetHints":{"allow":["GET"]}}],"collection":[{"href":"https:\/\/www.charles-de-flahaut.fr\/wordpress\/wp-json\/wp\/v2\/posts"}],"about":[{"href":"https:\/\/www.charles-de-flahaut.fr\/wordpress\/wp-json\/wp\/v2\/types\/post"}],"author":[{"embeddable":true,"href":"https:\/\/www.charles-de-flahaut.fr\/wordpress\/wp-json\/wp\/v2\/users\/7"}],"replies":[{"embeddable":true,"href":"https:\/\/www.charles-de-flahaut.fr\/wordpress\/wp-json\/wp\/v2\/comments?post=482"}],"version-history":[{"count":13,"href":"https:\/\/www.charles-de-flahaut.fr\/wordpress\/wp-json\/wp\/v2\/posts\/482\/revisions"}],"predecessor-version":[{"id":94433,"href":"https:\/\/www.charles-de-flahaut.fr\/wordpress\/wp-json\/wp\/v2\/posts\/482\/revisions\/94433"}],"wp:attachment":[{"href":"https:\/\/www.charles-de-flahaut.fr\/wordpress\/wp-json\/wp\/v2\/media?parent=482"}],"wp:term":[{"taxonomy":"category","embeddable":true,"href":"https:\/\/www.charles-de-flahaut.fr\/wordpress\/wp-json\/wp\/v2\/categories?post=482"},{"taxonomy":"post_tag","embeddable":true,"href":"https:\/\/www.charles-de-flahaut.fr\/wordpress\/wp-json\/wp\/v2\/tags?post=482"}],"curies":[{"name":"wp","href":"https:\/\/api.w.org\/{rel}","templated":true}]}}