{"id":46959,"date":"2017-08-19T09:21:51","date_gmt":"2017-08-19T08:21:51","guid":{"rendered":"http:\/\/www.charles-de-flahaut.fr\/wordpress\/?p=46959"},"modified":"2025-03-31T15:21:59","modified_gmt":"2025-03-31T14:21:59","slug":"musee-dart-sacre-contemporain-eglise-saint-hugues-de-chartreuse","status":"publish","type":"post","link":"https:\/\/www.charles-de-flahaut.fr\/wordpress\/musee-dart-sacre-contemporain-eglise-saint-hugues-de-chartreuse\/","title":{"rendered":"Mus\u00e9e d\u2019art sacr\u00e9 contemporain \u2013 \u00c9glise Saint-Hugues-de-Chartreuse"},"content":{"rendered":"<p><strong>Mus\u00e9e d\u2019art sacr\u00e9 contemporain \u2013 \u00c9glise Saint-Hugues-de-Chartreuse<\/strong><br \/>\n<a href=\"http:\/\/www.saint-hugues-arcabas.fr\/indexPreHome.php\" target=\"_blank\" rel=\"noopener\">http:\/\/www.saint-hugues-arcabas.fr\/indexPreHome.php<\/a><\/p>\n<p style=\"text-align: justify;\"><em><a href=\"http:\/\/www.charles-de-flahaut.fr\/wordpress\/wp-content\/uploads\/2017\/08\/sainthugues.jpg\"><img loading=\"lazy\" decoding=\"async\" class=\"alignleft size-full wp-image-46960\" src=\"http:\/\/www.charles-de-flahaut.fr\/wordpress\/wp-content\/uploads\/2017\/08\/sainthugues.jpg\" alt=\"\" width=\"220\" height=\"165\" \/><\/a>un site r\u00e9f\u00e9renc\u00e9 sur le nouvel <a href=\"http:\/\/charles-de-flahaut.fr\/annuaire-histoire-communes\" target=\"_blank\" rel=\"noopener noreferrer\">Annuaire Historique des Communes de France<\/a><\/em><\/p>\n<p style=\"text-align: justify;\">Situ\u00e9e au coeur du Parc naturel r\u00e9gional de la Chartreuse, l\u2019\u00e9glise de Saint-Hugues pr\u00e9sente<br \/>\nl\u2019originalit\u00e9 d\u2019avoir \u00e9t\u00e9 enti\u00e8rement d\u00e9cor\u00e9e par le peintre Arcabas&#8230;<\/p>\n<p style=\"text-align: justify;\"><em>(image et extrait du site&#8230; <a href=\"http:\/\/www.saint-hugues-arcabas.fr\/indexPreHome.php\" target=\"_blank\" rel=\"noopener\">lire la suite<\/a>)<\/em><\/p>\n<p style=\"text-align: center;\"><a href=\"https:\/\/amzn.to\/3E0MpFI\" target=\"_blank\" rel=\"noopener\"><strong>Ouvrages sur Saint-Hugues de Chartreuse<\/strong><\/a><\/p>\n<p><a href=\"https:\/\/amzn.to\/3E0MpFI\" target=\"_blank\" rel=\"noopener\"><img loading=\"lazy\" decoding=\"async\" class=\"aligncenter size-full wp-image-102000\" src=\"https:\/\/www.charles-de-flahaut.fr\/wordpress\/wp-content\/uploads\/2017\/08\/sainthuguesdechartreuse.jpg\" alt=\"\" width=\"328\" height=\"445\" srcset=\"https:\/\/www.charles-de-flahaut.fr\/wordpress\/wp-content\/uploads\/2017\/08\/sainthuguesdechartreuse.jpg 328w, https:\/\/www.charles-de-flahaut.fr\/wordpress\/wp-content\/uploads\/2017\/08\/sainthuguesdechartreuse-221x300.jpg 221w\" sizes=\"auto, (max-width: 328px) 100vw, 328px\" \/><\/a><\/p>\n","protected":false},"excerpt":{"rendered":"<p>Mus\u00e9e d\u2019art sacr\u00e9 contemporain \u2013 \u00c9glise Saint-Hugues-de-Chartreuse http:\/\/www.saint-hugues-arcabas.fr\/indexPreHome.php un site r\u00e9f\u00e9renc\u00e9 sur le nouvel Annuaire Historique des Communes de France Situ\u00e9e au coeur du Parc naturel r\u00e9gional de la Chartreuse, l\u2019\u00e9glise de Saint-Hugues pr\u00e9sente l\u2019originalit\u00e9 d\u2019avoir \u00e9t\u00e9 enti\u00e8rement d\u00e9cor\u00e9e par le peintre Arcabas&#8230; (image et extrait du site&#8230; lire la suite) Ouvrages sur Saint-Hugues de &hellip; <\/p>\n<p><a class=\"more-link btn\" href=\"https:\/\/www.charles-de-flahaut.fr\/wordpress\/musee-dart-sacre-contemporain-eglise-saint-hugues-de-chartreuse\/\">Lire la suite<\/a><\/p>\n","protected":false},"author":117,"featured_media":0,"comment_status":"open","ping_status":"open","sticky":false,"template":"","format":"standard","meta":{"footnotes":""},"categories":[126,36,16,15,8],"tags":[],"class_list":["post-46959","post","type-post","status-publish","format-standard","hentry","category-38-isere","category-arts-et-histoire","category-histoire-regionale","category-musees","category-patrimoine","item-wrap"],"yoast_head":"<!-- This site is optimized with the Yoast SEO plugin v27.4 - https:\/\/yoast.com\/product\/yoast-seo-wordpress\/ -->\n<title>Mus\u00e9e d\u2019art sacr\u00e9 contemporain \u2013 \u00c9glise Saint-Hugues-de-Chartreuse - Histoire de France - Communiqu\u00e9s<\/title>\n<meta name=\"description\" content=\"Situ\u00e9e au coeur du Parc naturel r\u00e9gional de la Chartreuse, l\u2019\u00e9glise de Saint-Hugues pr\u00e9sente l\u2019originalit\u00e9...\" \/>\n<meta name=\"robots\" content=\"index, follow, max-snippet:-1, max-image-preview:large, max-video-preview:-1\" \/>\n<link rel=\"canonical\" href=\"https:\/\/www.charles-de-flahaut.fr\/wordpress\/musee-dart-sacre-contemporain-eglise-saint-hugues-de-chartreuse\/\" \/>\n<meta property=\"og:locale\" content=\"fr_FR\" \/>\n<meta property=\"og:type\" content=\"article\" \/>\n<meta property=\"og:title\" content=\"Mus\u00e9e d\u2019art sacr\u00e9 contemporain \u2013 \u00c9glise Saint-Hugues-de-Chartreuse - Histoire de France - Communiqu\u00e9s\" \/>\n<meta property=\"og:description\" content=\"Situ\u00e9e au coeur du Parc naturel r\u00e9gional de la Chartreuse, l\u2019\u00e9glise de Saint-Hugues pr\u00e9sente l\u2019originalit\u00e9...\" \/>\n<meta property=\"og:url\" content=\"https:\/\/www.charles-de-flahaut.fr\/wordpress\/musee-dart-sacre-contemporain-eglise-saint-hugues-de-chartreuse\/\" \/>\n<meta property=\"og:site_name\" content=\"Histoire de France - Communiqu\u00e9s\" \/>\n<meta property=\"article:publisher\" content=\"https:\/\/www.facebook.com\/Sites.HistoiredeFrance\" \/>\n<meta property=\"article:published_time\" content=\"2017-08-19T08:21:51+00:00\" \/>\n<meta property=\"article:modified_time\" content=\"2025-03-31T14:21:59+00:00\" \/>\n<meta property=\"og:image\" content=\"https:\/\/www.charles-de-flahaut.fr\/wordpress\/wp-content\/uploads\/2017\/08\/sainthugues.jpg\" \/>\n\t<meta property=\"og:image:width\" content=\"220\" \/>\n\t<meta property=\"og:image:height\" content=\"165\" \/>\n\t<meta property=\"og:image:type\" content=\"image\/jpeg\" \/>\n<meta name=\"author\" content=\"administrateur\" \/>\n<meta name=\"twitter:card\" content=\"summary_large_image\" \/>\n<meta name=\"twitter:label1\" content=\"\u00c9crit par\" \/>\n\t<meta name=\"twitter:data1\" content=\"administrateur\" \/>\n\t<meta name=\"twitter:label2\" content=\"Dur\u00e9e de lecture estim\u00e9e\" \/>\n\t<meta name=\"twitter:data2\" content=\"1 minute\" \/>\n<script type=\"application\/ld+json\" class=\"yoast-schema-graph\">{\"@context\":\"https:\\\/\\\/schema.org\",\"@graph\":[{\"@type\":\"Article\",\"@id\":\"https:\\\/\\\/www.charles-de-flahaut.fr\\\/wordpress\\\/musee-dart-sacre-contemporain-eglise-saint-hugues-de-chartreuse\\\/#article\",\"isPartOf\":{\"@id\":\"https:\\\/\\\/www.charles-de-flahaut.fr\\\/wordpress\\\/musee-dart-sacre-contemporain-eglise-saint-hugues-de-chartreuse\\\/\"},\"author\":{\"name\":\"administrateur\",\"@id\":\"https:\\\/\\\/www.charles-de-flahaut.fr\\\/wordpress\\\/#\\\/schema\\\/person\\\/41c41eaf9ae1d70810ff74a04a786c56\"},\"headline\":\"Mus\u00e9e d\u2019art sacr\u00e9 contemporain \u2013 \u00c9glise Saint-Hugues-de-Chartreuse\",\"datePublished\":\"2017-08-19T08:21:51+00:00\",\"dateModified\":\"2025-03-31T14:21:59+00:00\",\"mainEntityOfPage\":{\"@id\":\"https:\\\/\\\/www.charles-de-flahaut.fr\\\/wordpress\\\/musee-dart-sacre-contemporain-eglise-saint-hugues-de-chartreuse\\\/\"},\"wordCount\":81,\"commentCount\":0,\"publisher\":{\"@id\":\"https:\\\/\\\/www.charles-de-flahaut.fr\\\/wordpress\\\/#\\\/schema\\\/person\\\/81011c8b61bc74c05499365a506d49a9\"},\"image\":{\"@id\":\"https:\\\/\\\/www.charles-de-flahaut.fr\\\/wordpress\\\/musee-dart-sacre-contemporain-eglise-saint-hugues-de-chartreuse\\\/#primaryimage\"},\"thumbnailUrl\":\"http:\\\/\\\/www.charles-de-flahaut.fr\\\/wordpress\\\/wp-content\\\/uploads\\\/2017\\\/08\\\/sainthugues.jpg\",\"articleSection\":[\"38 - Is\u00e8re\",\"arts et histoire\",\"histoire locale\",\"Mus\u00e9es\",\"patrimoine\"],\"inLanguage\":\"fr-FR\",\"potentialAction\":[{\"@type\":\"CommentAction\",\"name\":\"Comment\",\"target\":[\"https:\\\/\\\/www.charles-de-flahaut.fr\\\/wordpress\\\/musee-dart-sacre-contemporain-eglise-saint-hugues-de-chartreuse\\\/#respond\"]}]},{\"@type\":\"WebPage\",\"@id\":\"https:\\\/\\\/www.charles-de-flahaut.fr\\\/wordpress\\\/musee-dart-sacre-contemporain-eglise-saint-hugues-de-chartreuse\\\/\",\"url\":\"https:\\\/\\\/www.charles-de-flahaut.fr\\\/wordpress\\\/musee-dart-sacre-contemporain-eglise-saint-hugues-de-chartreuse\\\/\",\"name\":\"Mus\u00e9e d\u2019art sacr\u00e9 contemporain \u2013 \u00c9glise Saint-Hugues-de-Chartreuse - Histoire de France - Communiqu\u00e9s\",\"isPartOf\":{\"@id\":\"https:\\\/\\\/www.charles-de-flahaut.fr\\\/wordpress\\\/#website\"},\"primaryImageOfPage\":{\"@id\":\"https:\\\/\\\/www.charles-de-flahaut.fr\\\/wordpress\\\/musee-dart-sacre-contemporain-eglise-saint-hugues-de-chartreuse\\\/#primaryimage\"},\"image\":{\"@id\":\"https:\\\/\\\/www.charles-de-flahaut.fr\\\/wordpress\\\/musee-dart-sacre-contemporain-eglise-saint-hugues-de-chartreuse\\\/#primaryimage\"},\"thumbnailUrl\":\"http:\\\/\\\/www.charles-de-flahaut.fr\\\/wordpress\\\/wp-content\\\/uploads\\\/2017\\\/08\\\/sainthugues.jpg\",\"datePublished\":\"2017-08-19T08:21:51+00:00\",\"dateModified\":\"2025-03-31T14:21:59+00:00\",\"description\":\"Situ\u00e9e au coeur du Parc naturel r\u00e9gional de la Chartreuse, l\u2019\u00e9glise de Saint-Hugues pr\u00e9sente l\u2019originalit\u00e9...\",\"breadcrumb\":{\"@id\":\"https:\\\/\\\/www.charles-de-flahaut.fr\\\/wordpress\\\/musee-dart-sacre-contemporain-eglise-saint-hugues-de-chartreuse\\\/#breadcrumb\"},\"inLanguage\":\"fr-FR\",\"potentialAction\":[{\"@type\":\"ReadAction\",\"target\":[\"https:\\\/\\\/www.charles-de-flahaut.fr\\\/wordpress\\\/musee-dart-sacre-contemporain-eglise-saint-hugues-de-chartreuse\\\/\"]}]},{\"@type\":\"ImageObject\",\"inLanguage\":\"fr-FR\",\"@id\":\"https:\\\/\\\/www.charles-de-flahaut.fr\\\/wordpress\\\/musee-dart-sacre-contemporain-eglise-saint-hugues-de-chartreuse\\\/#primaryimage\",\"url\":\"http:\\\/\\\/www.charles-de-flahaut.fr\\\/wordpress\\\/wp-content\\\/uploads\\\/2017\\\/08\\\/sainthugues.jpg\",\"contentUrl\":\"http:\\\/\\\/www.charles-de-flahaut.fr\\\/wordpress\\\/wp-content\\\/uploads\\\/2017\\\/08\\\/sainthugues.jpg\"},{\"@type\":\"BreadcrumbList\",\"@id\":\"https:\\\/\\\/www.charles-de-flahaut.fr\\\/wordpress\\\/musee-dart-sacre-contemporain-eglise-saint-hugues-de-chartreuse\\\/#breadcrumb\",\"itemListElement\":[{\"@type\":\"ListItem\",\"position\":1,\"name\":\"Accueil\",\"item\":\"https:\\\/\\\/www.charles-de-flahaut.fr\\\/wordpress\\\/\"},{\"@type\":\"ListItem\",\"position\":2,\"name\":\"Mus\u00e9e d\u2019art sacr\u00e9 contemporain \u2013 \u00c9glise Saint-Hugues-de-Chartreuse\"}]},{\"@type\":\"WebSite\",\"@id\":\"https:\\\/\\\/www.charles-de-flahaut.fr\\\/wordpress\\\/#website\",\"url\":\"https:\\\/\\\/www.charles-de-flahaut.fr\\\/wordpress\\\/\",\"name\":\"Histoire de France - Communiqu\u00e9s\",\"description\":\"Histoire et patrimoine\",\"publisher\":{\"@id\":\"https:\\\/\\\/www.charles-de-flahaut.fr\\\/wordpress\\\/#\\\/schema\\\/person\\\/81011c8b61bc74c05499365a506d49a9\"},\"potentialAction\":[{\"@type\":\"SearchAction\",\"target\":{\"@type\":\"EntryPoint\",\"urlTemplate\":\"https:\\\/\\\/www.charles-de-flahaut.fr\\\/wordpress\\\/?s={search_term_string}\"},\"query-input\":{\"@type\":\"PropertyValueSpecification\",\"valueRequired\":true,\"valueName\":\"search_term_string\"}}],\"inLanguage\":\"fr-FR\"},{\"@type\":[\"Person\",\"Organization\"],\"@id\":\"https:\\\/\\\/www.charles-de-flahaut.fr\\\/wordpress\\\/#\\\/schema\\\/person\\\/81011c8b61bc74c05499365a506d49a9\",\"name\":\"administrateur\",\"logo\":{\"@id\":\"https:\\\/\\\/www.charles-de-flahaut.fr\\\/wordpress\\\/#\\\/schema\\\/person\\\/image\\\/\"},\"sameAs\":[\"http:\\\/\\\/www.charles-de-flahaut.fr\",\"https:\\\/\\\/www.facebook.com\\\/Sites.HistoiredeFrance\"]},{\"@type\":\"Person\",\"@id\":\"https:\\\/\\\/www.charles-de-flahaut.fr\\\/wordpress\\\/#\\\/schema\\\/person\\\/41c41eaf9ae1d70810ff74a04a786c56\",\"name\":\"administrateur\",\"url\":\"https:\\\/\\\/www.charles-de-flahaut.fr\\\/wordpress\\\/author\\\/hist_8la_ad\\\/\"}]}<\/script>\n<!-- \/ Yoast SEO plugin. -->","yoast_head_json":{"title":"Mus\u00e9e d\u2019art sacr\u00e9 contemporain \u2013 \u00c9glise Saint-Hugues-de-Chartreuse - Histoire de France - Communiqu\u00e9s","description":"Situ\u00e9e au coeur du Parc naturel r\u00e9gional de la Chartreuse, l\u2019\u00e9glise de Saint-Hugues pr\u00e9sente l\u2019originalit\u00e9...","robots":{"index":"index","follow":"follow","max-snippet":"max-snippet:-1","max-image-preview":"max-image-preview:large","max-video-preview":"max-video-preview:-1"},"canonical":"https:\/\/www.charles-de-flahaut.fr\/wordpress\/musee-dart-sacre-contemporain-eglise-saint-hugues-de-chartreuse\/","og_locale":"fr_FR","og_type":"article","og_title":"Mus\u00e9e d\u2019art sacr\u00e9 contemporain \u2013 \u00c9glise Saint-Hugues-de-Chartreuse - Histoire de France - Communiqu\u00e9s","og_description":"Situ\u00e9e au coeur du Parc naturel r\u00e9gional de la Chartreuse, l\u2019\u00e9glise de Saint-Hugues pr\u00e9sente l\u2019originalit\u00e9...","og_url":"https:\/\/www.charles-de-flahaut.fr\/wordpress\/musee-dart-sacre-contemporain-eglise-saint-hugues-de-chartreuse\/","og_site_name":"Histoire de France - Communiqu\u00e9s","article_publisher":"https:\/\/www.facebook.com\/Sites.HistoiredeFrance","article_published_time":"2017-08-19T08:21:51+00:00","article_modified_time":"2025-03-31T14:21:59+00:00","og_image":[{"width":220,"height":165,"url":"https:\/\/www.charles-de-flahaut.fr\/wordpress\/wp-content\/uploads\/2017\/08\/sainthugues.jpg","type":"image\/jpeg"}],"author":"administrateur","twitter_card":"summary_large_image","twitter_misc":{"\u00c9crit par":"administrateur","Dur\u00e9e de lecture estim\u00e9e":"1 minute"},"schema":{"@context":"https:\/\/schema.org","@graph":[{"@type":"Article","@id":"https:\/\/www.charles-de-flahaut.fr\/wordpress\/musee-dart-sacre-contemporain-eglise-saint-hugues-de-chartreuse\/#article","isPartOf":{"@id":"https:\/\/www.charles-de-flahaut.fr\/wordpress\/musee-dart-sacre-contemporain-eglise-saint-hugues-de-chartreuse\/"},"author":{"name":"administrateur","@id":"https:\/\/www.charles-de-flahaut.fr\/wordpress\/#\/schema\/person\/41c41eaf9ae1d70810ff74a04a786c56"},"headline":"Mus\u00e9e d\u2019art sacr\u00e9 contemporain \u2013 \u00c9glise Saint-Hugues-de-Chartreuse","datePublished":"2017-08-19T08:21:51+00:00","dateModified":"2025-03-31T14:21:59+00:00","mainEntityOfPage":{"@id":"https:\/\/www.charles-de-flahaut.fr\/wordpress\/musee-dart-sacre-contemporain-eglise-saint-hugues-de-chartreuse\/"},"wordCount":81,"commentCount":0,"publisher":{"@id":"https:\/\/www.charles-de-flahaut.fr\/wordpress\/#\/schema\/person\/81011c8b61bc74c05499365a506d49a9"},"image":{"@id":"https:\/\/www.charles-de-flahaut.fr\/wordpress\/musee-dart-sacre-contemporain-eglise-saint-hugues-de-chartreuse\/#primaryimage"},"thumbnailUrl":"http:\/\/www.charles-de-flahaut.fr\/wordpress\/wp-content\/uploads\/2017\/08\/sainthugues.jpg","articleSection":["38 - Is\u00e8re","arts et histoire","histoire locale","Mus\u00e9es","patrimoine"],"inLanguage":"fr-FR","potentialAction":[{"@type":"CommentAction","name":"Comment","target":["https:\/\/www.charles-de-flahaut.fr\/wordpress\/musee-dart-sacre-contemporain-eglise-saint-hugues-de-chartreuse\/#respond"]}]},{"@type":"WebPage","@id":"https:\/\/www.charles-de-flahaut.fr\/wordpress\/musee-dart-sacre-contemporain-eglise-saint-hugues-de-chartreuse\/","url":"https:\/\/www.charles-de-flahaut.fr\/wordpress\/musee-dart-sacre-contemporain-eglise-saint-hugues-de-chartreuse\/","name":"Mus\u00e9e d\u2019art sacr\u00e9 contemporain \u2013 \u00c9glise Saint-Hugues-de-Chartreuse - Histoire de France - Communiqu\u00e9s","isPartOf":{"@id":"https:\/\/www.charles-de-flahaut.fr\/wordpress\/#website"},"primaryImageOfPage":{"@id":"https:\/\/www.charles-de-flahaut.fr\/wordpress\/musee-dart-sacre-contemporain-eglise-saint-hugues-de-chartreuse\/#primaryimage"},"image":{"@id":"https:\/\/www.charles-de-flahaut.fr\/wordpress\/musee-dart-sacre-contemporain-eglise-saint-hugues-de-chartreuse\/#primaryimage"},"thumbnailUrl":"http:\/\/www.charles-de-flahaut.fr\/wordpress\/wp-content\/uploads\/2017\/08\/sainthugues.jpg","datePublished":"2017-08-19T08:21:51+00:00","dateModified":"2025-03-31T14:21:59+00:00","description":"Situ\u00e9e au coeur du Parc naturel r\u00e9gional de la Chartreuse, l\u2019\u00e9glise de Saint-Hugues pr\u00e9sente l\u2019originalit\u00e9...","breadcrumb":{"@id":"https:\/\/www.charles-de-flahaut.fr\/wordpress\/musee-dart-sacre-contemporain-eglise-saint-hugues-de-chartreuse\/#breadcrumb"},"inLanguage":"fr-FR","potentialAction":[{"@type":"ReadAction","target":["https:\/\/www.charles-de-flahaut.fr\/wordpress\/musee-dart-sacre-contemporain-eglise-saint-hugues-de-chartreuse\/"]}]},{"@type":"ImageObject","inLanguage":"fr-FR","@id":"https:\/\/www.charles-de-flahaut.fr\/wordpress\/musee-dart-sacre-contemporain-eglise-saint-hugues-de-chartreuse\/#primaryimage","url":"http:\/\/www.charles-de-flahaut.fr\/wordpress\/wp-content\/uploads\/2017\/08\/sainthugues.jpg","contentUrl":"http:\/\/www.charles-de-flahaut.fr\/wordpress\/wp-content\/uploads\/2017\/08\/sainthugues.jpg"},{"@type":"BreadcrumbList","@id":"https:\/\/www.charles-de-flahaut.fr\/wordpress\/musee-dart-sacre-contemporain-eglise-saint-hugues-de-chartreuse\/#breadcrumb","itemListElement":[{"@type":"ListItem","position":1,"name":"Accueil","item":"https:\/\/www.charles-de-flahaut.fr\/wordpress\/"},{"@type":"ListItem","position":2,"name":"Mus\u00e9e d\u2019art sacr\u00e9 contemporain \u2013 \u00c9glise Saint-Hugues-de-Chartreuse"}]},{"@type":"WebSite","@id":"https:\/\/www.charles-de-flahaut.fr\/wordpress\/#website","url":"https:\/\/www.charles-de-flahaut.fr\/wordpress\/","name":"Histoire de France - Communiqu\u00e9s","description":"Histoire et patrimoine","publisher":{"@id":"https:\/\/www.charles-de-flahaut.fr\/wordpress\/#\/schema\/person\/81011c8b61bc74c05499365a506d49a9"},"potentialAction":[{"@type":"SearchAction","target":{"@type":"EntryPoint","urlTemplate":"https:\/\/www.charles-de-flahaut.fr\/wordpress\/?s={search_term_string}"},"query-input":{"@type":"PropertyValueSpecification","valueRequired":true,"valueName":"search_term_string"}}],"inLanguage":"fr-FR"},{"@type":["Person","Organization"],"@id":"https:\/\/www.charles-de-flahaut.fr\/wordpress\/#\/schema\/person\/81011c8b61bc74c05499365a506d49a9","name":"administrateur","logo":{"@id":"https:\/\/www.charles-de-flahaut.fr\/wordpress\/#\/schema\/person\/image\/"},"sameAs":["http:\/\/www.charles-de-flahaut.fr","https:\/\/www.facebook.com\/Sites.HistoiredeFrance"]},{"@type":"Person","@id":"https:\/\/www.charles-de-flahaut.fr\/wordpress\/#\/schema\/person\/41c41eaf9ae1d70810ff74a04a786c56","name":"administrateur","url":"https:\/\/www.charles-de-flahaut.fr\/wordpress\/author\/hist_8la_ad\/"}]}},"views":187,"amp_enabled":true,"_links":{"self":[{"href":"https:\/\/www.charles-de-flahaut.fr\/wordpress\/wp-json\/wp\/v2\/posts\/46959","targetHints":{"allow":["GET"]}}],"collection":[{"href":"https:\/\/www.charles-de-flahaut.fr\/wordpress\/wp-json\/wp\/v2\/posts"}],"about":[{"href":"https:\/\/www.charles-de-flahaut.fr\/wordpress\/wp-json\/wp\/v2\/types\/post"}],"author":[{"embeddable":true,"href":"https:\/\/www.charles-de-flahaut.fr\/wordpress\/wp-json\/wp\/v2\/users\/117"}],"replies":[{"embeddable":true,"href":"https:\/\/www.charles-de-flahaut.fr\/wordpress\/wp-json\/wp\/v2\/comments?post=46959"}],"version-history":[{"count":4,"href":"https:\/\/www.charles-de-flahaut.fr\/wordpress\/wp-json\/wp\/v2\/posts\/46959\/revisions"}],"predecessor-version":[{"id":102001,"href":"https:\/\/www.charles-de-flahaut.fr\/wordpress\/wp-json\/wp\/v2\/posts\/46959\/revisions\/102001"}],"wp:attachment":[{"href":"https:\/\/www.charles-de-flahaut.fr\/wordpress\/wp-json\/wp\/v2\/media?parent=46959"}],"wp:term":[{"taxonomy":"category","embeddable":true,"href":"https:\/\/www.charles-de-flahaut.fr\/wordpress\/wp-json\/wp\/v2\/categories?post=46959"},{"taxonomy":"post_tag","embeddable":true,"href":"https:\/\/www.charles-de-flahaut.fr\/wordpress\/wp-json\/wp\/v2\/tags?post=46959"}],"curies":[{"name":"wp","href":"https:\/\/api.w.org\/{rel}","templated":true}]}}