{"id":46563,"date":"2017-08-16T07:28:17","date_gmt":"2017-08-16T06:28:17","guid":{"rendered":"http:\/\/www.charles-de-flahaut.fr\/wordpress\/?p=46563"},"modified":"2025-03-31T16:09:05","modified_gmt":"2025-03-31T15:09:05","slug":"lappartement-du-docteur-gagnon-a-grenoble-grand-pere-de-stendhal","status":"publish","type":"post","link":"https:\/\/www.charles-de-flahaut.fr\/wordpress\/lappartement-du-docteur-gagnon-a-grenoble-grand-pere-de-stendhal\/","title":{"rendered":"L\u2019appartement du docteur Gagnon \u00e0 Grenoble (grand-p\u00e8re de Stendhal)"},"content":{"rendered":"<p style=\"text-align: justify;\">Cet appartement magnifiquement restaur\u00e9 a ouvert ses portes au public lors des derni\u00e8res journ\u00e9es europ\u00e9ennes du patrimoine (\u00e9dition 2012)<\/p>\n<p style=\"text-align: justify;\">Stendhal aimait y venir et passait d\u2019heureux moments avec son grand-p\u00e8re maternel, le docteur Gagnon.<\/p>\n<p style=\"text-align: justify;\">L\u2019<strong>appartement du docteur Gagnon<\/strong> ou <strong>maison Stendhal<\/strong> est un ensemble immobilier de deux maisons sur deux \u00e9tages des XVIe et XVIIe si\u00e8cle devenu un mus\u00e9e d\u00e9di\u00e9 \u00e0 l\u2019\u00e9crivain Stendhal. Il est situ\u00e9 20 Grande rue \u00e0 Grenoble, o\u00f9 v\u00e9cut le romancier durant son enfance entre 1790 et 1796. <em>(wikipedia)<\/em><\/p>\n<p style=\"text-align: justify;\">Son principal attrait demeure la fameuse treille, visible depuis le Jardin de Ville, mais chaque pi\u00e8ce de ce bel \u00e9difice ne manque pas d\u2019int\u00e9r\u00eat :<br \/>\n\u2013 le grand salon \u00e0 l\u2019italienne par lequel nous entrons<br \/>\n\u2013 le cabinet d\u2019histoire naturelle<br \/>\n\u2013 le cabinet d\u2019\u00e9t\u00e9<br \/>\n\u2013 une chambre d\u2019h\u00f4te<\/p>\n<p><a href=\"http:\/\/www.grenobleurl.fr\/wordpress\/wp-content\/uploads\/2012\/10\/gagnon1.jpg\"><img loading=\"lazy\" decoding=\"async\" class=\"aligncenter size-medium wp-image-5889\" title=\"gagnon1\" src=\"http:\/\/www.grenobleurl.fr\/wordpress\/wp-content\/uploads\/2012\/10\/gagnon1-200x300.jpg\" sizes=\"auto, (max-width: 200px) 100vw, 200px\" srcset=\"http:\/\/www.grenobleurl.fr\/wordpress\/wp-content\/uploads\/2012\/10\/gagnon1-200x300.jpg 200w, http:\/\/www.grenobleurl.fr\/wordpress\/wp-content\/uploads\/2012\/10\/gagnon1-682x1024.jpg 682w, http:\/\/www.grenobleurl.fr\/wordpress\/wp-content\/uploads\/2012\/10\/gagnon1.jpg 700w\" alt=\"\" width=\"200\" height=\"300\" \/><\/a><a href=\"http:\/\/www.grenobleurl.fr\/wordpress\/wp-content\/uploads\/2012\/10\/gagnon2.jpg\"><img loading=\"lazy\" decoding=\"async\" class=\"aligncenter size-medium wp-image-5890\" title=\"gagnon2\" src=\"http:\/\/www.grenobleurl.fr\/wordpress\/wp-content\/uploads\/2012\/10\/gagnon2-200x300.jpg\" sizes=\"auto, (max-width: 200px) 100vw, 200px\" srcset=\"http:\/\/www.grenobleurl.fr\/wordpress\/wp-content\/uploads\/2012\/10\/gagnon2-200x300.jpg 200w, http:\/\/www.grenobleurl.fr\/wordpress\/wp-content\/uploads\/2012\/10\/gagnon2-682x1024.jpg 682w, http:\/\/www.grenobleurl.fr\/wordpress\/wp-content\/uploads\/2012\/10\/gagnon2.jpg 700w\" alt=\"\" width=\"200\" height=\"300\" \/><\/a><a href=\"http:\/\/www.grenobleurl.fr\/wordpress\/wp-content\/uploads\/2012\/10\/gagnon3.jpg\"><img loading=\"lazy\" decoding=\"async\" class=\"aligncenter size-medium wp-image-5891\" title=\"gagnon3\" src=\"http:\/\/www.grenobleurl.fr\/wordpress\/wp-content\/uploads\/2012\/10\/gagnon3-300x200.jpg\" sizes=\"auto, (max-width: 300px) 100vw, 300px\" srcset=\"http:\/\/www.grenobleurl.fr\/wordpress\/wp-content\/uploads\/2012\/10\/gagnon3-300x200.jpg 300w, http:\/\/www.grenobleurl.fr\/wordpress\/wp-content\/uploads\/2012\/10\/gagnon3.jpg 700w\" alt=\"\" width=\"300\" height=\"200\" \/><\/a><\/p>\n<p>Quelques liens relatifs \u00e0 cet appartement :<br \/>\n<a href=\"http:\/\/culture.grenoble.fr\/TPL_CODE\/TPL_LIEU\/PAR_TPL_IDENTIFIANT\/120\/163-patrimoine.htm\" target=\"_blank\" rel=\"noopener\">Culture.Grenoble.fr, le portail culturel de la Ville de Grenoble<\/a><br \/>\n<a href=\"http:\/\/curiositas.org\/document.php?id=1801\" target=\"_blank\" rel=\"noopener\">Cabinets de curiosit\u00e9s<\/a><br \/>\n<a href=\"http:\/\/fr.wikipedia.org\/wiki\/Appartement_du_docteur_Gagnon\" target=\"_blank\" rel=\"noopener\">Appartement du docteur Gagnon (wikipedia)<\/a><br \/>\n<a href=\"http:\/\/www.culture.fr\/fr\/sections\/themes\/maisonsdesillustres\/articles\/appartement-du-docteur\" target=\"_blank\" rel=\"noopener\">Culture.fr<\/a><\/p>\n<p style=\"text-align: center;\"><a href=\"https:\/\/amzn.to\/3FR6lvl\" target=\"_blank\" rel=\"noopener\"><strong>Ouvrages sur Stendhal<\/strong><\/a><\/p>\n<p><a href=\"https:\/\/amzn.to\/3FR6lvl\" target=\"_blank\" rel=\"noopener\"><img loading=\"lazy\" decoding=\"async\" class=\"aligncenter size-full wp-image-102019\" src=\"https:\/\/www.charles-de-flahaut.fr\/wordpress\/wp-content\/uploads\/2017\/08\/stendhal.jpg\" alt=\"\" width=\"278\" height=\"445\" srcset=\"https:\/\/www.charles-de-flahaut.fr\/wordpress\/wp-content\/uploads\/2017\/08\/stendhal.jpg 278w, https:\/\/www.charles-de-flahaut.fr\/wordpress\/wp-content\/uploads\/2017\/08\/stendhal-187x300.jpg 187w\" sizes=\"auto, (max-width: 278px) 100vw, 278px\" \/><\/a><\/p>\n","protected":false},"excerpt":{"rendered":"<p>Cet appartement magnifiquement restaur\u00e9 a ouvert ses portes au public lors des derni\u00e8res journ\u00e9es europ\u00e9ennes du patrimoine (\u00e9dition 2012) Stendhal aimait y venir et passait d\u2019heureux moments avec son grand-p\u00e8re maternel, le docteur Gagnon. L\u2019appartement du docteur Gagnon ou maison Stendhal est un ensemble immobilier de deux maisons sur deux \u00e9tages des XVIe et XVIIe &hellip; <\/p>\n<p><a class=\"more-link btn\" href=\"https:\/\/www.charles-de-flahaut.fr\/wordpress\/lappartement-du-docteur-gagnon-a-grenoble-grand-pere-de-stendhal\/\">Lire la suite<\/a><\/p>\n","protected":false},"author":117,"featured_media":0,"comment_status":"open","ping_status":"open","sticky":false,"template":"","format":"standard","meta":{"footnotes":""},"categories":[126,16,8,79],"tags":[],"class_list":["post-46563","post","type-post","status-publish","format-standard","hentry","category-38-isere","category-histoire-regionale","category-patrimoine","category-personnages-celebres","item-wrap"],"yoast_head":"<!-- This site is optimized with the Yoast SEO plugin v27.4 - https:\/\/yoast.com\/product\/yoast-seo-wordpress\/ -->\n<title>L\u2019appartement du docteur Gagnon \u00e0 Grenoble (grand-p\u00e8re de Stendhal) - Histoire de France - Communiqu\u00e9s<\/title>\n<meta name=\"description\" content=\"Cet appartement magnifiquement restaur\u00e9 a ouvert ses portes au public lors des derni\u00e8res journ\u00e9es europ\u00e9ennes du patrimoine (\u00e9dition 2012)\" \/>\n<meta name=\"robots\" content=\"index, follow, max-snippet:-1, max-image-preview:large, max-video-preview:-1\" \/>\n<link rel=\"canonical\" href=\"https:\/\/www.charles-de-flahaut.fr\/wordpress\/lappartement-du-docteur-gagnon-a-grenoble-grand-pere-de-stendhal\/\" \/>\n<meta property=\"og:locale\" content=\"fr_FR\" \/>\n<meta property=\"og:type\" content=\"article\" \/>\n<meta property=\"og:title\" content=\"L\u2019appartement du docteur Gagnon \u00e0 Grenoble (grand-p\u00e8re de Stendhal) - Histoire de France - Communiqu\u00e9s\" \/>\n<meta property=\"og:description\" content=\"Cet appartement magnifiquement restaur\u00e9 a ouvert ses portes au public lors des derni\u00e8res journ\u00e9es europ\u00e9ennes du patrimoine (\u00e9dition 2012)\" \/>\n<meta property=\"og:url\" content=\"https:\/\/www.charles-de-flahaut.fr\/wordpress\/lappartement-du-docteur-gagnon-a-grenoble-grand-pere-de-stendhal\/\" \/>\n<meta property=\"og:site_name\" content=\"Histoire de France - Communiqu\u00e9s\" \/>\n<meta property=\"article:publisher\" content=\"https:\/\/www.facebook.com\/Sites.HistoiredeFrance\" \/>\n<meta property=\"article:published_time\" content=\"2017-08-16T06:28:17+00:00\" \/>\n<meta property=\"article:modified_time\" content=\"2025-03-31T15:09:05+00:00\" \/>\n<meta name=\"author\" content=\"administrateur\" \/>\n<meta name=\"twitter:card\" content=\"summary_large_image\" \/>\n<meta name=\"twitter:label1\" content=\"\u00c9crit par\" \/>\n\t<meta name=\"twitter:data1\" content=\"administrateur\" \/>\n\t<meta name=\"twitter:label2\" content=\"Dur\u00e9e de lecture estim\u00e9e\" \/>\n\t<meta name=\"twitter:data2\" content=\"2 minutes\" \/>\n<script type=\"application\/ld+json\" class=\"yoast-schema-graph\">{\"@context\":\"https:\\\/\\\/schema.org\",\"@graph\":[{\"@type\":\"Article\",\"@id\":\"https:\\\/\\\/www.charles-de-flahaut.fr\\\/wordpress\\\/lappartement-du-docteur-gagnon-a-grenoble-grand-pere-de-stendhal\\\/#article\",\"isPartOf\":{\"@id\":\"https:\\\/\\\/www.charles-de-flahaut.fr\\\/wordpress\\\/lappartement-du-docteur-gagnon-a-grenoble-grand-pere-de-stendhal\\\/\"},\"author\":{\"name\":\"administrateur\",\"@id\":\"https:\\\/\\\/www.charles-de-flahaut.fr\\\/wordpress\\\/#\\\/schema\\\/person\\\/41c41eaf9ae1d70810ff74a04a786c56\"},\"headline\":\"L\u2019appartement du docteur Gagnon \u00e0 Grenoble (grand-p\u00e8re de Stendhal)\",\"datePublished\":\"2017-08-16T06:28:17+00:00\",\"dateModified\":\"2025-03-31T15:09:05+00:00\",\"mainEntityOfPage\":{\"@id\":\"https:\\\/\\\/www.charles-de-flahaut.fr\\\/wordpress\\\/lappartement-du-docteur-gagnon-a-grenoble-grand-pere-de-stendhal\\\/\"},\"wordCount\":179,\"commentCount\":0,\"publisher\":{\"@id\":\"https:\\\/\\\/www.charles-de-flahaut.fr\\\/wordpress\\\/#\\\/schema\\\/person\\\/81011c8b61bc74c05499365a506d49a9\"},\"image\":{\"@id\":\"https:\\\/\\\/www.charles-de-flahaut.fr\\\/wordpress\\\/lappartement-du-docteur-gagnon-a-grenoble-grand-pere-de-stendhal\\\/#primaryimage\"},\"thumbnailUrl\":\"http:\\\/\\\/www.grenobleurl.fr\\\/wordpress\\\/wp-content\\\/uploads\\\/2012\\\/10\\\/gagnon1-200x300.jpg\",\"articleSection\":[\"38 - Is\u00e8re\",\"histoire locale\",\"patrimoine\",\"personnages c\u00e9l\u00e8bres\"],\"inLanguage\":\"fr-FR\",\"potentialAction\":[{\"@type\":\"CommentAction\",\"name\":\"Comment\",\"target\":[\"https:\\\/\\\/www.charles-de-flahaut.fr\\\/wordpress\\\/lappartement-du-docteur-gagnon-a-grenoble-grand-pere-de-stendhal\\\/#respond\"]}]},{\"@type\":\"WebPage\",\"@id\":\"https:\\\/\\\/www.charles-de-flahaut.fr\\\/wordpress\\\/lappartement-du-docteur-gagnon-a-grenoble-grand-pere-de-stendhal\\\/\",\"url\":\"https:\\\/\\\/www.charles-de-flahaut.fr\\\/wordpress\\\/lappartement-du-docteur-gagnon-a-grenoble-grand-pere-de-stendhal\\\/\",\"name\":\"L\u2019appartement du docteur Gagnon \u00e0 Grenoble (grand-p\u00e8re de Stendhal) - Histoire de France - Communiqu\u00e9s\",\"isPartOf\":{\"@id\":\"https:\\\/\\\/www.charles-de-flahaut.fr\\\/wordpress\\\/#website\"},\"primaryImageOfPage\":{\"@id\":\"https:\\\/\\\/www.charles-de-flahaut.fr\\\/wordpress\\\/lappartement-du-docteur-gagnon-a-grenoble-grand-pere-de-stendhal\\\/#primaryimage\"},\"image\":{\"@id\":\"https:\\\/\\\/www.charles-de-flahaut.fr\\\/wordpress\\\/lappartement-du-docteur-gagnon-a-grenoble-grand-pere-de-stendhal\\\/#primaryimage\"},\"thumbnailUrl\":\"http:\\\/\\\/www.grenobleurl.fr\\\/wordpress\\\/wp-content\\\/uploads\\\/2012\\\/10\\\/gagnon1-200x300.jpg\",\"datePublished\":\"2017-08-16T06:28:17+00:00\",\"dateModified\":\"2025-03-31T15:09:05+00:00\",\"description\":\"Cet appartement magnifiquement restaur\u00e9 a ouvert ses portes au public lors des derni\u00e8res journ\u00e9es europ\u00e9ennes du patrimoine (\u00e9dition 2012)\",\"breadcrumb\":{\"@id\":\"https:\\\/\\\/www.charles-de-flahaut.fr\\\/wordpress\\\/lappartement-du-docteur-gagnon-a-grenoble-grand-pere-de-stendhal\\\/#breadcrumb\"},\"inLanguage\":\"fr-FR\",\"potentialAction\":[{\"@type\":\"ReadAction\",\"target\":[\"https:\\\/\\\/www.charles-de-flahaut.fr\\\/wordpress\\\/lappartement-du-docteur-gagnon-a-grenoble-grand-pere-de-stendhal\\\/\"]}]},{\"@type\":\"ImageObject\",\"inLanguage\":\"fr-FR\",\"@id\":\"https:\\\/\\\/www.charles-de-flahaut.fr\\\/wordpress\\\/lappartement-du-docteur-gagnon-a-grenoble-grand-pere-de-stendhal\\\/#primaryimage\",\"url\":\"http:\\\/\\\/www.grenobleurl.fr\\\/wordpress\\\/wp-content\\\/uploads\\\/2012\\\/10\\\/gagnon1-200x300.jpg\",\"contentUrl\":\"http:\\\/\\\/www.grenobleurl.fr\\\/wordpress\\\/wp-content\\\/uploads\\\/2012\\\/10\\\/gagnon1-200x300.jpg\"},{\"@type\":\"BreadcrumbList\",\"@id\":\"https:\\\/\\\/www.charles-de-flahaut.fr\\\/wordpress\\\/lappartement-du-docteur-gagnon-a-grenoble-grand-pere-de-stendhal\\\/#breadcrumb\",\"itemListElement\":[{\"@type\":\"ListItem\",\"position\":1,\"name\":\"Accueil\",\"item\":\"https:\\\/\\\/www.charles-de-flahaut.fr\\\/wordpress\\\/\"},{\"@type\":\"ListItem\",\"position\":2,\"name\":\"L\u2019appartement du docteur Gagnon \u00e0 Grenoble (grand-p\u00e8re de Stendhal)\"}]},{\"@type\":\"WebSite\",\"@id\":\"https:\\\/\\\/www.charles-de-flahaut.fr\\\/wordpress\\\/#website\",\"url\":\"https:\\\/\\\/www.charles-de-flahaut.fr\\\/wordpress\\\/\",\"name\":\"Histoire de France - Communiqu\u00e9s\",\"description\":\"Histoire et patrimoine\",\"publisher\":{\"@id\":\"https:\\\/\\\/www.charles-de-flahaut.fr\\\/wordpress\\\/#\\\/schema\\\/person\\\/81011c8b61bc74c05499365a506d49a9\"},\"potentialAction\":[{\"@type\":\"SearchAction\",\"target\":{\"@type\":\"EntryPoint\",\"urlTemplate\":\"https:\\\/\\\/www.charles-de-flahaut.fr\\\/wordpress\\\/?s={search_term_string}\"},\"query-input\":{\"@type\":\"PropertyValueSpecification\",\"valueRequired\":true,\"valueName\":\"search_term_string\"}}],\"inLanguage\":\"fr-FR\"},{\"@type\":[\"Person\",\"Organization\"],\"@id\":\"https:\\\/\\\/www.charles-de-flahaut.fr\\\/wordpress\\\/#\\\/schema\\\/person\\\/81011c8b61bc74c05499365a506d49a9\",\"name\":\"administrateur\",\"logo\":{\"@id\":\"https:\\\/\\\/www.charles-de-flahaut.fr\\\/wordpress\\\/#\\\/schema\\\/person\\\/image\\\/\"},\"sameAs\":[\"http:\\\/\\\/www.charles-de-flahaut.fr\",\"https:\\\/\\\/www.facebook.com\\\/Sites.HistoiredeFrance\"]},{\"@type\":\"Person\",\"@id\":\"https:\\\/\\\/www.charles-de-flahaut.fr\\\/wordpress\\\/#\\\/schema\\\/person\\\/41c41eaf9ae1d70810ff74a04a786c56\",\"name\":\"administrateur\",\"url\":\"https:\\\/\\\/www.charles-de-flahaut.fr\\\/wordpress\\\/author\\\/hist_8la_ad\\\/\"}]}<\/script>\n<!-- \/ Yoast SEO plugin. -->","yoast_head_json":{"title":"L\u2019appartement du docteur Gagnon \u00e0 Grenoble (grand-p\u00e8re de Stendhal) - Histoire de France - Communiqu\u00e9s","description":"Cet appartement magnifiquement restaur\u00e9 a ouvert ses portes au public lors des derni\u00e8res journ\u00e9es europ\u00e9ennes du patrimoine (\u00e9dition 2012)","robots":{"index":"index","follow":"follow","max-snippet":"max-snippet:-1","max-image-preview":"max-image-preview:large","max-video-preview":"max-video-preview:-1"},"canonical":"https:\/\/www.charles-de-flahaut.fr\/wordpress\/lappartement-du-docteur-gagnon-a-grenoble-grand-pere-de-stendhal\/","og_locale":"fr_FR","og_type":"article","og_title":"L\u2019appartement du docteur Gagnon \u00e0 Grenoble (grand-p\u00e8re de Stendhal) - Histoire de France - Communiqu\u00e9s","og_description":"Cet appartement magnifiquement restaur\u00e9 a ouvert ses portes au public lors des derni\u00e8res journ\u00e9es europ\u00e9ennes du patrimoine (\u00e9dition 2012)","og_url":"https:\/\/www.charles-de-flahaut.fr\/wordpress\/lappartement-du-docteur-gagnon-a-grenoble-grand-pere-de-stendhal\/","og_site_name":"Histoire de France - Communiqu\u00e9s","article_publisher":"https:\/\/www.facebook.com\/Sites.HistoiredeFrance","article_published_time":"2017-08-16T06:28:17+00:00","article_modified_time":"2025-03-31T15:09:05+00:00","author":"administrateur","twitter_card":"summary_large_image","twitter_misc":{"\u00c9crit par":"administrateur","Dur\u00e9e de lecture estim\u00e9e":"2 minutes"},"schema":{"@context":"https:\/\/schema.org","@graph":[{"@type":"Article","@id":"https:\/\/www.charles-de-flahaut.fr\/wordpress\/lappartement-du-docteur-gagnon-a-grenoble-grand-pere-de-stendhal\/#article","isPartOf":{"@id":"https:\/\/www.charles-de-flahaut.fr\/wordpress\/lappartement-du-docteur-gagnon-a-grenoble-grand-pere-de-stendhal\/"},"author":{"name":"administrateur","@id":"https:\/\/www.charles-de-flahaut.fr\/wordpress\/#\/schema\/person\/41c41eaf9ae1d70810ff74a04a786c56"},"headline":"L\u2019appartement du docteur Gagnon \u00e0 Grenoble (grand-p\u00e8re de Stendhal)","datePublished":"2017-08-16T06:28:17+00:00","dateModified":"2025-03-31T15:09:05+00:00","mainEntityOfPage":{"@id":"https:\/\/www.charles-de-flahaut.fr\/wordpress\/lappartement-du-docteur-gagnon-a-grenoble-grand-pere-de-stendhal\/"},"wordCount":179,"commentCount":0,"publisher":{"@id":"https:\/\/www.charles-de-flahaut.fr\/wordpress\/#\/schema\/person\/81011c8b61bc74c05499365a506d49a9"},"image":{"@id":"https:\/\/www.charles-de-flahaut.fr\/wordpress\/lappartement-du-docteur-gagnon-a-grenoble-grand-pere-de-stendhal\/#primaryimage"},"thumbnailUrl":"http:\/\/www.grenobleurl.fr\/wordpress\/wp-content\/uploads\/2012\/10\/gagnon1-200x300.jpg","articleSection":["38 - Is\u00e8re","histoire locale","patrimoine","personnages c\u00e9l\u00e8bres"],"inLanguage":"fr-FR","potentialAction":[{"@type":"CommentAction","name":"Comment","target":["https:\/\/www.charles-de-flahaut.fr\/wordpress\/lappartement-du-docteur-gagnon-a-grenoble-grand-pere-de-stendhal\/#respond"]}]},{"@type":"WebPage","@id":"https:\/\/www.charles-de-flahaut.fr\/wordpress\/lappartement-du-docteur-gagnon-a-grenoble-grand-pere-de-stendhal\/","url":"https:\/\/www.charles-de-flahaut.fr\/wordpress\/lappartement-du-docteur-gagnon-a-grenoble-grand-pere-de-stendhal\/","name":"L\u2019appartement du docteur Gagnon \u00e0 Grenoble (grand-p\u00e8re de Stendhal) - Histoire de France - Communiqu\u00e9s","isPartOf":{"@id":"https:\/\/www.charles-de-flahaut.fr\/wordpress\/#website"},"primaryImageOfPage":{"@id":"https:\/\/www.charles-de-flahaut.fr\/wordpress\/lappartement-du-docteur-gagnon-a-grenoble-grand-pere-de-stendhal\/#primaryimage"},"image":{"@id":"https:\/\/www.charles-de-flahaut.fr\/wordpress\/lappartement-du-docteur-gagnon-a-grenoble-grand-pere-de-stendhal\/#primaryimage"},"thumbnailUrl":"http:\/\/www.grenobleurl.fr\/wordpress\/wp-content\/uploads\/2012\/10\/gagnon1-200x300.jpg","datePublished":"2017-08-16T06:28:17+00:00","dateModified":"2025-03-31T15:09:05+00:00","description":"Cet appartement magnifiquement restaur\u00e9 a ouvert ses portes au public lors des derni\u00e8res journ\u00e9es europ\u00e9ennes du patrimoine (\u00e9dition 2012)","breadcrumb":{"@id":"https:\/\/www.charles-de-flahaut.fr\/wordpress\/lappartement-du-docteur-gagnon-a-grenoble-grand-pere-de-stendhal\/#breadcrumb"},"inLanguage":"fr-FR","potentialAction":[{"@type":"ReadAction","target":["https:\/\/www.charles-de-flahaut.fr\/wordpress\/lappartement-du-docteur-gagnon-a-grenoble-grand-pere-de-stendhal\/"]}]},{"@type":"ImageObject","inLanguage":"fr-FR","@id":"https:\/\/www.charles-de-flahaut.fr\/wordpress\/lappartement-du-docteur-gagnon-a-grenoble-grand-pere-de-stendhal\/#primaryimage","url":"http:\/\/www.grenobleurl.fr\/wordpress\/wp-content\/uploads\/2012\/10\/gagnon1-200x300.jpg","contentUrl":"http:\/\/www.grenobleurl.fr\/wordpress\/wp-content\/uploads\/2012\/10\/gagnon1-200x300.jpg"},{"@type":"BreadcrumbList","@id":"https:\/\/www.charles-de-flahaut.fr\/wordpress\/lappartement-du-docteur-gagnon-a-grenoble-grand-pere-de-stendhal\/#breadcrumb","itemListElement":[{"@type":"ListItem","position":1,"name":"Accueil","item":"https:\/\/www.charles-de-flahaut.fr\/wordpress\/"},{"@type":"ListItem","position":2,"name":"L\u2019appartement du docteur Gagnon \u00e0 Grenoble (grand-p\u00e8re de Stendhal)"}]},{"@type":"WebSite","@id":"https:\/\/www.charles-de-flahaut.fr\/wordpress\/#website","url":"https:\/\/www.charles-de-flahaut.fr\/wordpress\/","name":"Histoire de France - Communiqu\u00e9s","description":"Histoire et patrimoine","publisher":{"@id":"https:\/\/www.charles-de-flahaut.fr\/wordpress\/#\/schema\/person\/81011c8b61bc74c05499365a506d49a9"},"potentialAction":[{"@type":"SearchAction","target":{"@type":"EntryPoint","urlTemplate":"https:\/\/www.charles-de-flahaut.fr\/wordpress\/?s={search_term_string}"},"query-input":{"@type":"PropertyValueSpecification","valueRequired":true,"valueName":"search_term_string"}}],"inLanguage":"fr-FR"},{"@type":["Person","Organization"],"@id":"https:\/\/www.charles-de-flahaut.fr\/wordpress\/#\/schema\/person\/81011c8b61bc74c05499365a506d49a9","name":"administrateur","logo":{"@id":"https:\/\/www.charles-de-flahaut.fr\/wordpress\/#\/schema\/person\/image\/"},"sameAs":["http:\/\/www.charles-de-flahaut.fr","https:\/\/www.facebook.com\/Sites.HistoiredeFrance"]},{"@type":"Person","@id":"https:\/\/www.charles-de-flahaut.fr\/wordpress\/#\/schema\/person\/41c41eaf9ae1d70810ff74a04a786c56","name":"administrateur","url":"https:\/\/www.charles-de-flahaut.fr\/wordpress\/author\/hist_8la_ad\/"}]}},"views":544,"amp_enabled":true,"_links":{"self":[{"href":"https:\/\/www.charles-de-flahaut.fr\/wordpress\/wp-json\/wp\/v2\/posts\/46563","targetHints":{"allow":["GET"]}}],"collection":[{"href":"https:\/\/www.charles-de-flahaut.fr\/wordpress\/wp-json\/wp\/v2\/posts"}],"about":[{"href":"https:\/\/www.charles-de-flahaut.fr\/wordpress\/wp-json\/wp\/v2\/types\/post"}],"author":[{"embeddable":true,"href":"https:\/\/www.charles-de-flahaut.fr\/wordpress\/wp-json\/wp\/v2\/users\/117"}],"replies":[{"embeddable":true,"href":"https:\/\/www.charles-de-flahaut.fr\/wordpress\/wp-json\/wp\/v2\/comments?post=46563"}],"version-history":[{"count":3,"href":"https:\/\/www.charles-de-flahaut.fr\/wordpress\/wp-json\/wp\/v2\/posts\/46563\/revisions"}],"predecessor-version":[{"id":102021,"href":"https:\/\/www.charles-de-flahaut.fr\/wordpress\/wp-json\/wp\/v2\/posts\/46563\/revisions\/102021"}],"wp:attachment":[{"href":"https:\/\/www.charles-de-flahaut.fr\/wordpress\/wp-json\/wp\/v2\/media?parent=46563"}],"wp:term":[{"taxonomy":"category","embeddable":true,"href":"https:\/\/www.charles-de-flahaut.fr\/wordpress\/wp-json\/wp\/v2\/categories?post=46563"},{"taxonomy":"post_tag","embeddable":true,"href":"https:\/\/www.charles-de-flahaut.fr\/wordpress\/wp-json\/wp\/v2\/tags?post=46563"}],"curies":[{"name":"wp","href":"https:\/\/api.w.org\/{rel}","templated":true}]}}