{"id":46330,"date":"2017-08-13T12:32:55","date_gmt":"2017-08-13T11:32:55","guid":{"rendered":"http:\/\/www.charles-de-flahaut.fr\/wordpress\/?p=46330"},"modified":"2025-03-31T16:58:36","modified_gmt":"2025-03-31T15:58:36","slug":"la-rue-lesdiguieres-a-grenoble","status":"publish","type":"post","link":"https:\/\/www.charles-de-flahaut.fr\/wordpress\/la-rue-lesdiguieres-a-grenoble\/","title":{"rendered":"La rue Lesdigui\u00e8res \u00e0 Grenoble"},"content":{"rendered":"<p>La rue Lesdigui\u00e8res est une art\u00e8re importante de Grenoble.<\/p>\n<p style=\"text-align: justify;\">Elle est situ\u00e9e entre la place <a href=\"http:\/\/fr.wikipedia.org\/wiki\/Jean-%C3%89tienne_Vachier-Championnet\" target=\"_blank\" rel=\"noopener\">Championnet<\/a> et la place de Verdun<br \/>\nElle est ainsi d\u00e9nomm\u00e9e depuis 1845.<br \/>\nAutrefois, elle continuait apr\u00e8s la place de Verdun (actuelle rue <a href=\"http:\/\/fr.wikipedia.org\/wiki\/Ernest_H%C3%A9bert\" target=\"_blank\" rel=\"noopener\">H\u00e9bert<\/a>)<\/p>\n<p style=\"text-align: justify;\"><strong>Qui \u00e9tait Lesdigui\u00e8res ?<\/strong><br \/>\nFran\u00e7ois de Bonne, duc de Lesdigui\u00e8res, conn\u00e9table de France, est un des personnages les plus importants de l\u2019Histoire de Grenoble et du Dauphin\u00e9.<br \/>\nIl \u00ab\u00a0s\u2019empara\u00a0\u00bb de Grenoble en 1590 et de toute la vall\u00e9e du Gr\u00e9sivaudan, jusqu\u2019\u00e0 Fort Barraux.<br \/>\nIl obtint le titre de conn\u00e9table de France en 1622, apr\u00e8s avoir abjur\u00e9 le protestantisme.<br \/>\nIl fut un grand b\u00e2tisseur : routes, ponts (dont celui de Pont de Claix), construisit de grands b\u00e2timents, dont le palais du Jardin de Ville, entoura le ville de nombreuses fortifications\u2026<br \/>\nSa d\u00e9pouille fut inhum\u00e9e dans l\u2019\u00e9glise de Sassenage, fief de la famille de B\u00e9ranger<br \/>\n<a href=\"http:\/\/fr.wikipedia.org\/wiki\/Fran%C3%A7ois_de_Bonne_de_Lesdigui%C3%A8res\" target=\"_blank\" rel=\"noopener\">En savoir plus sur Lesdigui\u00e8res (wikipedia)<\/a><\/p>\n<p style=\"text-align: justify;\"><strong>Parcourons ensemble la rue Lesdigui\u00e8res<\/strong><br \/>\nElle commence donc \u00e0 la place Championnet<a href=\"http:\/\/www.grenobleurl.fr\/wordpress\/wp-content\/uploads\/2012\/10\/pl_championnet.jpg\"><img loading=\"lazy\" decoding=\"async\" class=\"aligncenter size-medium wp-image-6520\" title=\"pl_championnet\" src=\"http:\/\/www.grenobleurl.fr\/wordpress\/wp-content\/uploads\/2012\/10\/pl_championnet-300x223.jpg\" sizes=\"auto, (max-width: 300px) 100vw, 300px\" srcset=\"http:\/\/www.grenobleurl.fr\/wordpress\/wp-content\/uploads\/2012\/10\/pl_championnet-300x223.jpg 300w, http:\/\/www.grenobleurl.fr\/wordpress\/wp-content\/uploads\/2012\/10\/pl_championnet-1024x762.jpg 1024w, http:\/\/www.grenobleurl.fr\/wordpress\/wp-content\/uploads\/2012\/10\/pl_championnet.jpg 1600w\" alt=\"\" width=\"300\" height=\"223\" \/><\/a>Au loin, dans l\u2019axe, on devine la cha\u00eene de Belledonne<\/p>\n<p><a href=\"http:\/\/www.grenobleurl.fr\/wordpress\/wp-content\/uploads\/2012\/10\/plaque.jpg\"><img loading=\"lazy\" decoding=\"async\" class=\"aligncenter size-medium wp-image-6521\" title=\"plaque\" src=\"http:\/\/www.grenobleurl.fr\/wordpress\/wp-content\/uploads\/2012\/10\/plaque-300x225.jpg\" sizes=\"auto, (max-width: 300px) 100vw, 300px\" srcset=\"http:\/\/www.grenobleurl.fr\/wordpress\/wp-content\/uploads\/2012\/10\/plaque-300x225.jpg 300w, http:\/\/www.grenobleurl.fr\/wordpress\/wp-content\/uploads\/2012\/10\/plaque.jpg 1000w\" alt=\"\" width=\"300\" height=\"225\" \/><\/a><a href=\"http:\/\/www.grenobleurl.fr\/wordpress\/wp-content\/uploads\/2012\/10\/lesdiguieres1.jpg\"><img loading=\"lazy\" decoding=\"async\" class=\"aligncenter size-medium wp-image-6522\" title=\"lesdiguieres1\" src=\"http:\/\/www.grenobleurl.fr\/wordpress\/wp-content\/uploads\/2012\/10\/lesdiguieres1-300x225.jpg\" sizes=\"auto, (max-width: 300px) 100vw, 300px\" srcset=\"http:\/\/www.grenobleurl.fr\/wordpress\/wp-content\/uploads\/2012\/10\/lesdiguieres1-300x225.jpg 300w, http:\/\/www.grenobleurl.fr\/wordpress\/wp-content\/uploads\/2012\/10\/lesdiguieres1.jpg 1000w\" alt=\"\" width=\"300\" height=\"225\" \/><\/a>Elle traverse le Cours <a href=\"http:\/\/fr.wikipedia.org\/wiki\/L%C3%A9on_Gambetta\" target=\"_blank\" rel=\"noopener\">Gambetta<\/a>. A l\u2019angle, se situent le Coll\u00e8ge <a href=\"http:\/\/fr.wikipedia.org\/wiki\/Jean-Fran%C3%A7ois_Champollion\" target=\"_blank\" rel=\"noopener\">Champollion<\/a> (ancienne \u00e9cole primaire Lesdigui\u00e8res) , sur la droite, et le Lyc\u00e9e Champollion, sur la gauche.<\/p>\n<p><a href=\"http:\/\/www.grenobleurl.fr\/wordpress\/wp-content\/uploads\/2012\/10\/lesdiguieres4.jpg\"><img loading=\"lazy\" decoding=\"async\" class=\"aligncenter size-medium wp-image-6525\" title=\"lesdiguieres4\" src=\"http:\/\/www.grenobleurl.fr\/wordpress\/wp-content\/uploads\/2012\/10\/lesdiguieres4-300x225.jpg\" sizes=\"auto, (max-width: 300px) 100vw, 300px\" srcset=\"http:\/\/www.grenobleurl.fr\/wordpress\/wp-content\/uploads\/2012\/10\/lesdiguieres4-300x225.jpg 300w, http:\/\/www.grenobleurl.fr\/wordpress\/wp-content\/uploads\/2012\/10\/lesdiguieres4.jpg 1000w\" alt=\"\" width=\"300\" height=\"225\" \/><\/a><\/p>\n<p style=\"text-align: justify;\"><a href=\"http:\/\/www.grenobleurl.fr\/wordpress\/wp-content\/uploads\/2012\/10\/lesdiguieres2.jpg\"><img loading=\"lazy\" decoding=\"async\" class=\"aligncenter size-medium wp-image-6523\" title=\"lesdiguieres2\" src=\"http:\/\/www.grenobleurl.fr\/wordpress\/wp-content\/uploads\/2012\/10\/lesdiguieres2-300x225.jpg\" sizes=\"auto, (max-width: 300px) 100vw, 300px\" srcset=\"http:\/\/www.grenobleurl.fr\/wordpress\/wp-content\/uploads\/2012\/10\/lesdiguieres2-300x225.jpg 300w, http:\/\/www.grenobleurl.fr\/wordpress\/wp-content\/uploads\/2012\/10\/lesdiguieres2.jpg 1000w\" alt=\"\" width=\"300\" height=\"225\" \/><\/a><a href=\"http:\/\/www.grenobleurl.fr\/wordpress\/wp-content\/uploads\/2012\/10\/lesdiguieres3.jpg\"><img loading=\"lazy\" decoding=\"async\" class=\"aligncenter size-medium wp-image-6524\" title=\"lesdiguieres3\" src=\"http:\/\/www.grenobleurl.fr\/wordpress\/wp-content\/uploads\/2012\/10\/lesdiguieres3-300x209.jpg\" sizes=\"auto, (max-width: 300px) 100vw, 300px\" srcset=\"http:\/\/www.grenobleurl.fr\/wordpress\/wp-content\/uploads\/2012\/10\/lesdiguieres3-300x209.jpg 300w, http:\/\/www.grenobleurl.fr\/wordpress\/wp-content\/uploads\/2012\/10\/lesdiguieres3.jpg 1000w\" alt=\"\" width=\"300\" height=\"209\" \/><\/a>Avant de croiser le boulevard <a href=\"http:\/\/fr.wikipedia.org\/wiki\/Georgette_Agutte\" target=\"_blank\" rel=\"noopener\">Agutte-Sambat<\/a>, nous passons devant l\u2019\u00e9cole des Beaux-Arts, et un b\u00e2timent de la Police municipale.<br \/>\nLes entr\u00e9es de cette portion de rue sont orn\u00e9es, sur la droite, des <a href=\"http:\/\/fr.wikipedia.org\/wiki\/Armoiries_de_Grenoble\" target=\"_blank\" rel=\"noopener\">armoiries de la Ville de Grenoble (les 3 roses)<\/a><\/p>\n<p style=\"text-align: justify;\"><a href=\"http:\/\/www.grenobleurl.fr\/wordpress\/wp-content\/uploads\/2012\/10\/lesdiguieres5.jpg\"><img loading=\"lazy\" decoding=\"async\" class=\"aligncenter size-medium wp-image-6527\" title=\"lesdiguieres5\" src=\"http:\/\/www.grenobleurl.fr\/wordpress\/wp-content\/uploads\/2012\/10\/lesdiguieres5-225x300.jpg\" sizes=\"auto, (max-width: 225px) 100vw, 225px\" srcset=\"http:\/\/www.grenobleurl.fr\/wordpress\/wp-content\/uploads\/2012\/10\/lesdiguieres5-225x300.jpg 225w, http:\/\/www.grenobleurl.fr\/wordpress\/wp-content\/uploads\/2012\/10\/lesdiguieres5.jpg 752w\" alt=\"\" width=\"225\" height=\"300\" \/><\/a><a href=\"http:\/\/www.grenobleurl.fr\/wordpress\/wp-content\/uploads\/2012\/10\/lesdiguieres6.jpg\"><img loading=\"lazy\" decoding=\"async\" class=\"aligncenter size-medium wp-image-6528\" title=\"lesdiguieres6\" src=\"http:\/\/www.grenobleurl.fr\/wordpress\/wp-content\/uploads\/2012\/10\/lesdiguieres6-300x225.jpg\" sizes=\"auto, (max-width: 300px) 100vw, 300px\" srcset=\"http:\/\/www.grenobleurl.fr\/wordpress\/wp-content\/uploads\/2012\/10\/lesdiguieres6-300x225.jpg 300w, http:\/\/www.grenobleurl.fr\/wordpress\/wp-content\/uploads\/2012\/10\/lesdiguieres6.jpg 1000w\" alt=\"\" width=\"300\" height=\"225\" \/><\/a><a href=\"http:\/\/www.grenobleurl.fr\/wordpress\/wp-content\/uploads\/2012\/10\/lesdiguieres7.jpg\"><img loading=\"lazy\" decoding=\"async\" class=\"aligncenter size-medium wp-image-6529\" title=\"lesdiguieres7\" src=\"http:\/\/www.grenobleurl.fr\/wordpress\/wp-content\/uploads\/2012\/10\/lesdiguieres7-300x225.jpg\" sizes=\"auto, (max-width: 300px) 100vw, 300px\" srcset=\"http:\/\/www.grenobleurl.fr\/wordpress\/wp-content\/uploads\/2012\/10\/lesdiguieres7-300x225.jpg 300w, http:\/\/www.grenobleurl.fr\/wordpress\/wp-content\/uploads\/2012\/10\/lesdiguieres7.jpg 1000w\" alt=\"\" width=\"300\" height=\"225\" \/><\/a><a href=\"http:\/\/www.grenobleurl.fr\/wordpress\/wp-content\/uploads\/2012\/10\/lesdiguieres8.jpg\"><img loading=\"lazy\" decoding=\"async\" class=\"aligncenter size-medium wp-image-6530\" title=\"lesdiguieres8\" src=\"http:\/\/www.grenobleurl.fr\/wordpress\/wp-content\/uploads\/2012\/10\/lesdiguieres8-300x225.jpg\" sizes=\"auto, (max-width: 300px) 100vw, 300px\" srcset=\"http:\/\/www.grenobleurl.fr\/wordpress\/wp-content\/uploads\/2012\/10\/lesdiguieres8-300x225.jpg 300w, http:\/\/www.grenobleurl.fr\/wordpress\/wp-content\/uploads\/2012\/10\/lesdiguieres8.jpg 1000w\" alt=\"\" width=\"300\" height=\"225\" \/><\/a>Nous poursuivons jusqu\u2019\u00e0 la place de l\u2019Etoile, passons la rue de Strasbourg (des secteurs tr\u00e8s commer\u00e7ants), et traversons la rue <a href=\"http:\/\/fr.wikipedia.org\/wiki\/Casimir_P%C3%A9rier\" target=\"_blank\" rel=\"noopener\">Casimir P\u00e9rier.<\/a><\/p>\n<p style=\"text-align: justify;\"><a href=\"http:\/\/www.grenobleurl.fr\/wordpress\/wp-content\/uploads\/2012\/10\/lesdiguieres9.jpg\"><img loading=\"lazy\" decoding=\"async\" class=\"aligncenter size-medium wp-image-6532\" title=\"lesdiguieres9\" src=\"http:\/\/www.grenobleurl.fr\/wordpress\/wp-content\/uploads\/2012\/10\/lesdiguieres9-300x225.jpg\" sizes=\"auto, (max-width: 300px) 100vw, 300px\" srcset=\"http:\/\/www.grenobleurl.fr\/wordpress\/wp-content\/uploads\/2012\/10\/lesdiguieres9-300x225.jpg 300w, http:\/\/www.grenobleurl.fr\/wordpress\/wp-content\/uploads\/2012\/10\/lesdiguieres9.jpg 1000w\" alt=\"\" width=\"300\" height=\"225\" \/><\/a><a href=\"http:\/\/www.grenobleurl.fr\/wordpress\/wp-content\/uploads\/2012\/10\/lesdiguieres10.jpg\"><img loading=\"lazy\" decoding=\"async\" class=\"aligncenter size-medium wp-image-6533\" title=\"lesdiguieres10\" src=\"http:\/\/www.grenobleurl.fr\/wordpress\/wp-content\/uploads\/2012\/10\/lesdiguieres10-300x225.jpg\" sizes=\"auto, (max-width: 300px) 100vw, 300px\" srcset=\"http:\/\/www.grenobleurl.fr\/wordpress\/wp-content\/uploads\/2012\/10\/lesdiguieres10-300x225.jpg 300w, http:\/\/www.grenobleurl.fr\/wordpress\/wp-content\/uploads\/2012\/10\/lesdiguieres10.jpg 1000w\" alt=\"\" width=\"300\" height=\"225\" \/><\/a>Sur la droite, nous d\u00e9couvrons l\u2019ancienne demeure de <a href=\"http:\/\/en.wikipedia.org\/wiki\/Suzanne_Renaud\" target=\"_blank\" rel=\"noopener\">Suzanne Renaud<\/a> (po\u00e8te)<\/p>\n<p><a href=\"http:\/\/www.grenobleurl.fr\/wordpress\/wp-content\/uploads\/2012\/10\/renaud1.jpg\"><img loading=\"lazy\" decoding=\"async\" class=\"aligncenter size-medium wp-image-6534\" title=\"renaud1\" src=\"http:\/\/www.grenobleurl.fr\/wordpress\/wp-content\/uploads\/2012\/10\/renaud1-300x225.jpg\" sizes=\"auto, (max-width: 300px) 100vw, 300px\" srcset=\"http:\/\/www.grenobleurl.fr\/wordpress\/wp-content\/uploads\/2012\/10\/renaud1-300x225.jpg 300w, http:\/\/www.grenobleurl.fr\/wordpress\/wp-content\/uploads\/2012\/10\/renaud1.jpg 1000w\" alt=\"\" width=\"300\" height=\"225\" \/><\/a><\/p>\n<p><a href=\"http:\/\/www.grenobleurl.fr\/wordpress\/wp-content\/uploads\/2012\/10\/renaud2.jpg\"><img loading=\"lazy\" decoding=\"async\" class=\"aligncenter size-medium wp-image-6535\" title=\"renaud2\" src=\"http:\/\/www.grenobleurl.fr\/wordpress\/wp-content\/uploads\/2012\/10\/renaud2-300x225.jpg\" sizes=\"auto, (max-width: 300px) 100vw, 300px\" srcset=\"http:\/\/www.grenobleurl.fr\/wordpress\/wp-content\/uploads\/2012\/10\/renaud2-300x225.jpg 300w, http:\/\/www.grenobleurl.fr\/wordpress\/wp-content\/uploads\/2012\/10\/renaud2.jpg 1000w\" alt=\"\" width=\"300\" height=\"225\" \/><\/a>Et sur la gauche, avant d\u2019arriver \u00e0 la place de Verdun, l\u2019actuel <a href=\"http:\/\/grenoble.tribunal-administratif.fr\/\" target=\"_blank\" rel=\"noopener\">Tribunal administratif<\/a><\/p>\n<p><a href=\"http:\/\/www.grenobleurl.fr\/wordpress\/wp-content\/uploads\/2012\/10\/verdun1.jpg\"><img loading=\"lazy\" decoding=\"async\" class=\"aligncenter size-medium wp-image-6537\" title=\"verdun1\" src=\"http:\/\/www.grenobleurl.fr\/wordpress\/wp-content\/uploads\/2012\/10\/verdun1-300x225.jpg\" sizes=\"auto, (max-width: 300px) 100vw, 300px\" srcset=\"http:\/\/www.grenobleurl.fr\/wordpress\/wp-content\/uploads\/2012\/10\/verdun1-300x225.jpg 300w, http:\/\/www.grenobleurl.fr\/wordpress\/wp-content\/uploads\/2012\/10\/verdun1.jpg 1000w\" alt=\"\" width=\"300\" height=\"225\" \/><\/a><\/p>\n<p><a href=\"http:\/\/www.grenobleurl.fr\/wordpress\/wp-content\/uploads\/2012\/10\/tribunal.jpg\"><img loading=\"lazy\" decoding=\"async\" class=\"aligncenter size-medium wp-image-6536\" title=\"tribunal\" src=\"http:\/\/www.grenobleurl.fr\/wordpress\/wp-content\/uploads\/2012\/10\/tribunal-300x225.jpg\" sizes=\"auto, (max-width: 300px) 100vw, 300px\" srcset=\"http:\/\/www.grenobleurl.fr\/wordpress\/wp-content\/uploads\/2012\/10\/tribunal-300x225.jpg 300w, http:\/\/www.grenobleurl.fr\/wordpress\/wp-content\/uploads\/2012\/10\/tribunal.jpg 1000w\" alt=\"\" width=\"300\" height=\"225\" \/><\/a><\/p>\n<p>&nbsp;<\/p>\n<p style=\"text-align: center;\"><a href=\"https:\/\/amzn.to\/4i0BzNX\" target=\"_blank\" rel=\"noopener\"><strong>Ouvrages sur Grenoble<\/strong><\/a><\/p>\n<p><a href=\"https:\/\/amzn.to\/4i0BzNX\" target=\"_blank\" rel=\"noopener\"><img loading=\"lazy\" decoding=\"async\" class=\"aligncenter size-full wp-image-101983\" src=\"https:\/\/www.charles-de-flahaut.fr\/wordpress\/wp-content\/uploads\/2017\/08\/grenobles_rues.jpg\" alt=\"\" width=\"339\" height=\"342\" srcset=\"https:\/\/www.charles-de-flahaut.fr\/wordpress\/wp-content\/uploads\/2017\/08\/grenobles_rues.jpg 339w, https:\/\/www.charles-de-flahaut.fr\/wordpress\/wp-content\/uploads\/2017\/08\/grenobles_rues-297x300.jpg 297w, https:\/\/www.charles-de-flahaut.fr\/wordpress\/wp-content\/uploads\/2017\/08\/grenobles_rues-150x150.jpg 150w\" sizes=\"auto, (max-width: 339px) 100vw, 339px\" \/><\/a><\/p>\n","protected":false},"excerpt":{"rendered":"<p>La rue Lesdigui\u00e8res est une art\u00e8re importante de Grenoble. Elle est situ\u00e9e entre la place Championnet et la place de Verdun Elle est ainsi d\u00e9nomm\u00e9e depuis 1845. Autrefois, elle continuait apr\u00e8s la place de Verdun (actuelle rue H\u00e9bert) Qui \u00e9tait Lesdigui\u00e8res ? Fran\u00e7ois de Bonne, duc de Lesdigui\u00e8res, conn\u00e9table de France, est un des personnages &hellip; <\/p>\n<p><a class=\"more-link btn\" href=\"https:\/\/www.charles-de-flahaut.fr\/wordpress\/la-rue-lesdiguieres-a-grenoble\/\">Lire la suite<\/a><\/p>\n","protected":false},"author":117,"featured_media":0,"comment_status":"open","ping_status":"open","sticky":false,"template":"","format":"standard","meta":{"footnotes":""},"categories":[126,16,8,79],"tags":[],"class_list":["post-46330","post","type-post","status-publish","format-standard","hentry","category-38-isere","category-histoire-regionale","category-patrimoine","category-personnages-celebres","item-wrap"],"yoast_head":"<!-- This site is optimized with the Yoast SEO plugin v27.4 - https:\/\/yoast.com\/product\/yoast-seo-wordpress\/ -->\n<title>La rue Lesdigui\u00e8res \u00e0 Grenoble - Histoire de France - Communiqu\u00e9s<\/title>\n<meta name=\"description\" content=\"La rue Lesdigui\u00e8res est une art\u00e8re importante de Grenoble. Elle est situ\u00e9e entre la place Championnet et la place de Verdun\" \/>\n<meta name=\"robots\" content=\"index, follow, max-snippet:-1, max-image-preview:large, max-video-preview:-1\" \/>\n<link rel=\"canonical\" href=\"https:\/\/www.charles-de-flahaut.fr\/wordpress\/la-rue-lesdiguieres-a-grenoble\/\" \/>\n<meta property=\"og:locale\" content=\"fr_FR\" \/>\n<meta property=\"og:type\" content=\"article\" \/>\n<meta property=\"og:title\" content=\"La rue Lesdigui\u00e8res \u00e0 Grenoble - Histoire de France - Communiqu\u00e9s\" \/>\n<meta property=\"og:description\" content=\"La rue Lesdigui\u00e8res est une art\u00e8re importante de Grenoble. Elle est situ\u00e9e entre la place Championnet et la place de Verdun\" \/>\n<meta property=\"og:url\" content=\"https:\/\/www.charles-de-flahaut.fr\/wordpress\/la-rue-lesdiguieres-a-grenoble\/\" \/>\n<meta property=\"og:site_name\" content=\"Histoire de France - Communiqu\u00e9s\" \/>\n<meta property=\"article:publisher\" content=\"https:\/\/www.facebook.com\/Sites.HistoiredeFrance\" \/>\n<meta property=\"article:published_time\" content=\"2017-08-13T11:32:55+00:00\" \/>\n<meta property=\"article:modified_time\" content=\"2025-03-31T15:58:36+00:00\" \/>\n<meta name=\"author\" content=\"administrateur\" \/>\n<meta name=\"twitter:card\" content=\"summary_large_image\" \/>\n<meta name=\"twitter:label1\" content=\"\u00c9crit par\" \/>\n\t<meta name=\"twitter:data1\" content=\"administrateur\" \/>\n\t<meta name=\"twitter:label2\" content=\"Dur\u00e9e de lecture estim\u00e9e\" \/>\n\t<meta name=\"twitter:data2\" content=\"5 minutes\" \/>\n<script type=\"application\/ld+json\" class=\"yoast-schema-graph\">{\"@context\":\"https:\\\/\\\/schema.org\",\"@graph\":[{\"@type\":\"Article\",\"@id\":\"https:\\\/\\\/www.charles-de-flahaut.fr\\\/wordpress\\\/la-rue-lesdiguieres-a-grenoble\\\/#article\",\"isPartOf\":{\"@id\":\"https:\\\/\\\/www.charles-de-flahaut.fr\\\/wordpress\\\/la-rue-lesdiguieres-a-grenoble\\\/\"},\"author\":{\"name\":\"administrateur\",\"@id\":\"https:\\\/\\\/www.charles-de-flahaut.fr\\\/wordpress\\\/#\\\/schema\\\/person\\\/41c41eaf9ae1d70810ff74a04a786c56\"},\"headline\":\"La rue Lesdigui\u00e8res \u00e0 Grenoble\",\"datePublished\":\"2017-08-13T11:32:55+00:00\",\"dateModified\":\"2025-03-31T15:58:36+00:00\",\"mainEntityOfPage\":{\"@id\":\"https:\\\/\\\/www.charles-de-flahaut.fr\\\/wordpress\\\/la-rue-lesdiguieres-a-grenoble\\\/\"},\"wordCount\":328,\"commentCount\":2,\"publisher\":{\"@id\":\"https:\\\/\\\/www.charles-de-flahaut.fr\\\/wordpress\\\/#\\\/schema\\\/person\\\/81011c8b61bc74c05499365a506d49a9\"},\"image\":{\"@id\":\"https:\\\/\\\/www.charles-de-flahaut.fr\\\/wordpress\\\/la-rue-lesdiguieres-a-grenoble\\\/#primaryimage\"},\"thumbnailUrl\":\"http:\\\/\\\/www.grenobleurl.fr\\\/wordpress\\\/wp-content\\\/uploads\\\/2012\\\/10\\\/pl_championnet-300x223.jpg\",\"articleSection\":[\"38 - Is\u00e8re\",\"histoire locale\",\"patrimoine\",\"personnages c\u00e9l\u00e8bres\"],\"inLanguage\":\"fr-FR\",\"potentialAction\":[{\"@type\":\"CommentAction\",\"name\":\"Comment\",\"target\":[\"https:\\\/\\\/www.charles-de-flahaut.fr\\\/wordpress\\\/la-rue-lesdiguieres-a-grenoble\\\/#respond\"]}]},{\"@type\":\"WebPage\",\"@id\":\"https:\\\/\\\/www.charles-de-flahaut.fr\\\/wordpress\\\/la-rue-lesdiguieres-a-grenoble\\\/\",\"url\":\"https:\\\/\\\/www.charles-de-flahaut.fr\\\/wordpress\\\/la-rue-lesdiguieres-a-grenoble\\\/\",\"name\":\"La rue Lesdigui\u00e8res \u00e0 Grenoble - Histoire de France - Communiqu\u00e9s\",\"isPartOf\":{\"@id\":\"https:\\\/\\\/www.charles-de-flahaut.fr\\\/wordpress\\\/#website\"},\"primaryImageOfPage\":{\"@id\":\"https:\\\/\\\/www.charles-de-flahaut.fr\\\/wordpress\\\/la-rue-lesdiguieres-a-grenoble\\\/#primaryimage\"},\"image\":{\"@id\":\"https:\\\/\\\/www.charles-de-flahaut.fr\\\/wordpress\\\/la-rue-lesdiguieres-a-grenoble\\\/#primaryimage\"},\"thumbnailUrl\":\"http:\\\/\\\/www.grenobleurl.fr\\\/wordpress\\\/wp-content\\\/uploads\\\/2012\\\/10\\\/pl_championnet-300x223.jpg\",\"datePublished\":\"2017-08-13T11:32:55+00:00\",\"dateModified\":\"2025-03-31T15:58:36+00:00\",\"description\":\"La rue Lesdigui\u00e8res est une art\u00e8re importante de Grenoble. Elle est situ\u00e9e entre la place Championnet et la place de Verdun\",\"breadcrumb\":{\"@id\":\"https:\\\/\\\/www.charles-de-flahaut.fr\\\/wordpress\\\/la-rue-lesdiguieres-a-grenoble\\\/#breadcrumb\"},\"inLanguage\":\"fr-FR\",\"potentialAction\":[{\"@type\":\"ReadAction\",\"target\":[\"https:\\\/\\\/www.charles-de-flahaut.fr\\\/wordpress\\\/la-rue-lesdiguieres-a-grenoble\\\/\"]}]},{\"@type\":\"ImageObject\",\"inLanguage\":\"fr-FR\",\"@id\":\"https:\\\/\\\/www.charles-de-flahaut.fr\\\/wordpress\\\/la-rue-lesdiguieres-a-grenoble\\\/#primaryimage\",\"url\":\"http:\\\/\\\/www.grenobleurl.fr\\\/wordpress\\\/wp-content\\\/uploads\\\/2012\\\/10\\\/pl_championnet-300x223.jpg\",\"contentUrl\":\"http:\\\/\\\/www.grenobleurl.fr\\\/wordpress\\\/wp-content\\\/uploads\\\/2012\\\/10\\\/pl_championnet-300x223.jpg\"},{\"@type\":\"BreadcrumbList\",\"@id\":\"https:\\\/\\\/www.charles-de-flahaut.fr\\\/wordpress\\\/la-rue-lesdiguieres-a-grenoble\\\/#breadcrumb\",\"itemListElement\":[{\"@type\":\"ListItem\",\"position\":1,\"name\":\"Accueil\",\"item\":\"https:\\\/\\\/www.charles-de-flahaut.fr\\\/wordpress\\\/\"},{\"@type\":\"ListItem\",\"position\":2,\"name\":\"La rue Lesdigui\u00e8res \u00e0 Grenoble\"}]},{\"@type\":\"WebSite\",\"@id\":\"https:\\\/\\\/www.charles-de-flahaut.fr\\\/wordpress\\\/#website\",\"url\":\"https:\\\/\\\/www.charles-de-flahaut.fr\\\/wordpress\\\/\",\"name\":\"Histoire de France - Communiqu\u00e9s\",\"description\":\"Histoire et patrimoine\",\"publisher\":{\"@id\":\"https:\\\/\\\/www.charles-de-flahaut.fr\\\/wordpress\\\/#\\\/schema\\\/person\\\/81011c8b61bc74c05499365a506d49a9\"},\"potentialAction\":[{\"@type\":\"SearchAction\",\"target\":{\"@type\":\"EntryPoint\",\"urlTemplate\":\"https:\\\/\\\/www.charles-de-flahaut.fr\\\/wordpress\\\/?s={search_term_string}\"},\"query-input\":{\"@type\":\"PropertyValueSpecification\",\"valueRequired\":true,\"valueName\":\"search_term_string\"}}],\"inLanguage\":\"fr-FR\"},{\"@type\":[\"Person\",\"Organization\"],\"@id\":\"https:\\\/\\\/www.charles-de-flahaut.fr\\\/wordpress\\\/#\\\/schema\\\/person\\\/81011c8b61bc74c05499365a506d49a9\",\"name\":\"administrateur\",\"logo\":{\"@id\":\"https:\\\/\\\/www.charles-de-flahaut.fr\\\/wordpress\\\/#\\\/schema\\\/person\\\/image\\\/\"},\"sameAs\":[\"http:\\\/\\\/www.charles-de-flahaut.fr\",\"https:\\\/\\\/www.facebook.com\\\/Sites.HistoiredeFrance\"]},{\"@type\":\"Person\",\"@id\":\"https:\\\/\\\/www.charles-de-flahaut.fr\\\/wordpress\\\/#\\\/schema\\\/person\\\/41c41eaf9ae1d70810ff74a04a786c56\",\"name\":\"administrateur\",\"url\":\"https:\\\/\\\/www.charles-de-flahaut.fr\\\/wordpress\\\/author\\\/hist_8la_ad\\\/\"}]}<\/script>\n<!-- \/ Yoast SEO plugin. -->","yoast_head_json":{"title":"La rue Lesdigui\u00e8res \u00e0 Grenoble - Histoire de France - Communiqu\u00e9s","description":"La rue Lesdigui\u00e8res est une art\u00e8re importante de Grenoble. Elle est situ\u00e9e entre la place Championnet et la place de Verdun","robots":{"index":"index","follow":"follow","max-snippet":"max-snippet:-1","max-image-preview":"max-image-preview:large","max-video-preview":"max-video-preview:-1"},"canonical":"https:\/\/www.charles-de-flahaut.fr\/wordpress\/la-rue-lesdiguieres-a-grenoble\/","og_locale":"fr_FR","og_type":"article","og_title":"La rue Lesdigui\u00e8res \u00e0 Grenoble - Histoire de France - Communiqu\u00e9s","og_description":"La rue Lesdigui\u00e8res est une art\u00e8re importante de Grenoble. Elle est situ\u00e9e entre la place Championnet et la place de Verdun","og_url":"https:\/\/www.charles-de-flahaut.fr\/wordpress\/la-rue-lesdiguieres-a-grenoble\/","og_site_name":"Histoire de France - Communiqu\u00e9s","article_publisher":"https:\/\/www.facebook.com\/Sites.HistoiredeFrance","article_published_time":"2017-08-13T11:32:55+00:00","article_modified_time":"2025-03-31T15:58:36+00:00","author":"administrateur","twitter_card":"summary_large_image","twitter_misc":{"\u00c9crit par":"administrateur","Dur\u00e9e de lecture estim\u00e9e":"5 minutes"},"schema":{"@context":"https:\/\/schema.org","@graph":[{"@type":"Article","@id":"https:\/\/www.charles-de-flahaut.fr\/wordpress\/la-rue-lesdiguieres-a-grenoble\/#article","isPartOf":{"@id":"https:\/\/www.charles-de-flahaut.fr\/wordpress\/la-rue-lesdiguieres-a-grenoble\/"},"author":{"name":"administrateur","@id":"https:\/\/www.charles-de-flahaut.fr\/wordpress\/#\/schema\/person\/41c41eaf9ae1d70810ff74a04a786c56"},"headline":"La rue Lesdigui\u00e8res \u00e0 Grenoble","datePublished":"2017-08-13T11:32:55+00:00","dateModified":"2025-03-31T15:58:36+00:00","mainEntityOfPage":{"@id":"https:\/\/www.charles-de-flahaut.fr\/wordpress\/la-rue-lesdiguieres-a-grenoble\/"},"wordCount":328,"commentCount":2,"publisher":{"@id":"https:\/\/www.charles-de-flahaut.fr\/wordpress\/#\/schema\/person\/81011c8b61bc74c05499365a506d49a9"},"image":{"@id":"https:\/\/www.charles-de-flahaut.fr\/wordpress\/la-rue-lesdiguieres-a-grenoble\/#primaryimage"},"thumbnailUrl":"http:\/\/www.grenobleurl.fr\/wordpress\/wp-content\/uploads\/2012\/10\/pl_championnet-300x223.jpg","articleSection":["38 - Is\u00e8re","histoire locale","patrimoine","personnages c\u00e9l\u00e8bres"],"inLanguage":"fr-FR","potentialAction":[{"@type":"CommentAction","name":"Comment","target":["https:\/\/www.charles-de-flahaut.fr\/wordpress\/la-rue-lesdiguieres-a-grenoble\/#respond"]}]},{"@type":"WebPage","@id":"https:\/\/www.charles-de-flahaut.fr\/wordpress\/la-rue-lesdiguieres-a-grenoble\/","url":"https:\/\/www.charles-de-flahaut.fr\/wordpress\/la-rue-lesdiguieres-a-grenoble\/","name":"La rue Lesdigui\u00e8res \u00e0 Grenoble - Histoire de France - Communiqu\u00e9s","isPartOf":{"@id":"https:\/\/www.charles-de-flahaut.fr\/wordpress\/#website"},"primaryImageOfPage":{"@id":"https:\/\/www.charles-de-flahaut.fr\/wordpress\/la-rue-lesdiguieres-a-grenoble\/#primaryimage"},"image":{"@id":"https:\/\/www.charles-de-flahaut.fr\/wordpress\/la-rue-lesdiguieres-a-grenoble\/#primaryimage"},"thumbnailUrl":"http:\/\/www.grenobleurl.fr\/wordpress\/wp-content\/uploads\/2012\/10\/pl_championnet-300x223.jpg","datePublished":"2017-08-13T11:32:55+00:00","dateModified":"2025-03-31T15:58:36+00:00","description":"La rue Lesdigui\u00e8res est une art\u00e8re importante de Grenoble. Elle est situ\u00e9e entre la place Championnet et la place de Verdun","breadcrumb":{"@id":"https:\/\/www.charles-de-flahaut.fr\/wordpress\/la-rue-lesdiguieres-a-grenoble\/#breadcrumb"},"inLanguage":"fr-FR","potentialAction":[{"@type":"ReadAction","target":["https:\/\/www.charles-de-flahaut.fr\/wordpress\/la-rue-lesdiguieres-a-grenoble\/"]}]},{"@type":"ImageObject","inLanguage":"fr-FR","@id":"https:\/\/www.charles-de-flahaut.fr\/wordpress\/la-rue-lesdiguieres-a-grenoble\/#primaryimage","url":"http:\/\/www.grenobleurl.fr\/wordpress\/wp-content\/uploads\/2012\/10\/pl_championnet-300x223.jpg","contentUrl":"http:\/\/www.grenobleurl.fr\/wordpress\/wp-content\/uploads\/2012\/10\/pl_championnet-300x223.jpg"},{"@type":"BreadcrumbList","@id":"https:\/\/www.charles-de-flahaut.fr\/wordpress\/la-rue-lesdiguieres-a-grenoble\/#breadcrumb","itemListElement":[{"@type":"ListItem","position":1,"name":"Accueil","item":"https:\/\/www.charles-de-flahaut.fr\/wordpress\/"},{"@type":"ListItem","position":2,"name":"La rue Lesdigui\u00e8res \u00e0 Grenoble"}]},{"@type":"WebSite","@id":"https:\/\/www.charles-de-flahaut.fr\/wordpress\/#website","url":"https:\/\/www.charles-de-flahaut.fr\/wordpress\/","name":"Histoire de France - Communiqu\u00e9s","description":"Histoire et patrimoine","publisher":{"@id":"https:\/\/www.charles-de-flahaut.fr\/wordpress\/#\/schema\/person\/81011c8b61bc74c05499365a506d49a9"},"potentialAction":[{"@type":"SearchAction","target":{"@type":"EntryPoint","urlTemplate":"https:\/\/www.charles-de-flahaut.fr\/wordpress\/?s={search_term_string}"},"query-input":{"@type":"PropertyValueSpecification","valueRequired":true,"valueName":"search_term_string"}}],"inLanguage":"fr-FR"},{"@type":["Person","Organization"],"@id":"https:\/\/www.charles-de-flahaut.fr\/wordpress\/#\/schema\/person\/81011c8b61bc74c05499365a506d49a9","name":"administrateur","logo":{"@id":"https:\/\/www.charles-de-flahaut.fr\/wordpress\/#\/schema\/person\/image\/"},"sameAs":["http:\/\/www.charles-de-flahaut.fr","https:\/\/www.facebook.com\/Sites.HistoiredeFrance"]},{"@type":"Person","@id":"https:\/\/www.charles-de-flahaut.fr\/wordpress\/#\/schema\/person\/41c41eaf9ae1d70810ff74a04a786c56","name":"administrateur","url":"https:\/\/www.charles-de-flahaut.fr\/wordpress\/author\/hist_8la_ad\/"}]}},"views":955,"amp_enabled":true,"_links":{"self":[{"href":"https:\/\/www.charles-de-flahaut.fr\/wordpress\/wp-json\/wp\/v2\/posts\/46330","targetHints":{"allow":["GET"]}}],"collection":[{"href":"https:\/\/www.charles-de-flahaut.fr\/wordpress\/wp-json\/wp\/v2\/posts"}],"about":[{"href":"https:\/\/www.charles-de-flahaut.fr\/wordpress\/wp-json\/wp\/v2\/types\/post"}],"author":[{"embeddable":true,"href":"https:\/\/www.charles-de-flahaut.fr\/wordpress\/wp-json\/wp\/v2\/users\/117"}],"replies":[{"embeddable":true,"href":"https:\/\/www.charles-de-flahaut.fr\/wordpress\/wp-json\/wp\/v2\/comments?post=46330"}],"version-history":[{"count":4,"href":"https:\/\/www.charles-de-flahaut.fr\/wordpress\/wp-json\/wp\/v2\/posts\/46330\/revisions"}],"predecessor-version":[{"id":102034,"href":"https:\/\/www.charles-de-flahaut.fr\/wordpress\/wp-json\/wp\/v2\/posts\/46330\/revisions\/102034"}],"wp:attachment":[{"href":"https:\/\/www.charles-de-flahaut.fr\/wordpress\/wp-json\/wp\/v2\/media?parent=46330"}],"wp:term":[{"taxonomy":"category","embeddable":true,"href":"https:\/\/www.charles-de-flahaut.fr\/wordpress\/wp-json\/wp\/v2\/categories?post=46330"},{"taxonomy":"post_tag","embeddable":true,"href":"https:\/\/www.charles-de-flahaut.fr\/wordpress\/wp-json\/wp\/v2\/tags?post=46330"}],"curies":[{"name":"wp","href":"https:\/\/api.w.org\/{rel}","templated":true}]}}