{"id":46309,"date":"2017-08-11T09:13:43","date_gmt":"2017-08-11T08:13:43","guid":{"rendered":"http:\/\/www.charles-de-flahaut.fr\/wordpress\/?p=46309"},"modified":"2025-03-31T17:00:27","modified_gmt":"2025-03-31T16:00:27","slug":"la-rue-de-bonne-a-grenoble","status":"publish","type":"post","link":"https:\/\/www.charles-de-flahaut.fr\/wordpress\/la-rue-de-bonne-a-grenoble\/","title":{"rendered":"La rue de Bonne \u00e0 Grenoble"},"content":{"rendered":"<p style=\"text-align: justify;\"><strong>La rue de Bonne \u00e0 Grenoble<\/strong><\/p>\n<p style=\"text-align: justify;\"><strong>Son histoire \u2026<\/strong><br \/>\nElle fut trac\u00e9e par Fran\u00e7ois de Bonne, duc de Lesdigui\u00e8res, et la premi\u00e8re construction de maison date de 1602, maison du sieur Jean Carles.<br \/>\nA la fin du XVI\u00e8me si\u00e8cle, la porte de Bonne fut \u00e9difi\u00e9e lors de la construction de la nouvelle enceinte de Grenoble.<br \/>\nElle fut d\u00e9truite en 1889.<\/p>\n<p style=\"text-align: justify;\"><a href=\"http:\/\/www.grenobleurl.fr\/wordpress\/wp-content\/uploads\/2012\/11\/porte-de-bonne.jpg\"><img loading=\"lazy\" decoding=\"async\" class=\"aligncenter size-medium wp-image-6657\" title=\"porte de bonne\" src=\"http:\/\/www.grenobleurl.fr\/wordpress\/wp-content\/uploads\/2012\/11\/porte-de-bonne-300x177.jpg\" sizes=\"auto, (max-width: 300px) 100vw, 300px\" srcset=\"http:\/\/www.grenobleurl.fr\/wordpress\/wp-content\/uploads\/2012\/11\/porte-de-bonne-300x177.jpg 300w, http:\/\/www.grenobleurl.fr\/wordpress\/wp-content\/uploads\/2012\/11\/porte-de-bonne.jpg 1000w\" alt=\"\" width=\"300\" height=\"177\" \/><\/a>Cette porte \u00e9tait l\u2019 entr\u00e9e principale de la ville cot\u00e9 sud. C\u2019est par cette porte que Napol\u00e9on entra au soir du 7 mars 1815, au retour de l\u2019\u00eele d\u2019Elbe, au d\u00e9but des Cents Jours.<br \/>\n<a href=\"http:\/\/www.histoire-pour-tous.fr\/histoire-de-france\/1745-napoleon-et-les-cent-jours-lultime-vol-de-laigle.html\" target=\"_blank\" rel=\"noopener\">lien vers le site Histoire pour tous<\/a><br \/>\nUne plaque comm\u00e9more cet \u00e9v\u00e9nement :<br \/>\n<a href=\"http:\/\/www.grenobleurl.fr\/wordpress\/wp-content\/uploads\/2012\/11\/bonne4.jpg\"><img loading=\"lazy\" decoding=\"async\" class=\"aligncenter size-medium wp-image-6659\" title=\"bonne4\" src=\"http:\/\/www.grenobleurl.fr\/wordpress\/wp-content\/uploads\/2012\/11\/bonne4-225x300.jpg\" sizes=\"auto, (max-width: 225px) 100vw, 225px\" srcset=\"http:\/\/www.grenobleurl.fr\/wordpress\/wp-content\/uploads\/2012\/11\/bonne4-225x300.jpg 225w, http:\/\/www.grenobleurl.fr\/wordpress\/wp-content\/uploads\/2012\/11\/bonne4.jpg 750w\" alt=\"\" width=\"225\" height=\"300\" \/><\/a><\/p>\n<p><strong>Parcourons la rue de Bonne\u2026<\/strong><br \/>\nElle relie la place Victor Hugo \u00e0 la rue Raoul Blanchard<\/p>\n<p><a href=\"http:\/\/www.grenobleurl.fr\/wordpress\/wp-content\/uploads\/2012\/11\/bonne1.jpg\"><img loading=\"lazy\" decoding=\"async\" class=\"aligncenter size-medium wp-image-6666\" title=\"bonne1\" src=\"http:\/\/www.grenobleurl.fr\/wordpress\/wp-content\/uploads\/2012\/11\/bonne1-300x225.jpg\" sizes=\"auto, (max-width: 300px) 100vw, 300px\" srcset=\"http:\/\/www.grenobleurl.fr\/wordpress\/wp-content\/uploads\/2012\/11\/bonne1-300x225.jpg 300w, http:\/\/www.grenobleurl.fr\/wordpress\/wp-content\/uploads\/2012\/11\/bonne1.jpg 1000w\" alt=\"\" width=\"300\" height=\"225\" \/><\/a><\/p>\n<p style=\"text-align: justify;\"><a href=\"http:\/\/www.grenobleurl.fr\/wordpress\/wp-content\/uploads\/2012\/11\/bonne2.jpg\"><img loading=\"lazy\" decoding=\"async\" class=\"aligncenter size-medium wp-image-6660\" title=\"bonne2\" src=\"http:\/\/www.grenobleurl.fr\/wordpress\/wp-content\/uploads\/2012\/11\/bonne2-300x225.jpg\" sizes=\"auto, (max-width: 300px) 100vw, 300px\" srcset=\"http:\/\/www.grenobleurl.fr\/wordpress\/wp-content\/uploads\/2012\/11\/bonne2-300x225.jpg 300w, http:\/\/www.grenobleurl.fr\/wordpress\/wp-content\/uploads\/2012\/11\/bonne2.jpg 1000w\" alt=\"\" width=\"300\" height=\"225\" \/><\/a><a href=\"http:\/\/www.grenobleurl.fr\/wordpress\/wp-content\/uploads\/2012\/11\/bonne13.jpg\"><img loading=\"lazy\" decoding=\"async\" class=\"aligncenter size-medium wp-image-6661\" title=\"bonne13\" src=\"http:\/\/www.grenobleurl.fr\/wordpress\/wp-content\/uploads\/2012\/11\/bonne13-300x225.jpg\" sizes=\"auto, (max-width: 300px) 100vw, 300px\" srcset=\"http:\/\/www.grenobleurl.fr\/wordpress\/wp-content\/uploads\/2012\/11\/bonne13-300x225.jpg 300w, http:\/\/www.grenobleurl.fr\/wordpress\/wp-content\/uploads\/2012\/11\/bonne13.jpg 1000w\" alt=\"\" width=\"300\" height=\"225\" \/><\/a>Au num\u00e9ro 12, une plaque comm\u00e9more l\u2019ex\u00e9cution de deux combattants FTP juifs, tomb\u00e9s le 16 d\u00e9cembre 1943 : le lieutenant Lucien Zerman, allias Lucien Samois et Jean Brievski.<\/p>\n<p style=\"text-align: justify;\"><a href=\"http:\/\/www.grenobleurl.fr\/wordpress\/wp-content\/uploads\/2012\/11\/bonne5.jpg\"><img loading=\"lazy\" decoding=\"async\" class=\"aligncenter size-medium wp-image-6665\" title=\"bonne5\" src=\"http:\/\/www.grenobleurl.fr\/wordpress\/wp-content\/uploads\/2012\/11\/bonne5-300x225.jpg\" sizes=\"auto, (max-width: 300px) 100vw, 300px\" srcset=\"http:\/\/www.grenobleurl.fr\/wordpress\/wp-content\/uploads\/2012\/11\/bonne5-300x225.jpg 300w, http:\/\/www.grenobleurl.fr\/wordpress\/wp-content\/uploads\/2012\/11\/bonne5.jpg 1000w\" alt=\"\" width=\"300\" height=\"225\" \/><\/a>Au num\u00e9ro 9, ce fut la premi\u00e8re r\u00e9sidence des <a href=\"http:\/\/fr.wikipedia.org\/wiki\/Ordre_de_la_Visitation\" target=\"_blank\" rel=\"noopener\">Visitandines<\/a>, avant leur installation \u00e0 Sainte-Marie d\u2019En-Haut.<br \/>\nUne inscription est visible au-dessus de la porte.<a href=\"http:\/\/www.grenobleurl.fr\/wordpress\/wp-content\/uploads\/2012\/11\/bonne71.jpg\"><img loading=\"lazy\" decoding=\"async\" class=\"aligncenter size-medium wp-image-6673\" title=\"bonne7\" src=\"http:\/\/www.grenobleurl.fr\/wordpress\/wp-content\/uploads\/2012\/11\/bonne71-225x300.jpg\" sizes=\"auto, (max-width: 225px) 100vw, 225px\" srcset=\"http:\/\/www.grenobleurl.fr\/wordpress\/wp-content\/uploads\/2012\/11\/bonne71-225x300.jpg 225w, http:\/\/www.grenobleurl.fr\/wordpress\/wp-content\/uploads\/2012\/11\/bonne71.jpg 750w\" alt=\"\" width=\"225\" height=\"300\" \/><\/a><a href=\"http:\/\/www.grenobleurl.fr\/wordpress\/wp-content\/uploads\/2012\/11\/bonne81.jpg\"><img loading=\"lazy\" decoding=\"async\" class=\"aligncenter size-medium wp-image-6674\" title=\"bonne8\" src=\"http:\/\/www.grenobleurl.fr\/wordpress\/wp-content\/uploads\/2012\/11\/bonne81-225x300.jpg\" sizes=\"auto, (max-width: 225px) 100vw, 225px\" srcset=\"http:\/\/www.grenobleurl.fr\/wordpress\/wp-content\/uploads\/2012\/11\/bonne81-225x300.jpg 225w, http:\/\/www.grenobleurl.fr\/wordpress\/wp-content\/uploads\/2012\/11\/bonne81.jpg 750w\" alt=\"\" width=\"225\" height=\"300\" \/><\/a><\/p>\n<p>Au num\u00e9ro 7, nous d\u00e9couvrons un porche ancien, surmont\u00e9 d\u2019une colombe et une inscription :<\/p>\n<p style=\"text-align: justify;\"><a href=\"http:\/\/www.grenobleurl.fr\/wordpress\/wp-content\/uploads\/2012\/11\/bonne101.jpg\"><img loading=\"lazy\" decoding=\"async\" class=\"aligncenter size-medium wp-image-6675\" title=\"bonne10\" src=\"http:\/\/www.grenobleurl.fr\/wordpress\/wp-content\/uploads\/2012\/11\/bonne101-225x300.jpg\" sizes=\"auto, (max-width: 225px) 100vw, 225px\" srcset=\"http:\/\/www.grenobleurl.fr\/wordpress\/wp-content\/uploads\/2012\/11\/bonne101-225x300.jpg 225w, http:\/\/www.grenobleurl.fr\/wordpress\/wp-content\/uploads\/2012\/11\/bonne101.jpg 750w\" alt=\"\" width=\"225\" height=\"300\" \/><\/a><a href=\"http:\/\/www.grenobleurl.fr\/wordpress\/wp-content\/uploads\/2012\/11\/bonne111.jpg\"><img loading=\"lazy\" decoding=\"async\" class=\"aligncenter size-medium wp-image-6676\" title=\"bonne11\" src=\"http:\/\/www.grenobleurl.fr\/wordpress\/wp-content\/uploads\/2012\/11\/bonne111-300x225.jpg\" sizes=\"auto, (max-width: 300px) 100vw, 300px\" srcset=\"http:\/\/www.grenobleurl.fr\/wordpress\/wp-content\/uploads\/2012\/11\/bonne111-300x225.jpg 300w, http:\/\/www.grenobleurl.fr\/wordpress\/wp-content\/uploads\/2012\/11\/bonne111.jpg 1000w\" alt=\"\" width=\"300\" height=\"225\" \/><\/a>Au carrefour avec la rue Raoul Blanchard, un b\u00e2timent porte 3 plaques distinctes (c\u00f4t\u00e9 Raoul Blanchard) :<\/p>\n<p style=\"text-align: justify;\">\u2013 La \u00ab\u00a0Maison neuve\u00a0\u00bb du p\u00e8re de Stendhal. \u00ab\u00a0Ch\u00e9rubin Beyle, le p\u00e8re de Stendhal, fait construire cette maison particuli\u00e8rement cossue pour Grenoble, dans laquelle la famille emm\u00e9nage \u00e0 partir de 1805. Il y engloutira ce qui lui reste de sa fortune, r\u00e9duisant \u00e0 n\u00e9ant les espoirs d\u2019h\u00e9ritage de son fils.\u00a0\u00bb<br \/>\n\u2013 Une plaque comm\u00e9morant l\u2019occupation de cette maison : \u00ab\u00a0De 1941 \u00e0 1944, Andr\u00e9 Jullien (1917-1998), Brian\u00e7on dans la R\u00e9sistance, utilisa son habitation familiale dans cet immeuble, comme centre de ses multiples activit\u00e9s clandestines : Renseignements, journaux et tracts, faux papiers, accueil de proscrits, juifs et r\u00e9sistants, actions de commandos. Certains chefs de la R\u00e9sistance fr\u00e9quent\u00e8rent ce lieu. Brian\u00e7on fut nomm\u00e9 \u00e0 la t\u00eate du service de Renseignement de l\u2019A.S. Grenoble-Oisans\u00a0\u00bb<br \/>\n\u2013 24, Place Grenette \u2013 Maison construite par Ch\u00e9rubin Beyle, p\u00e8re de Stendhal<\/p>\n<p><a href=\"http:\/\/www.grenobleurl.fr\/wordpress\/wp-content\/uploads\/2012\/11\/bonne151.jpg\"><img loading=\"lazy\" decoding=\"async\" class=\"aligncenter size-medium wp-image-6679\" title=\"bonne15\" src=\"http:\/\/www.grenobleurl.fr\/wordpress\/wp-content\/uploads\/2012\/11\/bonne151-225x300.jpg\" sizes=\"auto, (max-width: 225px) 100vw, 225px\" srcset=\"http:\/\/www.grenobleurl.fr\/wordpress\/wp-content\/uploads\/2012\/11\/bonne151-225x300.jpg 225w, http:\/\/www.grenobleurl.fr\/wordpress\/wp-content\/uploads\/2012\/11\/bonne151-768x1024.jpg 768w, http:\/\/www.grenobleurl.fr\/wordpress\/wp-content\/uploads\/2012\/11\/bonne151.jpg 1000w\" alt=\"\" width=\"225\" height=\"300\" \/><\/a><a href=\"http:\/\/www.grenobleurl.fr\/wordpress\/wp-content\/uploads\/2012\/11\/bonne16.jpg\"><img loading=\"lazy\" decoding=\"async\" class=\"aligncenter size-medium wp-image-6678\" title=\"bonne16\" src=\"http:\/\/www.grenobleurl.fr\/wordpress\/wp-content\/uploads\/2012\/11\/bonne16-225x300.jpg\" sizes=\"auto, (max-width: 225px) 100vw, 225px\" srcset=\"http:\/\/www.grenobleurl.fr\/wordpress\/wp-content\/uploads\/2012\/11\/bonne16-225x300.jpg 225w, http:\/\/www.grenobleurl.fr\/wordpress\/wp-content\/uploads\/2012\/11\/bonne16.jpg 750w\" alt=\"\" width=\"225\" height=\"300\" \/><\/a><a href=\"http:\/\/www.grenobleurl.fr\/wordpress\/wp-content\/uploads\/2012\/11\/bonne17.jpg\"><img loading=\"lazy\" decoding=\"async\" class=\"aligncenter size-medium wp-image-6680\" title=\"bonne17\" src=\"http:\/\/www.grenobleurl.fr\/wordpress\/wp-content\/uploads\/2012\/11\/bonne17-300x225.jpg\" sizes=\"auto, (max-width: 300px) 100vw, 300px\" srcset=\"http:\/\/www.grenobleurl.fr\/wordpress\/wp-content\/uploads\/2012\/11\/bonne17-300x225.jpg 300w, http:\/\/www.grenobleurl.fr\/wordpress\/wp-content\/uploads\/2012\/11\/bonne17.jpg 1000w\" alt=\"\" width=\"300\" height=\"225\" \/><\/a><a href=\"http:\/\/www.grenobleurl.fr\/wordpress\/wp-content\/uploads\/2012\/11\/bonne14.jpg\"><img loading=\"lazy\" decoding=\"async\" class=\"aligncenter size-medium wp-image-6681\" title=\"bonne14\" src=\"http:\/\/www.grenobleurl.fr\/wordpress\/wp-content\/uploads\/2012\/11\/bonne14-225x300.jpg\" sizes=\"auto, (max-width: 225px) 100vw, 225px\" srcset=\"http:\/\/www.grenobleurl.fr\/wordpress\/wp-content\/uploads\/2012\/11\/bonne14-225x300.jpg 225w, http:\/\/www.grenobleurl.fr\/wordpress\/wp-content\/uploads\/2012\/11\/bonne14.jpg 750w\" alt=\"\" width=\"225\" height=\"300\" \/><\/a><\/p>\n<p style=\"text-align: center;\"><a href=\"https:\/\/amzn.to\/4iJOG7i\" target=\"_blank\" rel=\"noopener\"><strong>Ouvrages sur Grenoble<\/strong><\/a><\/p>\n<p><a href=\"https:\/\/amzn.to\/4iJOG7i\" target=\"_blank\" rel=\"noopener\"><img loading=\"lazy\" decoding=\"async\" class=\"aligncenter size-full wp-image-101983\" src=\"https:\/\/www.charles-de-flahaut.fr\/wordpress\/wp-content\/uploads\/2017\/08\/grenobles_rues.jpg\" alt=\"\" width=\"339\" height=\"342\" srcset=\"https:\/\/www.charles-de-flahaut.fr\/wordpress\/wp-content\/uploads\/2017\/08\/grenobles_rues.jpg 339w, https:\/\/www.charles-de-flahaut.fr\/wordpress\/wp-content\/uploads\/2017\/08\/grenobles_rues-297x300.jpg 297w, https:\/\/www.charles-de-flahaut.fr\/wordpress\/wp-content\/uploads\/2017\/08\/grenobles_rues-150x150.jpg 150w\" sizes=\"auto, (max-width: 339px) 100vw, 339px\" \/><\/a><\/p>\n","protected":false},"excerpt":{"rendered":"<p>La rue de Bonne \u00e0 Grenoble Son histoire \u2026 Elle fut trac\u00e9e par Fran\u00e7ois de Bonne, duc de Lesdigui\u00e8res, et la premi\u00e8re construction de maison date de 1602, maison du sieur Jean Carles. A la fin du XVI\u00e8me si\u00e8cle, la porte de Bonne fut \u00e9difi\u00e9e lors de la construction de la nouvelle enceinte de Grenoble. &hellip; <\/p>\n<p><a class=\"more-link btn\" href=\"https:\/\/www.charles-de-flahaut.fr\/wordpress\/la-rue-de-bonne-a-grenoble\/\">Lire la suite<\/a><\/p>\n","protected":false},"author":117,"featured_media":0,"comment_status":"open","ping_status":"open","sticky":false,"template":"","format":"standard","meta":{"footnotes":""},"categories":[126,16,8],"tags":[],"class_list":["post-46309","post","type-post","status-publish","format-standard","hentry","category-38-isere","category-histoire-regionale","category-patrimoine","item-wrap"],"yoast_head":"<!-- This site is optimized with the Yoast SEO plugin v27.4 - https:\/\/yoast.com\/product\/yoast-seo-wordpress\/ -->\n<title>La rue de Bonne \u00e0 Grenoble - Histoire de France - Communiqu\u00e9s<\/title>\n<meta name=\"description\" content=\"Elle fut trac\u00e9e par Fran\u00e7ois de Bonne, duc de Lesdigui\u00e8res, et la premi\u00e8re construction de maison date de 1602, maison du sieur Jean Carles.\" \/>\n<meta name=\"robots\" content=\"index, follow, max-snippet:-1, max-image-preview:large, max-video-preview:-1\" \/>\n<link rel=\"canonical\" href=\"https:\/\/www.charles-de-flahaut.fr\/wordpress\/la-rue-de-bonne-a-grenoble\/\" \/>\n<meta property=\"og:locale\" content=\"fr_FR\" \/>\n<meta property=\"og:type\" content=\"article\" \/>\n<meta property=\"og:title\" content=\"La rue de Bonne \u00e0 Grenoble - Histoire de France - Communiqu\u00e9s\" \/>\n<meta property=\"og:description\" content=\"Elle fut trac\u00e9e par Fran\u00e7ois de Bonne, duc de Lesdigui\u00e8res, et la premi\u00e8re construction de maison date de 1602, maison du sieur Jean Carles.\" \/>\n<meta property=\"og:url\" content=\"https:\/\/www.charles-de-flahaut.fr\/wordpress\/la-rue-de-bonne-a-grenoble\/\" \/>\n<meta property=\"og:site_name\" content=\"Histoire de France - Communiqu\u00e9s\" \/>\n<meta property=\"article:publisher\" content=\"https:\/\/www.facebook.com\/Sites.HistoiredeFrance\" \/>\n<meta property=\"article:published_time\" content=\"2017-08-11T08:13:43+00:00\" \/>\n<meta property=\"article:modified_time\" content=\"2025-03-31T16:00:27+00:00\" \/>\n<meta property=\"og:image\" content=\"https:\/\/www.charles-de-flahaut.fr\/wordpress\/wp-content\/uploads\/2014\/04\/villefranchedeconflent1.jpg\" \/>\n\t<meta property=\"og:image:width\" content=\"371\" \/>\n\t<meta property=\"og:image:height\" content=\"494\" \/>\n\t<meta property=\"og:image:type\" content=\"image\/jpeg\" \/>\n<meta name=\"author\" content=\"administrateur\" \/>\n<meta name=\"twitter:card\" content=\"summary_large_image\" \/>\n<meta name=\"twitter:label1\" content=\"\u00c9crit par\" \/>\n\t<meta name=\"twitter:data1\" content=\"administrateur\" \/>\n\t<meta name=\"twitter:label2\" content=\"Dur\u00e9e de lecture estim\u00e9e\" \/>\n\t<meta name=\"twitter:data2\" content=\"5 minutes\" \/>\n<script type=\"application\/ld+json\" class=\"yoast-schema-graph\">{\"@context\":\"https:\\\/\\\/schema.org\",\"@graph\":[{\"@type\":\"Article\",\"@id\":\"https:\\\/\\\/www.charles-de-flahaut.fr\\\/wordpress\\\/la-rue-de-bonne-a-grenoble\\\/#article\",\"isPartOf\":{\"@id\":\"https:\\\/\\\/www.charles-de-flahaut.fr\\\/wordpress\\\/la-rue-de-bonne-a-grenoble\\\/\"},\"author\":{\"name\":\"administrateur\",\"@id\":\"https:\\\/\\\/www.charles-de-flahaut.fr\\\/wordpress\\\/#\\\/schema\\\/person\\\/41c41eaf9ae1d70810ff74a04a786c56\"},\"headline\":\"La rue de Bonne \u00e0 Grenoble\",\"datePublished\":\"2017-08-11T08:13:43+00:00\",\"dateModified\":\"2025-03-31T16:00:27+00:00\",\"mainEntityOfPage\":{\"@id\":\"https:\\\/\\\/www.charles-de-flahaut.fr\\\/wordpress\\\/la-rue-de-bonne-a-grenoble\\\/\"},\"wordCount\":372,\"commentCount\":0,\"publisher\":{\"@id\":\"https:\\\/\\\/www.charles-de-flahaut.fr\\\/wordpress\\\/#\\\/schema\\\/person\\\/81011c8b61bc74c05499365a506d49a9\"},\"image\":{\"@id\":\"https:\\\/\\\/www.charles-de-flahaut.fr\\\/wordpress\\\/la-rue-de-bonne-a-grenoble\\\/#primaryimage\"},\"thumbnailUrl\":\"http:\\\/\\\/www.grenobleurl.fr\\\/wordpress\\\/wp-content\\\/uploads\\\/2012\\\/11\\\/porte-de-bonne-300x177.jpg\",\"articleSection\":[\"38 - Is\u00e8re\",\"histoire locale\",\"patrimoine\"],\"inLanguage\":\"fr-FR\",\"potentialAction\":[{\"@type\":\"CommentAction\",\"name\":\"Comment\",\"target\":[\"https:\\\/\\\/www.charles-de-flahaut.fr\\\/wordpress\\\/la-rue-de-bonne-a-grenoble\\\/#respond\"]}]},{\"@type\":\"WebPage\",\"@id\":\"https:\\\/\\\/www.charles-de-flahaut.fr\\\/wordpress\\\/la-rue-de-bonne-a-grenoble\\\/\",\"url\":\"https:\\\/\\\/www.charles-de-flahaut.fr\\\/wordpress\\\/la-rue-de-bonne-a-grenoble\\\/\",\"name\":\"La rue de Bonne \u00e0 Grenoble - Histoire de France - Communiqu\u00e9s\",\"isPartOf\":{\"@id\":\"https:\\\/\\\/www.charles-de-flahaut.fr\\\/wordpress\\\/#website\"},\"primaryImageOfPage\":{\"@id\":\"https:\\\/\\\/www.charles-de-flahaut.fr\\\/wordpress\\\/la-rue-de-bonne-a-grenoble\\\/#primaryimage\"},\"image\":{\"@id\":\"https:\\\/\\\/www.charles-de-flahaut.fr\\\/wordpress\\\/la-rue-de-bonne-a-grenoble\\\/#primaryimage\"},\"thumbnailUrl\":\"http:\\\/\\\/www.grenobleurl.fr\\\/wordpress\\\/wp-content\\\/uploads\\\/2012\\\/11\\\/porte-de-bonne-300x177.jpg\",\"datePublished\":\"2017-08-11T08:13:43+00:00\",\"dateModified\":\"2025-03-31T16:00:27+00:00\",\"description\":\"Elle fut trac\u00e9e par Fran\u00e7ois de Bonne, duc de Lesdigui\u00e8res, et la premi\u00e8re construction de maison date de 1602, maison du sieur Jean Carles.\",\"breadcrumb\":{\"@id\":\"https:\\\/\\\/www.charles-de-flahaut.fr\\\/wordpress\\\/la-rue-de-bonne-a-grenoble\\\/#breadcrumb\"},\"inLanguage\":\"fr-FR\",\"potentialAction\":[{\"@type\":\"ReadAction\",\"target\":[\"https:\\\/\\\/www.charles-de-flahaut.fr\\\/wordpress\\\/la-rue-de-bonne-a-grenoble\\\/\"]}]},{\"@type\":\"ImageObject\",\"inLanguage\":\"fr-FR\",\"@id\":\"https:\\\/\\\/www.charles-de-flahaut.fr\\\/wordpress\\\/la-rue-de-bonne-a-grenoble\\\/#primaryimage\",\"url\":\"http:\\\/\\\/www.grenobleurl.fr\\\/wordpress\\\/wp-content\\\/uploads\\\/2012\\\/11\\\/porte-de-bonne-300x177.jpg\",\"contentUrl\":\"http:\\\/\\\/www.grenobleurl.fr\\\/wordpress\\\/wp-content\\\/uploads\\\/2012\\\/11\\\/porte-de-bonne-300x177.jpg\"},{\"@type\":\"BreadcrumbList\",\"@id\":\"https:\\\/\\\/www.charles-de-flahaut.fr\\\/wordpress\\\/la-rue-de-bonne-a-grenoble\\\/#breadcrumb\",\"itemListElement\":[{\"@type\":\"ListItem\",\"position\":1,\"name\":\"Accueil\",\"item\":\"https:\\\/\\\/www.charles-de-flahaut.fr\\\/wordpress\\\/\"},{\"@type\":\"ListItem\",\"position\":2,\"name\":\"La rue de Bonne \u00e0 Grenoble\"}]},{\"@type\":\"WebSite\",\"@id\":\"https:\\\/\\\/www.charles-de-flahaut.fr\\\/wordpress\\\/#website\",\"url\":\"https:\\\/\\\/www.charles-de-flahaut.fr\\\/wordpress\\\/\",\"name\":\"Histoire de France - Communiqu\u00e9s\",\"description\":\"Histoire et patrimoine\",\"publisher\":{\"@id\":\"https:\\\/\\\/www.charles-de-flahaut.fr\\\/wordpress\\\/#\\\/schema\\\/person\\\/81011c8b61bc74c05499365a506d49a9\"},\"potentialAction\":[{\"@type\":\"SearchAction\",\"target\":{\"@type\":\"EntryPoint\",\"urlTemplate\":\"https:\\\/\\\/www.charles-de-flahaut.fr\\\/wordpress\\\/?s={search_term_string}\"},\"query-input\":{\"@type\":\"PropertyValueSpecification\",\"valueRequired\":true,\"valueName\":\"search_term_string\"}}],\"inLanguage\":\"fr-FR\"},{\"@type\":[\"Person\",\"Organization\"],\"@id\":\"https:\\\/\\\/www.charles-de-flahaut.fr\\\/wordpress\\\/#\\\/schema\\\/person\\\/81011c8b61bc74c05499365a506d49a9\",\"name\":\"administrateur\",\"logo\":{\"@id\":\"https:\\\/\\\/www.charles-de-flahaut.fr\\\/wordpress\\\/#\\\/schema\\\/person\\\/image\\\/\"},\"sameAs\":[\"http:\\\/\\\/www.charles-de-flahaut.fr\",\"https:\\\/\\\/www.facebook.com\\\/Sites.HistoiredeFrance\"]},{\"@type\":\"Person\",\"@id\":\"https:\\\/\\\/www.charles-de-flahaut.fr\\\/wordpress\\\/#\\\/schema\\\/person\\\/41c41eaf9ae1d70810ff74a04a786c56\",\"name\":\"administrateur\",\"url\":\"https:\\\/\\\/www.charles-de-flahaut.fr\\\/wordpress\\\/author\\\/hist_8la_ad\\\/\"}]}<\/script>\n<!-- \/ Yoast SEO plugin. -->","yoast_head_json":{"title":"La rue de Bonne \u00e0 Grenoble - Histoire de France - Communiqu\u00e9s","description":"Elle fut trac\u00e9e par Fran\u00e7ois de Bonne, duc de Lesdigui\u00e8res, et la premi\u00e8re construction de maison date de 1602, maison du sieur Jean Carles.","robots":{"index":"index","follow":"follow","max-snippet":"max-snippet:-1","max-image-preview":"max-image-preview:large","max-video-preview":"max-video-preview:-1"},"canonical":"https:\/\/www.charles-de-flahaut.fr\/wordpress\/la-rue-de-bonne-a-grenoble\/","og_locale":"fr_FR","og_type":"article","og_title":"La rue de Bonne \u00e0 Grenoble - Histoire de France - Communiqu\u00e9s","og_description":"Elle fut trac\u00e9e par Fran\u00e7ois de Bonne, duc de Lesdigui\u00e8res, et la premi\u00e8re construction de maison date de 1602, maison du sieur Jean Carles.","og_url":"https:\/\/www.charles-de-flahaut.fr\/wordpress\/la-rue-de-bonne-a-grenoble\/","og_site_name":"Histoire de France - Communiqu\u00e9s","article_publisher":"https:\/\/www.facebook.com\/Sites.HistoiredeFrance","article_published_time":"2017-08-11T08:13:43+00:00","article_modified_time":"2025-03-31T16:00:27+00:00","og_image":[{"width":371,"height":494,"url":"https:\/\/www.charles-de-flahaut.fr\/wordpress\/wp-content\/uploads\/2014\/04\/villefranchedeconflent1.jpg","type":"image\/jpeg"}],"author":"administrateur","twitter_card":"summary_large_image","twitter_misc":{"\u00c9crit par":"administrateur","Dur\u00e9e de lecture estim\u00e9e":"5 minutes"},"schema":{"@context":"https:\/\/schema.org","@graph":[{"@type":"Article","@id":"https:\/\/www.charles-de-flahaut.fr\/wordpress\/la-rue-de-bonne-a-grenoble\/#article","isPartOf":{"@id":"https:\/\/www.charles-de-flahaut.fr\/wordpress\/la-rue-de-bonne-a-grenoble\/"},"author":{"name":"administrateur","@id":"https:\/\/www.charles-de-flahaut.fr\/wordpress\/#\/schema\/person\/41c41eaf9ae1d70810ff74a04a786c56"},"headline":"La rue de Bonne \u00e0 Grenoble","datePublished":"2017-08-11T08:13:43+00:00","dateModified":"2025-03-31T16:00:27+00:00","mainEntityOfPage":{"@id":"https:\/\/www.charles-de-flahaut.fr\/wordpress\/la-rue-de-bonne-a-grenoble\/"},"wordCount":372,"commentCount":0,"publisher":{"@id":"https:\/\/www.charles-de-flahaut.fr\/wordpress\/#\/schema\/person\/81011c8b61bc74c05499365a506d49a9"},"image":{"@id":"https:\/\/www.charles-de-flahaut.fr\/wordpress\/la-rue-de-bonne-a-grenoble\/#primaryimage"},"thumbnailUrl":"http:\/\/www.grenobleurl.fr\/wordpress\/wp-content\/uploads\/2012\/11\/porte-de-bonne-300x177.jpg","articleSection":["38 - Is\u00e8re","histoire locale","patrimoine"],"inLanguage":"fr-FR","potentialAction":[{"@type":"CommentAction","name":"Comment","target":["https:\/\/www.charles-de-flahaut.fr\/wordpress\/la-rue-de-bonne-a-grenoble\/#respond"]}]},{"@type":"WebPage","@id":"https:\/\/www.charles-de-flahaut.fr\/wordpress\/la-rue-de-bonne-a-grenoble\/","url":"https:\/\/www.charles-de-flahaut.fr\/wordpress\/la-rue-de-bonne-a-grenoble\/","name":"La rue de Bonne \u00e0 Grenoble - Histoire de France - Communiqu\u00e9s","isPartOf":{"@id":"https:\/\/www.charles-de-flahaut.fr\/wordpress\/#website"},"primaryImageOfPage":{"@id":"https:\/\/www.charles-de-flahaut.fr\/wordpress\/la-rue-de-bonne-a-grenoble\/#primaryimage"},"image":{"@id":"https:\/\/www.charles-de-flahaut.fr\/wordpress\/la-rue-de-bonne-a-grenoble\/#primaryimage"},"thumbnailUrl":"http:\/\/www.grenobleurl.fr\/wordpress\/wp-content\/uploads\/2012\/11\/porte-de-bonne-300x177.jpg","datePublished":"2017-08-11T08:13:43+00:00","dateModified":"2025-03-31T16:00:27+00:00","description":"Elle fut trac\u00e9e par Fran\u00e7ois de Bonne, duc de Lesdigui\u00e8res, et la premi\u00e8re construction de maison date de 1602, maison du sieur Jean Carles.","breadcrumb":{"@id":"https:\/\/www.charles-de-flahaut.fr\/wordpress\/la-rue-de-bonne-a-grenoble\/#breadcrumb"},"inLanguage":"fr-FR","potentialAction":[{"@type":"ReadAction","target":["https:\/\/www.charles-de-flahaut.fr\/wordpress\/la-rue-de-bonne-a-grenoble\/"]}]},{"@type":"ImageObject","inLanguage":"fr-FR","@id":"https:\/\/www.charles-de-flahaut.fr\/wordpress\/la-rue-de-bonne-a-grenoble\/#primaryimage","url":"http:\/\/www.grenobleurl.fr\/wordpress\/wp-content\/uploads\/2012\/11\/porte-de-bonne-300x177.jpg","contentUrl":"http:\/\/www.grenobleurl.fr\/wordpress\/wp-content\/uploads\/2012\/11\/porte-de-bonne-300x177.jpg"},{"@type":"BreadcrumbList","@id":"https:\/\/www.charles-de-flahaut.fr\/wordpress\/la-rue-de-bonne-a-grenoble\/#breadcrumb","itemListElement":[{"@type":"ListItem","position":1,"name":"Accueil","item":"https:\/\/www.charles-de-flahaut.fr\/wordpress\/"},{"@type":"ListItem","position":2,"name":"La rue de Bonne \u00e0 Grenoble"}]},{"@type":"WebSite","@id":"https:\/\/www.charles-de-flahaut.fr\/wordpress\/#website","url":"https:\/\/www.charles-de-flahaut.fr\/wordpress\/","name":"Histoire de France - Communiqu\u00e9s","description":"Histoire et patrimoine","publisher":{"@id":"https:\/\/www.charles-de-flahaut.fr\/wordpress\/#\/schema\/person\/81011c8b61bc74c05499365a506d49a9"},"potentialAction":[{"@type":"SearchAction","target":{"@type":"EntryPoint","urlTemplate":"https:\/\/www.charles-de-flahaut.fr\/wordpress\/?s={search_term_string}"},"query-input":{"@type":"PropertyValueSpecification","valueRequired":true,"valueName":"search_term_string"}}],"inLanguage":"fr-FR"},{"@type":["Person","Organization"],"@id":"https:\/\/www.charles-de-flahaut.fr\/wordpress\/#\/schema\/person\/81011c8b61bc74c05499365a506d49a9","name":"administrateur","logo":{"@id":"https:\/\/www.charles-de-flahaut.fr\/wordpress\/#\/schema\/person\/image\/"},"sameAs":["http:\/\/www.charles-de-flahaut.fr","https:\/\/www.facebook.com\/Sites.HistoiredeFrance"]},{"@type":"Person","@id":"https:\/\/www.charles-de-flahaut.fr\/wordpress\/#\/schema\/person\/41c41eaf9ae1d70810ff74a04a786c56","name":"administrateur","url":"https:\/\/www.charles-de-flahaut.fr\/wordpress\/author\/hist_8la_ad\/"}]}},"views":1155,"amp_enabled":true,"_links":{"self":[{"href":"https:\/\/www.charles-de-flahaut.fr\/wordpress\/wp-json\/wp\/v2\/posts\/46309","targetHints":{"allow":["GET"]}}],"collection":[{"href":"https:\/\/www.charles-de-flahaut.fr\/wordpress\/wp-json\/wp\/v2\/posts"}],"about":[{"href":"https:\/\/www.charles-de-flahaut.fr\/wordpress\/wp-json\/wp\/v2\/types\/post"}],"author":[{"embeddable":true,"href":"https:\/\/www.charles-de-flahaut.fr\/wordpress\/wp-json\/wp\/v2\/users\/117"}],"replies":[{"embeddable":true,"href":"https:\/\/www.charles-de-flahaut.fr\/wordpress\/wp-json\/wp\/v2\/comments?post=46309"}],"version-history":[{"count":4,"href":"https:\/\/www.charles-de-flahaut.fr\/wordpress\/wp-json\/wp\/v2\/posts\/46309\/revisions"}],"predecessor-version":[{"id":102036,"href":"https:\/\/www.charles-de-flahaut.fr\/wordpress\/wp-json\/wp\/v2\/posts\/46309\/revisions\/102036"}],"wp:attachment":[{"href":"https:\/\/www.charles-de-flahaut.fr\/wordpress\/wp-json\/wp\/v2\/media?parent=46309"}],"wp:term":[{"taxonomy":"category","embeddable":true,"href":"https:\/\/www.charles-de-flahaut.fr\/wordpress\/wp-json\/wp\/v2\/categories?post=46309"},{"taxonomy":"post_tag","embeddable":true,"href":"https:\/\/www.charles-de-flahaut.fr\/wordpress\/wp-json\/wp\/v2\/tags?post=46309"}],"curies":[{"name":"wp","href":"https:\/\/api.w.org\/{rel}","templated":true}]}}