{"id":4481,"date":"2013-12-03T13:52:24","date_gmt":"2013-12-03T12:52:24","guid":{"rendered":"http:\/\/www.charles-de-flahaut.fr\/wordpress\/?p=4481"},"modified":"2015-06-11T13:08:20","modified_gmt":"2015-06-11T12:08:20","slug":"histoire-et-patrimoine-darlay-jura","status":"publish","type":"post","link":"https:\/\/www.charles-de-flahaut.fr\/wordpress\/histoire-et-patrimoine-darlay-jura\/","title":{"rendered":"Histoire et patrimoine d&rsquo;Arlay (Jura)"},"content":{"rendered":"<p>Un nouveau site r\u00e9f\u00e9renc\u00e9 sur <a href=\"http:\/\/www.histoire-communes.jpflahaut.fr\/\" target=\"_blank\">Annuaire Histoire<\/a> :<\/p>\n<p><strong>Histoire et patrimoine d&rsquo;Arlay (Jura)<\/strong><br \/>\n<a href=\"http:\/\/www.arlay.info\/spip.php?rubrique11\" target=\"_blank\">http:\/\/www.arlay.info\/spip.php?rubrique11<\/a><\/p>\n<p style=\"text-align: justify;\"><a href=\"http:\/\/www.charles-de-flahaut.fr\/wordpress\/wp-content\/uploads\/2013\/12\/arlay.jpg\"><img loading=\"lazy\" decoding=\"async\" class=\"alignleft size-medium wp-image-4482\" src=\"http:\/\/www.charles-de-flahaut.fr\/wordpress\/wp-content\/uploads\/2013\/12\/arlay-300x57.jpg\" alt=\"arlay\" width=\"300\" height=\"57\" srcset=\"https:\/\/www.charles-de-flahaut.fr\/wordpress\/wp-content\/uploads\/2013\/12\/arlay-300x57.jpg 300w, https:\/\/www.charles-de-flahaut.fr\/wordpress\/wp-content\/uploads\/2013\/12\/arlay.jpg 763w\" sizes=\"auto, (max-width: 300px) 100vw, 300px\" \/><\/a>ARLAY eu beaucoup d\u2019\u00e9difices religieux dans son histoire, pas moins de trois \u00e9glises et huit chapelles. Il faut pr\u00e9ciser, qu\u2019autrefois, ARLAY \u00e9tait une ville qui compta jusqu\u2019\u00e0 2000 habitants. Les deux \u00e9glises qui existaient sous louis XV, St-VINCENT et St-CLAUDE, furent d\u00e9clar\u00e9es v\u00e9tustes et ferm\u00e9es en 1751&#8230;<\/p>\n<p><em>(photo et extrait du site de la commune &#8230; <a href=\"http:\/\/www.arlay.info\/spip.php?rubrique11\" target=\"_blank\">lire la suite<\/a>)<\/em><\/p>\n<p>A lire aussi :<br \/>\n&#8211; <a href=\"http:\/\/www.arlay.info\/spip.php?article35\" target=\"_blank\">D\u00e9couverte d&rsquo;Arlay<\/a><br \/>\n&#8211; <a href=\"http:\/\/www.arlay.info\/spip.php?article211\" target=\"_blank\">L&rsquo;\u00e9glise d&rsquo;Arlay<\/a><br \/>\n&#8211; <a href=\"http:\/\/www.arlay.info\/spip.php?article80\" target=\"_blank\">Monuments et curiosit\u00e9s d&rsquo;Arla<\/a>y<br \/>\n<br \/><iframe style=\"width:120px;height:240px;\" marginwidth=\"0\" marginheight=\"0\" scrolling=\"no\" frameborder=\"0\" src=\"\/\/ws-eu.amazon-adsystem.com\/widgets\/q?ServiceVersion=20070822&#038;OneJS=1&#038;Operation=GetAdHtml&#038;MarketPlace=FR&#038;source=ac&#038;ref=tf_til&#038;ad_type=product_link&#038;tracking_id=charledeflaha-21&#038;marketplace=amazon&#038;region=FR&#038;placement=2849108774&#038;asins=2849108774&#038;linkId=Q5RHY4ESQIEA2WOQ&#038;show_border=true&#038;link_opens_in_new_window=true\"><br \/>\n<\/iframe><\/p>\n","protected":false},"excerpt":{"rendered":"<p>Un nouveau site r\u00e9f\u00e9renc\u00e9 sur Annuaire Histoire : Histoire et patrimoine d&rsquo;Arlay (Jura) http:\/\/www.arlay.info\/spip.php?rubrique11 ARLAY eu beaucoup d\u2019\u00e9difices religieux dans son histoire, pas moins de trois \u00e9glises et huit chapelles. Il faut pr\u00e9ciser, qu\u2019autrefois, ARLAY \u00e9tait une ville qui compta jusqu\u2019\u00e0 2000 habitants. Les deux \u00e9glises qui existaient sous louis XV, St-VINCENT et St-CLAUDE, furent &hellip; <\/p>\n<p><a class=\"more-link btn\" href=\"https:\/\/www.charles-de-flahaut.fr\/wordpress\/histoire-et-patrimoine-darlay-jura\/\">Lire la suite<\/a><\/p>\n","protected":false},"author":1,"featured_media":0,"comment_status":"open","ping_status":"open","sticky":false,"template":"","format":"standard","meta":{"footnotes":""},"categories":[127,16,8],"tags":[],"class_list":["post-4481","post","type-post","status-publish","format-standard","hentry","category-39-jura","category-histoire-regionale","category-patrimoine","item-wrap"],"yoast_head":"<!-- This site is optimized with the Yoast SEO plugin v27.5 - https:\/\/yoast.com\/product\/yoast-seo-wordpress\/ -->\n<title>Histoire et patrimoine d&#039;Arlay (Jura) - Histoire de France - Communiqu\u00e9s<\/title>\n<meta name=\"robots\" content=\"index, follow, max-snippet:-1, max-image-preview:large, max-video-preview:-1\" \/>\n<link rel=\"canonical\" href=\"https:\/\/www.charles-de-flahaut.fr\/wordpress\/histoire-et-patrimoine-darlay-jura\/\" \/>\n<meta property=\"og:locale\" content=\"fr_FR\" \/>\n<meta property=\"og:type\" content=\"article\" \/>\n<meta property=\"og:title\" content=\"Histoire et patrimoine d&#039;Arlay (Jura) - Histoire de France - Communiqu\u00e9s\" \/>\n<meta property=\"og:description\" content=\"Un nouveau site r\u00e9f\u00e9renc\u00e9 sur Annuaire Histoire : Histoire et patrimoine d&rsquo;Arlay (Jura) http:\/\/www.arlay.info\/spip.php?rubrique11 ARLAY eu beaucoup d\u2019\u00e9difices religieux dans son histoire, pas moins de trois \u00e9glises et huit chapelles. Il faut pr\u00e9ciser, qu\u2019autrefois, ARLAY \u00e9tait une ville qui compta jusqu\u2019\u00e0 2000 habitants. Les deux \u00e9glises qui existaient sous louis XV, St-VINCENT et St-CLAUDE, furent &hellip; Lire la suite\" \/>\n<meta property=\"og:url\" content=\"https:\/\/www.charles-de-flahaut.fr\/wordpress\/histoire-et-patrimoine-darlay-jura\/\" \/>\n<meta property=\"og:site_name\" content=\"Histoire de France - Communiqu\u00e9s\" \/>\n<meta property=\"article:publisher\" content=\"https:\/\/www.facebook.com\/Sites.HistoiredeFrance\" \/>\n<meta property=\"article:author\" content=\"https:\/\/www.facebook.com\/Sites.HistoiredeFrance\" \/>\n<meta property=\"article:published_time\" content=\"2013-12-03T12:52:24+00:00\" \/>\n<meta property=\"article:modified_time\" content=\"2015-06-11T12:08:20+00:00\" \/>\n<meta property=\"og:image\" content=\"http:\/\/www.charles-de-flahaut.fr\/wordpress\/wp-content\/uploads\/2013\/12\/arlay-300x57.jpg\" \/>\n<meta name=\"author\" content=\"administrateur\" \/>\n<meta name=\"twitter:card\" content=\"summary_large_image\" \/>\n<meta name=\"twitter:label1\" content=\"\u00c9crit par\" \/>\n\t<meta name=\"twitter:data1\" content=\"administrateur\" \/>\n\t<meta name=\"twitter:label2\" content=\"Dur\u00e9e de lecture estim\u00e9e\" \/>\n\t<meta name=\"twitter:data2\" content=\"1 minute\" \/>\n<script type=\"application\/ld+json\" class=\"yoast-schema-graph\">{\"@context\":\"https:\\\/\\\/schema.org\",\"@graph\":[{\"@type\":\"Article\",\"@id\":\"https:\\\/\\\/www.charles-de-flahaut.fr\\\/wordpress\\\/histoire-et-patrimoine-darlay-jura\\\/#article\",\"isPartOf\":{\"@id\":\"https:\\\/\\\/www.charles-de-flahaut.fr\\\/wordpress\\\/histoire-et-patrimoine-darlay-jura\\\/\"},\"author\":{\"name\":\"administrateur\",\"@id\":\"https:\\\/\\\/www.charles-de-flahaut.fr\\\/wordpress\\\/#\\\/schema\\\/person\\\/81011c8b61bc74c05499365a506d49a9\"},\"headline\":\"Histoire et patrimoine d&rsquo;Arlay (Jura)\",\"datePublished\":\"2013-12-03T12:52:24+00:00\",\"dateModified\":\"2015-06-11T12:08:20+00:00\",\"mainEntityOfPage\":{\"@id\":\"https:\\\/\\\/www.charles-de-flahaut.fr\\\/wordpress\\\/histoire-et-patrimoine-darlay-jura\\\/\"},\"wordCount\":111,\"commentCount\":0,\"publisher\":{\"@id\":\"https:\\\/\\\/www.charles-de-flahaut.fr\\\/wordpress\\\/#\\\/schema\\\/person\\\/81011c8b61bc74c05499365a506d49a9\"},\"image\":{\"@id\":\"https:\\\/\\\/www.charles-de-flahaut.fr\\\/wordpress\\\/histoire-et-patrimoine-darlay-jura\\\/#primaryimage\"},\"thumbnailUrl\":\"http:\\\/\\\/www.charles-de-flahaut.fr\\\/wordpress\\\/wp-content\\\/uploads\\\/2013\\\/12\\\/arlay-300x57.jpg\",\"articleSection\":[\"39 - Jura\",\"histoire locale\",\"patrimoine\"],\"inLanguage\":\"fr-FR\",\"potentialAction\":[{\"@type\":\"CommentAction\",\"name\":\"Comment\",\"target\":[\"https:\\\/\\\/www.charles-de-flahaut.fr\\\/wordpress\\\/histoire-et-patrimoine-darlay-jura\\\/#respond\"]}]},{\"@type\":\"WebPage\",\"@id\":\"https:\\\/\\\/www.charles-de-flahaut.fr\\\/wordpress\\\/histoire-et-patrimoine-darlay-jura\\\/\",\"url\":\"https:\\\/\\\/www.charles-de-flahaut.fr\\\/wordpress\\\/histoire-et-patrimoine-darlay-jura\\\/\",\"name\":\"Histoire et patrimoine d'Arlay (Jura) - Histoire de France - Communiqu\u00e9s\",\"isPartOf\":{\"@id\":\"https:\\\/\\\/www.charles-de-flahaut.fr\\\/wordpress\\\/#website\"},\"primaryImageOfPage\":{\"@id\":\"https:\\\/\\\/www.charles-de-flahaut.fr\\\/wordpress\\\/histoire-et-patrimoine-darlay-jura\\\/#primaryimage\"},\"image\":{\"@id\":\"https:\\\/\\\/www.charles-de-flahaut.fr\\\/wordpress\\\/histoire-et-patrimoine-darlay-jura\\\/#primaryimage\"},\"thumbnailUrl\":\"http:\\\/\\\/www.charles-de-flahaut.fr\\\/wordpress\\\/wp-content\\\/uploads\\\/2013\\\/12\\\/arlay-300x57.jpg\",\"datePublished\":\"2013-12-03T12:52:24+00:00\",\"dateModified\":\"2015-06-11T12:08:20+00:00\",\"breadcrumb\":{\"@id\":\"https:\\\/\\\/www.charles-de-flahaut.fr\\\/wordpress\\\/histoire-et-patrimoine-darlay-jura\\\/#breadcrumb\"},\"inLanguage\":\"fr-FR\",\"potentialAction\":[{\"@type\":\"ReadAction\",\"target\":[\"https:\\\/\\\/www.charles-de-flahaut.fr\\\/wordpress\\\/histoire-et-patrimoine-darlay-jura\\\/\"]}]},{\"@type\":\"ImageObject\",\"inLanguage\":\"fr-FR\",\"@id\":\"https:\\\/\\\/www.charles-de-flahaut.fr\\\/wordpress\\\/histoire-et-patrimoine-darlay-jura\\\/#primaryimage\",\"url\":\"https:\\\/\\\/www.charles-de-flahaut.fr\\\/wordpress\\\/wp-content\\\/uploads\\\/2013\\\/12\\\/arlay.jpg\",\"contentUrl\":\"https:\\\/\\\/www.charles-de-flahaut.fr\\\/wordpress\\\/wp-content\\\/uploads\\\/2013\\\/12\\\/arlay.jpg\",\"width\":763,\"height\":146},{\"@type\":\"BreadcrumbList\",\"@id\":\"https:\\\/\\\/www.charles-de-flahaut.fr\\\/wordpress\\\/histoire-et-patrimoine-darlay-jura\\\/#breadcrumb\",\"itemListElement\":[{\"@type\":\"ListItem\",\"position\":1,\"name\":\"Accueil\",\"item\":\"https:\\\/\\\/www.charles-de-flahaut.fr\\\/wordpress\\\/\"},{\"@type\":\"ListItem\",\"position\":2,\"name\":\"Histoire et patrimoine d&rsquo;Arlay (Jura)\"}]},{\"@type\":\"WebSite\",\"@id\":\"https:\\\/\\\/www.charles-de-flahaut.fr\\\/wordpress\\\/#website\",\"url\":\"https:\\\/\\\/www.charles-de-flahaut.fr\\\/wordpress\\\/\",\"name\":\"Histoire de France - Communiqu\u00e9s\",\"description\":\"Histoire et patrimoine\",\"publisher\":{\"@id\":\"https:\\\/\\\/www.charles-de-flahaut.fr\\\/wordpress\\\/#\\\/schema\\\/person\\\/81011c8b61bc74c05499365a506d49a9\"},\"potentialAction\":[{\"@type\":\"SearchAction\",\"target\":{\"@type\":\"EntryPoint\",\"urlTemplate\":\"https:\\\/\\\/www.charles-de-flahaut.fr\\\/wordpress\\\/?s={search_term_string}\"},\"query-input\":{\"@type\":\"PropertyValueSpecification\",\"valueRequired\":true,\"valueName\":\"search_term_string\"}}],\"inLanguage\":\"fr-FR\"},{\"@type\":[\"Person\",\"Organization\"],\"@id\":\"https:\\\/\\\/www.charles-de-flahaut.fr\\\/wordpress\\\/#\\\/schema\\\/person\\\/81011c8b61bc74c05499365a506d49a9\",\"name\":\"administrateur\",\"logo\":{\"@id\":\"https:\\\/\\\/www.charles-de-flahaut.fr\\\/wordpress\\\/#\\\/schema\\\/person\\\/image\\\/\"},\"sameAs\":[\"http:\\\/\\\/www.charles-de-flahaut.fr\",\"https:\\\/\\\/www.facebook.com\\\/Sites.HistoiredeFrance\"],\"url\":\"https:\\\/\\\/www.charles-de-flahaut.fr\\\/wordpress\\\/author\\\/admin\\\/\"}]}<\/script>\n<!-- \/ Yoast SEO plugin. -->","yoast_head_json":{"title":"Histoire et patrimoine d'Arlay (Jura) - Histoire de France - Communiqu\u00e9s","robots":{"index":"index","follow":"follow","max-snippet":"max-snippet:-1","max-image-preview":"max-image-preview:large","max-video-preview":"max-video-preview:-1"},"canonical":"https:\/\/www.charles-de-flahaut.fr\/wordpress\/histoire-et-patrimoine-darlay-jura\/","og_locale":"fr_FR","og_type":"article","og_title":"Histoire et patrimoine d'Arlay (Jura) - Histoire de France - Communiqu\u00e9s","og_description":"Un nouveau site r\u00e9f\u00e9renc\u00e9 sur Annuaire Histoire : Histoire et patrimoine d&rsquo;Arlay (Jura) http:\/\/www.arlay.info\/spip.php?rubrique11 ARLAY eu beaucoup d\u2019\u00e9difices religieux dans son histoire, pas moins de trois \u00e9glises et huit chapelles. Il faut pr\u00e9ciser, qu\u2019autrefois, ARLAY \u00e9tait une ville qui compta jusqu\u2019\u00e0 2000 habitants. Les deux \u00e9glises qui existaient sous louis XV, St-VINCENT et St-CLAUDE, furent &hellip; Lire la suite","og_url":"https:\/\/www.charles-de-flahaut.fr\/wordpress\/histoire-et-patrimoine-darlay-jura\/","og_site_name":"Histoire de France - Communiqu\u00e9s","article_publisher":"https:\/\/www.facebook.com\/Sites.HistoiredeFrance","article_author":"https:\/\/www.facebook.com\/Sites.HistoiredeFrance","article_published_time":"2013-12-03T12:52:24+00:00","article_modified_time":"2015-06-11T12:08:20+00:00","og_image":[{"url":"http:\/\/www.charles-de-flahaut.fr\/wordpress\/wp-content\/uploads\/2013\/12\/arlay-300x57.jpg","type":"","width":"","height":""}],"author":"administrateur","twitter_card":"summary_large_image","twitter_misc":{"\u00c9crit par":"administrateur","Dur\u00e9e de lecture estim\u00e9e":"1 minute"},"schema":{"@context":"https:\/\/schema.org","@graph":[{"@type":"Article","@id":"https:\/\/www.charles-de-flahaut.fr\/wordpress\/histoire-et-patrimoine-darlay-jura\/#article","isPartOf":{"@id":"https:\/\/www.charles-de-flahaut.fr\/wordpress\/histoire-et-patrimoine-darlay-jura\/"},"author":{"name":"administrateur","@id":"https:\/\/www.charles-de-flahaut.fr\/wordpress\/#\/schema\/person\/81011c8b61bc74c05499365a506d49a9"},"headline":"Histoire et patrimoine d&rsquo;Arlay (Jura)","datePublished":"2013-12-03T12:52:24+00:00","dateModified":"2015-06-11T12:08:20+00:00","mainEntityOfPage":{"@id":"https:\/\/www.charles-de-flahaut.fr\/wordpress\/histoire-et-patrimoine-darlay-jura\/"},"wordCount":111,"commentCount":0,"publisher":{"@id":"https:\/\/www.charles-de-flahaut.fr\/wordpress\/#\/schema\/person\/81011c8b61bc74c05499365a506d49a9"},"image":{"@id":"https:\/\/www.charles-de-flahaut.fr\/wordpress\/histoire-et-patrimoine-darlay-jura\/#primaryimage"},"thumbnailUrl":"http:\/\/www.charles-de-flahaut.fr\/wordpress\/wp-content\/uploads\/2013\/12\/arlay-300x57.jpg","articleSection":["39 - Jura","histoire locale","patrimoine"],"inLanguage":"fr-FR","potentialAction":[{"@type":"CommentAction","name":"Comment","target":["https:\/\/www.charles-de-flahaut.fr\/wordpress\/histoire-et-patrimoine-darlay-jura\/#respond"]}]},{"@type":"WebPage","@id":"https:\/\/www.charles-de-flahaut.fr\/wordpress\/histoire-et-patrimoine-darlay-jura\/","url":"https:\/\/www.charles-de-flahaut.fr\/wordpress\/histoire-et-patrimoine-darlay-jura\/","name":"Histoire et patrimoine d'Arlay (Jura) - Histoire de France - Communiqu\u00e9s","isPartOf":{"@id":"https:\/\/www.charles-de-flahaut.fr\/wordpress\/#website"},"primaryImageOfPage":{"@id":"https:\/\/www.charles-de-flahaut.fr\/wordpress\/histoire-et-patrimoine-darlay-jura\/#primaryimage"},"image":{"@id":"https:\/\/www.charles-de-flahaut.fr\/wordpress\/histoire-et-patrimoine-darlay-jura\/#primaryimage"},"thumbnailUrl":"http:\/\/www.charles-de-flahaut.fr\/wordpress\/wp-content\/uploads\/2013\/12\/arlay-300x57.jpg","datePublished":"2013-12-03T12:52:24+00:00","dateModified":"2015-06-11T12:08:20+00:00","breadcrumb":{"@id":"https:\/\/www.charles-de-flahaut.fr\/wordpress\/histoire-et-patrimoine-darlay-jura\/#breadcrumb"},"inLanguage":"fr-FR","potentialAction":[{"@type":"ReadAction","target":["https:\/\/www.charles-de-flahaut.fr\/wordpress\/histoire-et-patrimoine-darlay-jura\/"]}]},{"@type":"ImageObject","inLanguage":"fr-FR","@id":"https:\/\/www.charles-de-flahaut.fr\/wordpress\/histoire-et-patrimoine-darlay-jura\/#primaryimage","url":"https:\/\/www.charles-de-flahaut.fr\/wordpress\/wp-content\/uploads\/2013\/12\/arlay.jpg","contentUrl":"https:\/\/www.charles-de-flahaut.fr\/wordpress\/wp-content\/uploads\/2013\/12\/arlay.jpg","width":763,"height":146},{"@type":"BreadcrumbList","@id":"https:\/\/www.charles-de-flahaut.fr\/wordpress\/histoire-et-patrimoine-darlay-jura\/#breadcrumb","itemListElement":[{"@type":"ListItem","position":1,"name":"Accueil","item":"https:\/\/www.charles-de-flahaut.fr\/wordpress\/"},{"@type":"ListItem","position":2,"name":"Histoire et patrimoine d&rsquo;Arlay (Jura)"}]},{"@type":"WebSite","@id":"https:\/\/www.charles-de-flahaut.fr\/wordpress\/#website","url":"https:\/\/www.charles-de-flahaut.fr\/wordpress\/","name":"Histoire de France - Communiqu\u00e9s","description":"Histoire et patrimoine","publisher":{"@id":"https:\/\/www.charles-de-flahaut.fr\/wordpress\/#\/schema\/person\/81011c8b61bc74c05499365a506d49a9"},"potentialAction":[{"@type":"SearchAction","target":{"@type":"EntryPoint","urlTemplate":"https:\/\/www.charles-de-flahaut.fr\/wordpress\/?s={search_term_string}"},"query-input":{"@type":"PropertyValueSpecification","valueRequired":true,"valueName":"search_term_string"}}],"inLanguage":"fr-FR"},{"@type":["Person","Organization"],"@id":"https:\/\/www.charles-de-flahaut.fr\/wordpress\/#\/schema\/person\/81011c8b61bc74c05499365a506d49a9","name":"administrateur","logo":{"@id":"https:\/\/www.charles-de-flahaut.fr\/wordpress\/#\/schema\/person\/image\/"},"sameAs":["http:\/\/www.charles-de-flahaut.fr","https:\/\/www.facebook.com\/Sites.HistoiredeFrance"],"url":"https:\/\/www.charles-de-flahaut.fr\/wordpress\/author\/admin\/"}]}},"views":349,"amp_enabled":true,"_links":{"self":[{"href":"https:\/\/www.charles-de-flahaut.fr\/wordpress\/wp-json\/wp\/v2\/posts\/4481","targetHints":{"allow":["GET"]}}],"collection":[{"href":"https:\/\/www.charles-de-flahaut.fr\/wordpress\/wp-json\/wp\/v2\/posts"}],"about":[{"href":"https:\/\/www.charles-de-flahaut.fr\/wordpress\/wp-json\/wp\/v2\/types\/post"}],"author":[{"embeddable":true,"href":"https:\/\/www.charles-de-flahaut.fr\/wordpress\/wp-json\/wp\/v2\/users\/1"}],"replies":[{"embeddable":true,"href":"https:\/\/www.charles-de-flahaut.fr\/wordpress\/wp-json\/wp\/v2\/comments?post=4481"}],"version-history":[{"count":5,"href":"https:\/\/www.charles-de-flahaut.fr\/wordpress\/wp-json\/wp\/v2\/posts\/4481\/revisions"}],"predecessor-version":[{"id":14123,"href":"https:\/\/www.charles-de-flahaut.fr\/wordpress\/wp-json\/wp\/v2\/posts\/4481\/revisions\/14123"}],"wp:attachment":[{"href":"https:\/\/www.charles-de-flahaut.fr\/wordpress\/wp-json\/wp\/v2\/media?parent=4481"}],"wp:term":[{"taxonomy":"category","embeddable":true,"href":"https:\/\/www.charles-de-flahaut.fr\/wordpress\/wp-json\/wp\/v2\/categories?post=4481"},{"taxonomy":"post_tag","embeddable":true,"href":"https:\/\/www.charles-de-flahaut.fr\/wordpress\/wp-json\/wp\/v2\/tags?post=4481"}],"curies":[{"name":"wp","href":"https:\/\/api.w.org\/{rel}","templated":true}]}}