{"id":43939,"date":"2017-03-08T19:07:39","date_gmt":"2017-03-08T18:07:39","guid":{"rendered":"http:\/\/www.charles-de-flahaut.fr\/wordpress\/?p=43939"},"modified":"2025-08-06T17:43:16","modified_gmt":"2025-08-06T16:43:16","slug":"les-cathedrales-retracees","status":"publish","type":"post","link":"https:\/\/www.charles-de-flahaut.fr\/wordpress\/les-cathedrales-retracees\/","title":{"rendered":"Les cath\u00e9drales retrac\u00e9es"},"content":{"rendered":"<div id=\"attachment_43955\" style=\"width: 1024px\" class=\"wp-caption aligncenter\"><img loading=\"lazy\" decoding=\"async\" aria-describedby=\"caption-attachment-43955\" class=\"size-large wp-image-43955\" src=\"http:\/\/www.charles-de-flahaut.fr\/wordpress\/wp-content\/uploads\/2017\/03\/fond4-1024x388.jpg\" alt=\"Les cath\u00e9drales retrac\u00e9es\" width=\"1024\" height=\"388\" srcset=\"https:\/\/www.charles-de-flahaut.fr\/wordpress\/wp-content\/uploads\/2017\/03\/fond4-1024x388.jpg 1024w, https:\/\/www.charles-de-flahaut.fr\/wordpress\/wp-content\/uploads\/2017\/03\/fond4-300x114.jpg 300w, https:\/\/www.charles-de-flahaut.fr\/wordpress\/wp-content\/uploads\/2017\/03\/fond4-768x291.jpg 768w\" sizes=\"auto, (max-width: 1024px) 100vw, 1024px\" \/><p id=\"caption-attachment-43955\" class=\"wp-caption-text\">Ouverture du site www.cathedrales-gothiques.com<\/p><\/div>\n<p style=\"text-align: justify;\">Fr\u00e9quemment, il est dit que les cath\u00e9drales gothiques expriment d&rsquo;\u00e9sot\u00e9riques trac\u00e9s g\u00e9om\u00e9triques. Pour les uns, ils sont l&rsquo;expression d&rsquo;un symbolisme secret pour les autres le t\u00e9moignage d&rsquo;une science oubli\u00e9e, celle des ma\u00eetres d&rsquo;oeuvre m\u00e9di\u00e9vaux. Dans les \u00e9tudes disponibles, cette question est toujours survol\u00e9e, toujours \u00e9lud\u00e9e. On cherchera en vain une explication, une d\u00e9monstration cr\u00e9dible.<br \/>\nGr\u00e2ce \u00e0 des recherches bas\u00e9es sur des scanographies laser les plans des cath\u00e9drales livrent enfin leurs secrets ; un alphabet g\u00e9om\u00e9trique que n&rsquo;aurait pas reni\u00e9 Villard de Honnecourt. D\u00e9couvrez ces recherches dans le site <a href=\"http:\/\/www.cathedrales-gothiques.com\">http:\/\/www.cathedrales-gothiques.com<\/a><\/p>\n<p style=\"text-align: center;\"><a href=\"https:\/\/amzn.to\/3IWRhxV\" target=\"_blank\" rel=\"noopener\"><strong>Ouvrages sur les cath\u00e9drales gothiques<\/strong><\/a><\/p>\n<p><a href=\"https:\/\/amzn.to\/3IWRhxV\" target=\"_blank\" rel=\"noopener\"><img loading=\"lazy\" decoding=\"async\" class=\"size-full wp-image-107282 aligncenter\" src=\"https:\/\/www.charles-de-flahaut.fr\/wordpress\/wp-content\/uploads\/2017\/03\/cathedralesgothiques.jpg\" alt=\"\" width=\"308\" height=\"445\" srcset=\"https:\/\/www.charles-de-flahaut.fr\/wordpress\/wp-content\/uploads\/2017\/03\/cathedralesgothiques.jpg 308w, https:\/\/www.charles-de-flahaut.fr\/wordpress\/wp-content\/uploads\/2017\/03\/cathedralesgothiques-208x300.jpg 208w\" sizes=\"auto, (max-width: 308px) 100vw, 308px\" \/><\/a><\/p>\n","protected":false},"excerpt":{"rendered":"<p>Fr\u00e9quemment, il est dit que les cath\u00e9drales gothiques expriment d&rsquo;\u00e9sot\u00e9riques trac\u00e9s g\u00e9om\u00e9triques. Pour les uns, ils sont l&rsquo;expression d&rsquo;un symbolisme secret pour les autres le t\u00e9moignage d&rsquo;une science oubli\u00e9e, celle des ma\u00eetres d&rsquo;oeuvre m\u00e9di\u00e9vaux. Dans les \u00e9tudes disponibles, cette question est toujours survol\u00e9e, toujours \u00e9lud\u00e9e. On cherchera en vain une explication, une d\u00e9monstration cr\u00e9dible. Gr\u00e2ce &hellip; <\/p>\n<p><a class=\"more-link btn\" href=\"https:\/\/www.charles-de-flahaut.fr\/wordpress\/les-cathedrales-retracees\/\">Lire la suite<\/a><\/p>\n","protected":false},"author":127,"featured_media":0,"comment_status":"open","ping_status":"open","sticky":false,"template":"","format":"standard","meta":{"footnotes":""},"categories":[36],"tags":[220,218,219,222,223,212,221,216,226,217,214,213,215,224,225,228,227],"class_list":["post-43939","post","type-post","status-publish","format-standard","hentry","category-arts-et-histoire","tag-amiens","tag-architecture","tag-art-gothique","tag-beauvais","tag-bourges","tag-cathedrale","tag-chartres","tag-compagnons","tag-compas","tag-francs-macons","tag-geometrie","tag-gothique","tag-moyen-age","tag-reims","tag-templiers","tag-trace","tag-trait","item-wrap"],"yoast_head":"<!-- This site is optimized with the Yoast SEO plugin v27.4 - https:\/\/yoast.com\/product\/yoast-seo-wordpress\/ -->\n<title>Les cath\u00e9drales retrac\u00e9es - Histoire de France - Communiqu\u00e9s<\/title>\n<meta name=\"description\" content=\"Fr\u00e9quemment, il est dit que les cath\u00e9drales gothiques expriment d&#039;\u00e9sot\u00e9riques trac\u00e9s g\u00e9om\u00e9triques.\" \/>\n<meta name=\"robots\" content=\"index, follow, max-snippet:-1, max-image-preview:large, max-video-preview:-1\" \/>\n<link rel=\"canonical\" href=\"https:\/\/www.charles-de-flahaut.fr\/wordpress\/les-cathedrales-retracees\/\" \/>\n<meta property=\"og:locale\" content=\"fr_FR\" \/>\n<meta property=\"og:type\" content=\"article\" \/>\n<meta property=\"og:title\" content=\"Les cath\u00e9drales retrac\u00e9es - Histoire de France - Communiqu\u00e9s\" \/>\n<meta property=\"og:description\" content=\"Fr\u00e9quemment, il est dit que les cath\u00e9drales gothiques expriment d&#039;\u00e9sot\u00e9riques trac\u00e9s g\u00e9om\u00e9triques.\" \/>\n<meta property=\"og:url\" content=\"https:\/\/www.charles-de-flahaut.fr\/wordpress\/les-cathedrales-retracees\/\" \/>\n<meta property=\"og:site_name\" content=\"Histoire de France - Communiqu\u00e9s\" \/>\n<meta property=\"article:publisher\" content=\"https:\/\/www.facebook.com\/Sites.HistoiredeFrance\" \/>\n<meta property=\"article:published_time\" content=\"2017-03-08T18:07:39+00:00\" \/>\n<meta property=\"article:modified_time\" content=\"2025-08-06T16:43:16+00:00\" \/>\n<meta property=\"og:image\" content=\"https:\/\/www.charles-de-flahaut.fr\/wordpress\/wp-content\/uploads\/2017\/03\/fond4.jpg\" \/>\n\t<meta property=\"og:image:width\" content=\"3429\" \/>\n\t<meta property=\"og:image:height\" content=\"1300\" \/>\n\t<meta property=\"og:image:type\" content=\"image\/jpeg\" \/>\n<meta name=\"author\" content=\"bellenguez\" \/>\n<meta name=\"twitter:card\" content=\"summary_large_image\" \/>\n<meta name=\"twitter:label1\" content=\"\u00c9crit par\" \/>\n\t<meta name=\"twitter:data1\" content=\"bellenguez\" \/>\n\t<meta name=\"twitter:label2\" content=\"Dur\u00e9e de lecture estim\u00e9e\" \/>\n\t<meta name=\"twitter:data2\" content=\"1 minute\" \/>\n<script type=\"application\/ld+json\" class=\"yoast-schema-graph\">{\"@context\":\"https:\\\/\\\/schema.org\",\"@graph\":[{\"@type\":\"Article\",\"@id\":\"https:\\\/\\\/www.charles-de-flahaut.fr\\\/wordpress\\\/les-cathedrales-retracees\\\/#article\",\"isPartOf\":{\"@id\":\"https:\\\/\\\/www.charles-de-flahaut.fr\\\/wordpress\\\/les-cathedrales-retracees\\\/\"},\"author\":{\"name\":\"bellenguez\",\"@id\":\"https:\\\/\\\/www.charles-de-flahaut.fr\\\/wordpress\\\/#\\\/schema\\\/person\\\/bf44d0df459bb1b46a8a76670903a98f\"},\"headline\":\"Les cath\u00e9drales retrac\u00e9es\",\"datePublished\":\"2017-03-08T18:07:39+00:00\",\"dateModified\":\"2025-08-06T16:43:16+00:00\",\"mainEntityOfPage\":{\"@id\":\"https:\\\/\\\/www.charles-de-flahaut.fr\\\/wordpress\\\/les-cathedrales-retracees\\\/\"},\"wordCount\":141,\"commentCount\":0,\"publisher\":{\"@id\":\"https:\\\/\\\/www.charles-de-flahaut.fr\\\/wordpress\\\/#\\\/schema\\\/person\\\/81011c8b61bc74c05499365a506d49a9\"},\"image\":{\"@id\":\"https:\\\/\\\/www.charles-de-flahaut.fr\\\/wordpress\\\/les-cathedrales-retracees\\\/#primaryimage\"},\"thumbnailUrl\":\"http:\\\/\\\/www.charles-de-flahaut.fr\\\/wordpress\\\/wp-content\\\/uploads\\\/2017\\\/03\\\/fond4-1024x388.jpg\",\"keywords\":[\"amiens\",\"architecture\",\"art gothique\",\"beauvais\",\"bourges\",\"cath\u00e9drale\",\"chartres\",\"compagnons\",\"compas\",\"francs ma\u00e7ons\",\"g\u00e9om\u00e9trie\",\"gothique\",\"moyen \u00e2ge\",\"reims\",\"templiers\",\"trac\u00e9\",\"trait\"],\"articleSection\":[\"arts et histoire\"],\"inLanguage\":\"fr-FR\",\"potentialAction\":[{\"@type\":\"CommentAction\",\"name\":\"Comment\",\"target\":[\"https:\\\/\\\/www.charles-de-flahaut.fr\\\/wordpress\\\/les-cathedrales-retracees\\\/#respond\"]}]},{\"@type\":\"WebPage\",\"@id\":\"https:\\\/\\\/www.charles-de-flahaut.fr\\\/wordpress\\\/les-cathedrales-retracees\\\/\",\"url\":\"https:\\\/\\\/www.charles-de-flahaut.fr\\\/wordpress\\\/les-cathedrales-retracees\\\/\",\"name\":\"Les cath\u00e9drales retrac\u00e9es - Histoire de France - Communiqu\u00e9s\",\"isPartOf\":{\"@id\":\"https:\\\/\\\/www.charles-de-flahaut.fr\\\/wordpress\\\/#website\"},\"primaryImageOfPage\":{\"@id\":\"https:\\\/\\\/www.charles-de-flahaut.fr\\\/wordpress\\\/les-cathedrales-retracees\\\/#primaryimage\"},\"image\":{\"@id\":\"https:\\\/\\\/www.charles-de-flahaut.fr\\\/wordpress\\\/les-cathedrales-retracees\\\/#primaryimage\"},\"thumbnailUrl\":\"http:\\\/\\\/www.charles-de-flahaut.fr\\\/wordpress\\\/wp-content\\\/uploads\\\/2017\\\/03\\\/fond4-1024x388.jpg\",\"datePublished\":\"2017-03-08T18:07:39+00:00\",\"dateModified\":\"2025-08-06T16:43:16+00:00\",\"description\":\"Fr\u00e9quemment, il est dit que les cath\u00e9drales gothiques expriment d'\u00e9sot\u00e9riques trac\u00e9s g\u00e9om\u00e9triques.\",\"breadcrumb\":{\"@id\":\"https:\\\/\\\/www.charles-de-flahaut.fr\\\/wordpress\\\/les-cathedrales-retracees\\\/#breadcrumb\"},\"inLanguage\":\"fr-FR\",\"potentialAction\":[{\"@type\":\"ReadAction\",\"target\":[\"https:\\\/\\\/www.charles-de-flahaut.fr\\\/wordpress\\\/les-cathedrales-retracees\\\/\"]}]},{\"@type\":\"ImageObject\",\"inLanguage\":\"fr-FR\",\"@id\":\"https:\\\/\\\/www.charles-de-flahaut.fr\\\/wordpress\\\/les-cathedrales-retracees\\\/#primaryimage\",\"url\":\"https:\\\/\\\/www.charles-de-flahaut.fr\\\/wordpress\\\/wp-content\\\/uploads\\\/2017\\\/03\\\/fond4.jpg\",\"contentUrl\":\"https:\\\/\\\/www.charles-de-flahaut.fr\\\/wordpress\\\/wp-content\\\/uploads\\\/2017\\\/03\\\/fond4.jpg\",\"width\":3429,\"height\":1300,\"caption\":\"Ouverture du site www.cathedrales-gothiques.com\"},{\"@type\":\"BreadcrumbList\",\"@id\":\"https:\\\/\\\/www.charles-de-flahaut.fr\\\/wordpress\\\/les-cathedrales-retracees\\\/#breadcrumb\",\"itemListElement\":[{\"@type\":\"ListItem\",\"position\":1,\"name\":\"Accueil\",\"item\":\"https:\\\/\\\/www.charles-de-flahaut.fr\\\/wordpress\\\/\"},{\"@type\":\"ListItem\",\"position\":2,\"name\":\"Les cath\u00e9drales retrac\u00e9es\"}]},{\"@type\":\"WebSite\",\"@id\":\"https:\\\/\\\/www.charles-de-flahaut.fr\\\/wordpress\\\/#website\",\"url\":\"https:\\\/\\\/www.charles-de-flahaut.fr\\\/wordpress\\\/\",\"name\":\"Histoire de France - Communiqu\u00e9s\",\"description\":\"Histoire et patrimoine\",\"publisher\":{\"@id\":\"https:\\\/\\\/www.charles-de-flahaut.fr\\\/wordpress\\\/#\\\/schema\\\/person\\\/81011c8b61bc74c05499365a506d49a9\"},\"potentialAction\":[{\"@type\":\"SearchAction\",\"target\":{\"@type\":\"EntryPoint\",\"urlTemplate\":\"https:\\\/\\\/www.charles-de-flahaut.fr\\\/wordpress\\\/?s={search_term_string}\"},\"query-input\":{\"@type\":\"PropertyValueSpecification\",\"valueRequired\":true,\"valueName\":\"search_term_string\"}}],\"inLanguage\":\"fr-FR\"},{\"@type\":[\"Person\",\"Organization\"],\"@id\":\"https:\\\/\\\/www.charles-de-flahaut.fr\\\/wordpress\\\/#\\\/schema\\\/person\\\/81011c8b61bc74c05499365a506d49a9\",\"name\":\"administrateur\",\"logo\":{\"@id\":\"https:\\\/\\\/www.charles-de-flahaut.fr\\\/wordpress\\\/#\\\/schema\\\/person\\\/image\\\/\"},\"sameAs\":[\"http:\\\/\\\/www.charles-de-flahaut.fr\",\"https:\\\/\\\/www.facebook.com\\\/Sites.HistoiredeFrance\"]},{\"@type\":\"Person\",\"@id\":\"https:\\\/\\\/www.charles-de-flahaut.fr\\\/wordpress\\\/#\\\/schema\\\/person\\\/bf44d0df459bb1b46a8a76670903a98f\",\"name\":\"bellenguez\",\"sameAs\":[\"http:\\\/\\\/www.cathedrales-gothiques.com\\\/accueil-1\"],\"url\":\"https:\\\/\\\/www.charles-de-flahaut.fr\\\/wordpress\\\/author\\\/bellenguez\\\/\"}]}<\/script>\n<!-- \/ Yoast SEO plugin. -->","yoast_head_json":{"title":"Les cath\u00e9drales retrac\u00e9es - Histoire de France - Communiqu\u00e9s","description":"Fr\u00e9quemment, il est dit que les cath\u00e9drales gothiques expriment d'\u00e9sot\u00e9riques trac\u00e9s g\u00e9om\u00e9triques.","robots":{"index":"index","follow":"follow","max-snippet":"max-snippet:-1","max-image-preview":"max-image-preview:large","max-video-preview":"max-video-preview:-1"},"canonical":"https:\/\/www.charles-de-flahaut.fr\/wordpress\/les-cathedrales-retracees\/","og_locale":"fr_FR","og_type":"article","og_title":"Les cath\u00e9drales retrac\u00e9es - Histoire de France - Communiqu\u00e9s","og_description":"Fr\u00e9quemment, il est dit que les cath\u00e9drales gothiques expriment d'\u00e9sot\u00e9riques trac\u00e9s g\u00e9om\u00e9triques.","og_url":"https:\/\/www.charles-de-flahaut.fr\/wordpress\/les-cathedrales-retracees\/","og_site_name":"Histoire de France - Communiqu\u00e9s","article_publisher":"https:\/\/www.facebook.com\/Sites.HistoiredeFrance","article_published_time":"2017-03-08T18:07:39+00:00","article_modified_time":"2025-08-06T16:43:16+00:00","og_image":[{"width":3429,"height":1300,"url":"https:\/\/www.charles-de-flahaut.fr\/wordpress\/wp-content\/uploads\/2017\/03\/fond4.jpg","type":"image\/jpeg"}],"author":"bellenguez","twitter_card":"summary_large_image","twitter_misc":{"\u00c9crit par":"bellenguez","Dur\u00e9e de lecture estim\u00e9e":"1 minute"},"schema":{"@context":"https:\/\/schema.org","@graph":[{"@type":"Article","@id":"https:\/\/www.charles-de-flahaut.fr\/wordpress\/les-cathedrales-retracees\/#article","isPartOf":{"@id":"https:\/\/www.charles-de-flahaut.fr\/wordpress\/les-cathedrales-retracees\/"},"author":{"name":"bellenguez","@id":"https:\/\/www.charles-de-flahaut.fr\/wordpress\/#\/schema\/person\/bf44d0df459bb1b46a8a76670903a98f"},"headline":"Les cath\u00e9drales retrac\u00e9es","datePublished":"2017-03-08T18:07:39+00:00","dateModified":"2025-08-06T16:43:16+00:00","mainEntityOfPage":{"@id":"https:\/\/www.charles-de-flahaut.fr\/wordpress\/les-cathedrales-retracees\/"},"wordCount":141,"commentCount":0,"publisher":{"@id":"https:\/\/www.charles-de-flahaut.fr\/wordpress\/#\/schema\/person\/81011c8b61bc74c05499365a506d49a9"},"image":{"@id":"https:\/\/www.charles-de-flahaut.fr\/wordpress\/les-cathedrales-retracees\/#primaryimage"},"thumbnailUrl":"http:\/\/www.charles-de-flahaut.fr\/wordpress\/wp-content\/uploads\/2017\/03\/fond4-1024x388.jpg","keywords":["amiens","architecture","art gothique","beauvais","bourges","cath\u00e9drale","chartres","compagnons","compas","francs ma\u00e7ons","g\u00e9om\u00e9trie","gothique","moyen \u00e2ge","reims","templiers","trac\u00e9","trait"],"articleSection":["arts et histoire"],"inLanguage":"fr-FR","potentialAction":[{"@type":"CommentAction","name":"Comment","target":["https:\/\/www.charles-de-flahaut.fr\/wordpress\/les-cathedrales-retracees\/#respond"]}]},{"@type":"WebPage","@id":"https:\/\/www.charles-de-flahaut.fr\/wordpress\/les-cathedrales-retracees\/","url":"https:\/\/www.charles-de-flahaut.fr\/wordpress\/les-cathedrales-retracees\/","name":"Les cath\u00e9drales retrac\u00e9es - Histoire de France - Communiqu\u00e9s","isPartOf":{"@id":"https:\/\/www.charles-de-flahaut.fr\/wordpress\/#website"},"primaryImageOfPage":{"@id":"https:\/\/www.charles-de-flahaut.fr\/wordpress\/les-cathedrales-retracees\/#primaryimage"},"image":{"@id":"https:\/\/www.charles-de-flahaut.fr\/wordpress\/les-cathedrales-retracees\/#primaryimage"},"thumbnailUrl":"http:\/\/www.charles-de-flahaut.fr\/wordpress\/wp-content\/uploads\/2017\/03\/fond4-1024x388.jpg","datePublished":"2017-03-08T18:07:39+00:00","dateModified":"2025-08-06T16:43:16+00:00","description":"Fr\u00e9quemment, il est dit que les cath\u00e9drales gothiques expriment d'\u00e9sot\u00e9riques trac\u00e9s g\u00e9om\u00e9triques.","breadcrumb":{"@id":"https:\/\/www.charles-de-flahaut.fr\/wordpress\/les-cathedrales-retracees\/#breadcrumb"},"inLanguage":"fr-FR","potentialAction":[{"@type":"ReadAction","target":["https:\/\/www.charles-de-flahaut.fr\/wordpress\/les-cathedrales-retracees\/"]}]},{"@type":"ImageObject","inLanguage":"fr-FR","@id":"https:\/\/www.charles-de-flahaut.fr\/wordpress\/les-cathedrales-retracees\/#primaryimage","url":"https:\/\/www.charles-de-flahaut.fr\/wordpress\/wp-content\/uploads\/2017\/03\/fond4.jpg","contentUrl":"https:\/\/www.charles-de-flahaut.fr\/wordpress\/wp-content\/uploads\/2017\/03\/fond4.jpg","width":3429,"height":1300,"caption":"Ouverture du site www.cathedrales-gothiques.com"},{"@type":"BreadcrumbList","@id":"https:\/\/www.charles-de-flahaut.fr\/wordpress\/les-cathedrales-retracees\/#breadcrumb","itemListElement":[{"@type":"ListItem","position":1,"name":"Accueil","item":"https:\/\/www.charles-de-flahaut.fr\/wordpress\/"},{"@type":"ListItem","position":2,"name":"Les cath\u00e9drales retrac\u00e9es"}]},{"@type":"WebSite","@id":"https:\/\/www.charles-de-flahaut.fr\/wordpress\/#website","url":"https:\/\/www.charles-de-flahaut.fr\/wordpress\/","name":"Histoire de France - Communiqu\u00e9s","description":"Histoire et patrimoine","publisher":{"@id":"https:\/\/www.charles-de-flahaut.fr\/wordpress\/#\/schema\/person\/81011c8b61bc74c05499365a506d49a9"},"potentialAction":[{"@type":"SearchAction","target":{"@type":"EntryPoint","urlTemplate":"https:\/\/www.charles-de-flahaut.fr\/wordpress\/?s={search_term_string}"},"query-input":{"@type":"PropertyValueSpecification","valueRequired":true,"valueName":"search_term_string"}}],"inLanguage":"fr-FR"},{"@type":["Person","Organization"],"@id":"https:\/\/www.charles-de-flahaut.fr\/wordpress\/#\/schema\/person\/81011c8b61bc74c05499365a506d49a9","name":"administrateur","logo":{"@id":"https:\/\/www.charles-de-flahaut.fr\/wordpress\/#\/schema\/person\/image\/"},"sameAs":["http:\/\/www.charles-de-flahaut.fr","https:\/\/www.facebook.com\/Sites.HistoiredeFrance"]},{"@type":"Person","@id":"https:\/\/www.charles-de-flahaut.fr\/wordpress\/#\/schema\/person\/bf44d0df459bb1b46a8a76670903a98f","name":"bellenguez","sameAs":["http:\/\/www.cathedrales-gothiques.com\/accueil-1"],"url":"https:\/\/www.charles-de-flahaut.fr\/wordpress\/author\/bellenguez\/"}]}},"views":526,"amp_enabled":true,"_links":{"self":[{"href":"https:\/\/www.charles-de-flahaut.fr\/wordpress\/wp-json\/wp\/v2\/posts\/43939","targetHints":{"allow":["GET"]}}],"collection":[{"href":"https:\/\/www.charles-de-flahaut.fr\/wordpress\/wp-json\/wp\/v2\/posts"}],"about":[{"href":"https:\/\/www.charles-de-flahaut.fr\/wordpress\/wp-json\/wp\/v2\/types\/post"}],"author":[{"embeddable":true,"href":"https:\/\/www.charles-de-flahaut.fr\/wordpress\/wp-json\/wp\/v2\/users\/127"}],"replies":[{"embeddable":true,"href":"https:\/\/www.charles-de-flahaut.fr\/wordpress\/wp-json\/wp\/v2\/comments?post=43939"}],"version-history":[{"count":8,"href":"https:\/\/www.charles-de-flahaut.fr\/wordpress\/wp-json\/wp\/v2\/posts\/43939\/revisions"}],"predecessor-version":[{"id":107283,"href":"https:\/\/www.charles-de-flahaut.fr\/wordpress\/wp-json\/wp\/v2\/posts\/43939\/revisions\/107283"}],"wp:attachment":[{"href":"https:\/\/www.charles-de-flahaut.fr\/wordpress\/wp-json\/wp\/v2\/media?parent=43939"}],"wp:term":[{"taxonomy":"category","embeddable":true,"href":"https:\/\/www.charles-de-flahaut.fr\/wordpress\/wp-json\/wp\/v2\/categories?post=43939"},{"taxonomy":"post_tag","embeddable":true,"href":"https:\/\/www.charles-de-flahaut.fr\/wordpress\/wp-json\/wp\/v2\/tags?post=43939"}],"curies":[{"name":"wp","href":"https:\/\/api.w.org\/{rel}","templated":true}]}}