{"id":4340,"date":"2013-11-24T11:53:20","date_gmt":"2013-11-24T10:53:20","guid":{"rendered":"http:\/\/www.charles-de-flahaut.fr\/wordpress\/?p=4340"},"modified":"2015-06-11T14:57:59","modified_gmt":"2015-06-11T13:57:59","slug":"histoire-des-planches-pres-arbois-jura","status":"publish","type":"post","link":"https:\/\/www.charles-de-flahaut.fr\/wordpress\/histoire-des-planches-pres-arbois-jura\/","title":{"rendered":"Histoire des Planches pr\u00e8s Arbois (Jura)"},"content":{"rendered":"<p>Un nouveau site r\u00e9f\u00e9renc\u00e9 sur <a href=\"http:\/\/www.histoire-communes.jpflahaut.fr\/\" target=\"_blank\">Annuaire Histoire<\/a> :<\/p>\n<p><strong>Histoire des Planches pr\u00e8s Arbois (Jura)<\/strong><br \/>\n<a href=\"http:\/\/lesplanches.arbois.com\/historique.htm\" target=\"_blank\">http:\/\/lesplanches.arbois.com\/historique.htm<\/a><\/p>\n<p style=\"text-align: justify;\"><a href=\"http:\/\/www.charles-de-flahaut.fr\/wordpress\/wp-content\/uploads\/2013\/11\/lesplanches.jpg\"><img loading=\"lazy\" decoding=\"async\" class=\"alignleft size-medium wp-image-4341\" src=\"http:\/\/www.charles-de-flahaut.fr\/wordpress\/wp-content\/uploads\/2013\/11\/lesplanches-300x64.jpg\" alt=\"lesplanches\" width=\"300\" height=\"64\" srcset=\"https:\/\/www.charles-de-flahaut.fr\/wordpress\/wp-content\/uploads\/2013\/11\/lesplanches-300x64.jpg 300w, https:\/\/www.charles-de-flahaut.fr\/wordpress\/wp-content\/uploads\/2013\/11\/lesplanches.jpg 621w\" sizes=\"auto, (max-width: 300px) 100vw, 300px\" \/><\/a>Le lieu a \u00e9t\u00e9 habit\u00e9 depuis plusieurs mill\u00e9naires (traces de vie dans la grotte des Planches).<\/p>\n<p style=\"text-align: justify;\">En 1788, Louis XVI autorise la cr\u00e9ation d&rsquo;une paroisse aux Planches-pr\u00e8s-Arbois, car, selon la requ\u00eate des habitants, il \u00e9tait difficile de recevoir les derniers sacrements par mauvais temps, le pr\u00eatre le plus proche \u00e9tant celui de la Ch\u00e2telaine, village situ\u00e9 en haut de la recul\u00e9e, soit 250 m\u00e8tres de d\u00e9nivel\u00e9&#8230;<\/p>\n<p><em>(photo et extrait du site de la commune &#8230; <a href=\"http:\/\/lesplanches.arbois.com\/historique.htm\" target=\"_blank\">lire la suite<\/a>)<\/em><\/p>\n<p>A lire aussi : <a href=\"http:\/\/lesplanches.arbois.com\/personnages-celebres.htm\" target=\"_blank\">les personnages c\u00e9l\u00e8bres<\/a>, l&rsquo;\u00e9crivain Claude Simon, le g\u00e9n\u00e9ral Pichegru<br \/>\n<br \/><iframe style=\"width:120px;height:240px;\" marginwidth=\"0\" marginheight=\"0\" scrolling=\"no\" frameborder=\"0\" src=\"\/\/ws-eu.amazon-adsystem.com\/widgets\/q?ServiceVersion=20070822&#038;OneJS=1&#038;Operation=GetAdHtml&#038;MarketPlace=FR&#038;source=ac&#038;ref=tf_til&#038;ad_type=product_link&#038;tracking_id=charledeflaha-21&#038;marketplace=amazon&#038;region=FR&#038;placement=2735100553&#038;asins=2735100553&#038;linkId=HH62WRKEGCVGVEIC&#038;show_border=true&#038;link_opens_in_new_window=true\"><br \/>\n<\/iframe><\/p>\n","protected":false},"excerpt":{"rendered":"<p>Un nouveau site r\u00e9f\u00e9renc\u00e9 sur Annuaire Histoire : Histoire des Planches pr\u00e8s Arbois (Jura) http:\/\/lesplanches.arbois.com\/historique.htm Le lieu a \u00e9t\u00e9 habit\u00e9 depuis plusieurs mill\u00e9naires (traces de vie dans la grotte des Planches). En 1788, Louis XVI autorise la cr\u00e9ation d&rsquo;une paroisse aux Planches-pr\u00e8s-Arbois, car, selon la requ\u00eate des habitants, il \u00e9tait difficile de recevoir les derniers &hellip; <\/p>\n<p><a class=\"more-link btn\" href=\"https:\/\/www.charles-de-flahaut.fr\/wordpress\/histoire-des-planches-pres-arbois-jura\/\">Lire la suite<\/a><\/p>\n","protected":false},"author":1,"featured_media":0,"comment_status":"open","ping_status":"open","sticky":false,"template":"","format":"standard","meta":{"footnotes":""},"categories":[127,16,8,79],"tags":[],"class_list":["post-4340","post","type-post","status-publish","format-standard","hentry","category-39-jura","category-histoire-regionale","category-patrimoine","category-personnages-celebres","item-wrap"],"yoast_head":"<!-- This site is optimized with the Yoast SEO plugin v27.5 - https:\/\/yoast.com\/product\/yoast-seo-wordpress\/ -->\n<title>Histoire des Planches pr\u00e8s Arbois (Jura) - Histoire de France - Communiqu\u00e9s<\/title>\n<meta name=\"robots\" content=\"index, follow, max-snippet:-1, max-image-preview:large, max-video-preview:-1\" \/>\n<link rel=\"canonical\" href=\"https:\/\/www.charles-de-flahaut.fr\/wordpress\/histoire-des-planches-pres-arbois-jura\/\" \/>\n<meta property=\"og:locale\" content=\"fr_FR\" \/>\n<meta property=\"og:type\" content=\"article\" \/>\n<meta property=\"og:title\" content=\"Histoire des Planches pr\u00e8s Arbois (Jura) - Histoire de France - Communiqu\u00e9s\" \/>\n<meta property=\"og:description\" content=\"Un nouveau site r\u00e9f\u00e9renc\u00e9 sur Annuaire Histoire : Histoire des Planches pr\u00e8s Arbois (Jura) http:\/\/lesplanches.arbois.com\/historique.htm Le lieu a \u00e9t\u00e9 habit\u00e9 depuis plusieurs mill\u00e9naires (traces de vie dans la grotte des Planches). En 1788, Louis XVI autorise la cr\u00e9ation d&rsquo;une paroisse aux Planches-pr\u00e8s-Arbois, car, selon la requ\u00eate des habitants, il \u00e9tait difficile de recevoir les derniers &hellip; Lire la suite\" \/>\n<meta property=\"og:url\" content=\"https:\/\/www.charles-de-flahaut.fr\/wordpress\/histoire-des-planches-pres-arbois-jura\/\" \/>\n<meta property=\"og:site_name\" content=\"Histoire de France - Communiqu\u00e9s\" \/>\n<meta property=\"article:publisher\" content=\"https:\/\/www.facebook.com\/Sites.HistoiredeFrance\" \/>\n<meta property=\"article:author\" content=\"https:\/\/www.facebook.com\/Sites.HistoiredeFrance\" \/>\n<meta property=\"article:published_time\" content=\"2013-11-24T10:53:20+00:00\" \/>\n<meta property=\"article:modified_time\" content=\"2015-06-11T13:57:59+00:00\" \/>\n<meta property=\"og:image\" content=\"http:\/\/www.charles-de-flahaut.fr\/wordpress\/wp-content\/uploads\/2013\/11\/lesplanches-300x64.jpg\" \/>\n<meta name=\"author\" content=\"administrateur\" \/>\n<meta name=\"twitter:card\" content=\"summary_large_image\" \/>\n<meta name=\"twitter:label1\" content=\"\u00c9crit par\" \/>\n\t<meta name=\"twitter:data1\" content=\"administrateur\" \/>\n\t<meta name=\"twitter:label2\" content=\"Dur\u00e9e de lecture estim\u00e9e\" \/>\n\t<meta name=\"twitter:data2\" content=\"1 minute\" \/>\n<script type=\"application\/ld+json\" class=\"yoast-schema-graph\">{\"@context\":\"https:\\\/\\\/schema.org\",\"@graph\":[{\"@type\":\"Article\",\"@id\":\"https:\\\/\\\/www.charles-de-flahaut.fr\\\/wordpress\\\/histoire-des-planches-pres-arbois-jura\\\/#article\",\"isPartOf\":{\"@id\":\"https:\\\/\\\/www.charles-de-flahaut.fr\\\/wordpress\\\/histoire-des-planches-pres-arbois-jura\\\/\"},\"author\":{\"name\":\"administrateur\",\"@id\":\"https:\\\/\\\/www.charles-de-flahaut.fr\\\/wordpress\\\/#\\\/schema\\\/person\\\/81011c8b61bc74c05499365a506d49a9\"},\"headline\":\"Histoire des Planches pr\u00e8s Arbois (Jura)\",\"datePublished\":\"2013-11-24T10:53:20+00:00\",\"dateModified\":\"2015-06-11T13:57:59+00:00\",\"mainEntityOfPage\":{\"@id\":\"https:\\\/\\\/www.charles-de-flahaut.fr\\\/wordpress\\\/histoire-des-planches-pres-arbois-jura\\\/\"},\"wordCount\":131,\"commentCount\":0,\"publisher\":{\"@id\":\"https:\\\/\\\/www.charles-de-flahaut.fr\\\/wordpress\\\/#\\\/schema\\\/person\\\/81011c8b61bc74c05499365a506d49a9\"},\"image\":{\"@id\":\"https:\\\/\\\/www.charles-de-flahaut.fr\\\/wordpress\\\/histoire-des-planches-pres-arbois-jura\\\/#primaryimage\"},\"thumbnailUrl\":\"http:\\\/\\\/www.charles-de-flahaut.fr\\\/wordpress\\\/wp-content\\\/uploads\\\/2013\\\/11\\\/lesplanches-300x64.jpg\",\"articleSection\":[\"39 - Jura\",\"histoire locale\",\"patrimoine\",\"personnages c\u00e9l\u00e8bres\"],\"inLanguage\":\"fr-FR\",\"potentialAction\":[{\"@type\":\"CommentAction\",\"name\":\"Comment\",\"target\":[\"https:\\\/\\\/www.charles-de-flahaut.fr\\\/wordpress\\\/histoire-des-planches-pres-arbois-jura\\\/#respond\"]}]},{\"@type\":\"WebPage\",\"@id\":\"https:\\\/\\\/www.charles-de-flahaut.fr\\\/wordpress\\\/histoire-des-planches-pres-arbois-jura\\\/\",\"url\":\"https:\\\/\\\/www.charles-de-flahaut.fr\\\/wordpress\\\/histoire-des-planches-pres-arbois-jura\\\/\",\"name\":\"Histoire des Planches pr\u00e8s Arbois (Jura) - Histoire de France - Communiqu\u00e9s\",\"isPartOf\":{\"@id\":\"https:\\\/\\\/www.charles-de-flahaut.fr\\\/wordpress\\\/#website\"},\"primaryImageOfPage\":{\"@id\":\"https:\\\/\\\/www.charles-de-flahaut.fr\\\/wordpress\\\/histoire-des-planches-pres-arbois-jura\\\/#primaryimage\"},\"image\":{\"@id\":\"https:\\\/\\\/www.charles-de-flahaut.fr\\\/wordpress\\\/histoire-des-planches-pres-arbois-jura\\\/#primaryimage\"},\"thumbnailUrl\":\"http:\\\/\\\/www.charles-de-flahaut.fr\\\/wordpress\\\/wp-content\\\/uploads\\\/2013\\\/11\\\/lesplanches-300x64.jpg\",\"datePublished\":\"2013-11-24T10:53:20+00:00\",\"dateModified\":\"2015-06-11T13:57:59+00:00\",\"breadcrumb\":{\"@id\":\"https:\\\/\\\/www.charles-de-flahaut.fr\\\/wordpress\\\/histoire-des-planches-pres-arbois-jura\\\/#breadcrumb\"},\"inLanguage\":\"fr-FR\",\"potentialAction\":[{\"@type\":\"ReadAction\",\"target\":[\"https:\\\/\\\/www.charles-de-flahaut.fr\\\/wordpress\\\/histoire-des-planches-pres-arbois-jura\\\/\"]}]},{\"@type\":\"ImageObject\",\"inLanguage\":\"fr-FR\",\"@id\":\"https:\\\/\\\/www.charles-de-flahaut.fr\\\/wordpress\\\/histoire-des-planches-pres-arbois-jura\\\/#primaryimage\",\"url\":\"https:\\\/\\\/www.charles-de-flahaut.fr\\\/wordpress\\\/wp-content\\\/uploads\\\/2013\\\/11\\\/lesplanches.jpg\",\"contentUrl\":\"https:\\\/\\\/www.charles-de-flahaut.fr\\\/wordpress\\\/wp-content\\\/uploads\\\/2013\\\/11\\\/lesplanches.jpg\",\"width\":621,\"height\":134},{\"@type\":\"BreadcrumbList\",\"@id\":\"https:\\\/\\\/www.charles-de-flahaut.fr\\\/wordpress\\\/histoire-des-planches-pres-arbois-jura\\\/#breadcrumb\",\"itemListElement\":[{\"@type\":\"ListItem\",\"position\":1,\"name\":\"Accueil\",\"item\":\"https:\\\/\\\/www.charles-de-flahaut.fr\\\/wordpress\\\/\"},{\"@type\":\"ListItem\",\"position\":2,\"name\":\"Histoire des Planches pr\u00e8s Arbois (Jura)\"}]},{\"@type\":\"WebSite\",\"@id\":\"https:\\\/\\\/www.charles-de-flahaut.fr\\\/wordpress\\\/#website\",\"url\":\"https:\\\/\\\/www.charles-de-flahaut.fr\\\/wordpress\\\/\",\"name\":\"Histoire de France - Communiqu\u00e9s\",\"description\":\"Histoire et patrimoine\",\"publisher\":{\"@id\":\"https:\\\/\\\/www.charles-de-flahaut.fr\\\/wordpress\\\/#\\\/schema\\\/person\\\/81011c8b61bc74c05499365a506d49a9\"},\"potentialAction\":[{\"@type\":\"SearchAction\",\"target\":{\"@type\":\"EntryPoint\",\"urlTemplate\":\"https:\\\/\\\/www.charles-de-flahaut.fr\\\/wordpress\\\/?s={search_term_string}\"},\"query-input\":{\"@type\":\"PropertyValueSpecification\",\"valueRequired\":true,\"valueName\":\"search_term_string\"}}],\"inLanguage\":\"fr-FR\"},{\"@type\":[\"Person\",\"Organization\"],\"@id\":\"https:\\\/\\\/www.charles-de-flahaut.fr\\\/wordpress\\\/#\\\/schema\\\/person\\\/81011c8b61bc74c05499365a506d49a9\",\"name\":\"administrateur\",\"logo\":{\"@id\":\"https:\\\/\\\/www.charles-de-flahaut.fr\\\/wordpress\\\/#\\\/schema\\\/person\\\/image\\\/\"},\"sameAs\":[\"http:\\\/\\\/www.charles-de-flahaut.fr\",\"https:\\\/\\\/www.facebook.com\\\/Sites.HistoiredeFrance\"],\"url\":\"https:\\\/\\\/www.charles-de-flahaut.fr\\\/wordpress\\\/author\\\/admin\\\/\"}]}<\/script>\n<!-- \/ Yoast SEO plugin. -->","yoast_head_json":{"title":"Histoire des Planches pr\u00e8s Arbois (Jura) - Histoire de France - Communiqu\u00e9s","robots":{"index":"index","follow":"follow","max-snippet":"max-snippet:-1","max-image-preview":"max-image-preview:large","max-video-preview":"max-video-preview:-1"},"canonical":"https:\/\/www.charles-de-flahaut.fr\/wordpress\/histoire-des-planches-pres-arbois-jura\/","og_locale":"fr_FR","og_type":"article","og_title":"Histoire des Planches pr\u00e8s Arbois (Jura) - Histoire de France - Communiqu\u00e9s","og_description":"Un nouveau site r\u00e9f\u00e9renc\u00e9 sur Annuaire Histoire : Histoire des Planches pr\u00e8s Arbois (Jura) http:\/\/lesplanches.arbois.com\/historique.htm Le lieu a \u00e9t\u00e9 habit\u00e9 depuis plusieurs mill\u00e9naires (traces de vie dans la grotte des Planches). En 1788, Louis XVI autorise la cr\u00e9ation d&rsquo;une paroisse aux Planches-pr\u00e8s-Arbois, car, selon la requ\u00eate des habitants, il \u00e9tait difficile de recevoir les derniers &hellip; Lire la suite","og_url":"https:\/\/www.charles-de-flahaut.fr\/wordpress\/histoire-des-planches-pres-arbois-jura\/","og_site_name":"Histoire de France - Communiqu\u00e9s","article_publisher":"https:\/\/www.facebook.com\/Sites.HistoiredeFrance","article_author":"https:\/\/www.facebook.com\/Sites.HistoiredeFrance","article_published_time":"2013-11-24T10:53:20+00:00","article_modified_time":"2015-06-11T13:57:59+00:00","og_image":[{"url":"http:\/\/www.charles-de-flahaut.fr\/wordpress\/wp-content\/uploads\/2013\/11\/lesplanches-300x64.jpg","type":"","width":"","height":""}],"author":"administrateur","twitter_card":"summary_large_image","twitter_misc":{"\u00c9crit par":"administrateur","Dur\u00e9e de lecture estim\u00e9e":"1 minute"},"schema":{"@context":"https:\/\/schema.org","@graph":[{"@type":"Article","@id":"https:\/\/www.charles-de-flahaut.fr\/wordpress\/histoire-des-planches-pres-arbois-jura\/#article","isPartOf":{"@id":"https:\/\/www.charles-de-flahaut.fr\/wordpress\/histoire-des-planches-pres-arbois-jura\/"},"author":{"name":"administrateur","@id":"https:\/\/www.charles-de-flahaut.fr\/wordpress\/#\/schema\/person\/81011c8b61bc74c05499365a506d49a9"},"headline":"Histoire des Planches pr\u00e8s Arbois (Jura)","datePublished":"2013-11-24T10:53:20+00:00","dateModified":"2015-06-11T13:57:59+00:00","mainEntityOfPage":{"@id":"https:\/\/www.charles-de-flahaut.fr\/wordpress\/histoire-des-planches-pres-arbois-jura\/"},"wordCount":131,"commentCount":0,"publisher":{"@id":"https:\/\/www.charles-de-flahaut.fr\/wordpress\/#\/schema\/person\/81011c8b61bc74c05499365a506d49a9"},"image":{"@id":"https:\/\/www.charles-de-flahaut.fr\/wordpress\/histoire-des-planches-pres-arbois-jura\/#primaryimage"},"thumbnailUrl":"http:\/\/www.charles-de-flahaut.fr\/wordpress\/wp-content\/uploads\/2013\/11\/lesplanches-300x64.jpg","articleSection":["39 - Jura","histoire locale","patrimoine","personnages c\u00e9l\u00e8bres"],"inLanguage":"fr-FR","potentialAction":[{"@type":"CommentAction","name":"Comment","target":["https:\/\/www.charles-de-flahaut.fr\/wordpress\/histoire-des-planches-pres-arbois-jura\/#respond"]}]},{"@type":"WebPage","@id":"https:\/\/www.charles-de-flahaut.fr\/wordpress\/histoire-des-planches-pres-arbois-jura\/","url":"https:\/\/www.charles-de-flahaut.fr\/wordpress\/histoire-des-planches-pres-arbois-jura\/","name":"Histoire des Planches pr\u00e8s Arbois (Jura) - Histoire de France - Communiqu\u00e9s","isPartOf":{"@id":"https:\/\/www.charles-de-flahaut.fr\/wordpress\/#website"},"primaryImageOfPage":{"@id":"https:\/\/www.charles-de-flahaut.fr\/wordpress\/histoire-des-planches-pres-arbois-jura\/#primaryimage"},"image":{"@id":"https:\/\/www.charles-de-flahaut.fr\/wordpress\/histoire-des-planches-pres-arbois-jura\/#primaryimage"},"thumbnailUrl":"http:\/\/www.charles-de-flahaut.fr\/wordpress\/wp-content\/uploads\/2013\/11\/lesplanches-300x64.jpg","datePublished":"2013-11-24T10:53:20+00:00","dateModified":"2015-06-11T13:57:59+00:00","breadcrumb":{"@id":"https:\/\/www.charles-de-flahaut.fr\/wordpress\/histoire-des-planches-pres-arbois-jura\/#breadcrumb"},"inLanguage":"fr-FR","potentialAction":[{"@type":"ReadAction","target":["https:\/\/www.charles-de-flahaut.fr\/wordpress\/histoire-des-planches-pres-arbois-jura\/"]}]},{"@type":"ImageObject","inLanguage":"fr-FR","@id":"https:\/\/www.charles-de-flahaut.fr\/wordpress\/histoire-des-planches-pres-arbois-jura\/#primaryimage","url":"https:\/\/www.charles-de-flahaut.fr\/wordpress\/wp-content\/uploads\/2013\/11\/lesplanches.jpg","contentUrl":"https:\/\/www.charles-de-flahaut.fr\/wordpress\/wp-content\/uploads\/2013\/11\/lesplanches.jpg","width":621,"height":134},{"@type":"BreadcrumbList","@id":"https:\/\/www.charles-de-flahaut.fr\/wordpress\/histoire-des-planches-pres-arbois-jura\/#breadcrumb","itemListElement":[{"@type":"ListItem","position":1,"name":"Accueil","item":"https:\/\/www.charles-de-flahaut.fr\/wordpress\/"},{"@type":"ListItem","position":2,"name":"Histoire des Planches pr\u00e8s Arbois (Jura)"}]},{"@type":"WebSite","@id":"https:\/\/www.charles-de-flahaut.fr\/wordpress\/#website","url":"https:\/\/www.charles-de-flahaut.fr\/wordpress\/","name":"Histoire de France - Communiqu\u00e9s","description":"Histoire et patrimoine","publisher":{"@id":"https:\/\/www.charles-de-flahaut.fr\/wordpress\/#\/schema\/person\/81011c8b61bc74c05499365a506d49a9"},"potentialAction":[{"@type":"SearchAction","target":{"@type":"EntryPoint","urlTemplate":"https:\/\/www.charles-de-flahaut.fr\/wordpress\/?s={search_term_string}"},"query-input":{"@type":"PropertyValueSpecification","valueRequired":true,"valueName":"search_term_string"}}],"inLanguage":"fr-FR"},{"@type":["Person","Organization"],"@id":"https:\/\/www.charles-de-flahaut.fr\/wordpress\/#\/schema\/person\/81011c8b61bc74c05499365a506d49a9","name":"administrateur","logo":{"@id":"https:\/\/www.charles-de-flahaut.fr\/wordpress\/#\/schema\/person\/image\/"},"sameAs":["http:\/\/www.charles-de-flahaut.fr","https:\/\/www.facebook.com\/Sites.HistoiredeFrance"],"url":"https:\/\/www.charles-de-flahaut.fr\/wordpress\/author\/admin\/"}]}},"views":404,"amp_enabled":true,"_links":{"self":[{"href":"https:\/\/www.charles-de-flahaut.fr\/wordpress\/wp-json\/wp\/v2\/posts\/4340","targetHints":{"allow":["GET"]}}],"collection":[{"href":"https:\/\/www.charles-de-flahaut.fr\/wordpress\/wp-json\/wp\/v2\/posts"}],"about":[{"href":"https:\/\/www.charles-de-flahaut.fr\/wordpress\/wp-json\/wp\/v2\/types\/post"}],"author":[{"embeddable":true,"href":"https:\/\/www.charles-de-flahaut.fr\/wordpress\/wp-json\/wp\/v2\/users\/1"}],"replies":[{"embeddable":true,"href":"https:\/\/www.charles-de-flahaut.fr\/wordpress\/wp-json\/wp\/v2\/comments?post=4340"}],"version-history":[{"count":4,"href":"https:\/\/www.charles-de-flahaut.fr\/wordpress\/wp-json\/wp\/v2\/posts\/4340\/revisions"}],"predecessor-version":[{"id":14162,"href":"https:\/\/www.charles-de-flahaut.fr\/wordpress\/wp-json\/wp\/v2\/posts\/4340\/revisions\/14162"}],"wp:attachment":[{"href":"https:\/\/www.charles-de-flahaut.fr\/wordpress\/wp-json\/wp\/v2\/media?parent=4340"}],"wp:term":[{"taxonomy":"category","embeddable":true,"href":"https:\/\/www.charles-de-flahaut.fr\/wordpress\/wp-json\/wp\/v2\/categories?post=4340"},{"taxonomy":"post_tag","embeddable":true,"href":"https:\/\/www.charles-de-flahaut.fr\/wordpress\/wp-json\/wp\/v2\/tags?post=4340"}],"curies":[{"name":"wp","href":"https:\/\/api.w.org\/{rel}","templated":true}]}}