{"id":41932,"date":"2017-03-01T21:00:36","date_gmt":"2017-03-01T20:00:36","guid":{"rendered":"http:\/\/www.charles-de-flahaut.fr\/wordpress\/?p=41932"},"modified":"2017-03-01T21:06:27","modified_gmt":"2017-03-01T20:06:27","slug":"le-journal-cyclo-touristique-de-mamie-paulette","status":"publish","type":"post","link":"https:\/\/www.charles-de-flahaut.fr\/wordpress\/le-journal-cyclo-touristique-de-mamie-paulette\/","title":{"rendered":"Le journal cyclo-touristique de mamie Paulette (1942-1943)"},"content":{"rendered":"<h3><strong>C&rsquo;est le r\u00e9cit authentique de 2 jeunes parisiennes pendant la 2\u00e8me guerre mondiale<\/strong><\/h3>\n<p style=\"text-align: justify;\"><a href=\"http:\/\/www.charles-de-flahaut.fr\/wordpress\/wp-content\/uploads\/2017\/01\/J0011.jpg\"><img loading=\"lazy\" decoding=\"async\" class=\"alignleft size-medium wp-image-41934\" src=\"http:\/\/www.charles-de-flahaut.fr\/wordpress\/wp-content\/uploads\/2017\/01\/J0011-232x300.jpg\" alt=\"\" width=\"232\" height=\"300\" srcset=\"https:\/\/www.charles-de-flahaut.fr\/wordpress\/wp-content\/uploads\/2017\/01\/J0011-232x300.jpg 232w, https:\/\/www.charles-de-flahaut.fr\/wordpress\/wp-content\/uploads\/2017\/01\/J0011-768x993.jpg 768w, https:\/\/www.charles-de-flahaut.fr\/wordpress\/wp-content\/uploads\/2017\/01\/J0011-792x1024.jpg 792w, https:\/\/www.charles-de-flahaut.fr\/wordpress\/wp-content\/uploads\/2017\/01\/J0011.jpg 815w\" sizes=\"auto, (max-width: 232px) 100vw, 232px\" \/><\/a>Suite \u00e0 des circonstances familiales difficiles et dans un contexte historique particulier (2\u00e8me Guerre mondiale) il a fallu faire face aux \u00e9v\u00e9nements.<br \/>\nPaulette (qui f\u00eatera son centenaire en 2017 !), aidait la famille avec son salaire d\u2019institutrice, et Jeannine (d\u00e9c\u00e9d\u00e9e en 2000), sa soeur \u00e9tait employ\u00e9e b\u00e9n\u00e9vole \u00e0 plein temps dans la librairie de son p\u00e8re ; mais la guerre et les restrictions les ont oblig\u00e9es \u00e0 trouver d\u2019autres solutions pendant les vacances\u2026<\/p>\n<h3 style=\"text-align: justify;\"><strong>Son journal ?<\/strong><\/h3>\n<p style=\"text-align: justify;\">Ce n\u2019est pas un journal intime, mais le r\u00e9cit quotidien de <strong>plusieurs p\u00e9riples, \u00e0 bicyclette<\/strong> \/ <strong>(2871 km en 62 \u00e9tapes !)<\/strong><br \/>\nNon seulement pour <strong>faire du tourisme<\/strong>, mais aussi pour <strong>gagner la zone libre o\u00f9 elles ont pu manger et envoyer du ravitaillement \u00e0 leurs parents<\/strong> rest\u00e9s \u00e0 Paris.<br \/>\nLes v\u00e9los \u00e9taient tr\u00e8s lourds, genre v\u00e9los am\u00e9ricains. Jeannine utilisait le v\u00e9lo de livraison de la librairie, et Paulette s\u2019\u00e9tait fait pr\u00eater le v\u00e9lo de son oncle, o\u00f9 rien n\u2019\u00e9tait \u00e0 sa taille.<br \/>\nDes \u00ab\u00a0randos-sacoches\u00a0\u00bb particuli\u00e8res, en quelque sorte ! Une premi\u00e8re pour elles !<br \/>\nNous vous invitons \u00e0 d\u00e9couvrir ce journal retra\u00e7ant les p\u00e9rip\u00e9ties de ces deux jeunes parisiennes, \u00e9prises de libert\u00e9 et de d\u00e9couverte.<br \/>\nCes r\u00e9cits quotidiens spontan\u00e9s des ann\u00e9es 1942-1943 sont d\u2019une grande qualit\u00e9 r\u00e9dactionnelle et sont illustr\u00e9s par des cartes postales (d\u2019\u00e9poque) envoy\u00e9es \u00e0 chaque \u00e9tape \u00e0 leur parents.<br \/>\nIl aurait \u00e9t\u00e9 vraiment dommage que ces documents in\u00e9dits restent dans un carton au fond d\u2019un grenier\u2026<br \/>\nMerci \u00e0 la famille de Paulette de nous autoriser \u00e0 les partager.<\/p>\n<p style=\"text-align: justify;\"><strong>Venez r\u00e9guli\u00e8rement sur le site web des Cyclotouristes Grenoblois<\/strong> o\u00f9 seront diffus\u00e9es peu \u00e0 peu ces 62 pages, dans la <a href=\"http:\/\/cyclotourisme-grenoble-ctg.org\/CTG\/le-journal-de-mamie-paulette\/\"><strong>rubrique CTG\u2019ZINE \/ journal de mamie Paulette<\/strong><\/a><\/p>\n<p style=\"text-align: justify;\"><em><a href=\"http:\/\/cyclotourisme-grenoble-ctg.org\/CTG\/le-journal-de-mamie-paulette\/\" target=\"_blank\"><strong>D\u00e9j\u00e0 plusieurs pages sont en ligne \u2026<\/strong><\/a><\/em><\/p>\n","protected":false},"excerpt":{"rendered":"<p>C&rsquo;est le r\u00e9cit authentique de 2 jeunes parisiennes pendant la 2\u00e8me guerre mondiale Suite \u00e0 des circonstances familiales difficiles et dans un contexte historique particulier (2\u00e8me Guerre mondiale) il a fallu faire face aux \u00e9v\u00e9nements. Paulette (qui f\u00eatera son centenaire en 2017 !), aidait la famille avec son salaire d\u2019institutrice, et Jeannine (d\u00e9c\u00e9d\u00e9e en 2000), &hellip; <\/p>\n<p><a class=\"more-link btn\" href=\"https:\/\/www.charles-de-flahaut.fr\/wordpress\/le-journal-cyclo-touristique-de-mamie-paulette\/\">Lire la suite<\/a><\/p>\n","protected":false},"author":117,"featured_media":0,"comment_status":"open","ping_status":"open","sticky":false,"template":"","format":"standard","meta":{"footnotes":""},"categories":[19,16,20],"tags":[],"class_list":["post-41932","post","type-post","status-publish","format-standard","hentry","category-chroniques","category-histoire-regionale","category-periodes-historiques","item-wrap"],"yoast_head":"<!-- This site is optimized with the Yoast SEO plugin v27.4 - https:\/\/yoast.com\/product\/yoast-seo-wordpress\/ -->\n<title>Le journal cyclo-touristique de mamie Paulette (1942-1943) - Histoire de France - Communiqu\u00e9s<\/title>\n<meta name=\"robots\" content=\"index, follow, max-snippet:-1, max-image-preview:large, max-video-preview:-1\" \/>\n<link rel=\"canonical\" href=\"https:\/\/www.charles-de-flahaut.fr\/wordpress\/le-journal-cyclo-touristique-de-mamie-paulette\/\" \/>\n<meta property=\"og:locale\" content=\"fr_FR\" \/>\n<meta property=\"og:type\" content=\"article\" \/>\n<meta property=\"og:title\" content=\"Le journal cyclo-touristique de mamie Paulette (1942-1943) - Histoire de France - Communiqu\u00e9s\" \/>\n<meta property=\"og:description\" content=\"C&rsquo;est le r\u00e9cit authentique de 2 jeunes parisiennes pendant la 2\u00e8me guerre mondiale Suite \u00e0 des circonstances familiales difficiles et dans un contexte historique particulier (2\u00e8me Guerre mondiale) il a fallu faire face aux \u00e9v\u00e9nements. Paulette (qui f\u00eatera son centenaire en 2017 !), aidait la famille avec son salaire d\u2019institutrice, et Jeannine (d\u00e9c\u00e9d\u00e9e en 2000), &hellip; Lire la suite\" \/>\n<meta property=\"og:url\" content=\"https:\/\/www.charles-de-flahaut.fr\/wordpress\/le-journal-cyclo-touristique-de-mamie-paulette\/\" \/>\n<meta property=\"og:site_name\" content=\"Histoire de France - Communiqu\u00e9s\" \/>\n<meta property=\"article:publisher\" content=\"https:\/\/www.facebook.com\/Sites.HistoiredeFrance\" \/>\n<meta property=\"article:published_time\" content=\"2017-03-01T20:00:36+00:00\" \/>\n<meta property=\"article:modified_time\" content=\"2017-03-01T20:06:27+00:00\" \/>\n<meta property=\"og:image\" content=\"http:\/\/www.charles-de-flahaut.fr\/wordpress\/wp-content\/uploads\/2017\/01\/J0011-232x300.jpg\" \/>\n<meta name=\"author\" content=\"administrateur\" \/>\n<meta name=\"twitter:card\" content=\"summary_large_image\" \/>\n<meta name=\"twitter:label1\" content=\"\u00c9crit par\" \/>\n\t<meta name=\"twitter:data1\" content=\"administrateur\" \/>\n\t<meta name=\"twitter:label2\" content=\"Dur\u00e9e de lecture estim\u00e9e\" \/>\n\t<meta name=\"twitter:data2\" content=\"2 minutes\" \/>\n<script type=\"application\/ld+json\" class=\"yoast-schema-graph\">{\"@context\":\"https:\\\/\\\/schema.org\",\"@graph\":[{\"@type\":\"Article\",\"@id\":\"https:\\\/\\\/www.charles-de-flahaut.fr\\\/wordpress\\\/le-journal-cyclo-touristique-de-mamie-paulette\\\/#article\",\"isPartOf\":{\"@id\":\"https:\\\/\\\/www.charles-de-flahaut.fr\\\/wordpress\\\/le-journal-cyclo-touristique-de-mamie-paulette\\\/\"},\"author\":{\"name\":\"administrateur\",\"@id\":\"https:\\\/\\\/www.charles-de-flahaut.fr\\\/wordpress\\\/#\\\/schema\\\/person\\\/41c41eaf9ae1d70810ff74a04a786c56\"},\"headline\":\"Le journal cyclo-touristique de mamie Paulette (1942-1943)\",\"datePublished\":\"2017-03-01T20:00:36+00:00\",\"dateModified\":\"2017-03-01T20:06:27+00:00\",\"mainEntityOfPage\":{\"@id\":\"https:\\\/\\\/www.charles-de-flahaut.fr\\\/wordpress\\\/le-journal-cyclo-touristique-de-mamie-paulette\\\/\"},\"wordCount\":323,\"commentCount\":0,\"publisher\":{\"@id\":\"https:\\\/\\\/www.charles-de-flahaut.fr\\\/wordpress\\\/#\\\/schema\\\/person\\\/81011c8b61bc74c05499365a506d49a9\"},\"image\":{\"@id\":\"https:\\\/\\\/www.charles-de-flahaut.fr\\\/wordpress\\\/le-journal-cyclo-touristique-de-mamie-paulette\\\/#primaryimage\"},\"thumbnailUrl\":\"http:\\\/\\\/www.charles-de-flahaut.fr\\\/wordpress\\\/wp-content\\\/uploads\\\/2017\\\/01\\\/J0011-232x300.jpg\",\"articleSection\":[\"chroniques\",\"histoire locale\",\"p\u00e9riodes historiques\"],\"inLanguage\":\"fr-FR\",\"potentialAction\":[{\"@type\":\"CommentAction\",\"name\":\"Comment\",\"target\":[\"https:\\\/\\\/www.charles-de-flahaut.fr\\\/wordpress\\\/le-journal-cyclo-touristique-de-mamie-paulette\\\/#respond\"]}]},{\"@type\":\"WebPage\",\"@id\":\"https:\\\/\\\/www.charles-de-flahaut.fr\\\/wordpress\\\/le-journal-cyclo-touristique-de-mamie-paulette\\\/\",\"url\":\"https:\\\/\\\/www.charles-de-flahaut.fr\\\/wordpress\\\/le-journal-cyclo-touristique-de-mamie-paulette\\\/\",\"name\":\"Le journal cyclo-touristique de mamie Paulette (1942-1943) - Histoire de France - Communiqu\u00e9s\",\"isPartOf\":{\"@id\":\"https:\\\/\\\/www.charles-de-flahaut.fr\\\/wordpress\\\/#website\"},\"primaryImageOfPage\":{\"@id\":\"https:\\\/\\\/www.charles-de-flahaut.fr\\\/wordpress\\\/le-journal-cyclo-touristique-de-mamie-paulette\\\/#primaryimage\"},\"image\":{\"@id\":\"https:\\\/\\\/www.charles-de-flahaut.fr\\\/wordpress\\\/le-journal-cyclo-touristique-de-mamie-paulette\\\/#primaryimage\"},\"thumbnailUrl\":\"http:\\\/\\\/www.charles-de-flahaut.fr\\\/wordpress\\\/wp-content\\\/uploads\\\/2017\\\/01\\\/J0011-232x300.jpg\",\"datePublished\":\"2017-03-01T20:00:36+00:00\",\"dateModified\":\"2017-03-01T20:06:27+00:00\",\"breadcrumb\":{\"@id\":\"https:\\\/\\\/www.charles-de-flahaut.fr\\\/wordpress\\\/le-journal-cyclo-touristique-de-mamie-paulette\\\/#breadcrumb\"},\"inLanguage\":\"fr-FR\",\"potentialAction\":[{\"@type\":\"ReadAction\",\"target\":[\"https:\\\/\\\/www.charles-de-flahaut.fr\\\/wordpress\\\/le-journal-cyclo-touristique-de-mamie-paulette\\\/\"]}]},{\"@type\":\"ImageObject\",\"inLanguage\":\"fr-FR\",\"@id\":\"https:\\\/\\\/www.charles-de-flahaut.fr\\\/wordpress\\\/le-journal-cyclo-touristique-de-mamie-paulette\\\/#primaryimage\",\"url\":\"https:\\\/\\\/www.charles-de-flahaut.fr\\\/wordpress\\\/wp-content\\\/uploads\\\/2017\\\/01\\\/J0011.jpg\",\"contentUrl\":\"https:\\\/\\\/www.charles-de-flahaut.fr\\\/wordpress\\\/wp-content\\\/uploads\\\/2017\\\/01\\\/J0011.jpg\",\"width\":815,\"height\":1054},{\"@type\":\"BreadcrumbList\",\"@id\":\"https:\\\/\\\/www.charles-de-flahaut.fr\\\/wordpress\\\/le-journal-cyclo-touristique-de-mamie-paulette\\\/#breadcrumb\",\"itemListElement\":[{\"@type\":\"ListItem\",\"position\":1,\"name\":\"Accueil\",\"item\":\"https:\\\/\\\/www.charles-de-flahaut.fr\\\/wordpress\\\/\"},{\"@type\":\"ListItem\",\"position\":2,\"name\":\"Le journal cyclo-touristique de mamie Paulette (1942-1943)\"}]},{\"@type\":\"WebSite\",\"@id\":\"https:\\\/\\\/www.charles-de-flahaut.fr\\\/wordpress\\\/#website\",\"url\":\"https:\\\/\\\/www.charles-de-flahaut.fr\\\/wordpress\\\/\",\"name\":\"Histoire de France - Communiqu\u00e9s\",\"description\":\"Histoire et patrimoine\",\"publisher\":{\"@id\":\"https:\\\/\\\/www.charles-de-flahaut.fr\\\/wordpress\\\/#\\\/schema\\\/person\\\/81011c8b61bc74c05499365a506d49a9\"},\"potentialAction\":[{\"@type\":\"SearchAction\",\"target\":{\"@type\":\"EntryPoint\",\"urlTemplate\":\"https:\\\/\\\/www.charles-de-flahaut.fr\\\/wordpress\\\/?s={search_term_string}\"},\"query-input\":{\"@type\":\"PropertyValueSpecification\",\"valueRequired\":true,\"valueName\":\"search_term_string\"}}],\"inLanguage\":\"fr-FR\"},{\"@type\":[\"Person\",\"Organization\"],\"@id\":\"https:\\\/\\\/www.charles-de-flahaut.fr\\\/wordpress\\\/#\\\/schema\\\/person\\\/81011c8b61bc74c05499365a506d49a9\",\"name\":\"administrateur\",\"logo\":{\"@id\":\"https:\\\/\\\/www.charles-de-flahaut.fr\\\/wordpress\\\/#\\\/schema\\\/person\\\/image\\\/\"},\"sameAs\":[\"http:\\\/\\\/www.charles-de-flahaut.fr\",\"https:\\\/\\\/www.facebook.com\\\/Sites.HistoiredeFrance\"]},{\"@type\":\"Person\",\"@id\":\"https:\\\/\\\/www.charles-de-flahaut.fr\\\/wordpress\\\/#\\\/schema\\\/person\\\/41c41eaf9ae1d70810ff74a04a786c56\",\"name\":\"administrateur\",\"url\":\"https:\\\/\\\/www.charles-de-flahaut.fr\\\/wordpress\\\/author\\\/hist_8la_ad\\\/\"}]}<\/script>\n<!-- \/ Yoast SEO plugin. -->","yoast_head_json":{"title":"Le journal cyclo-touristique de mamie Paulette (1942-1943) - Histoire de France - Communiqu\u00e9s","robots":{"index":"index","follow":"follow","max-snippet":"max-snippet:-1","max-image-preview":"max-image-preview:large","max-video-preview":"max-video-preview:-1"},"canonical":"https:\/\/www.charles-de-flahaut.fr\/wordpress\/le-journal-cyclo-touristique-de-mamie-paulette\/","og_locale":"fr_FR","og_type":"article","og_title":"Le journal cyclo-touristique de mamie Paulette (1942-1943) - Histoire de France - Communiqu\u00e9s","og_description":"C&rsquo;est le r\u00e9cit authentique de 2 jeunes parisiennes pendant la 2\u00e8me guerre mondiale Suite \u00e0 des circonstances familiales difficiles et dans un contexte historique particulier (2\u00e8me Guerre mondiale) il a fallu faire face aux \u00e9v\u00e9nements. Paulette (qui f\u00eatera son centenaire en 2017 !), aidait la famille avec son salaire d\u2019institutrice, et Jeannine (d\u00e9c\u00e9d\u00e9e en 2000), &hellip; Lire la suite","og_url":"https:\/\/www.charles-de-flahaut.fr\/wordpress\/le-journal-cyclo-touristique-de-mamie-paulette\/","og_site_name":"Histoire de France - Communiqu\u00e9s","article_publisher":"https:\/\/www.facebook.com\/Sites.HistoiredeFrance","article_published_time":"2017-03-01T20:00:36+00:00","article_modified_time":"2017-03-01T20:06:27+00:00","og_image":[{"url":"http:\/\/www.charles-de-flahaut.fr\/wordpress\/wp-content\/uploads\/2017\/01\/J0011-232x300.jpg","type":"","width":"","height":""}],"author":"administrateur","twitter_card":"summary_large_image","twitter_misc":{"\u00c9crit par":"administrateur","Dur\u00e9e de lecture estim\u00e9e":"2 minutes"},"schema":{"@context":"https:\/\/schema.org","@graph":[{"@type":"Article","@id":"https:\/\/www.charles-de-flahaut.fr\/wordpress\/le-journal-cyclo-touristique-de-mamie-paulette\/#article","isPartOf":{"@id":"https:\/\/www.charles-de-flahaut.fr\/wordpress\/le-journal-cyclo-touristique-de-mamie-paulette\/"},"author":{"name":"administrateur","@id":"https:\/\/www.charles-de-flahaut.fr\/wordpress\/#\/schema\/person\/41c41eaf9ae1d70810ff74a04a786c56"},"headline":"Le journal cyclo-touristique de mamie Paulette (1942-1943)","datePublished":"2017-03-01T20:00:36+00:00","dateModified":"2017-03-01T20:06:27+00:00","mainEntityOfPage":{"@id":"https:\/\/www.charles-de-flahaut.fr\/wordpress\/le-journal-cyclo-touristique-de-mamie-paulette\/"},"wordCount":323,"commentCount":0,"publisher":{"@id":"https:\/\/www.charles-de-flahaut.fr\/wordpress\/#\/schema\/person\/81011c8b61bc74c05499365a506d49a9"},"image":{"@id":"https:\/\/www.charles-de-flahaut.fr\/wordpress\/le-journal-cyclo-touristique-de-mamie-paulette\/#primaryimage"},"thumbnailUrl":"http:\/\/www.charles-de-flahaut.fr\/wordpress\/wp-content\/uploads\/2017\/01\/J0011-232x300.jpg","articleSection":["chroniques","histoire locale","p\u00e9riodes historiques"],"inLanguage":"fr-FR","potentialAction":[{"@type":"CommentAction","name":"Comment","target":["https:\/\/www.charles-de-flahaut.fr\/wordpress\/le-journal-cyclo-touristique-de-mamie-paulette\/#respond"]}]},{"@type":"WebPage","@id":"https:\/\/www.charles-de-flahaut.fr\/wordpress\/le-journal-cyclo-touristique-de-mamie-paulette\/","url":"https:\/\/www.charles-de-flahaut.fr\/wordpress\/le-journal-cyclo-touristique-de-mamie-paulette\/","name":"Le journal cyclo-touristique de mamie Paulette (1942-1943) - Histoire de France - Communiqu\u00e9s","isPartOf":{"@id":"https:\/\/www.charles-de-flahaut.fr\/wordpress\/#website"},"primaryImageOfPage":{"@id":"https:\/\/www.charles-de-flahaut.fr\/wordpress\/le-journal-cyclo-touristique-de-mamie-paulette\/#primaryimage"},"image":{"@id":"https:\/\/www.charles-de-flahaut.fr\/wordpress\/le-journal-cyclo-touristique-de-mamie-paulette\/#primaryimage"},"thumbnailUrl":"http:\/\/www.charles-de-flahaut.fr\/wordpress\/wp-content\/uploads\/2017\/01\/J0011-232x300.jpg","datePublished":"2017-03-01T20:00:36+00:00","dateModified":"2017-03-01T20:06:27+00:00","breadcrumb":{"@id":"https:\/\/www.charles-de-flahaut.fr\/wordpress\/le-journal-cyclo-touristique-de-mamie-paulette\/#breadcrumb"},"inLanguage":"fr-FR","potentialAction":[{"@type":"ReadAction","target":["https:\/\/www.charles-de-flahaut.fr\/wordpress\/le-journal-cyclo-touristique-de-mamie-paulette\/"]}]},{"@type":"ImageObject","inLanguage":"fr-FR","@id":"https:\/\/www.charles-de-flahaut.fr\/wordpress\/le-journal-cyclo-touristique-de-mamie-paulette\/#primaryimage","url":"https:\/\/www.charles-de-flahaut.fr\/wordpress\/wp-content\/uploads\/2017\/01\/J0011.jpg","contentUrl":"https:\/\/www.charles-de-flahaut.fr\/wordpress\/wp-content\/uploads\/2017\/01\/J0011.jpg","width":815,"height":1054},{"@type":"BreadcrumbList","@id":"https:\/\/www.charles-de-flahaut.fr\/wordpress\/le-journal-cyclo-touristique-de-mamie-paulette\/#breadcrumb","itemListElement":[{"@type":"ListItem","position":1,"name":"Accueil","item":"https:\/\/www.charles-de-flahaut.fr\/wordpress\/"},{"@type":"ListItem","position":2,"name":"Le journal cyclo-touristique de mamie Paulette (1942-1943)"}]},{"@type":"WebSite","@id":"https:\/\/www.charles-de-flahaut.fr\/wordpress\/#website","url":"https:\/\/www.charles-de-flahaut.fr\/wordpress\/","name":"Histoire de France - Communiqu\u00e9s","description":"Histoire et patrimoine","publisher":{"@id":"https:\/\/www.charles-de-flahaut.fr\/wordpress\/#\/schema\/person\/81011c8b61bc74c05499365a506d49a9"},"potentialAction":[{"@type":"SearchAction","target":{"@type":"EntryPoint","urlTemplate":"https:\/\/www.charles-de-flahaut.fr\/wordpress\/?s={search_term_string}"},"query-input":{"@type":"PropertyValueSpecification","valueRequired":true,"valueName":"search_term_string"}}],"inLanguage":"fr-FR"},{"@type":["Person","Organization"],"@id":"https:\/\/www.charles-de-flahaut.fr\/wordpress\/#\/schema\/person\/81011c8b61bc74c05499365a506d49a9","name":"administrateur","logo":{"@id":"https:\/\/www.charles-de-flahaut.fr\/wordpress\/#\/schema\/person\/image\/"},"sameAs":["http:\/\/www.charles-de-flahaut.fr","https:\/\/www.facebook.com\/Sites.HistoiredeFrance"]},{"@type":"Person","@id":"https:\/\/www.charles-de-flahaut.fr\/wordpress\/#\/schema\/person\/41c41eaf9ae1d70810ff74a04a786c56","name":"administrateur","url":"https:\/\/www.charles-de-flahaut.fr\/wordpress\/author\/hist_8la_ad\/"}]}},"views":450,"amp_enabled":true,"_links":{"self":[{"href":"https:\/\/www.charles-de-flahaut.fr\/wordpress\/wp-json\/wp\/v2\/posts\/41932","targetHints":{"allow":["GET"]}}],"collection":[{"href":"https:\/\/www.charles-de-flahaut.fr\/wordpress\/wp-json\/wp\/v2\/posts"}],"about":[{"href":"https:\/\/www.charles-de-flahaut.fr\/wordpress\/wp-json\/wp\/v2\/types\/post"}],"author":[{"embeddable":true,"href":"https:\/\/www.charles-de-flahaut.fr\/wordpress\/wp-json\/wp\/v2\/users\/117"}],"replies":[{"embeddable":true,"href":"https:\/\/www.charles-de-flahaut.fr\/wordpress\/wp-json\/wp\/v2\/comments?post=41932"}],"version-history":[{"count":3,"href":"https:\/\/www.charles-de-flahaut.fr\/wordpress\/wp-json\/wp\/v2\/posts\/41932\/revisions"}],"predecessor-version":[{"id":41936,"href":"https:\/\/www.charles-de-flahaut.fr\/wordpress\/wp-json\/wp\/v2\/posts\/41932\/revisions\/41936"}],"wp:attachment":[{"href":"https:\/\/www.charles-de-flahaut.fr\/wordpress\/wp-json\/wp\/v2\/media?parent=41932"}],"wp:term":[{"taxonomy":"category","embeddable":true,"href":"https:\/\/www.charles-de-flahaut.fr\/wordpress\/wp-json\/wp\/v2\/categories?post=41932"},{"taxonomy":"post_tag","embeddable":true,"href":"https:\/\/www.charles-de-flahaut.fr\/wordpress\/wp-json\/wp\/v2\/tags?post=41932"}],"curies":[{"name":"wp","href":"https:\/\/api.w.org\/{rel}","templated":true}]}}