{"id":41350,"date":"2017-01-01T19:16:17","date_gmt":"2017-01-01T18:16:17","guid":{"rendered":"http:\/\/www.charles-de-flahaut.fr\/wordpress\/?p=41350"},"modified":"2025-09-03T09:28:34","modified_gmt":"2025-09-03T08:28:34","slug":"histoire-de-bree-mayenne","status":"publish","type":"post","link":"https:\/\/www.charles-de-flahaut.fr\/wordpress\/histoire-de-bree-mayenne\/","title":{"rendered":"Histoire de Br\u00e9e (Mayenne)"},"content":{"rendered":"<p><strong>Histoire de Br\u00e9e (Mayenne)<\/strong><br \/>\n<a href=\"https:\/\/fr.wikipedia.org\/wiki\/Br%C3%A9e#Histoire\" target=\"_blank\" rel=\"noopener\">https:\/\/fr.wikipedia.org\/wiki\/Br%C3%A9e#Histoire<\/a><\/p>\n<p style=\"text-align: justify;\"><em><a href=\"http:\/\/www.charles-de-flahaut.fr\/wordpress\/wp-content\/uploads\/2017\/01\/bree53.jpg\"><img loading=\"lazy\" decoding=\"async\" class=\"alignleft size-full wp-image-41351\" src=\"http:\/\/www.charles-de-flahaut.fr\/wordpress\/wp-content\/uploads\/2017\/01\/bree53.jpg\" alt=\"\" width=\"280\" height=\"210\" \/><\/a>un site r\u00e9f\u00e9renc\u00e9 sur le nouvel <a href=\"http:\/\/charles-de-flahaut.fr\/annuaire-histoire-communes\" target=\"_blank\" rel=\"noopener noreferrer\">Annuaire Historique des Communes de France<\/a><\/em><\/p>\n<p style=\"text-align: justify;\">Br\u00e9e n&rsquo;\u00e9tait encore qu&rsquo;une villa, c&rsquo;est-\u00e0-dire une sorte d&rsquo;exploitation agricole \u00e0 l&rsquo;\u00e9poque de saint Bertrand du Mans, \u00e9v\u00eaque du Mans, qui l&rsquo;acheta de Theuobalde et qui la l\u00e9gua par testament \u00e0 son \u00e9glise. Dans l&rsquo;intervalle compris entre le commencement du VIIe si\u00e8cle et le XIIe si\u00e8cle, \u00e0 une \u00e9poque inconnue, comme la plupart des domaines de ce genre re\u00e7us ou acquis et ensuite l\u00e9gu\u00e9s par saint Bertrand du Mans, Br\u00e9e \u00e9tait devenu paroisse sous le vocable de saint Gervais et de saint Protais&#8230;<br \/>\n<em>(source wikipedia &#8230; <a href=\"https:\/\/fr.wikipedia.org\/wiki\/Br%C3%A9e#Histoire\" target=\"_blank\" rel=\"noopener\">lire la suite<\/a>)<\/em><\/p>\n<p style=\"text-align: center;\"><a href=\"https:\/\/amzn.to\/4pjpHeW\" target=\"_blank\" rel=\"noopener\"><strong>Ouvrages sur Br\u00e9e et la Mayenne<\/strong><\/a><\/p>\n<p><a href=\"https:\/\/amzn.to\/4pjpHeW\" target=\"_blank\" rel=\"noopener\"><img loading=\"lazy\" decoding=\"async\" class=\"size-full wp-image-109076 aligncenter\" src=\"https:\/\/www.charles-de-flahaut.fr\/wordpress\/wp-content\/uploads\/2017\/01\/bree.jpg\" alt=\"\" width=\"318\" height=\"445\" srcset=\"https:\/\/www.charles-de-flahaut.fr\/wordpress\/wp-content\/uploads\/2017\/01\/bree.jpg 318w, https:\/\/www.charles-de-flahaut.fr\/wordpress\/wp-content\/uploads\/2017\/01\/bree-214x300.jpg 214w\" sizes=\"auto, (max-width: 318px) 100vw, 318px\" \/><\/a><\/p>\n","protected":false},"excerpt":{"rendered":"<p>Histoire de Br\u00e9e (Mayenne) https:\/\/fr.wikipedia.org\/wiki\/Br%C3%A9e#Histoire un site r\u00e9f\u00e9renc\u00e9 sur le nouvel Annuaire Historique des Communes de France Br\u00e9e n&rsquo;\u00e9tait encore qu&rsquo;une villa, c&rsquo;est-\u00e0-dire une sorte d&rsquo;exploitation agricole \u00e0 l&rsquo;\u00e9poque de saint Bertrand du Mans, \u00e9v\u00eaque du Mans, qui l&rsquo;acheta de Theuobalde et qui la l\u00e9gua par testament \u00e0 son \u00e9glise. Dans l&rsquo;intervalle compris entre le &hellip; <\/p>\n<p><a class=\"more-link btn\" href=\"https:\/\/www.charles-de-flahaut.fr\/wordpress\/histoire-de-bree-mayenne\/\">Lire la suite<\/a><\/p>\n","protected":false},"author":117,"featured_media":0,"comment_status":"open","ping_status":"open","sticky":false,"template":"","format":"standard","meta":{"footnotes":""},"categories":[141,16],"tags":[],"class_list":["post-41350","post","type-post","status-publish","format-standard","hentry","category-53-mayenne","category-histoire-regionale","item-wrap"],"yoast_head":"<!-- This site is optimized with the Yoast SEO plugin v27.5 - https:\/\/yoast.com\/product\/yoast-seo-wordpress\/ -->\n<title>Histoire de Br\u00e9e (Mayenne) - Histoire de France - Communiqu\u00e9s<\/title>\n<meta name=\"description\" content=\"Br\u00e9e n&#039;\u00e9tait encore qu&#039;une villa, c&#039;est-\u00e0-dire une sorte d&#039;exploitation agricole \u00e0 l&#039;\u00e9poque de saint Bertrand du Mans\" \/>\n<meta name=\"robots\" content=\"index, follow, max-snippet:-1, max-image-preview:large, max-video-preview:-1\" \/>\n<link rel=\"canonical\" href=\"https:\/\/www.charles-de-flahaut.fr\/wordpress\/histoire-de-bree-mayenne\/\" \/>\n<meta property=\"og:locale\" content=\"fr_FR\" \/>\n<meta property=\"og:type\" content=\"article\" \/>\n<meta property=\"og:title\" content=\"Histoire de Br\u00e9e (Mayenne) - Histoire de France - Communiqu\u00e9s\" \/>\n<meta property=\"og:description\" content=\"Br\u00e9e n&#039;\u00e9tait encore qu&#039;une villa, c&#039;est-\u00e0-dire une sorte d&#039;exploitation agricole \u00e0 l&#039;\u00e9poque de saint Bertrand du Mans\" \/>\n<meta property=\"og:url\" content=\"https:\/\/www.charles-de-flahaut.fr\/wordpress\/histoire-de-bree-mayenne\/\" \/>\n<meta property=\"og:site_name\" content=\"Histoire de France - Communiqu\u00e9s\" \/>\n<meta property=\"article:publisher\" content=\"https:\/\/www.facebook.com\/Sites.HistoiredeFrance\" \/>\n<meta property=\"article:published_time\" content=\"2017-01-01T18:16:17+00:00\" \/>\n<meta property=\"article:modified_time\" content=\"2025-09-03T08:28:34+00:00\" \/>\n<meta property=\"og:image\" content=\"https:\/\/www.charles-de-flahaut.fr\/wordpress\/wp-content\/uploads\/2017\/01\/bree53.jpg\" \/>\n\t<meta property=\"og:image:width\" content=\"280\" \/>\n\t<meta property=\"og:image:height\" content=\"210\" \/>\n\t<meta property=\"og:image:type\" content=\"image\/jpeg\" \/>\n<meta name=\"author\" content=\"administrateur\" \/>\n<meta name=\"twitter:card\" content=\"summary_large_image\" \/>\n<meta name=\"twitter:label1\" content=\"\u00c9crit par\" \/>\n\t<meta name=\"twitter:data1\" content=\"administrateur\" \/>\n\t<meta name=\"twitter:label2\" content=\"Dur\u00e9e de lecture estim\u00e9e\" \/>\n\t<meta name=\"twitter:data2\" content=\"1 minute\" \/>\n<script type=\"application\/ld+json\" class=\"yoast-schema-graph\">{\"@context\":\"https:\\\/\\\/schema.org\",\"@graph\":[{\"@type\":\"Article\",\"@id\":\"https:\\\/\\\/www.charles-de-flahaut.fr\\\/wordpress\\\/histoire-de-bree-mayenne\\\/#article\",\"isPartOf\":{\"@id\":\"https:\\\/\\\/www.charles-de-flahaut.fr\\\/wordpress\\\/histoire-de-bree-mayenne\\\/\"},\"author\":{\"name\":\"administrateur\",\"@id\":\"https:\\\/\\\/www.charles-de-flahaut.fr\\\/wordpress\\\/#\\\/schema\\\/person\\\/41c41eaf9ae1d70810ff74a04a786c56\"},\"headline\":\"Histoire de Br\u00e9e (Mayenne)\",\"datePublished\":\"2017-01-01T18:16:17+00:00\",\"dateModified\":\"2025-09-03T08:28:34+00:00\",\"mainEntityOfPage\":{\"@id\":\"https:\\\/\\\/www.charles-de-flahaut.fr\\\/wordpress\\\/histoire-de-bree-mayenne\\\/\"},\"wordCount\":143,\"commentCount\":0,\"publisher\":{\"@id\":\"https:\\\/\\\/www.charles-de-flahaut.fr\\\/wordpress\\\/#\\\/schema\\\/person\\\/81011c8b61bc74c05499365a506d49a9\"},\"image\":{\"@id\":\"https:\\\/\\\/www.charles-de-flahaut.fr\\\/wordpress\\\/histoire-de-bree-mayenne\\\/#primaryimage\"},\"thumbnailUrl\":\"http:\\\/\\\/www.charles-de-flahaut.fr\\\/wordpress\\\/wp-content\\\/uploads\\\/2017\\\/01\\\/bree53.jpg\",\"articleSection\":[\"53 - Mayenne\",\"histoire locale\"],\"inLanguage\":\"fr-FR\",\"potentialAction\":[{\"@type\":\"CommentAction\",\"name\":\"Comment\",\"target\":[\"https:\\\/\\\/www.charles-de-flahaut.fr\\\/wordpress\\\/histoire-de-bree-mayenne\\\/#respond\"]}]},{\"@type\":\"WebPage\",\"@id\":\"https:\\\/\\\/www.charles-de-flahaut.fr\\\/wordpress\\\/histoire-de-bree-mayenne\\\/\",\"url\":\"https:\\\/\\\/www.charles-de-flahaut.fr\\\/wordpress\\\/histoire-de-bree-mayenne\\\/\",\"name\":\"Histoire de Br\u00e9e (Mayenne) - Histoire de France - Communiqu\u00e9s\",\"isPartOf\":{\"@id\":\"https:\\\/\\\/www.charles-de-flahaut.fr\\\/wordpress\\\/#website\"},\"primaryImageOfPage\":{\"@id\":\"https:\\\/\\\/www.charles-de-flahaut.fr\\\/wordpress\\\/histoire-de-bree-mayenne\\\/#primaryimage\"},\"image\":{\"@id\":\"https:\\\/\\\/www.charles-de-flahaut.fr\\\/wordpress\\\/histoire-de-bree-mayenne\\\/#primaryimage\"},\"thumbnailUrl\":\"http:\\\/\\\/www.charles-de-flahaut.fr\\\/wordpress\\\/wp-content\\\/uploads\\\/2017\\\/01\\\/bree53.jpg\",\"datePublished\":\"2017-01-01T18:16:17+00:00\",\"dateModified\":\"2025-09-03T08:28:34+00:00\",\"description\":\"Br\u00e9e n'\u00e9tait encore qu'une villa, c'est-\u00e0-dire une sorte d'exploitation agricole \u00e0 l'\u00e9poque de saint Bertrand du Mans\",\"breadcrumb\":{\"@id\":\"https:\\\/\\\/www.charles-de-flahaut.fr\\\/wordpress\\\/histoire-de-bree-mayenne\\\/#breadcrumb\"},\"inLanguage\":\"fr-FR\",\"potentialAction\":[{\"@type\":\"ReadAction\",\"target\":[\"https:\\\/\\\/www.charles-de-flahaut.fr\\\/wordpress\\\/histoire-de-bree-mayenne\\\/\"]}]},{\"@type\":\"ImageObject\",\"inLanguage\":\"fr-FR\",\"@id\":\"https:\\\/\\\/www.charles-de-flahaut.fr\\\/wordpress\\\/histoire-de-bree-mayenne\\\/#primaryimage\",\"url\":\"http:\\\/\\\/www.charles-de-flahaut.fr\\\/wordpress\\\/wp-content\\\/uploads\\\/2017\\\/01\\\/bree53.jpg\",\"contentUrl\":\"http:\\\/\\\/www.charles-de-flahaut.fr\\\/wordpress\\\/wp-content\\\/uploads\\\/2017\\\/01\\\/bree53.jpg\"},{\"@type\":\"BreadcrumbList\",\"@id\":\"https:\\\/\\\/www.charles-de-flahaut.fr\\\/wordpress\\\/histoire-de-bree-mayenne\\\/#breadcrumb\",\"itemListElement\":[{\"@type\":\"ListItem\",\"position\":1,\"name\":\"Accueil\",\"item\":\"https:\\\/\\\/www.charles-de-flahaut.fr\\\/wordpress\\\/\"},{\"@type\":\"ListItem\",\"position\":2,\"name\":\"Histoire de Br\u00e9e (Mayenne)\"}]},{\"@type\":\"WebSite\",\"@id\":\"https:\\\/\\\/www.charles-de-flahaut.fr\\\/wordpress\\\/#website\",\"url\":\"https:\\\/\\\/www.charles-de-flahaut.fr\\\/wordpress\\\/\",\"name\":\"Histoire de France - Communiqu\u00e9s\",\"description\":\"Histoire et patrimoine\",\"publisher\":{\"@id\":\"https:\\\/\\\/www.charles-de-flahaut.fr\\\/wordpress\\\/#\\\/schema\\\/person\\\/81011c8b61bc74c05499365a506d49a9\"},\"potentialAction\":[{\"@type\":\"SearchAction\",\"target\":{\"@type\":\"EntryPoint\",\"urlTemplate\":\"https:\\\/\\\/www.charles-de-flahaut.fr\\\/wordpress\\\/?s={search_term_string}\"},\"query-input\":{\"@type\":\"PropertyValueSpecification\",\"valueRequired\":true,\"valueName\":\"search_term_string\"}}],\"inLanguage\":\"fr-FR\"},{\"@type\":[\"Person\",\"Organization\"],\"@id\":\"https:\\\/\\\/www.charles-de-flahaut.fr\\\/wordpress\\\/#\\\/schema\\\/person\\\/81011c8b61bc74c05499365a506d49a9\",\"name\":\"administrateur\",\"logo\":{\"@id\":\"https:\\\/\\\/www.charles-de-flahaut.fr\\\/wordpress\\\/#\\\/schema\\\/person\\\/image\\\/\"},\"sameAs\":[\"http:\\\/\\\/www.charles-de-flahaut.fr\",\"https:\\\/\\\/www.facebook.com\\\/Sites.HistoiredeFrance\"]},{\"@type\":\"Person\",\"@id\":\"https:\\\/\\\/www.charles-de-flahaut.fr\\\/wordpress\\\/#\\\/schema\\\/person\\\/41c41eaf9ae1d70810ff74a04a786c56\",\"name\":\"administrateur\",\"url\":\"https:\\\/\\\/www.charles-de-flahaut.fr\\\/wordpress\\\/author\\\/hist_8la_ad\\\/\"}]}<\/script>\n<!-- \/ Yoast SEO plugin. -->","yoast_head_json":{"title":"Histoire de Br\u00e9e (Mayenne) - Histoire de France - Communiqu\u00e9s","description":"Br\u00e9e n'\u00e9tait encore qu'une villa, c'est-\u00e0-dire une sorte d'exploitation agricole \u00e0 l'\u00e9poque de saint Bertrand du Mans","robots":{"index":"index","follow":"follow","max-snippet":"max-snippet:-1","max-image-preview":"max-image-preview:large","max-video-preview":"max-video-preview:-1"},"canonical":"https:\/\/www.charles-de-flahaut.fr\/wordpress\/histoire-de-bree-mayenne\/","og_locale":"fr_FR","og_type":"article","og_title":"Histoire de Br\u00e9e (Mayenne) - Histoire de France - Communiqu\u00e9s","og_description":"Br\u00e9e n'\u00e9tait encore qu'une villa, c'est-\u00e0-dire une sorte d'exploitation agricole \u00e0 l'\u00e9poque de saint Bertrand du Mans","og_url":"https:\/\/www.charles-de-flahaut.fr\/wordpress\/histoire-de-bree-mayenne\/","og_site_name":"Histoire de France - Communiqu\u00e9s","article_publisher":"https:\/\/www.facebook.com\/Sites.HistoiredeFrance","article_published_time":"2017-01-01T18:16:17+00:00","article_modified_time":"2025-09-03T08:28:34+00:00","og_image":[{"width":280,"height":210,"url":"https:\/\/www.charles-de-flahaut.fr\/wordpress\/wp-content\/uploads\/2017\/01\/bree53.jpg","type":"image\/jpeg"}],"author":"administrateur","twitter_card":"summary_large_image","twitter_misc":{"\u00c9crit par":"administrateur","Dur\u00e9e de lecture estim\u00e9e":"1 minute"},"schema":{"@context":"https:\/\/schema.org","@graph":[{"@type":"Article","@id":"https:\/\/www.charles-de-flahaut.fr\/wordpress\/histoire-de-bree-mayenne\/#article","isPartOf":{"@id":"https:\/\/www.charles-de-flahaut.fr\/wordpress\/histoire-de-bree-mayenne\/"},"author":{"name":"administrateur","@id":"https:\/\/www.charles-de-flahaut.fr\/wordpress\/#\/schema\/person\/41c41eaf9ae1d70810ff74a04a786c56"},"headline":"Histoire de Br\u00e9e (Mayenne)","datePublished":"2017-01-01T18:16:17+00:00","dateModified":"2025-09-03T08:28:34+00:00","mainEntityOfPage":{"@id":"https:\/\/www.charles-de-flahaut.fr\/wordpress\/histoire-de-bree-mayenne\/"},"wordCount":143,"commentCount":0,"publisher":{"@id":"https:\/\/www.charles-de-flahaut.fr\/wordpress\/#\/schema\/person\/81011c8b61bc74c05499365a506d49a9"},"image":{"@id":"https:\/\/www.charles-de-flahaut.fr\/wordpress\/histoire-de-bree-mayenne\/#primaryimage"},"thumbnailUrl":"http:\/\/www.charles-de-flahaut.fr\/wordpress\/wp-content\/uploads\/2017\/01\/bree53.jpg","articleSection":["53 - Mayenne","histoire locale"],"inLanguage":"fr-FR","potentialAction":[{"@type":"CommentAction","name":"Comment","target":["https:\/\/www.charles-de-flahaut.fr\/wordpress\/histoire-de-bree-mayenne\/#respond"]}]},{"@type":"WebPage","@id":"https:\/\/www.charles-de-flahaut.fr\/wordpress\/histoire-de-bree-mayenne\/","url":"https:\/\/www.charles-de-flahaut.fr\/wordpress\/histoire-de-bree-mayenne\/","name":"Histoire de Br\u00e9e (Mayenne) - Histoire de France - Communiqu\u00e9s","isPartOf":{"@id":"https:\/\/www.charles-de-flahaut.fr\/wordpress\/#website"},"primaryImageOfPage":{"@id":"https:\/\/www.charles-de-flahaut.fr\/wordpress\/histoire-de-bree-mayenne\/#primaryimage"},"image":{"@id":"https:\/\/www.charles-de-flahaut.fr\/wordpress\/histoire-de-bree-mayenne\/#primaryimage"},"thumbnailUrl":"http:\/\/www.charles-de-flahaut.fr\/wordpress\/wp-content\/uploads\/2017\/01\/bree53.jpg","datePublished":"2017-01-01T18:16:17+00:00","dateModified":"2025-09-03T08:28:34+00:00","description":"Br\u00e9e n'\u00e9tait encore qu'une villa, c'est-\u00e0-dire une sorte d'exploitation agricole \u00e0 l'\u00e9poque de saint Bertrand du Mans","breadcrumb":{"@id":"https:\/\/www.charles-de-flahaut.fr\/wordpress\/histoire-de-bree-mayenne\/#breadcrumb"},"inLanguage":"fr-FR","potentialAction":[{"@type":"ReadAction","target":["https:\/\/www.charles-de-flahaut.fr\/wordpress\/histoire-de-bree-mayenne\/"]}]},{"@type":"ImageObject","inLanguage":"fr-FR","@id":"https:\/\/www.charles-de-flahaut.fr\/wordpress\/histoire-de-bree-mayenne\/#primaryimage","url":"http:\/\/www.charles-de-flahaut.fr\/wordpress\/wp-content\/uploads\/2017\/01\/bree53.jpg","contentUrl":"http:\/\/www.charles-de-flahaut.fr\/wordpress\/wp-content\/uploads\/2017\/01\/bree53.jpg"},{"@type":"BreadcrumbList","@id":"https:\/\/www.charles-de-flahaut.fr\/wordpress\/histoire-de-bree-mayenne\/#breadcrumb","itemListElement":[{"@type":"ListItem","position":1,"name":"Accueil","item":"https:\/\/www.charles-de-flahaut.fr\/wordpress\/"},{"@type":"ListItem","position":2,"name":"Histoire de Br\u00e9e (Mayenne)"}]},{"@type":"WebSite","@id":"https:\/\/www.charles-de-flahaut.fr\/wordpress\/#website","url":"https:\/\/www.charles-de-flahaut.fr\/wordpress\/","name":"Histoire de France - Communiqu\u00e9s","description":"Histoire et patrimoine","publisher":{"@id":"https:\/\/www.charles-de-flahaut.fr\/wordpress\/#\/schema\/person\/81011c8b61bc74c05499365a506d49a9"},"potentialAction":[{"@type":"SearchAction","target":{"@type":"EntryPoint","urlTemplate":"https:\/\/www.charles-de-flahaut.fr\/wordpress\/?s={search_term_string}"},"query-input":{"@type":"PropertyValueSpecification","valueRequired":true,"valueName":"search_term_string"}}],"inLanguage":"fr-FR"},{"@type":["Person","Organization"],"@id":"https:\/\/www.charles-de-flahaut.fr\/wordpress\/#\/schema\/person\/81011c8b61bc74c05499365a506d49a9","name":"administrateur","logo":{"@id":"https:\/\/www.charles-de-flahaut.fr\/wordpress\/#\/schema\/person\/image\/"},"sameAs":["http:\/\/www.charles-de-flahaut.fr","https:\/\/www.facebook.com\/Sites.HistoiredeFrance"]},{"@type":"Person","@id":"https:\/\/www.charles-de-flahaut.fr\/wordpress\/#\/schema\/person\/41c41eaf9ae1d70810ff74a04a786c56","name":"administrateur","url":"https:\/\/www.charles-de-flahaut.fr\/wordpress\/author\/hist_8la_ad\/"}]}},"views":249,"amp_enabled":true,"_links":{"self":[{"href":"https:\/\/www.charles-de-flahaut.fr\/wordpress\/wp-json\/wp\/v2\/posts\/41350","targetHints":{"allow":["GET"]}}],"collection":[{"href":"https:\/\/www.charles-de-flahaut.fr\/wordpress\/wp-json\/wp\/v2\/posts"}],"about":[{"href":"https:\/\/www.charles-de-flahaut.fr\/wordpress\/wp-json\/wp\/v2\/types\/post"}],"author":[{"embeddable":true,"href":"https:\/\/www.charles-de-flahaut.fr\/wordpress\/wp-json\/wp\/v2\/users\/117"}],"replies":[{"embeddable":true,"href":"https:\/\/www.charles-de-flahaut.fr\/wordpress\/wp-json\/wp\/v2\/comments?post=41350"}],"version-history":[{"count":4,"href":"https:\/\/www.charles-de-flahaut.fr\/wordpress\/wp-json\/wp\/v2\/posts\/41350\/revisions"}],"predecessor-version":[{"id":109077,"href":"https:\/\/www.charles-de-flahaut.fr\/wordpress\/wp-json\/wp\/v2\/posts\/41350\/revisions\/109077"}],"wp:attachment":[{"href":"https:\/\/www.charles-de-flahaut.fr\/wordpress\/wp-json\/wp\/v2\/media?parent=41350"}],"wp:term":[{"taxonomy":"category","embeddable":true,"href":"https:\/\/www.charles-de-flahaut.fr\/wordpress\/wp-json\/wp\/v2\/categories?post=41350"},{"taxonomy":"post_tag","embeddable":true,"href":"https:\/\/www.charles-de-flahaut.fr\/wordpress\/wp-json\/wp\/v2\/tags?post=41350"}],"curies":[{"name":"wp","href":"https:\/\/api.w.org\/{rel}","templated":true}]}}