{"id":3754,"date":"2013-10-28T21:31:27","date_gmt":"2013-10-28T20:31:27","guid":{"rendered":"http:\/\/www.charles-de-flahaut.fr\/wordpress\/?p=3754"},"modified":"2015-06-13T22:12:50","modified_gmt":"2015-06-13T21:12:50","slug":"viiie-edition-des-rencontres-historiques-de-lecole-militaire","status":"publish","type":"post","link":"https:\/\/www.charles-de-flahaut.fr\/wordpress\/viiie-edition-des-rencontres-historiques-de-lecole-militaire\/","title":{"rendered":"VIIIe \u00e9dition des Rencontres historiques de l&rsquo;Ecole militaire"},"content":{"rendered":"<p>Programme de la VIIIe \u00e9dition des Rencontres historiques de l&rsquo;\u00e9cole militaire qui se d\u00e9roulera le samedi 16 novembre prochain sur le th\u00e8me <em>La guerre en images et en mots. Repr\u00e9senter et raconter les combats<\/em>.<\/p>\n<p>Rendez-vous : \u00e9cole militaire (amphith\u00e9\u00e2tre Foch), 1 place Joffre, Paris 75007 &#8211; accueil \u00e0 partir de 13h30.<\/p>\n<p><a href=\"http:\/\/www.charles-de-flahaut.fr\/wordpress\/wp-content\/uploads\/2013\/10\/invitation-colloque-Guerre-en-images-et-en-mots.jpg\"><img loading=\"lazy\" decoding=\"async\" class=\"aligncenter size-full wp-image-3755\" title=\"invitation colloque Guerre en images et en mots\" src=\"http:\/\/www.charles-de-flahaut.fr\/wordpress\/wp-content\/uploads\/2013\/10\/invitation-colloque-Guerre-en-images-et-en-mots.jpg\" alt=\"\" width=\"1024\" height=\"1414\" srcset=\"https:\/\/www.charles-de-flahaut.fr\/wordpress\/wp-content\/uploads\/2013\/10\/invitation-colloque-Guerre-en-images-et-en-mots.jpg 1024w, https:\/\/www.charles-de-flahaut.fr\/wordpress\/wp-content\/uploads\/2013\/10\/invitation-colloque-Guerre-en-images-et-en-mots-217x300.jpg 217w, https:\/\/www.charles-de-flahaut.fr\/wordpress\/wp-content\/uploads\/2013\/10\/invitation-colloque-Guerre-en-images-et-en-mots-741x1024.jpg 741w\" sizes=\"auto, (max-width: 1024px) 100vw, 1024px\" \/><\/a><br \/>\n<br \/><iframe style=\"width:120px;height:240px;\" marginwidth=\"0\" marginheight=\"0\" scrolling=\"no\" frameborder=\"0\" src=\"\/\/ws-eu.amazon-adsystem.com\/widgets\/q?ServiceVersion=20070822&#038;OneJS=1&#038;Operation=GetAdHtml&#038;MarketPlace=FR&#038;source=ac&#038;ref=tf_til&#038;ad_type=product_link&#038;tracking_id=charledeflaha-21&#038;marketplace=amazon&#038;region=FR&#038;placement=2364450446&#038;asins=2364450446&#038;linkId=7MWFH47EHWH5O7FL&#038;show_border=true&#038;link_opens_in_new_window=true\"><br \/>\n<\/iframe><\/p>\n","protected":false},"excerpt":{"rendered":"<p>Programme de la VIIIe \u00e9dition des Rencontres historiques de l&rsquo;\u00e9cole militaire qui se d\u00e9roulera le samedi 16 novembre prochain sur le th\u00e8me La guerre en images et en mots. Repr\u00e9senter et raconter les combats. Rendez-vous : \u00e9cole militaire (amphith\u00e9\u00e2tre Foch), 1 place Joffre, Paris 75007 &#8211; accueil \u00e0 partir de 13h30.<\/p>\n","protected":false},"author":1,"featured_media":0,"comment_status":"open","ping_status":"open","sticky":false,"template":"","format":"standard","meta":{"footnotes":""},"categories":[6,38,8],"tags":[],"class_list":["post-3754","post","type-post","status-publish","format-standard","hentry","category-conferences","category-histoire-militaire","category-patrimoine","item-wrap"],"yoast_head":"<!-- This site is optimized with the Yoast SEO plugin v27.5 - https:\/\/yoast.com\/product\/yoast-seo-wordpress\/ -->\n<title>VIIIe \u00e9dition des Rencontres historiques de l&#039;Ecole militaire - Histoire de France - Communiqu\u00e9s<\/title>\n<meta name=\"robots\" content=\"index, follow, max-snippet:-1, max-image-preview:large, max-video-preview:-1\" \/>\n<link rel=\"canonical\" href=\"https:\/\/www.charles-de-flahaut.fr\/wordpress\/viiie-edition-des-rencontres-historiques-de-lecole-militaire\/\" \/>\n<meta property=\"og:locale\" content=\"fr_FR\" \/>\n<meta property=\"og:type\" content=\"article\" \/>\n<meta property=\"og:title\" content=\"VIIIe \u00e9dition des Rencontres historiques de l&#039;Ecole militaire - Histoire de France - Communiqu\u00e9s\" \/>\n<meta property=\"og:description\" content=\"Programme de la VIIIe \u00e9dition des Rencontres historiques de l&rsquo;\u00e9cole militaire qui se d\u00e9roulera le samedi 16 novembre prochain sur le th\u00e8me La guerre en images et en mots. Repr\u00e9senter et raconter les combats. Rendez-vous : \u00e9cole militaire (amphith\u00e9\u00e2tre Foch), 1 place Joffre, Paris 75007 &#8211; accueil \u00e0 partir de 13h30.\" \/>\n<meta property=\"og:url\" content=\"https:\/\/www.charles-de-flahaut.fr\/wordpress\/viiie-edition-des-rencontres-historiques-de-lecole-militaire\/\" \/>\n<meta property=\"og:site_name\" content=\"Histoire de France - Communiqu\u00e9s\" \/>\n<meta property=\"article:publisher\" content=\"https:\/\/www.facebook.com\/Sites.HistoiredeFrance\" \/>\n<meta property=\"article:author\" content=\"https:\/\/www.facebook.com\/Sites.HistoiredeFrance\" \/>\n<meta property=\"article:published_time\" content=\"2013-10-28T20:31:27+00:00\" \/>\n<meta property=\"article:modified_time\" content=\"2015-06-13T21:12:50+00:00\" \/>\n<meta property=\"og:image\" content=\"http:\/\/www.charles-de-flahaut.fr\/wordpress\/wp-content\/uploads\/2013\/10\/invitation-colloque-Guerre-en-images-et-en-mots.jpg\" \/>\n<meta name=\"author\" content=\"administrateur\" \/>\n<meta name=\"twitter:card\" content=\"summary_large_image\" \/>\n<meta name=\"twitter:label1\" content=\"\u00c9crit par\" \/>\n\t<meta name=\"twitter:data1\" content=\"administrateur\" \/>\n<script type=\"application\/ld+json\" class=\"yoast-schema-graph\">{\"@context\":\"https:\\\/\\\/schema.org\",\"@graph\":[{\"@type\":\"Article\",\"@id\":\"https:\\\/\\\/www.charles-de-flahaut.fr\\\/wordpress\\\/viiie-edition-des-rencontres-historiques-de-lecole-militaire\\\/#article\",\"isPartOf\":{\"@id\":\"https:\\\/\\\/www.charles-de-flahaut.fr\\\/wordpress\\\/viiie-edition-des-rencontres-historiques-de-lecole-militaire\\\/\"},\"author\":{\"name\":\"administrateur\",\"@id\":\"https:\\\/\\\/www.charles-de-flahaut.fr\\\/wordpress\\\/#\\\/schema\\\/person\\\/81011c8b61bc74c05499365a506d49a9\"},\"headline\":\"VIIIe \u00e9dition des Rencontres historiques de l&rsquo;Ecole militaire\",\"datePublished\":\"2013-10-28T20:31:27+00:00\",\"dateModified\":\"2015-06-13T21:12:50+00:00\",\"mainEntityOfPage\":{\"@id\":\"https:\\\/\\\/www.charles-de-flahaut.fr\\\/wordpress\\\/viiie-edition-des-rencontres-historiques-de-lecole-militaire\\\/\"},\"wordCount\":60,\"commentCount\":0,\"publisher\":{\"@id\":\"https:\\\/\\\/www.charles-de-flahaut.fr\\\/wordpress\\\/#\\\/schema\\\/person\\\/81011c8b61bc74c05499365a506d49a9\"},\"image\":{\"@id\":\"https:\\\/\\\/www.charles-de-flahaut.fr\\\/wordpress\\\/viiie-edition-des-rencontres-historiques-de-lecole-militaire\\\/#primaryimage\"},\"thumbnailUrl\":\"http:\\\/\\\/www.charles-de-flahaut.fr\\\/wordpress\\\/wp-content\\\/uploads\\\/2013\\\/10\\\/invitation-colloque-Guerre-en-images-et-en-mots.jpg\",\"articleSection\":[\"conf\u00e9rences\",\"histoire militaire\",\"patrimoine\"],\"inLanguage\":\"fr-FR\",\"potentialAction\":[{\"@type\":\"CommentAction\",\"name\":\"Comment\",\"target\":[\"https:\\\/\\\/www.charles-de-flahaut.fr\\\/wordpress\\\/viiie-edition-des-rencontres-historiques-de-lecole-militaire\\\/#respond\"]}]},{\"@type\":\"WebPage\",\"@id\":\"https:\\\/\\\/www.charles-de-flahaut.fr\\\/wordpress\\\/viiie-edition-des-rencontres-historiques-de-lecole-militaire\\\/\",\"url\":\"https:\\\/\\\/www.charles-de-flahaut.fr\\\/wordpress\\\/viiie-edition-des-rencontres-historiques-de-lecole-militaire\\\/\",\"name\":\"VIIIe \u00e9dition des Rencontres historiques de l'Ecole militaire - Histoire de France - Communiqu\u00e9s\",\"isPartOf\":{\"@id\":\"https:\\\/\\\/www.charles-de-flahaut.fr\\\/wordpress\\\/#website\"},\"primaryImageOfPage\":{\"@id\":\"https:\\\/\\\/www.charles-de-flahaut.fr\\\/wordpress\\\/viiie-edition-des-rencontres-historiques-de-lecole-militaire\\\/#primaryimage\"},\"image\":{\"@id\":\"https:\\\/\\\/www.charles-de-flahaut.fr\\\/wordpress\\\/viiie-edition-des-rencontres-historiques-de-lecole-militaire\\\/#primaryimage\"},\"thumbnailUrl\":\"http:\\\/\\\/www.charles-de-flahaut.fr\\\/wordpress\\\/wp-content\\\/uploads\\\/2013\\\/10\\\/invitation-colloque-Guerre-en-images-et-en-mots.jpg\",\"datePublished\":\"2013-10-28T20:31:27+00:00\",\"dateModified\":\"2015-06-13T21:12:50+00:00\",\"breadcrumb\":{\"@id\":\"https:\\\/\\\/www.charles-de-flahaut.fr\\\/wordpress\\\/viiie-edition-des-rencontres-historiques-de-lecole-militaire\\\/#breadcrumb\"},\"inLanguage\":\"fr-FR\",\"potentialAction\":[{\"@type\":\"ReadAction\",\"target\":[\"https:\\\/\\\/www.charles-de-flahaut.fr\\\/wordpress\\\/viiie-edition-des-rencontres-historiques-de-lecole-militaire\\\/\"]}]},{\"@type\":\"ImageObject\",\"inLanguage\":\"fr-FR\",\"@id\":\"https:\\\/\\\/www.charles-de-flahaut.fr\\\/wordpress\\\/viiie-edition-des-rencontres-historiques-de-lecole-militaire\\\/#primaryimage\",\"url\":\"http:\\\/\\\/www.charles-de-flahaut.fr\\\/wordpress\\\/wp-content\\\/uploads\\\/2013\\\/10\\\/invitation-colloque-Guerre-en-images-et-en-mots.jpg\",\"contentUrl\":\"http:\\\/\\\/www.charles-de-flahaut.fr\\\/wordpress\\\/wp-content\\\/uploads\\\/2013\\\/10\\\/invitation-colloque-Guerre-en-images-et-en-mots.jpg\"},{\"@type\":\"BreadcrumbList\",\"@id\":\"https:\\\/\\\/www.charles-de-flahaut.fr\\\/wordpress\\\/viiie-edition-des-rencontres-historiques-de-lecole-militaire\\\/#breadcrumb\",\"itemListElement\":[{\"@type\":\"ListItem\",\"position\":1,\"name\":\"Accueil\",\"item\":\"https:\\\/\\\/www.charles-de-flahaut.fr\\\/wordpress\\\/\"},{\"@type\":\"ListItem\",\"position\":2,\"name\":\"VIIIe \u00e9dition des Rencontres historiques de l&rsquo;Ecole militaire\"}]},{\"@type\":\"WebSite\",\"@id\":\"https:\\\/\\\/www.charles-de-flahaut.fr\\\/wordpress\\\/#website\",\"url\":\"https:\\\/\\\/www.charles-de-flahaut.fr\\\/wordpress\\\/\",\"name\":\"Histoire de France - Communiqu\u00e9s\",\"description\":\"Histoire et patrimoine\",\"publisher\":{\"@id\":\"https:\\\/\\\/www.charles-de-flahaut.fr\\\/wordpress\\\/#\\\/schema\\\/person\\\/81011c8b61bc74c05499365a506d49a9\"},\"potentialAction\":[{\"@type\":\"SearchAction\",\"target\":{\"@type\":\"EntryPoint\",\"urlTemplate\":\"https:\\\/\\\/www.charles-de-flahaut.fr\\\/wordpress\\\/?s={search_term_string}\"},\"query-input\":{\"@type\":\"PropertyValueSpecification\",\"valueRequired\":true,\"valueName\":\"search_term_string\"}}],\"inLanguage\":\"fr-FR\"},{\"@type\":[\"Person\",\"Organization\"],\"@id\":\"https:\\\/\\\/www.charles-de-flahaut.fr\\\/wordpress\\\/#\\\/schema\\\/person\\\/81011c8b61bc74c05499365a506d49a9\",\"name\":\"administrateur\",\"logo\":{\"@id\":\"https:\\\/\\\/www.charles-de-flahaut.fr\\\/wordpress\\\/#\\\/schema\\\/person\\\/image\\\/\"},\"sameAs\":[\"http:\\\/\\\/www.charles-de-flahaut.fr\",\"https:\\\/\\\/www.facebook.com\\\/Sites.HistoiredeFrance\"],\"url\":\"https:\\\/\\\/www.charles-de-flahaut.fr\\\/wordpress\\\/author\\\/admin\\\/\"}]}<\/script>\n<!-- \/ Yoast SEO plugin. -->","yoast_head_json":{"title":"VIIIe \u00e9dition des Rencontres historiques de l'Ecole militaire - Histoire de France - Communiqu\u00e9s","robots":{"index":"index","follow":"follow","max-snippet":"max-snippet:-1","max-image-preview":"max-image-preview:large","max-video-preview":"max-video-preview:-1"},"canonical":"https:\/\/www.charles-de-flahaut.fr\/wordpress\/viiie-edition-des-rencontres-historiques-de-lecole-militaire\/","og_locale":"fr_FR","og_type":"article","og_title":"VIIIe \u00e9dition des Rencontres historiques de l'Ecole militaire - Histoire de France - Communiqu\u00e9s","og_description":"Programme de la VIIIe \u00e9dition des Rencontres historiques de l&rsquo;\u00e9cole militaire qui se d\u00e9roulera le samedi 16 novembre prochain sur le th\u00e8me La guerre en images et en mots. Repr\u00e9senter et raconter les combats. Rendez-vous : \u00e9cole militaire (amphith\u00e9\u00e2tre Foch), 1 place Joffre, Paris 75007 &#8211; accueil \u00e0 partir de 13h30.","og_url":"https:\/\/www.charles-de-flahaut.fr\/wordpress\/viiie-edition-des-rencontres-historiques-de-lecole-militaire\/","og_site_name":"Histoire de France - Communiqu\u00e9s","article_publisher":"https:\/\/www.facebook.com\/Sites.HistoiredeFrance","article_author":"https:\/\/www.facebook.com\/Sites.HistoiredeFrance","article_published_time":"2013-10-28T20:31:27+00:00","article_modified_time":"2015-06-13T21:12:50+00:00","og_image":[{"url":"http:\/\/www.charles-de-flahaut.fr\/wordpress\/wp-content\/uploads\/2013\/10\/invitation-colloque-Guerre-en-images-et-en-mots.jpg","type":"","width":"","height":""}],"author":"administrateur","twitter_card":"summary_large_image","twitter_misc":{"\u00c9crit par":"administrateur"},"schema":{"@context":"https:\/\/schema.org","@graph":[{"@type":"Article","@id":"https:\/\/www.charles-de-flahaut.fr\/wordpress\/viiie-edition-des-rencontres-historiques-de-lecole-militaire\/#article","isPartOf":{"@id":"https:\/\/www.charles-de-flahaut.fr\/wordpress\/viiie-edition-des-rencontres-historiques-de-lecole-militaire\/"},"author":{"name":"administrateur","@id":"https:\/\/www.charles-de-flahaut.fr\/wordpress\/#\/schema\/person\/81011c8b61bc74c05499365a506d49a9"},"headline":"VIIIe \u00e9dition des Rencontres historiques de l&rsquo;Ecole militaire","datePublished":"2013-10-28T20:31:27+00:00","dateModified":"2015-06-13T21:12:50+00:00","mainEntityOfPage":{"@id":"https:\/\/www.charles-de-flahaut.fr\/wordpress\/viiie-edition-des-rencontres-historiques-de-lecole-militaire\/"},"wordCount":60,"commentCount":0,"publisher":{"@id":"https:\/\/www.charles-de-flahaut.fr\/wordpress\/#\/schema\/person\/81011c8b61bc74c05499365a506d49a9"},"image":{"@id":"https:\/\/www.charles-de-flahaut.fr\/wordpress\/viiie-edition-des-rencontres-historiques-de-lecole-militaire\/#primaryimage"},"thumbnailUrl":"http:\/\/www.charles-de-flahaut.fr\/wordpress\/wp-content\/uploads\/2013\/10\/invitation-colloque-Guerre-en-images-et-en-mots.jpg","articleSection":["conf\u00e9rences","histoire militaire","patrimoine"],"inLanguage":"fr-FR","potentialAction":[{"@type":"CommentAction","name":"Comment","target":["https:\/\/www.charles-de-flahaut.fr\/wordpress\/viiie-edition-des-rencontres-historiques-de-lecole-militaire\/#respond"]}]},{"@type":"WebPage","@id":"https:\/\/www.charles-de-flahaut.fr\/wordpress\/viiie-edition-des-rencontres-historiques-de-lecole-militaire\/","url":"https:\/\/www.charles-de-flahaut.fr\/wordpress\/viiie-edition-des-rencontres-historiques-de-lecole-militaire\/","name":"VIIIe \u00e9dition des Rencontres historiques de l'Ecole militaire - Histoire de France - Communiqu\u00e9s","isPartOf":{"@id":"https:\/\/www.charles-de-flahaut.fr\/wordpress\/#website"},"primaryImageOfPage":{"@id":"https:\/\/www.charles-de-flahaut.fr\/wordpress\/viiie-edition-des-rencontres-historiques-de-lecole-militaire\/#primaryimage"},"image":{"@id":"https:\/\/www.charles-de-flahaut.fr\/wordpress\/viiie-edition-des-rencontres-historiques-de-lecole-militaire\/#primaryimage"},"thumbnailUrl":"http:\/\/www.charles-de-flahaut.fr\/wordpress\/wp-content\/uploads\/2013\/10\/invitation-colloque-Guerre-en-images-et-en-mots.jpg","datePublished":"2013-10-28T20:31:27+00:00","dateModified":"2015-06-13T21:12:50+00:00","breadcrumb":{"@id":"https:\/\/www.charles-de-flahaut.fr\/wordpress\/viiie-edition-des-rencontres-historiques-de-lecole-militaire\/#breadcrumb"},"inLanguage":"fr-FR","potentialAction":[{"@type":"ReadAction","target":["https:\/\/www.charles-de-flahaut.fr\/wordpress\/viiie-edition-des-rencontres-historiques-de-lecole-militaire\/"]}]},{"@type":"ImageObject","inLanguage":"fr-FR","@id":"https:\/\/www.charles-de-flahaut.fr\/wordpress\/viiie-edition-des-rencontres-historiques-de-lecole-militaire\/#primaryimage","url":"http:\/\/www.charles-de-flahaut.fr\/wordpress\/wp-content\/uploads\/2013\/10\/invitation-colloque-Guerre-en-images-et-en-mots.jpg","contentUrl":"http:\/\/www.charles-de-flahaut.fr\/wordpress\/wp-content\/uploads\/2013\/10\/invitation-colloque-Guerre-en-images-et-en-mots.jpg"},{"@type":"BreadcrumbList","@id":"https:\/\/www.charles-de-flahaut.fr\/wordpress\/viiie-edition-des-rencontres-historiques-de-lecole-militaire\/#breadcrumb","itemListElement":[{"@type":"ListItem","position":1,"name":"Accueil","item":"https:\/\/www.charles-de-flahaut.fr\/wordpress\/"},{"@type":"ListItem","position":2,"name":"VIIIe \u00e9dition des Rencontres historiques de l&rsquo;Ecole militaire"}]},{"@type":"WebSite","@id":"https:\/\/www.charles-de-flahaut.fr\/wordpress\/#website","url":"https:\/\/www.charles-de-flahaut.fr\/wordpress\/","name":"Histoire de France - Communiqu\u00e9s","description":"Histoire et patrimoine","publisher":{"@id":"https:\/\/www.charles-de-flahaut.fr\/wordpress\/#\/schema\/person\/81011c8b61bc74c05499365a506d49a9"},"potentialAction":[{"@type":"SearchAction","target":{"@type":"EntryPoint","urlTemplate":"https:\/\/www.charles-de-flahaut.fr\/wordpress\/?s={search_term_string}"},"query-input":{"@type":"PropertyValueSpecification","valueRequired":true,"valueName":"search_term_string"}}],"inLanguage":"fr-FR"},{"@type":["Person","Organization"],"@id":"https:\/\/www.charles-de-flahaut.fr\/wordpress\/#\/schema\/person\/81011c8b61bc74c05499365a506d49a9","name":"administrateur","logo":{"@id":"https:\/\/www.charles-de-flahaut.fr\/wordpress\/#\/schema\/person\/image\/"},"sameAs":["http:\/\/www.charles-de-flahaut.fr","https:\/\/www.facebook.com\/Sites.HistoiredeFrance"],"url":"https:\/\/www.charles-de-flahaut.fr\/wordpress\/author\/admin\/"}]}},"views":533,"amp_enabled":true,"_links":{"self":[{"href":"https:\/\/www.charles-de-flahaut.fr\/wordpress\/wp-json\/wp\/v2\/posts\/3754","targetHints":{"allow":["GET"]}}],"collection":[{"href":"https:\/\/www.charles-de-flahaut.fr\/wordpress\/wp-json\/wp\/v2\/posts"}],"about":[{"href":"https:\/\/www.charles-de-flahaut.fr\/wordpress\/wp-json\/wp\/v2\/types\/post"}],"author":[{"embeddable":true,"href":"https:\/\/www.charles-de-flahaut.fr\/wordpress\/wp-json\/wp\/v2\/users\/1"}],"replies":[{"embeddable":true,"href":"https:\/\/www.charles-de-flahaut.fr\/wordpress\/wp-json\/wp\/v2\/comments?post=3754"}],"version-history":[{"count":5,"href":"https:\/\/www.charles-de-flahaut.fr\/wordpress\/wp-json\/wp\/v2\/posts\/3754\/revisions"}],"predecessor-version":[{"id":14286,"href":"https:\/\/www.charles-de-flahaut.fr\/wordpress\/wp-json\/wp\/v2\/posts\/3754\/revisions\/14286"}],"wp:attachment":[{"href":"https:\/\/www.charles-de-flahaut.fr\/wordpress\/wp-json\/wp\/v2\/media?parent=3754"}],"wp:term":[{"taxonomy":"category","embeddable":true,"href":"https:\/\/www.charles-de-flahaut.fr\/wordpress\/wp-json\/wp\/v2\/categories?post=3754"},{"taxonomy":"post_tag","embeddable":true,"href":"https:\/\/www.charles-de-flahaut.fr\/wordpress\/wp-json\/wp\/v2\/tags?post=3754"}],"curies":[{"name":"wp","href":"https:\/\/api.w.org\/{rel}","templated":true}]}}