{"id":36273,"date":"2021-03-27T09:20:28","date_gmt":"2021-03-27T08:20:28","guid":{"rendered":"http:\/\/www.charles-de-flahaut.fr\/wordpress\/?p=36273"},"modified":"2025-12-14T15:29:01","modified_gmt":"2025-12-14T14:29:01","slug":"histoire-et-patrimoine-des-ponts-de-ce-maine-et-loire","status":"publish","type":"post","link":"https:\/\/www.charles-de-flahaut.fr\/wordpress\/histoire-et-patrimoine-des-ponts-de-ce-maine-et-loire\/","title":{"rendered":"Histoire et patrimoine des Ponts de C\u00e9 (Maine-et-Loire)"},"content":{"rendered":"<p><strong>Histoire et patrimoine des Ponts de C\u00e9 (Maine-et-Loire)<\/strong><br \/>\n<a href=\"https:\/\/www.lespontsdece.fr\/la-ville\/patrimoine\/histoire-de-la-ville\" target=\"_blank\" rel=\"noopener noreferrer\">https:\/\/www.lespontsdece.fr\/la-ville\/patrimoine\/histoire-de-la-ville<\/a><\/p>\n<p style=\"text-align: justify;\"><em><a href=\"http:\/\/www.charles-de-flahaut.fr\/wordpress\/wp-content\/uploads\/2016\/10\/lespontsdece49.gif\"><img loading=\"lazy\" decoding=\"async\" class=\"alignleft size-medium wp-image-36274\" src=\"http:\/\/www.charles-de-flahaut.fr\/wordpress\/wp-content\/uploads\/2016\/10\/lespontsdece49-300x241.gif\" alt=\"lespontsdece49\" width=\"300\" height=\"241\" srcset=\"https:\/\/www.charles-de-flahaut.fr\/wordpress\/wp-content\/uploads\/2016\/10\/lespontsdece49-300x241.gif 300w, https:\/\/www.charles-de-flahaut.fr\/wordpress\/wp-content\/uploads\/2016\/10\/lespontsdece49-768x618.gif 768w\" sizes=\"auto, (max-width: 300px) 100vw, 300px\" \/><\/a>un site r\u00e9f\u00e9renc\u00e9 sur le nouvel <a href=\"http:\/\/charles-de-flahaut.fr\/annuaire-histoire-communes\" target=\"_blank\" rel=\"noopener noreferrer\">Annuaire Historique des Communes de France<\/a><\/em><\/p>\n<p style=\"text-align: justify;\">L\u2019arch\u00e9ologie prouve que les premiers ponts remontent \u00e0 l\u2019\u00e9poque romaine. Le plus imposant de ces ponts est certainement \u00ab Le Pont Dumnacus \u00bb qui enjambe la Loire en partant de l\u2019\u00efle du Ch\u00e2teau pour rejoindre le quartier Saint Maurille. Une tradition non v\u00e9rifi\u00e9e laisse croire que Dumnacus, chef des Andes, aurait \u00e9t\u00e9 battu aux Ponts-de-C\u00e9 par les l\u00e9gions romaines lors d\u2019une derni\u00e8re r\u00e9volte gauloise un an apr\u00e8s la bataille d\u2019Al\u00e9sia en 51 av. JC&#8230;<br \/>\n<em>(image et extrait du site &#8230; <a href=\"https:\/\/www.lespontsdece.fr\/la-ville\/patrimoine\/histoire-de-la-ville\" target=\"_blank\" rel=\"noopener noreferrer\">lire la suite<\/a>)<\/em><\/p>\n<p style=\"text-align: center;\"><a href=\"https:\/\/amzn.to\/3KGPfmJ\" target=\"_blank\" rel=\"noopener\"><strong>Ouvrages sur Les Ponts de C\u00e9<\/strong><\/a><\/p>\n<p><a href=\"https:\/\/amzn.to\/3KGPfmJ\" target=\"_blank\" rel=\"noopener\"><img loading=\"lazy\" decoding=\"async\" class=\"size-full wp-image-113798 aligncenter\" src=\"https:\/\/www.charles-de-flahaut.fr\/wordpress\/wp-content\/uploads\/2021\/03\/lespontsdece.jpg\" alt=\"\" width=\"313\" height=\"500\" srcset=\"https:\/\/www.charles-de-flahaut.fr\/wordpress\/wp-content\/uploads\/2021\/03\/lespontsdece.jpg 313w, https:\/\/www.charles-de-flahaut.fr\/wordpress\/wp-content\/uploads\/2021\/03\/lespontsdece-188x300.jpg 188w\" sizes=\"auto, (max-width: 313px) 100vw, 313px\" \/><\/a><\/p>\n","protected":false},"excerpt":{"rendered":"<p>Histoire et patrimoine des Ponts de C\u00e9 (Maine-et-Loire) https:\/\/www.lespontsdece.fr\/la-ville\/patrimoine\/histoire-de-la-ville un site r\u00e9f\u00e9renc\u00e9 sur le nouvel Annuaire Historique des Communes de France L\u2019arch\u00e9ologie prouve que les premiers ponts remontent \u00e0 l\u2019\u00e9poque romaine. Le plus imposant de ces ponts est certainement \u00ab Le Pont Dumnacus \u00bb qui enjambe la Loire en partant de l\u2019\u00efle du Ch\u00e2teau pour &hellip; <\/p>\n<p><a class=\"more-link btn\" href=\"https:\/\/www.charles-de-flahaut.fr\/wordpress\/histoire-et-patrimoine-des-ponts-de-ce-maine-et-loire\/\">Lire la suite<\/a><\/p>\n","protected":false},"author":117,"featured_media":0,"comment_status":"open","ping_status":"open","sticky":false,"template":"","format":"standard","meta":{"footnotes":""},"categories":[137,16,8],"tags":[],"class_list":["post-36273","post","type-post","status-publish","format-standard","hentry","category-49-maine-et-loire","category-histoire-regionale","category-patrimoine","item-wrap"],"yoast_head":"<!-- This site is optimized with the Yoast SEO plugin v27.4 - https:\/\/yoast.com\/product\/yoast-seo-wordpress\/ -->\n<title>Histoire et patrimoine des Ponts de C\u00e9 (Maine-et-Loire) - Histoire de France - Communiqu\u00e9s<\/title>\n<meta name=\"description\" content=\"L\u2019arch\u00e9ologie prouve que les premiers ponts remontent \u00e0 l\u2019\u00e9poque romaine. Le plus imposant de ces ponts...\" \/>\n<meta name=\"robots\" content=\"index, follow, max-snippet:-1, max-image-preview:large, max-video-preview:-1\" \/>\n<link rel=\"canonical\" href=\"https:\/\/www.charles-de-flahaut.fr\/wordpress\/histoire-et-patrimoine-des-ponts-de-ce-maine-et-loire\/\" \/>\n<meta property=\"og:locale\" content=\"fr_FR\" \/>\n<meta property=\"og:type\" content=\"article\" \/>\n<meta property=\"og:title\" content=\"Histoire et patrimoine des Ponts de C\u00e9 (Maine-et-Loire) - Histoire de France - Communiqu\u00e9s\" \/>\n<meta property=\"og:description\" content=\"L\u2019arch\u00e9ologie prouve que les premiers ponts remontent \u00e0 l\u2019\u00e9poque romaine. Le plus imposant de ces ponts...\" \/>\n<meta property=\"og:url\" content=\"https:\/\/www.charles-de-flahaut.fr\/wordpress\/histoire-et-patrimoine-des-ponts-de-ce-maine-et-loire\/\" \/>\n<meta property=\"og:site_name\" content=\"Histoire de France - Communiqu\u00e9s\" \/>\n<meta property=\"article:publisher\" content=\"https:\/\/www.facebook.com\/Sites.HistoiredeFrance\" \/>\n<meta property=\"article:published_time\" content=\"2021-03-27T08:20:28+00:00\" \/>\n<meta property=\"article:modified_time\" content=\"2025-12-14T14:29:01+00:00\" \/>\n<meta property=\"og:image\" content=\"https:\/\/www.charles-de-flahaut.fr\/wordpress\/wp-content\/uploads\/2016\/10\/lespontsdece49.gif\" \/>\n\t<meta property=\"og:image:width\" content=\"774\" \/>\n\t<meta property=\"og:image:height\" content=\"623\" \/>\n\t<meta property=\"og:image:type\" content=\"image\/gif\" \/>\n<meta name=\"author\" content=\"administrateur\" \/>\n<meta name=\"twitter:card\" content=\"summary_large_image\" \/>\n<meta name=\"twitter:label1\" content=\"\u00c9crit par\" \/>\n\t<meta name=\"twitter:data1\" content=\"administrateur\" \/>\n\t<meta name=\"twitter:label2\" content=\"Dur\u00e9e de lecture estim\u00e9e\" \/>\n\t<meta name=\"twitter:data2\" content=\"1 minute\" \/>\n<script type=\"application\/ld+json\" class=\"yoast-schema-graph\">{\"@context\":\"https:\\\/\\\/schema.org\",\"@graph\":[{\"@type\":\"Article\",\"@id\":\"https:\\\/\\\/www.charles-de-flahaut.fr\\\/wordpress\\\/histoire-et-patrimoine-des-ponts-de-ce-maine-et-loire\\\/#article\",\"isPartOf\":{\"@id\":\"https:\\\/\\\/www.charles-de-flahaut.fr\\\/wordpress\\\/histoire-et-patrimoine-des-ponts-de-ce-maine-et-loire\\\/\"},\"author\":{\"name\":\"administrateur\",\"@id\":\"https:\\\/\\\/www.charles-de-flahaut.fr\\\/wordpress\\\/#\\\/schema\\\/person\\\/41c41eaf9ae1d70810ff74a04a786c56\"},\"headline\":\"Histoire et patrimoine des Ponts de C\u00e9 (Maine-et-Loire)\",\"datePublished\":\"2021-03-27T08:20:28+00:00\",\"dateModified\":\"2025-12-14T14:29:01+00:00\",\"mainEntityOfPage\":{\"@id\":\"https:\\\/\\\/www.charles-de-flahaut.fr\\\/wordpress\\\/histoire-et-patrimoine-des-ponts-de-ce-maine-et-loire\\\/\"},\"wordCount\":135,\"commentCount\":0,\"publisher\":{\"@id\":\"https:\\\/\\\/www.charles-de-flahaut.fr\\\/wordpress\\\/#\\\/schema\\\/person\\\/81011c8b61bc74c05499365a506d49a9\"},\"image\":{\"@id\":\"https:\\\/\\\/www.charles-de-flahaut.fr\\\/wordpress\\\/histoire-et-patrimoine-des-ponts-de-ce-maine-et-loire\\\/#primaryimage\"},\"thumbnailUrl\":\"http:\\\/\\\/www.charles-de-flahaut.fr\\\/wordpress\\\/wp-content\\\/uploads\\\/2016\\\/10\\\/lespontsdece49-300x241.gif\",\"articleSection\":[\"49 - Maine-et-Loire\",\"histoire locale\",\"patrimoine\"],\"inLanguage\":\"fr-FR\",\"potentialAction\":[{\"@type\":\"CommentAction\",\"name\":\"Comment\",\"target\":[\"https:\\\/\\\/www.charles-de-flahaut.fr\\\/wordpress\\\/histoire-et-patrimoine-des-ponts-de-ce-maine-et-loire\\\/#respond\"]}]},{\"@type\":\"WebPage\",\"@id\":\"https:\\\/\\\/www.charles-de-flahaut.fr\\\/wordpress\\\/histoire-et-patrimoine-des-ponts-de-ce-maine-et-loire\\\/\",\"url\":\"https:\\\/\\\/www.charles-de-flahaut.fr\\\/wordpress\\\/histoire-et-patrimoine-des-ponts-de-ce-maine-et-loire\\\/\",\"name\":\"Histoire et patrimoine des Ponts de C\u00e9 (Maine-et-Loire) - Histoire de France - Communiqu\u00e9s\",\"isPartOf\":{\"@id\":\"https:\\\/\\\/www.charles-de-flahaut.fr\\\/wordpress\\\/#website\"},\"primaryImageOfPage\":{\"@id\":\"https:\\\/\\\/www.charles-de-flahaut.fr\\\/wordpress\\\/histoire-et-patrimoine-des-ponts-de-ce-maine-et-loire\\\/#primaryimage\"},\"image\":{\"@id\":\"https:\\\/\\\/www.charles-de-flahaut.fr\\\/wordpress\\\/histoire-et-patrimoine-des-ponts-de-ce-maine-et-loire\\\/#primaryimage\"},\"thumbnailUrl\":\"http:\\\/\\\/www.charles-de-flahaut.fr\\\/wordpress\\\/wp-content\\\/uploads\\\/2016\\\/10\\\/lespontsdece49-300x241.gif\",\"datePublished\":\"2021-03-27T08:20:28+00:00\",\"dateModified\":\"2025-12-14T14:29:01+00:00\",\"description\":\"L\u2019arch\u00e9ologie prouve que les premiers ponts remontent \u00e0 l\u2019\u00e9poque romaine. Le plus imposant de ces ponts...\",\"breadcrumb\":{\"@id\":\"https:\\\/\\\/www.charles-de-flahaut.fr\\\/wordpress\\\/histoire-et-patrimoine-des-ponts-de-ce-maine-et-loire\\\/#breadcrumb\"},\"inLanguage\":\"fr-FR\",\"potentialAction\":[{\"@type\":\"ReadAction\",\"target\":[\"https:\\\/\\\/www.charles-de-flahaut.fr\\\/wordpress\\\/histoire-et-patrimoine-des-ponts-de-ce-maine-et-loire\\\/\"]}]},{\"@type\":\"ImageObject\",\"inLanguage\":\"fr-FR\",\"@id\":\"https:\\\/\\\/www.charles-de-flahaut.fr\\\/wordpress\\\/histoire-et-patrimoine-des-ponts-de-ce-maine-et-loire\\\/#primaryimage\",\"url\":\"https:\\\/\\\/www.charles-de-flahaut.fr\\\/wordpress\\\/wp-content\\\/uploads\\\/2016\\\/10\\\/lespontsdece49.gif\",\"contentUrl\":\"https:\\\/\\\/www.charles-de-flahaut.fr\\\/wordpress\\\/wp-content\\\/uploads\\\/2016\\\/10\\\/lespontsdece49.gif\",\"width\":774,\"height\":623},{\"@type\":\"BreadcrumbList\",\"@id\":\"https:\\\/\\\/www.charles-de-flahaut.fr\\\/wordpress\\\/histoire-et-patrimoine-des-ponts-de-ce-maine-et-loire\\\/#breadcrumb\",\"itemListElement\":[{\"@type\":\"ListItem\",\"position\":1,\"name\":\"Accueil\",\"item\":\"https:\\\/\\\/www.charles-de-flahaut.fr\\\/wordpress\\\/\"},{\"@type\":\"ListItem\",\"position\":2,\"name\":\"Histoire et patrimoine des Ponts de C\u00e9 (Maine-et-Loire)\"}]},{\"@type\":\"WebSite\",\"@id\":\"https:\\\/\\\/www.charles-de-flahaut.fr\\\/wordpress\\\/#website\",\"url\":\"https:\\\/\\\/www.charles-de-flahaut.fr\\\/wordpress\\\/\",\"name\":\"Histoire de France - Communiqu\u00e9s\",\"description\":\"Histoire et patrimoine\",\"publisher\":{\"@id\":\"https:\\\/\\\/www.charles-de-flahaut.fr\\\/wordpress\\\/#\\\/schema\\\/person\\\/81011c8b61bc74c05499365a506d49a9\"},\"potentialAction\":[{\"@type\":\"SearchAction\",\"target\":{\"@type\":\"EntryPoint\",\"urlTemplate\":\"https:\\\/\\\/www.charles-de-flahaut.fr\\\/wordpress\\\/?s={search_term_string}\"},\"query-input\":{\"@type\":\"PropertyValueSpecification\",\"valueRequired\":true,\"valueName\":\"search_term_string\"}}],\"inLanguage\":\"fr-FR\"},{\"@type\":[\"Person\",\"Organization\"],\"@id\":\"https:\\\/\\\/www.charles-de-flahaut.fr\\\/wordpress\\\/#\\\/schema\\\/person\\\/81011c8b61bc74c05499365a506d49a9\",\"name\":\"administrateur\",\"logo\":{\"@id\":\"https:\\\/\\\/www.charles-de-flahaut.fr\\\/wordpress\\\/#\\\/schema\\\/person\\\/image\\\/\"},\"sameAs\":[\"http:\\\/\\\/www.charles-de-flahaut.fr\",\"https:\\\/\\\/www.facebook.com\\\/Sites.HistoiredeFrance\"]},{\"@type\":\"Person\",\"@id\":\"https:\\\/\\\/www.charles-de-flahaut.fr\\\/wordpress\\\/#\\\/schema\\\/person\\\/41c41eaf9ae1d70810ff74a04a786c56\",\"name\":\"administrateur\",\"url\":\"https:\\\/\\\/www.charles-de-flahaut.fr\\\/wordpress\\\/author\\\/hist_8la_ad\\\/\"}]}<\/script>\n<!-- \/ Yoast SEO plugin. -->","yoast_head_json":{"title":"Histoire et patrimoine des Ponts de C\u00e9 (Maine-et-Loire) - Histoire de France - Communiqu\u00e9s","description":"L\u2019arch\u00e9ologie prouve que les premiers ponts remontent \u00e0 l\u2019\u00e9poque romaine. Le plus imposant de ces ponts...","robots":{"index":"index","follow":"follow","max-snippet":"max-snippet:-1","max-image-preview":"max-image-preview:large","max-video-preview":"max-video-preview:-1"},"canonical":"https:\/\/www.charles-de-flahaut.fr\/wordpress\/histoire-et-patrimoine-des-ponts-de-ce-maine-et-loire\/","og_locale":"fr_FR","og_type":"article","og_title":"Histoire et patrimoine des Ponts de C\u00e9 (Maine-et-Loire) - Histoire de France - Communiqu\u00e9s","og_description":"L\u2019arch\u00e9ologie prouve que les premiers ponts remontent \u00e0 l\u2019\u00e9poque romaine. Le plus imposant de ces ponts...","og_url":"https:\/\/www.charles-de-flahaut.fr\/wordpress\/histoire-et-patrimoine-des-ponts-de-ce-maine-et-loire\/","og_site_name":"Histoire de France - Communiqu\u00e9s","article_publisher":"https:\/\/www.facebook.com\/Sites.HistoiredeFrance","article_published_time":"2021-03-27T08:20:28+00:00","article_modified_time":"2025-12-14T14:29:01+00:00","og_image":[{"width":774,"height":623,"url":"https:\/\/www.charles-de-flahaut.fr\/wordpress\/wp-content\/uploads\/2016\/10\/lespontsdece49.gif","type":"image\/gif"}],"author":"administrateur","twitter_card":"summary_large_image","twitter_misc":{"\u00c9crit par":"administrateur","Dur\u00e9e de lecture estim\u00e9e":"1 minute"},"schema":{"@context":"https:\/\/schema.org","@graph":[{"@type":"Article","@id":"https:\/\/www.charles-de-flahaut.fr\/wordpress\/histoire-et-patrimoine-des-ponts-de-ce-maine-et-loire\/#article","isPartOf":{"@id":"https:\/\/www.charles-de-flahaut.fr\/wordpress\/histoire-et-patrimoine-des-ponts-de-ce-maine-et-loire\/"},"author":{"name":"administrateur","@id":"https:\/\/www.charles-de-flahaut.fr\/wordpress\/#\/schema\/person\/41c41eaf9ae1d70810ff74a04a786c56"},"headline":"Histoire et patrimoine des Ponts de C\u00e9 (Maine-et-Loire)","datePublished":"2021-03-27T08:20:28+00:00","dateModified":"2025-12-14T14:29:01+00:00","mainEntityOfPage":{"@id":"https:\/\/www.charles-de-flahaut.fr\/wordpress\/histoire-et-patrimoine-des-ponts-de-ce-maine-et-loire\/"},"wordCount":135,"commentCount":0,"publisher":{"@id":"https:\/\/www.charles-de-flahaut.fr\/wordpress\/#\/schema\/person\/81011c8b61bc74c05499365a506d49a9"},"image":{"@id":"https:\/\/www.charles-de-flahaut.fr\/wordpress\/histoire-et-patrimoine-des-ponts-de-ce-maine-et-loire\/#primaryimage"},"thumbnailUrl":"http:\/\/www.charles-de-flahaut.fr\/wordpress\/wp-content\/uploads\/2016\/10\/lespontsdece49-300x241.gif","articleSection":["49 - Maine-et-Loire","histoire locale","patrimoine"],"inLanguage":"fr-FR","potentialAction":[{"@type":"CommentAction","name":"Comment","target":["https:\/\/www.charles-de-flahaut.fr\/wordpress\/histoire-et-patrimoine-des-ponts-de-ce-maine-et-loire\/#respond"]}]},{"@type":"WebPage","@id":"https:\/\/www.charles-de-flahaut.fr\/wordpress\/histoire-et-patrimoine-des-ponts-de-ce-maine-et-loire\/","url":"https:\/\/www.charles-de-flahaut.fr\/wordpress\/histoire-et-patrimoine-des-ponts-de-ce-maine-et-loire\/","name":"Histoire et patrimoine des Ponts de C\u00e9 (Maine-et-Loire) - Histoire de France - Communiqu\u00e9s","isPartOf":{"@id":"https:\/\/www.charles-de-flahaut.fr\/wordpress\/#website"},"primaryImageOfPage":{"@id":"https:\/\/www.charles-de-flahaut.fr\/wordpress\/histoire-et-patrimoine-des-ponts-de-ce-maine-et-loire\/#primaryimage"},"image":{"@id":"https:\/\/www.charles-de-flahaut.fr\/wordpress\/histoire-et-patrimoine-des-ponts-de-ce-maine-et-loire\/#primaryimage"},"thumbnailUrl":"http:\/\/www.charles-de-flahaut.fr\/wordpress\/wp-content\/uploads\/2016\/10\/lespontsdece49-300x241.gif","datePublished":"2021-03-27T08:20:28+00:00","dateModified":"2025-12-14T14:29:01+00:00","description":"L\u2019arch\u00e9ologie prouve que les premiers ponts remontent \u00e0 l\u2019\u00e9poque romaine. Le plus imposant de ces ponts...","breadcrumb":{"@id":"https:\/\/www.charles-de-flahaut.fr\/wordpress\/histoire-et-patrimoine-des-ponts-de-ce-maine-et-loire\/#breadcrumb"},"inLanguage":"fr-FR","potentialAction":[{"@type":"ReadAction","target":["https:\/\/www.charles-de-flahaut.fr\/wordpress\/histoire-et-patrimoine-des-ponts-de-ce-maine-et-loire\/"]}]},{"@type":"ImageObject","inLanguage":"fr-FR","@id":"https:\/\/www.charles-de-flahaut.fr\/wordpress\/histoire-et-patrimoine-des-ponts-de-ce-maine-et-loire\/#primaryimage","url":"https:\/\/www.charles-de-flahaut.fr\/wordpress\/wp-content\/uploads\/2016\/10\/lespontsdece49.gif","contentUrl":"https:\/\/www.charles-de-flahaut.fr\/wordpress\/wp-content\/uploads\/2016\/10\/lespontsdece49.gif","width":774,"height":623},{"@type":"BreadcrumbList","@id":"https:\/\/www.charles-de-flahaut.fr\/wordpress\/histoire-et-patrimoine-des-ponts-de-ce-maine-et-loire\/#breadcrumb","itemListElement":[{"@type":"ListItem","position":1,"name":"Accueil","item":"https:\/\/www.charles-de-flahaut.fr\/wordpress\/"},{"@type":"ListItem","position":2,"name":"Histoire et patrimoine des Ponts de C\u00e9 (Maine-et-Loire)"}]},{"@type":"WebSite","@id":"https:\/\/www.charles-de-flahaut.fr\/wordpress\/#website","url":"https:\/\/www.charles-de-flahaut.fr\/wordpress\/","name":"Histoire de France - Communiqu\u00e9s","description":"Histoire et patrimoine","publisher":{"@id":"https:\/\/www.charles-de-flahaut.fr\/wordpress\/#\/schema\/person\/81011c8b61bc74c05499365a506d49a9"},"potentialAction":[{"@type":"SearchAction","target":{"@type":"EntryPoint","urlTemplate":"https:\/\/www.charles-de-flahaut.fr\/wordpress\/?s={search_term_string}"},"query-input":{"@type":"PropertyValueSpecification","valueRequired":true,"valueName":"search_term_string"}}],"inLanguage":"fr-FR"},{"@type":["Person","Organization"],"@id":"https:\/\/www.charles-de-flahaut.fr\/wordpress\/#\/schema\/person\/81011c8b61bc74c05499365a506d49a9","name":"administrateur","logo":{"@id":"https:\/\/www.charles-de-flahaut.fr\/wordpress\/#\/schema\/person\/image\/"},"sameAs":["http:\/\/www.charles-de-flahaut.fr","https:\/\/www.facebook.com\/Sites.HistoiredeFrance"]},{"@type":"Person","@id":"https:\/\/www.charles-de-flahaut.fr\/wordpress\/#\/schema\/person\/41c41eaf9ae1d70810ff74a04a786c56","name":"administrateur","url":"https:\/\/www.charles-de-flahaut.fr\/wordpress\/author\/hist_8la_ad\/"}]}},"views":328,"amp_enabled":true,"_links":{"self":[{"href":"https:\/\/www.charles-de-flahaut.fr\/wordpress\/wp-json\/wp\/v2\/posts\/36273","targetHints":{"allow":["GET"]}}],"collection":[{"href":"https:\/\/www.charles-de-flahaut.fr\/wordpress\/wp-json\/wp\/v2\/posts"}],"about":[{"href":"https:\/\/www.charles-de-flahaut.fr\/wordpress\/wp-json\/wp\/v2\/types\/post"}],"author":[{"embeddable":true,"href":"https:\/\/www.charles-de-flahaut.fr\/wordpress\/wp-json\/wp\/v2\/users\/117"}],"replies":[{"embeddable":true,"href":"https:\/\/www.charles-de-flahaut.fr\/wordpress\/wp-json\/wp\/v2\/comments?post=36273"}],"version-history":[{"count":5,"href":"https:\/\/www.charles-de-flahaut.fr\/wordpress\/wp-json\/wp\/v2\/posts\/36273\/revisions"}],"predecessor-version":[{"id":113799,"href":"https:\/\/www.charles-de-flahaut.fr\/wordpress\/wp-json\/wp\/v2\/posts\/36273\/revisions\/113799"}],"wp:attachment":[{"href":"https:\/\/www.charles-de-flahaut.fr\/wordpress\/wp-json\/wp\/v2\/media?parent=36273"}],"wp:term":[{"taxonomy":"category","embeddable":true,"href":"https:\/\/www.charles-de-flahaut.fr\/wordpress\/wp-json\/wp\/v2\/categories?post=36273"},{"taxonomy":"post_tag","embeddable":true,"href":"https:\/\/www.charles-de-flahaut.fr\/wordpress\/wp-json\/wp\/v2\/tags?post=36273"}],"curies":[{"name":"wp","href":"https:\/\/api.w.org\/{rel}","templated":true}]}}