{"id":35688,"date":"2016-09-26T21:04:41","date_gmt":"2016-09-26T20:04:41","guid":{"rendered":"http:\/\/www.charles-de-flahaut.fr\/wordpress\/?p=35688"},"modified":"2017-08-30T14:29:24","modified_gmt":"2017-08-30T13:29:24","slug":"histoire-et-patrimoine-de-pierrelaye-val-doise","status":"publish","type":"post","link":"https:\/\/www.charles-de-flahaut.fr\/wordpress\/histoire-et-patrimoine-de-pierrelaye-val-doise\/","title":{"rendered":"Histoire et patrimoine de Pierrelaye (Val d&rsquo;Oise)"},"content":{"rendered":"<p><strong>Histoire et patrimoine de Pierrelaye (Val d&rsquo;Oise)<\/strong><br \/>\n<a href=\"http:\/\/www.ville-pierrelaye.fr\/article\/pierrelaye-une-histoire-qui-remonte-au-temps-des-gaulois\" target=\"_blank\" rel=\"noopener\">http:\/\/www.ville-pierrelaye.fr\/article\/pierrelaye-une-histoire-qui-remonte-au-temps-des-gaulois<\/a><\/p>\n<p style=\"text-align: justify;\"><em><a href=\"http:\/\/www.charles-de-flahaut.fr\/wordpress\/wp-content\/uploads\/2016\/09\/pierrelaye95.jpg\"><img loading=\"lazy\" decoding=\"async\" class=\"alignleft size-full wp-image-35689\" src=\"http:\/\/www.charles-de-flahaut.fr\/wordpress\/wp-content\/uploads\/2016\/09\/pierrelaye95.jpg\" alt=\"pierrelaye95\" width=\"275\" height=\"172\" \/><\/a>un site r\u00e9f\u00e9renc\u00e9 sur le nouvel <a href=\"http:\/\/charles-de-flahaut.fr\/annuaire-histoire-communes\" target=\"_blank\" rel=\"noopener noreferrer\">Annuaire Historique des Communes de France<\/a><\/em><\/p>\n<p style=\"text-align: justify;\">Les premi\u00e8res traces de population datent de l\u2019\u00e9poque gauloise (R\u00fb de Liesse) mais les premiers regroupements humains s\u2019\u00e9tablissent le long de la voie romaine LUTECE-ROUEN via PONTOISE. Ainsi, c\u2019est sur l\u2019ancienne voie romaine reliant Lut\u00e8ce \u00e0 Dieppe qu\u2019est n\u00e9 le village de Pierrelaye. \u00ab Petra-Lata \u00bb fut le premier nom de Pierrelaye, encore appel\u00e9 \u00ab Pierre-Late \u00bb en 1626&#8230;<br \/>\n<em>(image et extrait du site officiel de la commune &#8230;<a href=\"http:\/\/www.ville-pierrelaye.fr\/article\/pierrelaye-une-histoire-qui-remonte-au-temps-des-gaulois\" target=\"_blank\" rel=\"noopener\"> lire la suite<\/a>)<\/em><\/p>\n<p><iframe loading=\"lazy\" style=\"width: 120px; height: 240px;\" src=\"\/\/ws-eu.amazon-adsystem.com\/widgets\/q?ServiceVersion=20070822&amp;OneJS=1&amp;Operation=GetAdHtml&amp;MarketPlace=FR&amp;source=ac&amp;ref=tf_til&amp;ad_type=product_link&amp;tracking_id=charledeflaha-21&amp;marketplace=amazon&amp;region=FR&amp;placement=B00JTLS3NW&amp;asins=B00JTLS3NW&amp;linkId=&amp;show_border=true&amp;link_opens_in_new_window=true\" width=\"300\" height=\"150\" frameborder=\"0\" marginwidth=\"0\" marginheight=\"0\" scrolling=\"no\"><br \/>\n<\/iframe><\/p>\n","protected":false},"excerpt":{"rendered":"<p>Histoire et patrimoine de Pierrelaye (Val d&rsquo;Oise) http:\/\/www.ville-pierrelaye.fr\/article\/pierrelaye-une-histoire-qui-remonte-au-temps-des-gaulois un site r\u00e9f\u00e9renc\u00e9 sur le nouvel Annuaire Historique des Communes de France Les premi\u00e8res traces de population datent de l\u2019\u00e9poque gauloise (R\u00fb de Liesse) mais les premiers regroupements humains s\u2019\u00e9tablissent le long de la voie romaine LUTECE-ROUEN via PONTOISE. Ainsi, c\u2019est sur l\u2019ancienne voie romaine reliant Lut\u00e8ce &hellip; <\/p>\n<p><a class=\"more-link btn\" href=\"https:\/\/www.charles-de-flahaut.fr\/wordpress\/histoire-et-patrimoine-de-pierrelaye-val-doise\/\">Lire la suite<\/a><\/p>\n","protected":false},"author":117,"featured_media":0,"comment_status":"open","ping_status":"open","sticky":false,"template":"","format":"standard","meta":{"footnotes":""},"categories":[183,16,8],"tags":[],"class_list":["post-35688","post","type-post","status-publish","format-standard","hentry","category-95-val-doise","category-histoire-regionale","category-patrimoine","item-wrap"],"yoast_head":"<!-- This site is optimized with the Yoast SEO plugin v27.5 - https:\/\/yoast.com\/product\/yoast-seo-wordpress\/ -->\n<title>Histoire et patrimoine de Pierrelaye (Val d&#039;Oise) - Histoire de France - Communiqu\u00e9s<\/title>\n<meta name=\"robots\" content=\"index, follow, max-snippet:-1, max-image-preview:large, max-video-preview:-1\" \/>\n<link rel=\"canonical\" href=\"https:\/\/www.charles-de-flahaut.fr\/wordpress\/histoire-et-patrimoine-de-pierrelaye-val-doise\/\" \/>\n<meta property=\"og:locale\" content=\"fr_FR\" \/>\n<meta property=\"og:type\" content=\"article\" \/>\n<meta property=\"og:title\" content=\"Histoire et patrimoine de Pierrelaye (Val d&#039;Oise) - Histoire de France - Communiqu\u00e9s\" \/>\n<meta property=\"og:description\" content=\"Histoire et patrimoine de Pierrelaye (Val d&rsquo;Oise) http:\/\/www.ville-pierrelaye.fr\/article\/pierrelaye-une-histoire-qui-remonte-au-temps-des-gaulois un site r\u00e9f\u00e9renc\u00e9 sur le nouvel Annuaire Historique des Communes de France Les premi\u00e8res traces de population datent de l\u2019\u00e9poque gauloise (R\u00fb de Liesse) mais les premiers regroupements humains s\u2019\u00e9tablissent le long de la voie romaine LUTECE-ROUEN via PONTOISE. Ainsi, c\u2019est sur l\u2019ancienne voie romaine reliant Lut\u00e8ce &hellip; Lire la suite\" \/>\n<meta property=\"og:url\" content=\"https:\/\/www.charles-de-flahaut.fr\/wordpress\/histoire-et-patrimoine-de-pierrelaye-val-doise\/\" \/>\n<meta property=\"og:site_name\" content=\"Histoire de France - Communiqu\u00e9s\" \/>\n<meta property=\"article:publisher\" content=\"https:\/\/www.facebook.com\/Sites.HistoiredeFrance\" \/>\n<meta property=\"article:published_time\" content=\"2016-09-26T20:04:41+00:00\" \/>\n<meta property=\"article:modified_time\" content=\"2017-08-30T13:29:24+00:00\" \/>\n<meta property=\"og:image\" content=\"http:\/\/www.charles-de-flahaut.fr\/wordpress\/wp-content\/uploads\/2016\/09\/pierrelaye95.jpg\" \/>\n<meta name=\"author\" content=\"administrateur\" \/>\n<meta name=\"twitter:card\" content=\"summary_large_image\" \/>\n<meta name=\"twitter:label1\" content=\"\u00c9crit par\" \/>\n\t<meta name=\"twitter:data1\" content=\"administrateur\" \/>\n<script type=\"application\/ld+json\" class=\"yoast-schema-graph\">{\"@context\":\"https:\\\/\\\/schema.org\",\"@graph\":[{\"@type\":\"Article\",\"@id\":\"https:\\\/\\\/www.charles-de-flahaut.fr\\\/wordpress\\\/histoire-et-patrimoine-de-pierrelaye-val-doise\\\/#article\",\"isPartOf\":{\"@id\":\"https:\\\/\\\/www.charles-de-flahaut.fr\\\/wordpress\\\/histoire-et-patrimoine-de-pierrelaye-val-doise\\\/\"},\"author\":{\"name\":\"administrateur\",\"@id\":\"https:\\\/\\\/www.charles-de-flahaut.fr\\\/wordpress\\\/#\\\/schema\\\/person\\\/41c41eaf9ae1d70810ff74a04a786c56\"},\"headline\":\"Histoire et patrimoine de Pierrelaye (Val d&rsquo;Oise)\",\"datePublished\":\"2016-09-26T20:04:41+00:00\",\"dateModified\":\"2017-08-30T13:29:24+00:00\",\"mainEntityOfPage\":{\"@id\":\"https:\\\/\\\/www.charles-de-flahaut.fr\\\/wordpress\\\/histoire-et-patrimoine-de-pierrelaye-val-doise\\\/\"},\"wordCount\":108,\"commentCount\":0,\"publisher\":{\"@id\":\"https:\\\/\\\/www.charles-de-flahaut.fr\\\/wordpress\\\/#\\\/schema\\\/person\\\/81011c8b61bc74c05499365a506d49a9\"},\"image\":{\"@id\":\"https:\\\/\\\/www.charles-de-flahaut.fr\\\/wordpress\\\/histoire-et-patrimoine-de-pierrelaye-val-doise\\\/#primaryimage\"},\"thumbnailUrl\":\"http:\\\/\\\/www.charles-de-flahaut.fr\\\/wordpress\\\/wp-content\\\/uploads\\\/2016\\\/09\\\/pierrelaye95.jpg\",\"articleSection\":[\"95 - Val d'Oise\",\"histoire locale\",\"patrimoine\"],\"inLanguage\":\"fr-FR\",\"potentialAction\":[{\"@type\":\"CommentAction\",\"name\":\"Comment\",\"target\":[\"https:\\\/\\\/www.charles-de-flahaut.fr\\\/wordpress\\\/histoire-et-patrimoine-de-pierrelaye-val-doise\\\/#respond\"]}]},{\"@type\":\"WebPage\",\"@id\":\"https:\\\/\\\/www.charles-de-flahaut.fr\\\/wordpress\\\/histoire-et-patrimoine-de-pierrelaye-val-doise\\\/\",\"url\":\"https:\\\/\\\/www.charles-de-flahaut.fr\\\/wordpress\\\/histoire-et-patrimoine-de-pierrelaye-val-doise\\\/\",\"name\":\"Histoire et patrimoine de Pierrelaye (Val d'Oise) - Histoire de France - Communiqu\u00e9s\",\"isPartOf\":{\"@id\":\"https:\\\/\\\/www.charles-de-flahaut.fr\\\/wordpress\\\/#website\"},\"primaryImageOfPage\":{\"@id\":\"https:\\\/\\\/www.charles-de-flahaut.fr\\\/wordpress\\\/histoire-et-patrimoine-de-pierrelaye-val-doise\\\/#primaryimage\"},\"image\":{\"@id\":\"https:\\\/\\\/www.charles-de-flahaut.fr\\\/wordpress\\\/histoire-et-patrimoine-de-pierrelaye-val-doise\\\/#primaryimage\"},\"thumbnailUrl\":\"http:\\\/\\\/www.charles-de-flahaut.fr\\\/wordpress\\\/wp-content\\\/uploads\\\/2016\\\/09\\\/pierrelaye95.jpg\",\"datePublished\":\"2016-09-26T20:04:41+00:00\",\"dateModified\":\"2017-08-30T13:29:24+00:00\",\"breadcrumb\":{\"@id\":\"https:\\\/\\\/www.charles-de-flahaut.fr\\\/wordpress\\\/histoire-et-patrimoine-de-pierrelaye-val-doise\\\/#breadcrumb\"},\"inLanguage\":\"fr-FR\",\"potentialAction\":[{\"@type\":\"ReadAction\",\"target\":[\"https:\\\/\\\/www.charles-de-flahaut.fr\\\/wordpress\\\/histoire-et-patrimoine-de-pierrelaye-val-doise\\\/\"]}]},{\"@type\":\"ImageObject\",\"inLanguage\":\"fr-FR\",\"@id\":\"https:\\\/\\\/www.charles-de-flahaut.fr\\\/wordpress\\\/histoire-et-patrimoine-de-pierrelaye-val-doise\\\/#primaryimage\",\"url\":\"http:\\\/\\\/www.charles-de-flahaut.fr\\\/wordpress\\\/wp-content\\\/uploads\\\/2016\\\/09\\\/pierrelaye95.jpg\",\"contentUrl\":\"http:\\\/\\\/www.charles-de-flahaut.fr\\\/wordpress\\\/wp-content\\\/uploads\\\/2016\\\/09\\\/pierrelaye95.jpg\"},{\"@type\":\"BreadcrumbList\",\"@id\":\"https:\\\/\\\/www.charles-de-flahaut.fr\\\/wordpress\\\/histoire-et-patrimoine-de-pierrelaye-val-doise\\\/#breadcrumb\",\"itemListElement\":[{\"@type\":\"ListItem\",\"position\":1,\"name\":\"Accueil\",\"item\":\"https:\\\/\\\/www.charles-de-flahaut.fr\\\/wordpress\\\/\"},{\"@type\":\"ListItem\",\"position\":2,\"name\":\"Histoire et patrimoine de Pierrelaye (Val d&rsquo;Oise)\"}]},{\"@type\":\"WebSite\",\"@id\":\"https:\\\/\\\/www.charles-de-flahaut.fr\\\/wordpress\\\/#website\",\"url\":\"https:\\\/\\\/www.charles-de-flahaut.fr\\\/wordpress\\\/\",\"name\":\"Histoire de France - Communiqu\u00e9s\",\"description\":\"Histoire et patrimoine\",\"publisher\":{\"@id\":\"https:\\\/\\\/www.charles-de-flahaut.fr\\\/wordpress\\\/#\\\/schema\\\/person\\\/81011c8b61bc74c05499365a506d49a9\"},\"potentialAction\":[{\"@type\":\"SearchAction\",\"target\":{\"@type\":\"EntryPoint\",\"urlTemplate\":\"https:\\\/\\\/www.charles-de-flahaut.fr\\\/wordpress\\\/?s={search_term_string}\"},\"query-input\":{\"@type\":\"PropertyValueSpecification\",\"valueRequired\":true,\"valueName\":\"search_term_string\"}}],\"inLanguage\":\"fr-FR\"},{\"@type\":[\"Person\",\"Organization\"],\"@id\":\"https:\\\/\\\/www.charles-de-flahaut.fr\\\/wordpress\\\/#\\\/schema\\\/person\\\/81011c8b61bc74c05499365a506d49a9\",\"name\":\"administrateur\",\"logo\":{\"@id\":\"https:\\\/\\\/www.charles-de-flahaut.fr\\\/wordpress\\\/#\\\/schema\\\/person\\\/image\\\/\"},\"sameAs\":[\"http:\\\/\\\/www.charles-de-flahaut.fr\",\"https:\\\/\\\/www.facebook.com\\\/Sites.HistoiredeFrance\"]},{\"@type\":\"Person\",\"@id\":\"https:\\\/\\\/www.charles-de-flahaut.fr\\\/wordpress\\\/#\\\/schema\\\/person\\\/41c41eaf9ae1d70810ff74a04a786c56\",\"name\":\"administrateur\",\"url\":\"https:\\\/\\\/www.charles-de-flahaut.fr\\\/wordpress\\\/author\\\/hist_8la_ad\\\/\"}]}<\/script>\n<!-- \/ Yoast SEO plugin. -->","yoast_head_json":{"title":"Histoire et patrimoine de Pierrelaye (Val d'Oise) - Histoire de France - Communiqu\u00e9s","robots":{"index":"index","follow":"follow","max-snippet":"max-snippet:-1","max-image-preview":"max-image-preview:large","max-video-preview":"max-video-preview:-1"},"canonical":"https:\/\/www.charles-de-flahaut.fr\/wordpress\/histoire-et-patrimoine-de-pierrelaye-val-doise\/","og_locale":"fr_FR","og_type":"article","og_title":"Histoire et patrimoine de Pierrelaye (Val d'Oise) - Histoire de France - Communiqu\u00e9s","og_description":"Histoire et patrimoine de Pierrelaye (Val d&rsquo;Oise) http:\/\/www.ville-pierrelaye.fr\/article\/pierrelaye-une-histoire-qui-remonte-au-temps-des-gaulois un site r\u00e9f\u00e9renc\u00e9 sur le nouvel Annuaire Historique des Communes de France Les premi\u00e8res traces de population datent de l\u2019\u00e9poque gauloise (R\u00fb de Liesse) mais les premiers regroupements humains s\u2019\u00e9tablissent le long de la voie romaine LUTECE-ROUEN via PONTOISE. Ainsi, c\u2019est sur l\u2019ancienne voie romaine reliant Lut\u00e8ce &hellip; Lire la suite","og_url":"https:\/\/www.charles-de-flahaut.fr\/wordpress\/histoire-et-patrimoine-de-pierrelaye-val-doise\/","og_site_name":"Histoire de France - Communiqu\u00e9s","article_publisher":"https:\/\/www.facebook.com\/Sites.HistoiredeFrance","article_published_time":"2016-09-26T20:04:41+00:00","article_modified_time":"2017-08-30T13:29:24+00:00","og_image":[{"url":"http:\/\/www.charles-de-flahaut.fr\/wordpress\/wp-content\/uploads\/2016\/09\/pierrelaye95.jpg","type":"","width":"","height":""}],"author":"administrateur","twitter_card":"summary_large_image","twitter_misc":{"\u00c9crit par":"administrateur"},"schema":{"@context":"https:\/\/schema.org","@graph":[{"@type":"Article","@id":"https:\/\/www.charles-de-flahaut.fr\/wordpress\/histoire-et-patrimoine-de-pierrelaye-val-doise\/#article","isPartOf":{"@id":"https:\/\/www.charles-de-flahaut.fr\/wordpress\/histoire-et-patrimoine-de-pierrelaye-val-doise\/"},"author":{"name":"administrateur","@id":"https:\/\/www.charles-de-flahaut.fr\/wordpress\/#\/schema\/person\/41c41eaf9ae1d70810ff74a04a786c56"},"headline":"Histoire et patrimoine de Pierrelaye (Val d&rsquo;Oise)","datePublished":"2016-09-26T20:04:41+00:00","dateModified":"2017-08-30T13:29:24+00:00","mainEntityOfPage":{"@id":"https:\/\/www.charles-de-flahaut.fr\/wordpress\/histoire-et-patrimoine-de-pierrelaye-val-doise\/"},"wordCount":108,"commentCount":0,"publisher":{"@id":"https:\/\/www.charles-de-flahaut.fr\/wordpress\/#\/schema\/person\/81011c8b61bc74c05499365a506d49a9"},"image":{"@id":"https:\/\/www.charles-de-flahaut.fr\/wordpress\/histoire-et-patrimoine-de-pierrelaye-val-doise\/#primaryimage"},"thumbnailUrl":"http:\/\/www.charles-de-flahaut.fr\/wordpress\/wp-content\/uploads\/2016\/09\/pierrelaye95.jpg","articleSection":["95 - Val d'Oise","histoire locale","patrimoine"],"inLanguage":"fr-FR","potentialAction":[{"@type":"CommentAction","name":"Comment","target":["https:\/\/www.charles-de-flahaut.fr\/wordpress\/histoire-et-patrimoine-de-pierrelaye-val-doise\/#respond"]}]},{"@type":"WebPage","@id":"https:\/\/www.charles-de-flahaut.fr\/wordpress\/histoire-et-patrimoine-de-pierrelaye-val-doise\/","url":"https:\/\/www.charles-de-flahaut.fr\/wordpress\/histoire-et-patrimoine-de-pierrelaye-val-doise\/","name":"Histoire et patrimoine de Pierrelaye (Val d'Oise) - Histoire de France - Communiqu\u00e9s","isPartOf":{"@id":"https:\/\/www.charles-de-flahaut.fr\/wordpress\/#website"},"primaryImageOfPage":{"@id":"https:\/\/www.charles-de-flahaut.fr\/wordpress\/histoire-et-patrimoine-de-pierrelaye-val-doise\/#primaryimage"},"image":{"@id":"https:\/\/www.charles-de-flahaut.fr\/wordpress\/histoire-et-patrimoine-de-pierrelaye-val-doise\/#primaryimage"},"thumbnailUrl":"http:\/\/www.charles-de-flahaut.fr\/wordpress\/wp-content\/uploads\/2016\/09\/pierrelaye95.jpg","datePublished":"2016-09-26T20:04:41+00:00","dateModified":"2017-08-30T13:29:24+00:00","breadcrumb":{"@id":"https:\/\/www.charles-de-flahaut.fr\/wordpress\/histoire-et-patrimoine-de-pierrelaye-val-doise\/#breadcrumb"},"inLanguage":"fr-FR","potentialAction":[{"@type":"ReadAction","target":["https:\/\/www.charles-de-flahaut.fr\/wordpress\/histoire-et-patrimoine-de-pierrelaye-val-doise\/"]}]},{"@type":"ImageObject","inLanguage":"fr-FR","@id":"https:\/\/www.charles-de-flahaut.fr\/wordpress\/histoire-et-patrimoine-de-pierrelaye-val-doise\/#primaryimage","url":"http:\/\/www.charles-de-flahaut.fr\/wordpress\/wp-content\/uploads\/2016\/09\/pierrelaye95.jpg","contentUrl":"http:\/\/www.charles-de-flahaut.fr\/wordpress\/wp-content\/uploads\/2016\/09\/pierrelaye95.jpg"},{"@type":"BreadcrumbList","@id":"https:\/\/www.charles-de-flahaut.fr\/wordpress\/histoire-et-patrimoine-de-pierrelaye-val-doise\/#breadcrumb","itemListElement":[{"@type":"ListItem","position":1,"name":"Accueil","item":"https:\/\/www.charles-de-flahaut.fr\/wordpress\/"},{"@type":"ListItem","position":2,"name":"Histoire et patrimoine de Pierrelaye (Val d&rsquo;Oise)"}]},{"@type":"WebSite","@id":"https:\/\/www.charles-de-flahaut.fr\/wordpress\/#website","url":"https:\/\/www.charles-de-flahaut.fr\/wordpress\/","name":"Histoire de France - Communiqu\u00e9s","description":"Histoire et patrimoine","publisher":{"@id":"https:\/\/www.charles-de-flahaut.fr\/wordpress\/#\/schema\/person\/81011c8b61bc74c05499365a506d49a9"},"potentialAction":[{"@type":"SearchAction","target":{"@type":"EntryPoint","urlTemplate":"https:\/\/www.charles-de-flahaut.fr\/wordpress\/?s={search_term_string}"},"query-input":{"@type":"PropertyValueSpecification","valueRequired":true,"valueName":"search_term_string"}}],"inLanguage":"fr-FR"},{"@type":["Person","Organization"],"@id":"https:\/\/www.charles-de-flahaut.fr\/wordpress\/#\/schema\/person\/81011c8b61bc74c05499365a506d49a9","name":"administrateur","logo":{"@id":"https:\/\/www.charles-de-flahaut.fr\/wordpress\/#\/schema\/person\/image\/"},"sameAs":["http:\/\/www.charles-de-flahaut.fr","https:\/\/www.facebook.com\/Sites.HistoiredeFrance"]},{"@type":"Person","@id":"https:\/\/www.charles-de-flahaut.fr\/wordpress\/#\/schema\/person\/41c41eaf9ae1d70810ff74a04a786c56","name":"administrateur","url":"https:\/\/www.charles-de-flahaut.fr\/wordpress\/author\/hist_8la_ad\/"}]}},"views":285,"amp_enabled":true,"_links":{"self":[{"href":"https:\/\/www.charles-de-flahaut.fr\/wordpress\/wp-json\/wp\/v2\/posts\/35688","targetHints":{"allow":["GET"]}}],"collection":[{"href":"https:\/\/www.charles-de-flahaut.fr\/wordpress\/wp-json\/wp\/v2\/posts"}],"about":[{"href":"https:\/\/www.charles-de-flahaut.fr\/wordpress\/wp-json\/wp\/v2\/types\/post"}],"author":[{"embeddable":true,"href":"https:\/\/www.charles-de-flahaut.fr\/wordpress\/wp-json\/wp\/v2\/users\/117"}],"replies":[{"embeddable":true,"href":"https:\/\/www.charles-de-flahaut.fr\/wordpress\/wp-json\/wp\/v2\/comments?post=35688"}],"version-history":[{"count":3,"href":"https:\/\/www.charles-de-flahaut.fr\/wordpress\/wp-json\/wp\/v2\/posts\/35688\/revisions"}],"predecessor-version":[{"id":49270,"href":"https:\/\/www.charles-de-flahaut.fr\/wordpress\/wp-json\/wp\/v2\/posts\/35688\/revisions\/49270"}],"wp:attachment":[{"href":"https:\/\/www.charles-de-flahaut.fr\/wordpress\/wp-json\/wp\/v2\/media?parent=35688"}],"wp:term":[{"taxonomy":"category","embeddable":true,"href":"https:\/\/www.charles-de-flahaut.fr\/wordpress\/wp-json\/wp\/v2\/categories?post=35688"},{"taxonomy":"post_tag","embeddable":true,"href":"https:\/\/www.charles-de-flahaut.fr\/wordpress\/wp-json\/wp\/v2\/tags?post=35688"}],"curies":[{"name":"wp","href":"https:\/\/api.w.org\/{rel}","templated":true}]}}