{"id":355,"date":"2012-12-02T14:47:01","date_gmt":"2012-12-02T13:47:01","guid":{"rendered":"http:\/\/www.charles-de-flahaut.fr\/wordpress\/?p=355"},"modified":"2024-01-12T09:59:23","modified_gmt":"2024-01-12T08:59:23","slug":"la-route-napoleon-epique-epoque","status":"publish","type":"post","link":"https:\/\/www.charles-de-flahaut.fr\/wordpress\/la-route-napoleon-epique-epoque\/","title":{"rendered":"La Route Napol\u00e9on &#8211; Epique \u00e9poque"},"content":{"rendered":"<p>Un nouveau site r\u00e9f\u00e9renc\u00e9 sur <a href=\"http:\/\/www.jpflahaut.fr\" target=\"_blank\" rel=\"noopener\">Annuaire Histoire<\/a> :<\/p>\n<p><strong>La Route Napol\u00e9on &#8211; Epique \u00e9poque<\/strong><br \/>\n<a href=\"http:\/\/www.laroutenapoleon.com\/\" target=\"_blank\" rel=\"noopener\">http:\/\/www.laroutenapoleon.com\/<\/a><\/p>\n<p style=\"text-align: justify;\"><a href=\"http:\/\/www.charles-de-flahaut.fr\/wordpress\/wp-content\/uploads\/2012\/12\/RN_Vign_rn_000000_ws10879747.jpg\"><img loading=\"lazy\" decoding=\"async\" class=\"alignleft size-full wp-image-357\" title=\"RN_Vign_rn_000000_ws10879747\" src=\"http:\/\/www.charles-de-flahaut.fr\/wordpress\/wp-content\/uploads\/2012\/12\/RN_Vign_rn_000000_ws10879747.jpg\" alt=\"\" width=\"265\" height=\"185\" \/><\/a>Evidemment, Napol\u00e9on n&rsquo;a jamais pris la Route Napol\u00e9on, puisque la route n&rsquo;existait pas lorsqu&rsquo;il a d\u00e9barqu\u00e9 \u00e0 Vallauris, dans le Golfe-Juan, le 1er mars 1815. C&rsquo;est la Nationale 85 qui a pris le nom de l&rsquo;Empereur pour devenir la premi\u00e8re route touristique \u00e0 caract\u00e8re historique.<br \/>\nSur l&rsquo;initiative du Touring-Club de France, en 1909, voit le jour la Grande Route des Alpes. La RN 85, \u00e0 l&rsquo;instigation des syndicats d&rsquo;initiative locaux en 1932 est baptis\u00e9e Route Napol\u00e9on pour faire pendant \u00e0 cette Grande Route des Alpes, ferm\u00e9e l&rsquo;hiver.<br \/>\nLa Route Napol\u00e9on est donc la route\u00a0qui va de la C\u00f4te d&rsquo;Azur au coeur des Alpes, praticable toute l&rsquo;ann\u00e9e.<\/p>\n<p style=\"text-align: justify;\"><a href=\"http:\/\/www.charles-de-flahaut.fr\/wordpress\/wp-content\/uploads\/2012\/12\/RN_Vign_rn_50_corps_2_soldats_ws10901512.jpg\"><img loading=\"lazy\" decoding=\"async\" class=\"alignright size-medium wp-image-358\" title=\"RN_Vign_rn_50_corps_2_soldats_ws10901512\" src=\"http:\/\/www.charles-de-flahaut.fr\/wordpress\/wp-content\/uploads\/2012\/12\/RN_Vign_rn_50_corps_2_soldats_ws10901512-212x300.jpg\" alt=\"\" width=\"212\" height=\"300\" srcset=\"https:\/\/www.charles-de-flahaut.fr\/wordpress\/wp-content\/uploads\/2012\/12\/RN_Vign_rn_50_corps_2_soldats_ws10901512-212x300.jpg 212w, https:\/\/www.charles-de-flahaut.fr\/wordpress\/wp-content\/uploads\/2012\/12\/RN_Vign_rn_50_corps_2_soldats_ws10901512.jpg 264w\" sizes=\"auto, (max-width: 212px) 100vw, 212px\" \/><\/a>C&rsquo;est \u00e0 l&rsquo;abb\u00e9 Jules Chaperon, cur\u00e9 de la Martre que l&rsquo;on doit la paternit\u00e9 de cette appellation. En 1913, membre du syndicat d&rsquo;initiative d&rsquo;Artuby, il demande aux pouvoirs publics de \u00ab d\u00e9cerner \u00e0 la Route Nationale 85, le titre exceptionnel de Voie Napol\u00e9on comme sous les Romains, il y avait une voie Aur\u00e9lienne \u00bb, mais la guerre 14-18, retarde le projet.<\/p>\n<p style=\"text-align: justify;\">La volont\u00e9 de l&rsquo;\u00e9tat de d\u00e9classer la Route Napol\u00e9on, connue comme telle depuis le 1er juillet 1932, fait se mobiliser de nombreux \u00e9lus locaux qui fondent l&rsquo;Action Nationale des Elus pour la Route Napol\u00e9on : l&rsquo;A.N.E.R.N. Cr\u00e9\u00e9e le 4 f\u00e9vrier 1969 \u00e0 l&rsquo;initiative du pr\u00e9fet Jacques Biget, maire de St Vallier de Thiey et de M. Bellon maire de St Auban, conseiller g\u00e9n\u00e9ral.<br \/>\nL&rsquo;A.N.E.R.N. regroupe 42 communes situ\u00e9es sur la RN 85 qui d\u00e9ssert 5 d\u00e9partements et 2 r\u00e9gions : Provence, Alpes-C\u00f4te d&rsquo;Azur et Rh\u00f4ne-Alpes.<br \/>\nLe premier combat de l&rsquo;association est de s&rsquo;opposer au d\u00e9classement de la partie basse de la Route Napol\u00e9on, c&rsquo;est \u00e0 dire de l&rsquo;\u00f4ter du r\u00e9seau national au profit du r\u00e9seau d\u00e9partemental comme en avait d\u00e9cid\u00e9 l&rsquo;\u00e9tat. Ce d\u00e9classement aurait bris\u00e9 l&rsquo;unit\u00e9 administrative de la route et aurait \u00e9t\u00e9 dramatique pour le reste de la RN 85. Sa mission demeure de faire valoir le caract\u00e8re essentiel et national au sens de l&rsquo;am\u00e9nagement du territoire de ce parcours emprunt\u00e9 par Napol\u00e9on et d\u00e9sormais d\u00e9di\u00e9 au tourisme.<br \/>\n<a href=\"http:\/\/www.charles-de-flahaut.fr\/wordpress\/wp-content\/uploads\/2012\/12\/RN_Vign_rn_59_lac_et_statue_ws10902996.jpg\"><img loading=\"lazy\" decoding=\"async\" class=\"alignleft size-medium wp-image-359\" title=\"RN_Vign_rn_59_lac_et_statue_ws10902996\" src=\"http:\/\/www.charles-de-flahaut.fr\/wordpress\/wp-content\/uploads\/2012\/12\/RN_Vign_rn_59_lac_et_statue_ws10902996-300x195.jpg\" alt=\"\" width=\"300\" height=\"195\" srcset=\"https:\/\/www.charles-de-flahaut.fr\/wordpress\/wp-content\/uploads\/2012\/12\/RN_Vign_rn_59_lac_et_statue_ws10902996-300x195.jpg 300w, https:\/\/www.charles-de-flahaut.fr\/wordpress\/wp-content\/uploads\/2012\/12\/RN_Vign_rn_59_lac_et_statue_ws10902996.jpg 306w\" sizes=\"auto, (max-width: 300px) 100vw, 300px\" \/><\/a>Pendant trente ans, l&rsquo;A.N.E.R.N. s&rsquo;est consacr\u00e9 \u00e0 l&rsquo;am\u00e9lioration constante du r\u00e9seau routier et \u00e0 l&rsquo;organisation d&rsquo;une signalisation tant directionnelle qu&rsquo;informative dont le fleuron a \u00e9t\u00e9 d\u00e8s 1986 le premier Relais Information Service : le R.I.S.<br \/>\nIl y a actuellement 13 R.I.S. en place tout au long du trac\u00e9. Avec le logo de \u00ab L&rsquo;Aigle \u00bb \u00e0 l&rsquo;entr\u00e9e de chaque commune, ces R.I.S. vous aideront dans votre progression.<\/p>\n<p style=\"text-align: justify;\">Si elle ne suit pas exactement les chemins de l&rsquo;\u00e9poque dont beaucoup ont d&rsquo;ailleurs disparu, la Route Napol\u00e9on donne une bonne id\u00e9e du p\u00e9riple effectu\u00e9 en 1815 par l&rsquo;Empereur allant de Vallauris \u00e0 Grenoble, par Grasse, Digne, Sisteron, Gap, et Corps. Ce qui totalise plus de 300 kilom\u00e8tres, \u00e0 pied le plus souvent, en une semaine. Un exploit &#8230;<br \/>\n<a href=\"http:\/\/www.charles-de-flahaut.fr\/wordpress\/wp-content\/uploads\/2012\/12\/RN_Vign_rn_69_montorge_ws10907464.jpg\"><img loading=\"lazy\" decoding=\"async\" class=\"alignright size-medium wp-image-360\" title=\"RN_Vign_rn_69_montorge_ws10907464\" src=\"http:\/\/www.charles-de-flahaut.fr\/wordpress\/wp-content\/uploads\/2012\/12\/RN_Vign_rn_69_montorge_ws10907464-300x262.jpg\" alt=\"\" width=\"300\" height=\"262\" srcset=\"https:\/\/www.charles-de-flahaut.fr\/wordpress\/wp-content\/uploads\/2012\/12\/RN_Vign_rn_69_montorge_ws10907464-300x262.jpg 300w, https:\/\/www.charles-de-flahaut.fr\/wordpress\/wp-content\/uploads\/2012\/12\/RN_Vign_rn_69_montorge_ws10907464.jpg 306w\" sizes=\"auto, (max-width: 300px) 100vw, 300px\" \/><\/a>Le Vol de l&rsquo;Aigle, volant de clocher en clocher, jusqu&rsquo;aux tours de Notre-Dame se poursuivra par Lyon, M\u00e2con, Ch\u00e2lons-sur-sa\u00f4ne, Autun, Auxerre et enfin Paris o\u00f9 Napol\u00e9on retrouve le tr\u00f4ne, que vient d&rsquo;abandonner Louis XVIII, en fuite vers Gand.<br \/>\nCe seront les Cents-Jours, Waterloo, la Seconde Abdication, enfin le d\u00e9part vers Rochefort, puis Plymouth et I&rsquo;\u00eele de Ste H\u00e9l\u00e8ne&#8230;<\/p>\n<p style=\"text-align: justify;\"><em>(texte et photos de Jacques L&rsquo;AZOU)<\/em><\/p>\n<p><a href=\"http:\/\/www.laroutenapoleon.com\/\" target=\"_blank\" rel=\"noopener\">la suite sur le site de la Route Napol\u00e9on<\/a><\/p>\n<p>&nbsp;<\/p>\n<p><a href=\"https:\/\/amzn.to\/3NZuvVv\" target=\"_blank\" rel=\"noopener\"><strong>Ouvrages sur la Route Napol\u00e9on<\/strong><\/a><\/p>\n","protected":false},"excerpt":{"rendered":"<p>Un nouveau site r\u00e9f\u00e9renc\u00e9 sur Annuaire Histoire : La Route Napol\u00e9on &#8211; Epique \u00e9poque http:\/\/www.laroutenapoleon.com\/ Evidemment, Napol\u00e9on n&rsquo;a jamais pris la Route Napol\u00e9on, puisque la route n&rsquo;existait pas lorsqu&rsquo;il a d\u00e9barqu\u00e9 \u00e0 Vallauris, dans le Golfe-Juan, le 1er mars 1815. C&rsquo;est la Nationale 85 qui a pris le nom de l&rsquo;Empereur pour devenir la premi\u00e8re &hellip; <\/p>\n<p><a class=\"more-link btn\" href=\"https:\/\/www.charles-de-flahaut.fr\/wordpress\/la-route-napoleon-epique-epoque\/\">Lire la suite<\/a><\/p>\n","protected":false},"author":1,"featured_media":0,"comment_status":"open","ping_status":"open","sticky":false,"template":"","format":"standard","meta":{"footnotes":""},"categories":[16,8,20,7],"tags":[],"class_list":["post-355","post","type-post","status-publish","format-standard","hentry","category-histoire-regionale","category-patrimoine","category-periodes-historiques","category-reconstitution-historique","item-wrap"],"yoast_head":"<!-- This site is optimized with the Yoast SEO plugin v27.4 - https:\/\/yoast.com\/product\/yoast-seo-wordpress\/ -->\n<title>La Route Napol\u00e9on - Epique \u00e9poque - Histoire de France - Communiqu\u00e9s<\/title>\n<meta name=\"description\" content=\"Evidemment, Napol\u00e9on n&#039;a jamais pris la Route Napol\u00e9on, puisque la route n&#039;existait pas lorsqu&#039;il a d\u00e9barqu\u00e9 \u00e0 Vallauris,\" \/>\n<meta name=\"robots\" content=\"index, follow, max-snippet:-1, max-image-preview:large, max-video-preview:-1\" \/>\n<link rel=\"canonical\" href=\"https:\/\/www.charles-de-flahaut.fr\/wordpress\/la-route-napoleon-epique-epoque\/\" \/>\n<meta property=\"og:locale\" content=\"fr_FR\" \/>\n<meta property=\"og:type\" content=\"article\" \/>\n<meta property=\"og:title\" content=\"La Route Napol\u00e9on - Epique \u00e9poque - Histoire de France - Communiqu\u00e9s\" \/>\n<meta property=\"og:description\" content=\"Evidemment, Napol\u00e9on n&#039;a jamais pris la Route Napol\u00e9on, puisque la route n&#039;existait pas lorsqu&#039;il a d\u00e9barqu\u00e9 \u00e0 Vallauris,\" \/>\n<meta property=\"og:url\" content=\"https:\/\/www.charles-de-flahaut.fr\/wordpress\/la-route-napoleon-epique-epoque\/\" \/>\n<meta property=\"og:site_name\" content=\"Histoire de France - Communiqu\u00e9s\" \/>\n<meta property=\"article:publisher\" content=\"https:\/\/www.facebook.com\/Sites.HistoiredeFrance\" \/>\n<meta property=\"article:author\" content=\"https:\/\/www.facebook.com\/Sites.HistoiredeFrance\" \/>\n<meta property=\"article:published_time\" content=\"2012-12-02T13:47:01+00:00\" \/>\n<meta property=\"article:modified_time\" content=\"2024-01-12T08:59:23+00:00\" \/>\n<meta property=\"og:image\" content=\"http:\/\/www.charles-de-flahaut.fr\/wordpress\/wp-content\/uploads\/2012\/12\/RN_Vign_rn_000000_ws10879747.jpg\" \/>\n<meta name=\"author\" content=\"administrateur\" \/>\n<meta name=\"twitter:card\" content=\"summary_large_image\" \/>\n<meta name=\"twitter:label1\" content=\"\u00c9crit par\" \/>\n\t<meta name=\"twitter:data1\" content=\"administrateur\" \/>\n\t<meta name=\"twitter:label2\" content=\"Dur\u00e9e de lecture estim\u00e9e\" \/>\n\t<meta name=\"twitter:data2\" content=\"4 minutes\" \/>\n<script type=\"application\/ld+json\" class=\"yoast-schema-graph\">{\"@context\":\"https:\\\/\\\/schema.org\",\"@graph\":[{\"@type\":\"Article\",\"@id\":\"https:\\\/\\\/www.charles-de-flahaut.fr\\\/wordpress\\\/la-route-napoleon-epique-epoque\\\/#article\",\"isPartOf\":{\"@id\":\"https:\\\/\\\/www.charles-de-flahaut.fr\\\/wordpress\\\/la-route-napoleon-epique-epoque\\\/\"},\"author\":{\"name\":\"administrateur\",\"@id\":\"https:\\\/\\\/www.charles-de-flahaut.fr\\\/wordpress\\\/#\\\/schema\\\/person\\\/81011c8b61bc74c05499365a506d49a9\"},\"headline\":\"La Route Napol\u00e9on &#8211; Epique \u00e9poque\",\"datePublished\":\"2012-12-02T13:47:01+00:00\",\"dateModified\":\"2024-01-12T08:59:23+00:00\",\"mainEntityOfPage\":{\"@id\":\"https:\\\/\\\/www.charles-de-flahaut.fr\\\/wordpress\\\/la-route-napoleon-epique-epoque\\\/\"},\"wordCount\":650,\"commentCount\":0,\"publisher\":{\"@id\":\"https:\\\/\\\/www.charles-de-flahaut.fr\\\/wordpress\\\/#\\\/schema\\\/person\\\/81011c8b61bc74c05499365a506d49a9\"},\"image\":{\"@id\":\"https:\\\/\\\/www.charles-de-flahaut.fr\\\/wordpress\\\/la-route-napoleon-epique-epoque\\\/#primaryimage\"},\"thumbnailUrl\":\"http:\\\/\\\/www.charles-de-flahaut.fr\\\/wordpress\\\/wp-content\\\/uploads\\\/2012\\\/12\\\/RN_Vign_rn_000000_ws10879747.jpg\",\"articleSection\":[\"histoire locale\",\"patrimoine\",\"p\u00e9riodes historiques\",\"reconstitution\"],\"inLanguage\":\"fr-FR\",\"potentialAction\":[{\"@type\":\"CommentAction\",\"name\":\"Comment\",\"target\":[\"https:\\\/\\\/www.charles-de-flahaut.fr\\\/wordpress\\\/la-route-napoleon-epique-epoque\\\/#respond\"]}]},{\"@type\":\"WebPage\",\"@id\":\"https:\\\/\\\/www.charles-de-flahaut.fr\\\/wordpress\\\/la-route-napoleon-epique-epoque\\\/\",\"url\":\"https:\\\/\\\/www.charles-de-flahaut.fr\\\/wordpress\\\/la-route-napoleon-epique-epoque\\\/\",\"name\":\"La Route Napol\u00e9on - Epique \u00e9poque - Histoire de France - Communiqu\u00e9s\",\"isPartOf\":{\"@id\":\"https:\\\/\\\/www.charles-de-flahaut.fr\\\/wordpress\\\/#website\"},\"primaryImageOfPage\":{\"@id\":\"https:\\\/\\\/www.charles-de-flahaut.fr\\\/wordpress\\\/la-route-napoleon-epique-epoque\\\/#primaryimage\"},\"image\":{\"@id\":\"https:\\\/\\\/www.charles-de-flahaut.fr\\\/wordpress\\\/la-route-napoleon-epique-epoque\\\/#primaryimage\"},\"thumbnailUrl\":\"http:\\\/\\\/www.charles-de-flahaut.fr\\\/wordpress\\\/wp-content\\\/uploads\\\/2012\\\/12\\\/RN_Vign_rn_000000_ws10879747.jpg\",\"datePublished\":\"2012-12-02T13:47:01+00:00\",\"dateModified\":\"2024-01-12T08:59:23+00:00\",\"description\":\"Evidemment, Napol\u00e9on n'a jamais pris la Route Napol\u00e9on, puisque la route n'existait pas lorsqu'il a d\u00e9barqu\u00e9 \u00e0 Vallauris,\",\"breadcrumb\":{\"@id\":\"https:\\\/\\\/www.charles-de-flahaut.fr\\\/wordpress\\\/la-route-napoleon-epique-epoque\\\/#breadcrumb\"},\"inLanguage\":\"fr-FR\",\"potentialAction\":[{\"@type\":\"ReadAction\",\"target\":[\"https:\\\/\\\/www.charles-de-flahaut.fr\\\/wordpress\\\/la-route-napoleon-epique-epoque\\\/\"]}]},{\"@type\":\"ImageObject\",\"inLanguage\":\"fr-FR\",\"@id\":\"https:\\\/\\\/www.charles-de-flahaut.fr\\\/wordpress\\\/la-route-napoleon-epique-epoque\\\/#primaryimage\",\"url\":\"http:\\\/\\\/www.charles-de-flahaut.fr\\\/wordpress\\\/wp-content\\\/uploads\\\/2012\\\/12\\\/RN_Vign_rn_000000_ws10879747.jpg\",\"contentUrl\":\"http:\\\/\\\/www.charles-de-flahaut.fr\\\/wordpress\\\/wp-content\\\/uploads\\\/2012\\\/12\\\/RN_Vign_rn_000000_ws10879747.jpg\"},{\"@type\":\"BreadcrumbList\",\"@id\":\"https:\\\/\\\/www.charles-de-flahaut.fr\\\/wordpress\\\/la-route-napoleon-epique-epoque\\\/#breadcrumb\",\"itemListElement\":[{\"@type\":\"ListItem\",\"position\":1,\"name\":\"Accueil\",\"item\":\"https:\\\/\\\/www.charles-de-flahaut.fr\\\/wordpress\\\/\"},{\"@type\":\"ListItem\",\"position\":2,\"name\":\"La Route Napol\u00e9on &#8211; Epique \u00e9poque\"}]},{\"@type\":\"WebSite\",\"@id\":\"https:\\\/\\\/www.charles-de-flahaut.fr\\\/wordpress\\\/#website\",\"url\":\"https:\\\/\\\/www.charles-de-flahaut.fr\\\/wordpress\\\/\",\"name\":\"Histoire de France - Communiqu\u00e9s\",\"description\":\"Histoire et patrimoine\",\"publisher\":{\"@id\":\"https:\\\/\\\/www.charles-de-flahaut.fr\\\/wordpress\\\/#\\\/schema\\\/person\\\/81011c8b61bc74c05499365a506d49a9\"},\"potentialAction\":[{\"@type\":\"SearchAction\",\"target\":{\"@type\":\"EntryPoint\",\"urlTemplate\":\"https:\\\/\\\/www.charles-de-flahaut.fr\\\/wordpress\\\/?s={search_term_string}\"},\"query-input\":{\"@type\":\"PropertyValueSpecification\",\"valueRequired\":true,\"valueName\":\"search_term_string\"}}],\"inLanguage\":\"fr-FR\"},{\"@type\":[\"Person\",\"Organization\"],\"@id\":\"https:\\\/\\\/www.charles-de-flahaut.fr\\\/wordpress\\\/#\\\/schema\\\/person\\\/81011c8b61bc74c05499365a506d49a9\",\"name\":\"administrateur\",\"logo\":{\"@id\":\"https:\\\/\\\/www.charles-de-flahaut.fr\\\/wordpress\\\/#\\\/schema\\\/person\\\/image\\\/\"},\"sameAs\":[\"http:\\\/\\\/www.charles-de-flahaut.fr\",\"https:\\\/\\\/www.facebook.com\\\/Sites.HistoiredeFrance\"],\"url\":\"https:\\\/\\\/www.charles-de-flahaut.fr\\\/wordpress\\\/author\\\/admin\\\/\"}]}<\/script>\n<!-- \/ Yoast SEO plugin. -->","yoast_head_json":{"title":"La Route Napol\u00e9on - Epique \u00e9poque - Histoire de France - Communiqu\u00e9s","description":"Evidemment, Napol\u00e9on n'a jamais pris la Route Napol\u00e9on, puisque la route n'existait pas lorsqu'il a d\u00e9barqu\u00e9 \u00e0 Vallauris,","robots":{"index":"index","follow":"follow","max-snippet":"max-snippet:-1","max-image-preview":"max-image-preview:large","max-video-preview":"max-video-preview:-1"},"canonical":"https:\/\/www.charles-de-flahaut.fr\/wordpress\/la-route-napoleon-epique-epoque\/","og_locale":"fr_FR","og_type":"article","og_title":"La Route Napol\u00e9on - Epique \u00e9poque - Histoire de France - Communiqu\u00e9s","og_description":"Evidemment, Napol\u00e9on n'a jamais pris la Route Napol\u00e9on, puisque la route n'existait pas lorsqu'il a d\u00e9barqu\u00e9 \u00e0 Vallauris,","og_url":"https:\/\/www.charles-de-flahaut.fr\/wordpress\/la-route-napoleon-epique-epoque\/","og_site_name":"Histoire de France - Communiqu\u00e9s","article_publisher":"https:\/\/www.facebook.com\/Sites.HistoiredeFrance","article_author":"https:\/\/www.facebook.com\/Sites.HistoiredeFrance","article_published_time":"2012-12-02T13:47:01+00:00","article_modified_time":"2024-01-12T08:59:23+00:00","og_image":[{"url":"http:\/\/www.charles-de-flahaut.fr\/wordpress\/wp-content\/uploads\/2012\/12\/RN_Vign_rn_000000_ws10879747.jpg","type":"","width":"","height":""}],"author":"administrateur","twitter_card":"summary_large_image","twitter_misc":{"\u00c9crit par":"administrateur","Dur\u00e9e de lecture estim\u00e9e":"4 minutes"},"schema":{"@context":"https:\/\/schema.org","@graph":[{"@type":"Article","@id":"https:\/\/www.charles-de-flahaut.fr\/wordpress\/la-route-napoleon-epique-epoque\/#article","isPartOf":{"@id":"https:\/\/www.charles-de-flahaut.fr\/wordpress\/la-route-napoleon-epique-epoque\/"},"author":{"name":"administrateur","@id":"https:\/\/www.charles-de-flahaut.fr\/wordpress\/#\/schema\/person\/81011c8b61bc74c05499365a506d49a9"},"headline":"La Route Napol\u00e9on &#8211; Epique \u00e9poque","datePublished":"2012-12-02T13:47:01+00:00","dateModified":"2024-01-12T08:59:23+00:00","mainEntityOfPage":{"@id":"https:\/\/www.charles-de-flahaut.fr\/wordpress\/la-route-napoleon-epique-epoque\/"},"wordCount":650,"commentCount":0,"publisher":{"@id":"https:\/\/www.charles-de-flahaut.fr\/wordpress\/#\/schema\/person\/81011c8b61bc74c05499365a506d49a9"},"image":{"@id":"https:\/\/www.charles-de-flahaut.fr\/wordpress\/la-route-napoleon-epique-epoque\/#primaryimage"},"thumbnailUrl":"http:\/\/www.charles-de-flahaut.fr\/wordpress\/wp-content\/uploads\/2012\/12\/RN_Vign_rn_000000_ws10879747.jpg","articleSection":["histoire locale","patrimoine","p\u00e9riodes historiques","reconstitution"],"inLanguage":"fr-FR","potentialAction":[{"@type":"CommentAction","name":"Comment","target":["https:\/\/www.charles-de-flahaut.fr\/wordpress\/la-route-napoleon-epique-epoque\/#respond"]}]},{"@type":"WebPage","@id":"https:\/\/www.charles-de-flahaut.fr\/wordpress\/la-route-napoleon-epique-epoque\/","url":"https:\/\/www.charles-de-flahaut.fr\/wordpress\/la-route-napoleon-epique-epoque\/","name":"La Route Napol\u00e9on - Epique \u00e9poque - Histoire de France - Communiqu\u00e9s","isPartOf":{"@id":"https:\/\/www.charles-de-flahaut.fr\/wordpress\/#website"},"primaryImageOfPage":{"@id":"https:\/\/www.charles-de-flahaut.fr\/wordpress\/la-route-napoleon-epique-epoque\/#primaryimage"},"image":{"@id":"https:\/\/www.charles-de-flahaut.fr\/wordpress\/la-route-napoleon-epique-epoque\/#primaryimage"},"thumbnailUrl":"http:\/\/www.charles-de-flahaut.fr\/wordpress\/wp-content\/uploads\/2012\/12\/RN_Vign_rn_000000_ws10879747.jpg","datePublished":"2012-12-02T13:47:01+00:00","dateModified":"2024-01-12T08:59:23+00:00","description":"Evidemment, Napol\u00e9on n'a jamais pris la Route Napol\u00e9on, puisque la route n'existait pas lorsqu'il a d\u00e9barqu\u00e9 \u00e0 Vallauris,","breadcrumb":{"@id":"https:\/\/www.charles-de-flahaut.fr\/wordpress\/la-route-napoleon-epique-epoque\/#breadcrumb"},"inLanguage":"fr-FR","potentialAction":[{"@type":"ReadAction","target":["https:\/\/www.charles-de-flahaut.fr\/wordpress\/la-route-napoleon-epique-epoque\/"]}]},{"@type":"ImageObject","inLanguage":"fr-FR","@id":"https:\/\/www.charles-de-flahaut.fr\/wordpress\/la-route-napoleon-epique-epoque\/#primaryimage","url":"http:\/\/www.charles-de-flahaut.fr\/wordpress\/wp-content\/uploads\/2012\/12\/RN_Vign_rn_000000_ws10879747.jpg","contentUrl":"http:\/\/www.charles-de-flahaut.fr\/wordpress\/wp-content\/uploads\/2012\/12\/RN_Vign_rn_000000_ws10879747.jpg"},{"@type":"BreadcrumbList","@id":"https:\/\/www.charles-de-flahaut.fr\/wordpress\/la-route-napoleon-epique-epoque\/#breadcrumb","itemListElement":[{"@type":"ListItem","position":1,"name":"Accueil","item":"https:\/\/www.charles-de-flahaut.fr\/wordpress\/"},{"@type":"ListItem","position":2,"name":"La Route Napol\u00e9on &#8211; Epique \u00e9poque"}]},{"@type":"WebSite","@id":"https:\/\/www.charles-de-flahaut.fr\/wordpress\/#website","url":"https:\/\/www.charles-de-flahaut.fr\/wordpress\/","name":"Histoire de France - Communiqu\u00e9s","description":"Histoire et patrimoine","publisher":{"@id":"https:\/\/www.charles-de-flahaut.fr\/wordpress\/#\/schema\/person\/81011c8b61bc74c05499365a506d49a9"},"potentialAction":[{"@type":"SearchAction","target":{"@type":"EntryPoint","urlTemplate":"https:\/\/www.charles-de-flahaut.fr\/wordpress\/?s={search_term_string}"},"query-input":{"@type":"PropertyValueSpecification","valueRequired":true,"valueName":"search_term_string"}}],"inLanguage":"fr-FR"},{"@type":["Person","Organization"],"@id":"https:\/\/www.charles-de-flahaut.fr\/wordpress\/#\/schema\/person\/81011c8b61bc74c05499365a506d49a9","name":"administrateur","logo":{"@id":"https:\/\/www.charles-de-flahaut.fr\/wordpress\/#\/schema\/person\/image\/"},"sameAs":["http:\/\/www.charles-de-flahaut.fr","https:\/\/www.facebook.com\/Sites.HistoiredeFrance"],"url":"https:\/\/www.charles-de-flahaut.fr\/wordpress\/author\/admin\/"}]}},"views":1263,"amp_enabled":true,"_links":{"self":[{"href":"https:\/\/www.charles-de-flahaut.fr\/wordpress\/wp-json\/wp\/v2\/posts\/355","targetHints":{"allow":["GET"]}}],"collection":[{"href":"https:\/\/www.charles-de-flahaut.fr\/wordpress\/wp-json\/wp\/v2\/posts"}],"about":[{"href":"https:\/\/www.charles-de-flahaut.fr\/wordpress\/wp-json\/wp\/v2\/types\/post"}],"author":[{"embeddable":true,"href":"https:\/\/www.charles-de-flahaut.fr\/wordpress\/wp-json\/wp\/v2\/users\/1"}],"replies":[{"embeddable":true,"href":"https:\/\/www.charles-de-flahaut.fr\/wordpress\/wp-json\/wp\/v2\/comments?post=355"}],"version-history":[{"count":14,"href":"https:\/\/www.charles-de-flahaut.fr\/wordpress\/wp-json\/wp\/v2\/posts\/355\/revisions"}],"predecessor-version":[{"id":94392,"href":"https:\/\/www.charles-de-flahaut.fr\/wordpress\/wp-json\/wp\/v2\/posts\/355\/revisions\/94392"}],"wp:attachment":[{"href":"https:\/\/www.charles-de-flahaut.fr\/wordpress\/wp-json\/wp\/v2\/media?parent=355"}],"wp:term":[{"taxonomy":"category","embeddable":true,"href":"https:\/\/www.charles-de-flahaut.fr\/wordpress\/wp-json\/wp\/v2\/categories?post=355"},{"taxonomy":"post_tag","embeddable":true,"href":"https:\/\/www.charles-de-flahaut.fr\/wordpress\/wp-json\/wp\/v2\/tags?post=355"}],"curies":[{"name":"wp","href":"https:\/\/api.w.org\/{rel}","templated":true}]}}