{"id":2978,"date":"2013-09-06T14:40:24","date_gmt":"2013-09-06T13:40:24","guid":{"rendered":"http:\/\/www.charles-de-flahaut.fr\/wordpress\/?p=2978"},"modified":"2024-01-30T17:48:11","modified_gmt":"2024-01-30T16:48:11","slug":"historique-daouste-sur-sye-drome","status":"publish","type":"post","link":"https:\/\/www.charles-de-flahaut.fr\/wordpress\/historique-daouste-sur-sye-drome\/","title":{"rendered":"Historique d&rsquo;Aouste sur Sye (Dr\u00f4me)"},"content":{"rendered":"<p>Un nouveau site r\u00e9f\u00e9renc\u00e9 sur <a href=\"http:\/\/www.histoire-communes.jpflahaut.fr\" target=\"_blank\" rel=\"noopener\">Annuaire Histoire<\/a> :<\/p>\n<p><strong>Historique d&rsquo;Aouste sur Sye (Dr\u00f4me)<\/strong><br \/>\n<a href=\"http:\/\/www.mairie-aouste-sur-sye.fr\/fr\/information\/56897\/histoire-patrimoine\" target=\"_blank\" rel=\"noopener\">http:\/\/www.mairie-aouste-sur-sye.fr\/fr\/information\/56897\/histoire-patrimoine<\/a><\/p>\n<p><a href=\"http:\/\/www.charles-de-flahaut.fr\/wordpress\/wp-content\/uploads\/2013\/09\/aoustesursye.jpg\"><img loading=\"lazy\" decoding=\"async\" class=\"aligncenter size-medium wp-image-2979\" title=\"aoustesursye\" src=\"http:\/\/www.charles-de-flahaut.fr\/wordpress\/wp-content\/uploads\/2013\/09\/aoustesursye-300x59.jpg\" alt=\"\" width=\"300\" height=\"59\" srcset=\"https:\/\/www.charles-de-flahaut.fr\/wordpress\/wp-content\/uploads\/2013\/09\/aoustesursye-300x59.jpg 300w, https:\/\/www.charles-de-flahaut.fr\/wordpress\/wp-content\/uploads\/2013\/09\/aoustesursye.jpg 981w\" sizes=\"auto, (max-width: 300px) 100vw, 300px\" \/><\/a><\/p>\n<p>&#8211; 4000 av J.C.\u00a0: 3 foyers n\u00e9olithiques r\u00e9pertori\u00e9s.<strong>\u00a0<\/strong><\/p>\n<p>&#8211; 15 av J.C\u00a0? Etablissement d&rsquo;un \u00ab\u00a0Bourg de Contact\u00a0\u00bb en pays Voconces et d&rsquo;un relai de poste \u00ab\u00a0Mansio Augusta\u00a0\u00bb puis d&rsquo;une cit\u00e9 Gallo Romaine \u00ab\u00a0Augusta vocontiorum\u00a0\u00bb. Cit\u00e9 figurant sur tous les itin\u00e9raires romains dont l<em>\u2019Itin\u00e9raire de Bordeaux \u00e0 J\u00e9rusalem<\/em>\u00a0 en 333 .8 sites arch\u00e9ologiques romains sont\u00a0 r\u00e9pertori\u00e9s sur le POS-PLU.<\/p>\n<p>&#8211; \u00a0472 1ere mention d\u2019Aoste sur une tablette (mus\u00e9e d\u2019Avignon)<\/p>\n<p>&#8211; \u00a0412 Prise d\u2019Augusta par les Wisigoths,<\/p>\n<p>&#8211; \u00a0536\u00a0\u00a0 \/\u00a0\/\u00a0\u00a0\u00a0\u00a0\u00a0\u00a0\u00a0\u00a0\u00a0\u00a0 \/\u00a0\/\u00a0\u00a0\u00a0\u00a0\u00a0\u00a0\u00a0\u00a0\u00a0\u00a0\u00a0\u00a0\u00a0 les Lombards<\/p>\n<p>&#8211; \u00a0729\u00a0 \/ \/\u00a0\u00a0\u00a0\u00a0\u00a0\u00a0\u00a0\u00a0\u00a0\u00a0 \/\u00a0\/\u00a0\u00a0\u00a0\u00a0\u00a0\u00a0\u00a0\u00a0\u00a0\u00a0\u00a0\u00a0\u00a0\u00a0\u00a0 les Sarrazins<\/p>\n<p>&#8211; \u00a0839\u00a0 \/\/\u00a0\u00a0\u00a0\u00a0\u00a0\u00a0\u00a0\u00a0\u00a0\u00a0 \/\u00a0\/\u00a0\u00a0\u00a0\u00a0\u00a0\u00a0\u00a0\u00a0\u00a0\u00a0\u00a0\u00a0\u00a0\u00a0\u00a0 les Normands<\/p>\n<p>&#8211; 924\u00a0 \/\/\u00a0\u00a0\u00a0\u00a0\u00a0\u00a0\u00a0\u00a0\u00a0\u00a0\u00a0 \/\/\u00a0\u00a0\u00a0\u00a0\u00a0\u00a0\u00a0\u00a0\u00a0\u00a0\u00a0\u00a0\u00a0\u00a0\u00a0\u00a0 les Hongrois<\/p>\n<p>&#8211; 924\u00a0: 1<sup>\u00e8re<\/sup> mention d\u2019Aoste sur des documents \u00e9crits &#8230;<\/p>\n<p><em>(photo et extrait du site de la commune &#8230; <a href=\"http:\/\/www.mairie-aouste-sur-sye.fr\/fr\/information\/56897\/histoire-patrimoine\" target=\"_blank\" rel=\"noopener\">lire la suite<\/a>)<\/em><\/p>\n<p><a href=\"https:\/\/amzn.to\/4beQOk9\" target=\"_blank\" rel=\"noopener\"><strong>Ouvrages sur la Dr\u00f4me<\/strong><\/a><\/p>\n","protected":false},"excerpt":{"rendered":"<p>Un nouveau site r\u00e9f\u00e9renc\u00e9 sur Annuaire Histoire : Historique d&rsquo;Aouste sur Sye (Dr\u00f4me) http:\/\/www.mairie-aouste-sur-sye.fr\/fr\/information\/56897\/histoire-patrimoine &#8211; 4000 av J.C.\u00a0: 3 foyers n\u00e9olithiques r\u00e9pertori\u00e9s.\u00a0 &#8211; 15 av J.C\u00a0? Etablissement d&rsquo;un \u00ab\u00a0Bourg de Contact\u00a0\u00bb en pays Voconces et d&rsquo;un relai de poste \u00ab\u00a0Mansio Augusta\u00a0\u00bb puis d&rsquo;une cit\u00e9 Gallo Romaine \u00ab\u00a0Augusta vocontiorum\u00a0\u00bb. Cit\u00e9 figurant sur tous les itin\u00e9raires romains &hellip; <\/p>\n<p><a class=\"more-link btn\" href=\"https:\/\/www.charles-de-flahaut.fr\/wordpress\/historique-daouste-sur-sye-drome\/\">Lire la suite<\/a><\/p>\n","protected":false},"author":1,"featured_media":0,"comment_status":"open","ping_status":"open","sticky":false,"template":"","format":"standard","meta":{"footnotes":""},"categories":[114,16],"tags":[],"class_list":["post-2978","post","type-post","status-publish","format-standard","hentry","category-26-drome","category-histoire-regionale","item-wrap"],"yoast_head":"<!-- This site is optimized with the Yoast SEO plugin v27.4 - https:\/\/yoast.com\/product\/yoast-seo-wordpress\/ -->\n<title>Historique d&#039;Aouste sur Sye (Dr\u00f4me) - Histoire de France - Communiqu\u00e9s<\/title>\n<meta name=\"description\" content=\"5 av J.C\u00a0? Etablissement d&#039;un &quot;Bourg de Contact&quot; en pays Voconces et d&#039;un relai de poste &quot;Mansio Augusta&quot; puis d&#039;une cit\u00e9 Gallo Romaine\" \/>\n<meta name=\"robots\" content=\"index, follow, max-snippet:-1, max-image-preview:large, max-video-preview:-1\" \/>\n<link rel=\"canonical\" href=\"https:\/\/www.charles-de-flahaut.fr\/wordpress\/historique-daouste-sur-sye-drome\/\" \/>\n<meta property=\"og:locale\" content=\"fr_FR\" \/>\n<meta property=\"og:type\" content=\"article\" \/>\n<meta property=\"og:title\" content=\"Historique d&#039;Aouste sur Sye (Dr\u00f4me) - Histoire de France - Communiqu\u00e9s\" \/>\n<meta property=\"og:description\" content=\"5 av J.C\u00a0? Etablissement d&#039;un &quot;Bourg de Contact&quot; en pays Voconces et d&#039;un relai de poste &quot;Mansio Augusta&quot; puis d&#039;une cit\u00e9 Gallo Romaine\" \/>\n<meta property=\"og:url\" content=\"https:\/\/www.charles-de-flahaut.fr\/wordpress\/historique-daouste-sur-sye-drome\/\" \/>\n<meta property=\"og:site_name\" content=\"Histoire de France - Communiqu\u00e9s\" \/>\n<meta property=\"article:publisher\" content=\"https:\/\/www.facebook.com\/Sites.HistoiredeFrance\" \/>\n<meta property=\"article:author\" content=\"https:\/\/www.facebook.com\/Sites.HistoiredeFrance\" \/>\n<meta property=\"article:published_time\" content=\"2013-09-06T13:40:24+00:00\" \/>\n<meta property=\"article:modified_time\" content=\"2024-01-30T16:48:11+00:00\" \/>\n<meta property=\"og:image\" content=\"http:\/\/www.charles-de-flahaut.fr\/wordpress\/wp-content\/uploads\/2013\/09\/aoustesursye-300x59.jpg\" \/>\n<meta name=\"author\" content=\"administrateur\" \/>\n<meta name=\"twitter:card\" content=\"summary_large_image\" \/>\n<meta name=\"twitter:label1\" content=\"\u00c9crit par\" \/>\n\t<meta name=\"twitter:data1\" content=\"administrateur\" \/>\n\t<meta name=\"twitter:label2\" content=\"Dur\u00e9e de lecture estim\u00e9e\" \/>\n\t<meta name=\"twitter:data2\" content=\"1 minute\" \/>\n<script type=\"application\/ld+json\" class=\"yoast-schema-graph\">{\"@context\":\"https:\\\/\\\/schema.org\",\"@graph\":[{\"@type\":\"Article\",\"@id\":\"https:\\\/\\\/www.charles-de-flahaut.fr\\\/wordpress\\\/historique-daouste-sur-sye-drome\\\/#article\",\"isPartOf\":{\"@id\":\"https:\\\/\\\/www.charles-de-flahaut.fr\\\/wordpress\\\/historique-daouste-sur-sye-drome\\\/\"},\"author\":{\"name\":\"administrateur\",\"@id\":\"https:\\\/\\\/www.charles-de-flahaut.fr\\\/wordpress\\\/#\\\/schema\\\/person\\\/81011c8b61bc74c05499365a506d49a9\"},\"headline\":\"Historique d&rsquo;Aouste sur Sye (Dr\u00f4me)\",\"datePublished\":\"2013-09-06T13:40:24+00:00\",\"dateModified\":\"2024-01-30T16:48:11+00:00\",\"mainEntityOfPage\":{\"@id\":\"https:\\\/\\\/www.charles-de-flahaut.fr\\\/wordpress\\\/historique-daouste-sur-sye-drome\\\/\"},\"wordCount\":153,\"commentCount\":0,\"publisher\":{\"@id\":\"https:\\\/\\\/www.charles-de-flahaut.fr\\\/wordpress\\\/#\\\/schema\\\/person\\\/81011c8b61bc74c05499365a506d49a9\"},\"image\":{\"@id\":\"https:\\\/\\\/www.charles-de-flahaut.fr\\\/wordpress\\\/historique-daouste-sur-sye-drome\\\/#primaryimage\"},\"thumbnailUrl\":\"http:\\\/\\\/www.charles-de-flahaut.fr\\\/wordpress\\\/wp-content\\\/uploads\\\/2013\\\/09\\\/aoustesursye-300x59.jpg\",\"articleSection\":[\"26 - Dr\u00f4me\",\"histoire locale\"],\"inLanguage\":\"fr-FR\",\"potentialAction\":[{\"@type\":\"CommentAction\",\"name\":\"Comment\",\"target\":[\"https:\\\/\\\/www.charles-de-flahaut.fr\\\/wordpress\\\/historique-daouste-sur-sye-drome\\\/#respond\"]}]},{\"@type\":\"WebPage\",\"@id\":\"https:\\\/\\\/www.charles-de-flahaut.fr\\\/wordpress\\\/historique-daouste-sur-sye-drome\\\/\",\"url\":\"https:\\\/\\\/www.charles-de-flahaut.fr\\\/wordpress\\\/historique-daouste-sur-sye-drome\\\/\",\"name\":\"Historique d'Aouste sur Sye (Dr\u00f4me) - Histoire de France - Communiqu\u00e9s\",\"isPartOf\":{\"@id\":\"https:\\\/\\\/www.charles-de-flahaut.fr\\\/wordpress\\\/#website\"},\"primaryImageOfPage\":{\"@id\":\"https:\\\/\\\/www.charles-de-flahaut.fr\\\/wordpress\\\/historique-daouste-sur-sye-drome\\\/#primaryimage\"},\"image\":{\"@id\":\"https:\\\/\\\/www.charles-de-flahaut.fr\\\/wordpress\\\/historique-daouste-sur-sye-drome\\\/#primaryimage\"},\"thumbnailUrl\":\"http:\\\/\\\/www.charles-de-flahaut.fr\\\/wordpress\\\/wp-content\\\/uploads\\\/2013\\\/09\\\/aoustesursye-300x59.jpg\",\"datePublished\":\"2013-09-06T13:40:24+00:00\",\"dateModified\":\"2024-01-30T16:48:11+00:00\",\"description\":\"5 av J.C\u00a0? Etablissement d'un \\\"Bourg de Contact\\\" en pays Voconces et d'un relai de poste \\\"Mansio Augusta\\\" puis d'une cit\u00e9 Gallo Romaine\",\"breadcrumb\":{\"@id\":\"https:\\\/\\\/www.charles-de-flahaut.fr\\\/wordpress\\\/historique-daouste-sur-sye-drome\\\/#breadcrumb\"},\"inLanguage\":\"fr-FR\",\"potentialAction\":[{\"@type\":\"ReadAction\",\"target\":[\"https:\\\/\\\/www.charles-de-flahaut.fr\\\/wordpress\\\/historique-daouste-sur-sye-drome\\\/\"]}]},{\"@type\":\"ImageObject\",\"inLanguage\":\"fr-FR\",\"@id\":\"https:\\\/\\\/www.charles-de-flahaut.fr\\\/wordpress\\\/historique-daouste-sur-sye-drome\\\/#primaryimage\",\"url\":\"https:\\\/\\\/www.charles-de-flahaut.fr\\\/wordpress\\\/wp-content\\\/uploads\\\/2013\\\/09\\\/aoustesursye.jpg\",\"contentUrl\":\"https:\\\/\\\/www.charles-de-flahaut.fr\\\/wordpress\\\/wp-content\\\/uploads\\\/2013\\\/09\\\/aoustesursye.jpg\",\"width\":\"981\",\"height\":\"196\"},{\"@type\":\"BreadcrumbList\",\"@id\":\"https:\\\/\\\/www.charles-de-flahaut.fr\\\/wordpress\\\/historique-daouste-sur-sye-drome\\\/#breadcrumb\",\"itemListElement\":[{\"@type\":\"ListItem\",\"position\":1,\"name\":\"Accueil\",\"item\":\"https:\\\/\\\/www.charles-de-flahaut.fr\\\/wordpress\\\/\"},{\"@type\":\"ListItem\",\"position\":2,\"name\":\"Historique d&#8217;Aouste sur Sye (Dr\u00f4me)\"}]},{\"@type\":\"WebSite\",\"@id\":\"https:\\\/\\\/www.charles-de-flahaut.fr\\\/wordpress\\\/#website\",\"url\":\"https:\\\/\\\/www.charles-de-flahaut.fr\\\/wordpress\\\/\",\"name\":\"Histoire de France - Communiqu\u00e9s\",\"description\":\"Histoire et patrimoine\",\"publisher\":{\"@id\":\"https:\\\/\\\/www.charles-de-flahaut.fr\\\/wordpress\\\/#\\\/schema\\\/person\\\/81011c8b61bc74c05499365a506d49a9\"},\"potentialAction\":[{\"@type\":\"SearchAction\",\"target\":{\"@type\":\"EntryPoint\",\"urlTemplate\":\"https:\\\/\\\/www.charles-de-flahaut.fr\\\/wordpress\\\/?s={search_term_string}\"},\"query-input\":{\"@type\":\"PropertyValueSpecification\",\"valueRequired\":true,\"valueName\":\"search_term_string\"}}],\"inLanguage\":\"fr-FR\"},{\"@type\":[\"Person\",\"Organization\"],\"@id\":\"https:\\\/\\\/www.charles-de-flahaut.fr\\\/wordpress\\\/#\\\/schema\\\/person\\\/81011c8b61bc74c05499365a506d49a9\",\"name\":\"administrateur\",\"logo\":{\"@id\":\"https:\\\/\\\/www.charles-de-flahaut.fr\\\/wordpress\\\/#\\\/schema\\\/person\\\/image\\\/\"},\"sameAs\":[\"http:\\\/\\\/www.charles-de-flahaut.fr\",\"https:\\\/\\\/www.facebook.com\\\/Sites.HistoiredeFrance\"],\"url\":\"https:\\\/\\\/www.charles-de-flahaut.fr\\\/wordpress\\\/author\\\/admin\\\/\"}]}<\/script>\n<!-- \/ Yoast SEO plugin. -->","yoast_head_json":{"title":"Historique d'Aouste sur Sye (Dr\u00f4me) - Histoire de France - Communiqu\u00e9s","description":"5 av J.C\u00a0? Etablissement d'un \"Bourg de Contact\" en pays Voconces et d'un relai de poste \"Mansio Augusta\" puis d'une cit\u00e9 Gallo Romaine","robots":{"index":"index","follow":"follow","max-snippet":"max-snippet:-1","max-image-preview":"max-image-preview:large","max-video-preview":"max-video-preview:-1"},"canonical":"https:\/\/www.charles-de-flahaut.fr\/wordpress\/historique-daouste-sur-sye-drome\/","og_locale":"fr_FR","og_type":"article","og_title":"Historique d'Aouste sur Sye (Dr\u00f4me) - Histoire de France - Communiqu\u00e9s","og_description":"5 av J.C\u00a0? Etablissement d'un \"Bourg de Contact\" en pays Voconces et d'un relai de poste \"Mansio Augusta\" puis d'une cit\u00e9 Gallo Romaine","og_url":"https:\/\/www.charles-de-flahaut.fr\/wordpress\/historique-daouste-sur-sye-drome\/","og_site_name":"Histoire de France - Communiqu\u00e9s","article_publisher":"https:\/\/www.facebook.com\/Sites.HistoiredeFrance","article_author":"https:\/\/www.facebook.com\/Sites.HistoiredeFrance","article_published_time":"2013-09-06T13:40:24+00:00","article_modified_time":"2024-01-30T16:48:11+00:00","og_image":[{"url":"http:\/\/www.charles-de-flahaut.fr\/wordpress\/wp-content\/uploads\/2013\/09\/aoustesursye-300x59.jpg","type":"","width":"","height":""}],"author":"administrateur","twitter_card":"summary_large_image","twitter_misc":{"\u00c9crit par":"administrateur","Dur\u00e9e de lecture estim\u00e9e":"1 minute"},"schema":{"@context":"https:\/\/schema.org","@graph":[{"@type":"Article","@id":"https:\/\/www.charles-de-flahaut.fr\/wordpress\/historique-daouste-sur-sye-drome\/#article","isPartOf":{"@id":"https:\/\/www.charles-de-flahaut.fr\/wordpress\/historique-daouste-sur-sye-drome\/"},"author":{"name":"administrateur","@id":"https:\/\/www.charles-de-flahaut.fr\/wordpress\/#\/schema\/person\/81011c8b61bc74c05499365a506d49a9"},"headline":"Historique d&rsquo;Aouste sur Sye (Dr\u00f4me)","datePublished":"2013-09-06T13:40:24+00:00","dateModified":"2024-01-30T16:48:11+00:00","mainEntityOfPage":{"@id":"https:\/\/www.charles-de-flahaut.fr\/wordpress\/historique-daouste-sur-sye-drome\/"},"wordCount":153,"commentCount":0,"publisher":{"@id":"https:\/\/www.charles-de-flahaut.fr\/wordpress\/#\/schema\/person\/81011c8b61bc74c05499365a506d49a9"},"image":{"@id":"https:\/\/www.charles-de-flahaut.fr\/wordpress\/historique-daouste-sur-sye-drome\/#primaryimage"},"thumbnailUrl":"http:\/\/www.charles-de-flahaut.fr\/wordpress\/wp-content\/uploads\/2013\/09\/aoustesursye-300x59.jpg","articleSection":["26 - Dr\u00f4me","histoire locale"],"inLanguage":"fr-FR","potentialAction":[{"@type":"CommentAction","name":"Comment","target":["https:\/\/www.charles-de-flahaut.fr\/wordpress\/historique-daouste-sur-sye-drome\/#respond"]}]},{"@type":"WebPage","@id":"https:\/\/www.charles-de-flahaut.fr\/wordpress\/historique-daouste-sur-sye-drome\/","url":"https:\/\/www.charles-de-flahaut.fr\/wordpress\/historique-daouste-sur-sye-drome\/","name":"Historique d'Aouste sur Sye (Dr\u00f4me) - Histoire de France - Communiqu\u00e9s","isPartOf":{"@id":"https:\/\/www.charles-de-flahaut.fr\/wordpress\/#website"},"primaryImageOfPage":{"@id":"https:\/\/www.charles-de-flahaut.fr\/wordpress\/historique-daouste-sur-sye-drome\/#primaryimage"},"image":{"@id":"https:\/\/www.charles-de-flahaut.fr\/wordpress\/historique-daouste-sur-sye-drome\/#primaryimage"},"thumbnailUrl":"http:\/\/www.charles-de-flahaut.fr\/wordpress\/wp-content\/uploads\/2013\/09\/aoustesursye-300x59.jpg","datePublished":"2013-09-06T13:40:24+00:00","dateModified":"2024-01-30T16:48:11+00:00","description":"5 av J.C\u00a0? Etablissement d'un \"Bourg de Contact\" en pays Voconces et d'un relai de poste \"Mansio Augusta\" puis d'une cit\u00e9 Gallo Romaine","breadcrumb":{"@id":"https:\/\/www.charles-de-flahaut.fr\/wordpress\/historique-daouste-sur-sye-drome\/#breadcrumb"},"inLanguage":"fr-FR","potentialAction":[{"@type":"ReadAction","target":["https:\/\/www.charles-de-flahaut.fr\/wordpress\/historique-daouste-sur-sye-drome\/"]}]},{"@type":"ImageObject","inLanguage":"fr-FR","@id":"https:\/\/www.charles-de-flahaut.fr\/wordpress\/historique-daouste-sur-sye-drome\/#primaryimage","url":"https:\/\/www.charles-de-flahaut.fr\/wordpress\/wp-content\/uploads\/2013\/09\/aoustesursye.jpg","contentUrl":"https:\/\/www.charles-de-flahaut.fr\/wordpress\/wp-content\/uploads\/2013\/09\/aoustesursye.jpg","width":"981","height":"196"},{"@type":"BreadcrumbList","@id":"https:\/\/www.charles-de-flahaut.fr\/wordpress\/historique-daouste-sur-sye-drome\/#breadcrumb","itemListElement":[{"@type":"ListItem","position":1,"name":"Accueil","item":"https:\/\/www.charles-de-flahaut.fr\/wordpress\/"},{"@type":"ListItem","position":2,"name":"Historique d&#8217;Aouste sur Sye (Dr\u00f4me)"}]},{"@type":"WebSite","@id":"https:\/\/www.charles-de-flahaut.fr\/wordpress\/#website","url":"https:\/\/www.charles-de-flahaut.fr\/wordpress\/","name":"Histoire de France - Communiqu\u00e9s","description":"Histoire et patrimoine","publisher":{"@id":"https:\/\/www.charles-de-flahaut.fr\/wordpress\/#\/schema\/person\/81011c8b61bc74c05499365a506d49a9"},"potentialAction":[{"@type":"SearchAction","target":{"@type":"EntryPoint","urlTemplate":"https:\/\/www.charles-de-flahaut.fr\/wordpress\/?s={search_term_string}"},"query-input":{"@type":"PropertyValueSpecification","valueRequired":true,"valueName":"search_term_string"}}],"inLanguage":"fr-FR"},{"@type":["Person","Organization"],"@id":"https:\/\/www.charles-de-flahaut.fr\/wordpress\/#\/schema\/person\/81011c8b61bc74c05499365a506d49a9","name":"administrateur","logo":{"@id":"https:\/\/www.charles-de-flahaut.fr\/wordpress\/#\/schema\/person\/image\/"},"sameAs":["http:\/\/www.charles-de-flahaut.fr","https:\/\/www.facebook.com\/Sites.HistoiredeFrance"],"url":"https:\/\/www.charles-de-flahaut.fr\/wordpress\/author\/admin\/"}]}},"views":425,"amp_enabled":true,"_links":{"self":[{"href":"https:\/\/www.charles-de-flahaut.fr\/wordpress\/wp-json\/wp\/v2\/posts\/2978","targetHints":{"allow":["GET"]}}],"collection":[{"href":"https:\/\/www.charles-de-flahaut.fr\/wordpress\/wp-json\/wp\/v2\/posts"}],"about":[{"href":"https:\/\/www.charles-de-flahaut.fr\/wordpress\/wp-json\/wp\/v2\/types\/post"}],"author":[{"embeddable":true,"href":"https:\/\/www.charles-de-flahaut.fr\/wordpress\/wp-json\/wp\/v2\/users\/1"}],"replies":[{"embeddable":true,"href":"https:\/\/www.charles-de-flahaut.fr\/wordpress\/wp-json\/wp\/v2\/comments?post=2978"}],"version-history":[{"count":7,"href":"https:\/\/www.charles-de-flahaut.fr\/wordpress\/wp-json\/wp\/v2\/posts\/2978\/revisions"}],"predecessor-version":[{"id":95639,"href":"https:\/\/www.charles-de-flahaut.fr\/wordpress\/wp-json\/wp\/v2\/posts\/2978\/revisions\/95639"}],"wp:attachment":[{"href":"https:\/\/www.charles-de-flahaut.fr\/wordpress\/wp-json\/wp\/v2\/media?parent=2978"}],"wp:term":[{"taxonomy":"category","embeddable":true,"href":"https:\/\/www.charles-de-flahaut.fr\/wordpress\/wp-json\/wp\/v2\/categories?post=2978"},{"taxonomy":"post_tag","embeddable":true,"href":"https:\/\/www.charles-de-flahaut.fr\/wordpress\/wp-json\/wp\/v2\/tags?post=2978"}],"curies":[{"name":"wp","href":"https:\/\/api.w.org\/{rel}","templated":true}]}}