{"id":2830,"date":"2013-08-28T08:41:06","date_gmt":"2013-08-28T07:41:06","guid":{"rendered":"http:\/\/www.charles-de-flahaut.fr\/wordpress\/?p=2830"},"modified":"2024-01-27T10:58:08","modified_gmt":"2024-01-27T09:58:08","slug":"histoire-de-mours-saint-eusebe-drome","status":"publish","type":"post","link":"https:\/\/www.charles-de-flahaut.fr\/wordpress\/histoire-de-mours-saint-eusebe-drome\/","title":{"rendered":"Histoire de Mours-Saint-Eus\u00e8be (Dr\u00f4me)"},"content":{"rendered":"<p>Un nouveau site r\u00e9f\u00e9renc\u00e9 sur <a href=\"http:\/\/www.histoire-communes.jpflahaut.fr\" target=\"_blank\" rel=\"noopener\">Annuaire Histoire<\/a> :<\/p>\n<p><strong>Histoire de Mours-Saint-Eus\u00e8be (Dr\u00f4me)<\/strong><br \/>\n<a href=\"http:\/\/www.mourssainteusebe.fr\/histoire_mours.aspx\" target=\"_blank\" rel=\"noopener\">http:\/\/www.mourssainteusebe.fr\/histoire_mours.aspx<\/a><\/p>\n<p style=\"text-align: justify;\"><a href=\"http:\/\/www.charles-de-flahaut.fr\/wordpress\/wp-content\/uploads\/2013\/08\/mours.jpg\"><img loading=\"lazy\" decoding=\"async\" class=\"alignleft size-full wp-image-2831\" title=\"mours\" src=\"http:\/\/www.charles-de-flahaut.fr\/wordpress\/wp-content\/uploads\/2013\/08\/mours.jpg\" alt=\"\" width=\"210\" height=\"141\" \/><\/a>MOURS SAINT EUSEBE dont le nom provient de la m\u00eame racine que celle de MARAIS form\u00e9s sur son territoire par les eaux de la Savasse, est depuis toujours, une terre de passage et d\u2019accueil\u00a0:<strong><br \/>\n<\/strong><\/p>\n<p style=\"text-align: justify;\">Pour m\u00e9moire, l\u2019abri s\u00e9pulcral des Fourneaux date de l\u2019\u00e8re chalcolithique soit 2500 ans avant notre \u00e8re.<br \/>\nPour s\u2019en tenir \u00e0 l\u2019antiquit\u00e9, les Celtes de la tribu des Allobroges occupaient notre terroir\u00a0; ils pratiquaient l\u2019agriculture, la navigation et le commerce&#8230;<\/p>\n<p><em>(photo et extrait du site de la commune &#8230; <a href=\"http:\/\/www.mourssainteusebe.fr\/histoire_mours.aspx\" target=\"_blank\" rel=\"noopener\">lire la suite<\/a>)<\/em><\/p>\n<p><a href=\"https:\/\/amzn.to\/3Udtltt\" target=\"_blank\" rel=\"noopener\"><strong>Ouvrages sur la Dr\u00f4me<\/strong><\/a><\/p>\n","protected":false},"excerpt":{"rendered":"<p>Un nouveau site r\u00e9f\u00e9renc\u00e9 sur Annuaire Histoire : Histoire de Mours-Saint-Eus\u00e8be (Dr\u00f4me) http:\/\/www.mourssainteusebe.fr\/histoire_mours.aspx MOURS SAINT EUSEBE dont le nom provient de la m\u00eame racine que celle de MARAIS form\u00e9s sur son territoire par les eaux de la Savasse, est depuis toujours, une terre de passage et d\u2019accueil\u00a0: Pour m\u00e9moire, l\u2019abri s\u00e9pulcral des Fourneaux date de &hellip; <\/p>\n<p><a class=\"more-link btn\" href=\"https:\/\/www.charles-de-flahaut.fr\/wordpress\/histoire-de-mours-saint-eusebe-drome\/\">Lire la suite<\/a><\/p>\n","protected":false},"author":1,"featured_media":0,"comment_status":"open","ping_status":"open","sticky":false,"template":"","format":"standard","meta":{"footnotes":""},"categories":[114,16,8],"tags":[],"class_list":["post-2830","post","type-post","status-publish","format-standard","hentry","category-26-drome","category-histoire-regionale","category-patrimoine","item-wrap"],"yoast_head":"<!-- This site is optimized with the Yoast SEO plugin v27.5 - https:\/\/yoast.com\/product\/yoast-seo-wordpress\/ -->\n<title>Histoire de Mours-Saint-Eus\u00e8be (Dr\u00f4me) - Histoire de France - Communiqu\u00e9s<\/title>\n<meta name=\"description\" content=\"MOURS SAINT EUSEBE dont le nom provient de la m\u00eame racine que celle de MARAIS form\u00e9s sur son territoire par les eaux de la Savasse\" \/>\n<meta name=\"robots\" content=\"index, follow, max-snippet:-1, max-image-preview:large, max-video-preview:-1\" \/>\n<link rel=\"canonical\" href=\"https:\/\/www.charles-de-flahaut.fr\/wordpress\/histoire-de-mours-saint-eusebe-drome\/\" \/>\n<meta property=\"og:locale\" content=\"fr_FR\" \/>\n<meta property=\"og:type\" content=\"article\" \/>\n<meta property=\"og:title\" content=\"Histoire de Mours-Saint-Eus\u00e8be (Dr\u00f4me) - Histoire de France - Communiqu\u00e9s\" \/>\n<meta property=\"og:description\" content=\"MOURS SAINT EUSEBE dont le nom provient de la m\u00eame racine que celle de MARAIS form\u00e9s sur son territoire par les eaux de la Savasse\" \/>\n<meta property=\"og:url\" content=\"https:\/\/www.charles-de-flahaut.fr\/wordpress\/histoire-de-mours-saint-eusebe-drome\/\" \/>\n<meta property=\"og:site_name\" content=\"Histoire de France - Communiqu\u00e9s\" \/>\n<meta property=\"article:publisher\" content=\"https:\/\/www.facebook.com\/Sites.HistoiredeFrance\" \/>\n<meta property=\"article:author\" content=\"https:\/\/www.facebook.com\/Sites.HistoiredeFrance\" \/>\n<meta property=\"article:published_time\" content=\"2013-08-28T07:41:06+00:00\" \/>\n<meta property=\"article:modified_time\" content=\"2024-01-27T09:58:08+00:00\" \/>\n<meta property=\"og:image\" content=\"http:\/\/www.charles-de-flahaut.fr\/wordpress\/wp-content\/uploads\/2013\/08\/mours.jpg\" \/>\n<meta name=\"author\" content=\"administrateur\" \/>\n<meta name=\"twitter:card\" content=\"summary_large_image\" \/>\n<meta name=\"twitter:label1\" content=\"\u00c9crit par\" \/>\n\t<meta name=\"twitter:data1\" content=\"administrateur\" \/>\n\t<meta name=\"twitter:label2\" content=\"Dur\u00e9e de lecture estim\u00e9e\" \/>\n\t<meta name=\"twitter:data2\" content=\"1 minute\" \/>\n<script type=\"application\/ld+json\" class=\"yoast-schema-graph\">{\"@context\":\"https:\\\/\\\/schema.org\",\"@graph\":[{\"@type\":\"Article\",\"@id\":\"https:\\\/\\\/www.charles-de-flahaut.fr\\\/wordpress\\\/histoire-de-mours-saint-eusebe-drome\\\/#article\",\"isPartOf\":{\"@id\":\"https:\\\/\\\/www.charles-de-flahaut.fr\\\/wordpress\\\/histoire-de-mours-saint-eusebe-drome\\\/\"},\"author\":{\"name\":\"administrateur\",\"@id\":\"https:\\\/\\\/www.charles-de-flahaut.fr\\\/wordpress\\\/#\\\/schema\\\/person\\\/81011c8b61bc74c05499365a506d49a9\"},\"headline\":\"Histoire de Mours-Saint-Eus\u00e8be (Dr\u00f4me)\",\"datePublished\":\"2013-08-28T07:41:06+00:00\",\"dateModified\":\"2024-01-27T09:58:08+00:00\",\"mainEntityOfPage\":{\"@id\":\"https:\\\/\\\/www.charles-de-flahaut.fr\\\/wordpress\\\/histoire-de-mours-saint-eusebe-drome\\\/\"},\"wordCount\":125,\"commentCount\":0,\"publisher\":{\"@id\":\"https:\\\/\\\/www.charles-de-flahaut.fr\\\/wordpress\\\/#\\\/schema\\\/person\\\/81011c8b61bc74c05499365a506d49a9\"},\"image\":{\"@id\":\"https:\\\/\\\/www.charles-de-flahaut.fr\\\/wordpress\\\/histoire-de-mours-saint-eusebe-drome\\\/#primaryimage\"},\"thumbnailUrl\":\"http:\\\/\\\/www.charles-de-flahaut.fr\\\/wordpress\\\/wp-content\\\/uploads\\\/2013\\\/08\\\/mours.jpg\",\"articleSection\":[\"26 - Dr\u00f4me\",\"histoire locale\",\"patrimoine\"],\"inLanguage\":\"fr-FR\",\"potentialAction\":[{\"@type\":\"CommentAction\",\"name\":\"Comment\",\"target\":[\"https:\\\/\\\/www.charles-de-flahaut.fr\\\/wordpress\\\/histoire-de-mours-saint-eusebe-drome\\\/#respond\"]}]},{\"@type\":\"WebPage\",\"@id\":\"https:\\\/\\\/www.charles-de-flahaut.fr\\\/wordpress\\\/histoire-de-mours-saint-eusebe-drome\\\/\",\"url\":\"https:\\\/\\\/www.charles-de-flahaut.fr\\\/wordpress\\\/histoire-de-mours-saint-eusebe-drome\\\/\",\"name\":\"Histoire de Mours-Saint-Eus\u00e8be (Dr\u00f4me) - Histoire de France - Communiqu\u00e9s\",\"isPartOf\":{\"@id\":\"https:\\\/\\\/www.charles-de-flahaut.fr\\\/wordpress\\\/#website\"},\"primaryImageOfPage\":{\"@id\":\"https:\\\/\\\/www.charles-de-flahaut.fr\\\/wordpress\\\/histoire-de-mours-saint-eusebe-drome\\\/#primaryimage\"},\"image\":{\"@id\":\"https:\\\/\\\/www.charles-de-flahaut.fr\\\/wordpress\\\/histoire-de-mours-saint-eusebe-drome\\\/#primaryimage\"},\"thumbnailUrl\":\"http:\\\/\\\/www.charles-de-flahaut.fr\\\/wordpress\\\/wp-content\\\/uploads\\\/2013\\\/08\\\/mours.jpg\",\"datePublished\":\"2013-08-28T07:41:06+00:00\",\"dateModified\":\"2024-01-27T09:58:08+00:00\",\"description\":\"MOURS SAINT EUSEBE dont le nom provient de la m\u00eame racine que celle de MARAIS form\u00e9s sur son territoire par les eaux de la Savasse\",\"breadcrumb\":{\"@id\":\"https:\\\/\\\/www.charles-de-flahaut.fr\\\/wordpress\\\/histoire-de-mours-saint-eusebe-drome\\\/#breadcrumb\"},\"inLanguage\":\"fr-FR\",\"potentialAction\":[{\"@type\":\"ReadAction\",\"target\":[\"https:\\\/\\\/www.charles-de-flahaut.fr\\\/wordpress\\\/histoire-de-mours-saint-eusebe-drome\\\/\"]}]},{\"@type\":\"ImageObject\",\"inLanguage\":\"fr-FR\",\"@id\":\"https:\\\/\\\/www.charles-de-flahaut.fr\\\/wordpress\\\/histoire-de-mours-saint-eusebe-drome\\\/#primaryimage\",\"url\":\"http:\\\/\\\/www.charles-de-flahaut.fr\\\/wordpress\\\/wp-content\\\/uploads\\\/2013\\\/08\\\/mours.jpg\",\"contentUrl\":\"http:\\\/\\\/www.charles-de-flahaut.fr\\\/wordpress\\\/wp-content\\\/uploads\\\/2013\\\/08\\\/mours.jpg\"},{\"@type\":\"BreadcrumbList\",\"@id\":\"https:\\\/\\\/www.charles-de-flahaut.fr\\\/wordpress\\\/histoire-de-mours-saint-eusebe-drome\\\/#breadcrumb\",\"itemListElement\":[{\"@type\":\"ListItem\",\"position\":1,\"name\":\"Accueil\",\"item\":\"https:\\\/\\\/www.charles-de-flahaut.fr\\\/wordpress\\\/\"},{\"@type\":\"ListItem\",\"position\":2,\"name\":\"Histoire de Mours-Saint-Eus\u00e8be (Dr\u00f4me)\"}]},{\"@type\":\"WebSite\",\"@id\":\"https:\\\/\\\/www.charles-de-flahaut.fr\\\/wordpress\\\/#website\",\"url\":\"https:\\\/\\\/www.charles-de-flahaut.fr\\\/wordpress\\\/\",\"name\":\"Histoire de France - Communiqu\u00e9s\",\"description\":\"Histoire et patrimoine\",\"publisher\":{\"@id\":\"https:\\\/\\\/www.charles-de-flahaut.fr\\\/wordpress\\\/#\\\/schema\\\/person\\\/81011c8b61bc74c05499365a506d49a9\"},\"potentialAction\":[{\"@type\":\"SearchAction\",\"target\":{\"@type\":\"EntryPoint\",\"urlTemplate\":\"https:\\\/\\\/www.charles-de-flahaut.fr\\\/wordpress\\\/?s={search_term_string}\"},\"query-input\":{\"@type\":\"PropertyValueSpecification\",\"valueRequired\":true,\"valueName\":\"search_term_string\"}}],\"inLanguage\":\"fr-FR\"},{\"@type\":[\"Person\",\"Organization\"],\"@id\":\"https:\\\/\\\/www.charles-de-flahaut.fr\\\/wordpress\\\/#\\\/schema\\\/person\\\/81011c8b61bc74c05499365a506d49a9\",\"name\":\"administrateur\",\"logo\":{\"@id\":\"https:\\\/\\\/www.charles-de-flahaut.fr\\\/wordpress\\\/#\\\/schema\\\/person\\\/image\\\/\"},\"sameAs\":[\"http:\\\/\\\/www.charles-de-flahaut.fr\",\"https:\\\/\\\/www.facebook.com\\\/Sites.HistoiredeFrance\"],\"url\":\"https:\\\/\\\/www.charles-de-flahaut.fr\\\/wordpress\\\/author\\\/admin\\\/\"}]}<\/script>\n<!-- \/ Yoast SEO plugin. -->","yoast_head_json":{"title":"Histoire de Mours-Saint-Eus\u00e8be (Dr\u00f4me) - Histoire de France - Communiqu\u00e9s","description":"MOURS SAINT EUSEBE dont le nom provient de la m\u00eame racine que celle de MARAIS form\u00e9s sur son territoire par les eaux de la Savasse","robots":{"index":"index","follow":"follow","max-snippet":"max-snippet:-1","max-image-preview":"max-image-preview:large","max-video-preview":"max-video-preview:-1"},"canonical":"https:\/\/www.charles-de-flahaut.fr\/wordpress\/histoire-de-mours-saint-eusebe-drome\/","og_locale":"fr_FR","og_type":"article","og_title":"Histoire de Mours-Saint-Eus\u00e8be (Dr\u00f4me) - Histoire de France - Communiqu\u00e9s","og_description":"MOURS SAINT EUSEBE dont le nom provient de la m\u00eame racine que celle de MARAIS form\u00e9s sur son territoire par les eaux de la Savasse","og_url":"https:\/\/www.charles-de-flahaut.fr\/wordpress\/histoire-de-mours-saint-eusebe-drome\/","og_site_name":"Histoire de France - Communiqu\u00e9s","article_publisher":"https:\/\/www.facebook.com\/Sites.HistoiredeFrance","article_author":"https:\/\/www.facebook.com\/Sites.HistoiredeFrance","article_published_time":"2013-08-28T07:41:06+00:00","article_modified_time":"2024-01-27T09:58:08+00:00","og_image":[{"url":"http:\/\/www.charles-de-flahaut.fr\/wordpress\/wp-content\/uploads\/2013\/08\/mours.jpg","type":"","width":"","height":""}],"author":"administrateur","twitter_card":"summary_large_image","twitter_misc":{"\u00c9crit par":"administrateur","Dur\u00e9e de lecture estim\u00e9e":"1 minute"},"schema":{"@context":"https:\/\/schema.org","@graph":[{"@type":"Article","@id":"https:\/\/www.charles-de-flahaut.fr\/wordpress\/histoire-de-mours-saint-eusebe-drome\/#article","isPartOf":{"@id":"https:\/\/www.charles-de-flahaut.fr\/wordpress\/histoire-de-mours-saint-eusebe-drome\/"},"author":{"name":"administrateur","@id":"https:\/\/www.charles-de-flahaut.fr\/wordpress\/#\/schema\/person\/81011c8b61bc74c05499365a506d49a9"},"headline":"Histoire de Mours-Saint-Eus\u00e8be (Dr\u00f4me)","datePublished":"2013-08-28T07:41:06+00:00","dateModified":"2024-01-27T09:58:08+00:00","mainEntityOfPage":{"@id":"https:\/\/www.charles-de-flahaut.fr\/wordpress\/histoire-de-mours-saint-eusebe-drome\/"},"wordCount":125,"commentCount":0,"publisher":{"@id":"https:\/\/www.charles-de-flahaut.fr\/wordpress\/#\/schema\/person\/81011c8b61bc74c05499365a506d49a9"},"image":{"@id":"https:\/\/www.charles-de-flahaut.fr\/wordpress\/histoire-de-mours-saint-eusebe-drome\/#primaryimage"},"thumbnailUrl":"http:\/\/www.charles-de-flahaut.fr\/wordpress\/wp-content\/uploads\/2013\/08\/mours.jpg","articleSection":["26 - Dr\u00f4me","histoire locale","patrimoine"],"inLanguage":"fr-FR","potentialAction":[{"@type":"CommentAction","name":"Comment","target":["https:\/\/www.charles-de-flahaut.fr\/wordpress\/histoire-de-mours-saint-eusebe-drome\/#respond"]}]},{"@type":"WebPage","@id":"https:\/\/www.charles-de-flahaut.fr\/wordpress\/histoire-de-mours-saint-eusebe-drome\/","url":"https:\/\/www.charles-de-flahaut.fr\/wordpress\/histoire-de-mours-saint-eusebe-drome\/","name":"Histoire de Mours-Saint-Eus\u00e8be (Dr\u00f4me) - Histoire de France - Communiqu\u00e9s","isPartOf":{"@id":"https:\/\/www.charles-de-flahaut.fr\/wordpress\/#website"},"primaryImageOfPage":{"@id":"https:\/\/www.charles-de-flahaut.fr\/wordpress\/histoire-de-mours-saint-eusebe-drome\/#primaryimage"},"image":{"@id":"https:\/\/www.charles-de-flahaut.fr\/wordpress\/histoire-de-mours-saint-eusebe-drome\/#primaryimage"},"thumbnailUrl":"http:\/\/www.charles-de-flahaut.fr\/wordpress\/wp-content\/uploads\/2013\/08\/mours.jpg","datePublished":"2013-08-28T07:41:06+00:00","dateModified":"2024-01-27T09:58:08+00:00","description":"MOURS SAINT EUSEBE dont le nom provient de la m\u00eame racine que celle de MARAIS form\u00e9s sur son territoire par les eaux de la Savasse","breadcrumb":{"@id":"https:\/\/www.charles-de-flahaut.fr\/wordpress\/histoire-de-mours-saint-eusebe-drome\/#breadcrumb"},"inLanguage":"fr-FR","potentialAction":[{"@type":"ReadAction","target":["https:\/\/www.charles-de-flahaut.fr\/wordpress\/histoire-de-mours-saint-eusebe-drome\/"]}]},{"@type":"ImageObject","inLanguage":"fr-FR","@id":"https:\/\/www.charles-de-flahaut.fr\/wordpress\/histoire-de-mours-saint-eusebe-drome\/#primaryimage","url":"http:\/\/www.charles-de-flahaut.fr\/wordpress\/wp-content\/uploads\/2013\/08\/mours.jpg","contentUrl":"http:\/\/www.charles-de-flahaut.fr\/wordpress\/wp-content\/uploads\/2013\/08\/mours.jpg"},{"@type":"BreadcrumbList","@id":"https:\/\/www.charles-de-flahaut.fr\/wordpress\/histoire-de-mours-saint-eusebe-drome\/#breadcrumb","itemListElement":[{"@type":"ListItem","position":1,"name":"Accueil","item":"https:\/\/www.charles-de-flahaut.fr\/wordpress\/"},{"@type":"ListItem","position":2,"name":"Histoire de Mours-Saint-Eus\u00e8be (Dr\u00f4me)"}]},{"@type":"WebSite","@id":"https:\/\/www.charles-de-flahaut.fr\/wordpress\/#website","url":"https:\/\/www.charles-de-flahaut.fr\/wordpress\/","name":"Histoire de France - Communiqu\u00e9s","description":"Histoire et patrimoine","publisher":{"@id":"https:\/\/www.charles-de-flahaut.fr\/wordpress\/#\/schema\/person\/81011c8b61bc74c05499365a506d49a9"},"potentialAction":[{"@type":"SearchAction","target":{"@type":"EntryPoint","urlTemplate":"https:\/\/www.charles-de-flahaut.fr\/wordpress\/?s={search_term_string}"},"query-input":{"@type":"PropertyValueSpecification","valueRequired":true,"valueName":"search_term_string"}}],"inLanguage":"fr-FR"},{"@type":["Person","Organization"],"@id":"https:\/\/www.charles-de-flahaut.fr\/wordpress\/#\/schema\/person\/81011c8b61bc74c05499365a506d49a9","name":"administrateur","logo":{"@id":"https:\/\/www.charles-de-flahaut.fr\/wordpress\/#\/schema\/person\/image\/"},"sameAs":["http:\/\/www.charles-de-flahaut.fr","https:\/\/www.facebook.com\/Sites.HistoiredeFrance"],"url":"https:\/\/www.charles-de-flahaut.fr\/wordpress\/author\/admin\/"}]}},"views":360,"amp_enabled":true,"_links":{"self":[{"href":"https:\/\/www.charles-de-flahaut.fr\/wordpress\/wp-json\/wp\/v2\/posts\/2830","targetHints":{"allow":["GET"]}}],"collection":[{"href":"https:\/\/www.charles-de-flahaut.fr\/wordpress\/wp-json\/wp\/v2\/posts"}],"about":[{"href":"https:\/\/www.charles-de-flahaut.fr\/wordpress\/wp-json\/wp\/v2\/types\/post"}],"author":[{"embeddable":true,"href":"https:\/\/www.charles-de-flahaut.fr\/wordpress\/wp-json\/wp\/v2\/users\/1"}],"replies":[{"embeddable":true,"href":"https:\/\/www.charles-de-flahaut.fr\/wordpress\/wp-json\/wp\/v2\/comments?post=2830"}],"version-history":[{"count":6,"href":"https:\/\/www.charles-de-flahaut.fr\/wordpress\/wp-json\/wp\/v2\/posts\/2830\/revisions"}],"predecessor-version":[{"id":95527,"href":"https:\/\/www.charles-de-flahaut.fr\/wordpress\/wp-json\/wp\/v2\/posts\/2830\/revisions\/95527"}],"wp:attachment":[{"href":"https:\/\/www.charles-de-flahaut.fr\/wordpress\/wp-json\/wp\/v2\/media?parent=2830"}],"wp:term":[{"taxonomy":"category","embeddable":true,"href":"https:\/\/www.charles-de-flahaut.fr\/wordpress\/wp-json\/wp\/v2\/categories?post=2830"},{"taxonomy":"post_tag","embeddable":true,"href":"https:\/\/www.charles-de-flahaut.fr\/wordpress\/wp-json\/wp\/v2\/tags?post=2830"}],"curies":[{"name":"wp","href":"https:\/\/api.w.org\/{rel}","templated":true}]}}