{"id":26717,"date":"2016-03-18T08:33:49","date_gmt":"2016-03-18T07:33:49","guid":{"rendered":"http:\/\/www.charles-de-flahaut.fr\/wordpress\/?p=26717"},"modified":"2018-02-28T11:17:10","modified_gmt":"2018-02-28T10:17:10","slug":"histoire-et-patrimoine-de-reynes-pyrenees-orientales","status":"publish","type":"post","link":"https:\/\/www.charles-de-flahaut.fr\/wordpress\/histoire-et-patrimoine-de-reynes-pyrenees-orientales\/","title":{"rendered":"Histoire et patrimoine de Reyn\u00e8s (Pyr\u00e9n\u00e9es-Orientales)"},"content":{"rendered":"<p><strong>Histoire et patrimoine de Reyn\u00e8s (Pyr\u00e9n\u00e9es-Orientales)<\/strong><br \/>\n<a href=\"http:\/\/www.reynes.fr\/historique.php\" target=\"_blank\" rel=\"noopener\">http:\/\/www.reynes.fr\/historique.php<\/a><\/p>\n<p style=\"text-align: justify;\"><em><a href=\"http:\/\/www.charles-de-flahaut.fr\/wordpress\/wp-content\/uploads\/2016\/03\/reynes66.jpg\" rel=\"attachment wp-att-26718\"><img loading=\"lazy\" decoding=\"async\" class=\"alignleft size-full wp-image-26718\" src=\"http:\/\/www.charles-de-flahaut.fr\/wordpress\/wp-content\/uploads\/2016\/03\/reynes66.jpg\" alt=\"reynes66\" width=\"200\" height=\"150\" \/><\/a>un site r\u00e9f\u00e9renc\u00e9 sur le nouvel\u00a0 <a href=\"http:\/\/charles-de-flahaut.fr\/annuaire-histoire-communes\" target=\"_blank\" rel=\"noopener noreferrer\">Annuaire Historique des Communes de France<\/a><\/em><\/p>\n<p style=\"text-align: justify;\">Depuis les temps les plus recul\u00e9s \u00e0 nos jours, Reyn\u00e8s vit, se d\u00e9veloppe, se transforme et laisse des traces, des empreintes, dans le paysage, les demeures et les souvenirs.<\/p>\n<p style=\"text-align: justify;\">Quel plaisir de parcourir cette histoire, d&rsquo;imaginer ces hommes et ces femmes qui nous ont pr\u00e9c\u00e9d\u00e9s sur ces terres&#8230;<\/p>\n<p style=\"text-align: justify;\"><em>(image et extrait du site officiel de la commune &#8230; <a href=\"http:\/\/www.reynes.fr\/historique.php\" target=\"_blank\" rel=\"noopener\">lire la suite<\/a>)<\/em><\/p>\n<p><iframe loading=\"lazy\" style=\"width: 120px; height: 240px;\" src=\"\/\/ws-eu.amazon-adsystem.com\/widgets\/q?ServiceVersion=20070822&amp;OneJS=1&amp;Operation=GetAdHtml&amp;MarketPlace=FR&amp;source=ac&amp;ref=tf_til&amp;ad_type=product_link&amp;tracking_id=charledeflaha-21&amp;marketplace=amazon&amp;region=FR&amp;placement=2364640652&amp;asins=2364640652&amp;linkId=&amp;show_border=true&amp;link_opens_in_new_window=true\" width=\"300\" height=\"150\" frameborder=\"0\" marginwidth=\"0\" marginheight=\"0\" scrolling=\"no\"><br \/>\n<\/iframe><iframe loading=\"lazy\" style=\"width: 120px; height: 240px;\" src=\"\/\/ws-eu.amazon-adsystem.com\/widgets\/q?ServiceVersion=20070822&amp;OneJS=1&amp;Operation=GetAdHtml&amp;MarketPlace=FR&amp;source=ac&amp;ref=tf_til&amp;ad_type=product_link&amp;tracking_id=charledeflaha-21&amp;marketplace=amazon&amp;region=FR&amp;placement=2813808032&amp;asins=2813808032&amp;linkId=&amp;show_border=true&amp;link_opens_in_new_window=true\" width=\"300\" height=\"150\" frameborder=\"0\" marginwidth=\"0\" marginheight=\"0\" scrolling=\"no\"><br \/>\n<\/iframe><iframe loading=\"lazy\" style=\"width: 120px; height: 240px;\" src=\"\/\/ws-eu.amazon-adsystem.com\/widgets\/q?ServiceVersion=20070822&amp;OneJS=1&amp;Operation=GetAdHtml&amp;MarketPlace=FR&amp;source=ac&amp;ref=tf_til&amp;ad_type=product_link&amp;tracking_id=charledeflaha-21&amp;marketplace=amazon&amp;region=FR&amp;placement=2849740411&amp;asins=2849740411&amp;linkId=&amp;show_border=true&amp;link_opens_in_new_window=true\" width=\"300\" height=\"150\" frameborder=\"0\" marginwidth=\"0\" marginheight=\"0\" scrolling=\"no\"><br \/>\n<\/iframe><\/p>\n","protected":false},"excerpt":{"rendered":"<p>Histoire et patrimoine de Reyn\u00e8s (Pyr\u00e9n\u00e9es-Orientales) http:\/\/www.reynes.fr\/historique.php un site r\u00e9f\u00e9renc\u00e9 sur le nouvel\u00a0 Annuaire Historique des Communes de France Depuis les temps les plus recul\u00e9s \u00e0 nos jours, Reyn\u00e8s vit, se d\u00e9veloppe, se transforme et laisse des traces, des empreintes, dans le paysage, les demeures et les souvenirs. Quel plaisir de parcourir cette histoire, d&rsquo;imaginer &hellip; <\/p>\n<p><a class=\"more-link btn\" href=\"https:\/\/www.charles-de-flahaut.fr\/wordpress\/histoire-et-patrimoine-de-reynes-pyrenees-orientales\/\">Lire la suite<\/a><\/p>\n","protected":false},"author":117,"featured_media":0,"comment_status":"open","ping_status":"open","sticky":false,"template":"","format":"standard","meta":{"footnotes":""},"categories":[154,16,8],"tags":[],"class_list":["post-26717","post","type-post","status-publish","format-standard","hentry","category-66-pyrenees-orientales","category-histoire-regionale","category-patrimoine","item-wrap"],"yoast_head":"<!-- This site is optimized with the Yoast SEO plugin v27.4 - https:\/\/yoast.com\/product\/yoast-seo-wordpress\/ -->\n<title>Histoire et patrimoine de Reyn\u00e8s (Pyr\u00e9n\u00e9es-Orientales) - Histoire de France - Communiqu\u00e9s<\/title>\n<meta name=\"robots\" content=\"index, follow, max-snippet:-1, max-image-preview:large, max-video-preview:-1\" \/>\n<link rel=\"canonical\" href=\"https:\/\/www.charles-de-flahaut.fr\/wordpress\/histoire-et-patrimoine-de-reynes-pyrenees-orientales\/\" \/>\n<meta property=\"og:locale\" content=\"fr_FR\" \/>\n<meta property=\"og:type\" content=\"article\" \/>\n<meta property=\"og:title\" content=\"Histoire et patrimoine de Reyn\u00e8s (Pyr\u00e9n\u00e9es-Orientales) - Histoire de France - Communiqu\u00e9s\" \/>\n<meta property=\"og:description\" content=\"Histoire et patrimoine de Reyn\u00e8s (Pyr\u00e9n\u00e9es-Orientales) http:\/\/www.reynes.fr\/historique.php un site r\u00e9f\u00e9renc\u00e9 sur le nouvel\u00a0 Annuaire Historique des Communes de France Depuis les temps les plus recul\u00e9s \u00e0 nos jours, Reyn\u00e8s vit, se d\u00e9veloppe, se transforme et laisse des traces, des empreintes, dans le paysage, les demeures et les souvenirs. Quel plaisir de parcourir cette histoire, d&rsquo;imaginer &hellip; Lire la suite\" \/>\n<meta property=\"og:url\" content=\"https:\/\/www.charles-de-flahaut.fr\/wordpress\/histoire-et-patrimoine-de-reynes-pyrenees-orientales\/\" \/>\n<meta property=\"og:site_name\" content=\"Histoire de France - Communiqu\u00e9s\" \/>\n<meta property=\"article:publisher\" content=\"https:\/\/www.facebook.com\/Sites.HistoiredeFrance\" \/>\n<meta property=\"article:published_time\" content=\"2016-03-18T07:33:49+00:00\" \/>\n<meta property=\"article:modified_time\" content=\"2018-02-28T10:17:10+00:00\" \/>\n<meta property=\"og:image\" content=\"http:\/\/www.charles-de-flahaut.fr\/wordpress\/wp-content\/uploads\/2016\/03\/reynes66.jpg\" \/>\n<meta name=\"author\" content=\"administrateur\" \/>\n<meta name=\"twitter:card\" content=\"summary_large_image\" \/>\n<meta name=\"twitter:label1\" content=\"\u00c9crit par\" \/>\n\t<meta name=\"twitter:data1\" content=\"administrateur\" \/>\n<script type=\"application\/ld+json\" class=\"yoast-schema-graph\">{\"@context\":\"https:\\\/\\\/schema.org\",\"@graph\":[{\"@type\":\"Article\",\"@id\":\"https:\\\/\\\/www.charles-de-flahaut.fr\\\/wordpress\\\/histoire-et-patrimoine-de-reynes-pyrenees-orientales\\\/#article\",\"isPartOf\":{\"@id\":\"https:\\\/\\\/www.charles-de-flahaut.fr\\\/wordpress\\\/histoire-et-patrimoine-de-reynes-pyrenees-orientales\\\/\"},\"author\":{\"name\":\"administrateur\",\"@id\":\"https:\\\/\\\/www.charles-de-flahaut.fr\\\/wordpress\\\/#\\\/schema\\\/person\\\/41c41eaf9ae1d70810ff74a04a786c56\"},\"headline\":\"Histoire et patrimoine de Reyn\u00e8s (Pyr\u00e9n\u00e9es-Orientales)\",\"datePublished\":\"2016-03-18T07:33:49+00:00\",\"dateModified\":\"2018-02-28T10:17:10+00:00\",\"mainEntityOfPage\":{\"@id\":\"https:\\\/\\\/www.charles-de-flahaut.fr\\\/wordpress\\\/histoire-et-patrimoine-de-reynes-pyrenees-orientales\\\/\"},\"wordCount\":104,\"commentCount\":0,\"publisher\":{\"@id\":\"https:\\\/\\\/www.charles-de-flahaut.fr\\\/wordpress\\\/#\\\/schema\\\/person\\\/81011c8b61bc74c05499365a506d49a9\"},\"image\":{\"@id\":\"https:\\\/\\\/www.charles-de-flahaut.fr\\\/wordpress\\\/histoire-et-patrimoine-de-reynes-pyrenees-orientales\\\/#primaryimage\"},\"thumbnailUrl\":\"http:\\\/\\\/www.charles-de-flahaut.fr\\\/wordpress\\\/wp-content\\\/uploads\\\/2016\\\/03\\\/reynes66.jpg\",\"articleSection\":[\"66 - Pyr\u00e9n\u00e9es-Orientales\",\"histoire locale\",\"patrimoine\"],\"inLanguage\":\"fr-FR\",\"potentialAction\":[{\"@type\":\"CommentAction\",\"name\":\"Comment\",\"target\":[\"https:\\\/\\\/www.charles-de-flahaut.fr\\\/wordpress\\\/histoire-et-patrimoine-de-reynes-pyrenees-orientales\\\/#respond\"]}]},{\"@type\":\"WebPage\",\"@id\":\"https:\\\/\\\/www.charles-de-flahaut.fr\\\/wordpress\\\/histoire-et-patrimoine-de-reynes-pyrenees-orientales\\\/\",\"url\":\"https:\\\/\\\/www.charles-de-flahaut.fr\\\/wordpress\\\/histoire-et-patrimoine-de-reynes-pyrenees-orientales\\\/\",\"name\":\"Histoire et patrimoine de Reyn\u00e8s (Pyr\u00e9n\u00e9es-Orientales) - Histoire de France - Communiqu\u00e9s\",\"isPartOf\":{\"@id\":\"https:\\\/\\\/www.charles-de-flahaut.fr\\\/wordpress\\\/#website\"},\"primaryImageOfPage\":{\"@id\":\"https:\\\/\\\/www.charles-de-flahaut.fr\\\/wordpress\\\/histoire-et-patrimoine-de-reynes-pyrenees-orientales\\\/#primaryimage\"},\"image\":{\"@id\":\"https:\\\/\\\/www.charles-de-flahaut.fr\\\/wordpress\\\/histoire-et-patrimoine-de-reynes-pyrenees-orientales\\\/#primaryimage\"},\"thumbnailUrl\":\"http:\\\/\\\/www.charles-de-flahaut.fr\\\/wordpress\\\/wp-content\\\/uploads\\\/2016\\\/03\\\/reynes66.jpg\",\"datePublished\":\"2016-03-18T07:33:49+00:00\",\"dateModified\":\"2018-02-28T10:17:10+00:00\",\"breadcrumb\":{\"@id\":\"https:\\\/\\\/www.charles-de-flahaut.fr\\\/wordpress\\\/histoire-et-patrimoine-de-reynes-pyrenees-orientales\\\/#breadcrumb\"},\"inLanguage\":\"fr-FR\",\"potentialAction\":[{\"@type\":\"ReadAction\",\"target\":[\"https:\\\/\\\/www.charles-de-flahaut.fr\\\/wordpress\\\/histoire-et-patrimoine-de-reynes-pyrenees-orientales\\\/\"]}]},{\"@type\":\"ImageObject\",\"inLanguage\":\"fr-FR\",\"@id\":\"https:\\\/\\\/www.charles-de-flahaut.fr\\\/wordpress\\\/histoire-et-patrimoine-de-reynes-pyrenees-orientales\\\/#primaryimage\",\"url\":\"http:\\\/\\\/www.charles-de-flahaut.fr\\\/wordpress\\\/wp-content\\\/uploads\\\/2016\\\/03\\\/reynes66.jpg\",\"contentUrl\":\"http:\\\/\\\/www.charles-de-flahaut.fr\\\/wordpress\\\/wp-content\\\/uploads\\\/2016\\\/03\\\/reynes66.jpg\"},{\"@type\":\"BreadcrumbList\",\"@id\":\"https:\\\/\\\/www.charles-de-flahaut.fr\\\/wordpress\\\/histoire-et-patrimoine-de-reynes-pyrenees-orientales\\\/#breadcrumb\",\"itemListElement\":[{\"@type\":\"ListItem\",\"position\":1,\"name\":\"Accueil\",\"item\":\"https:\\\/\\\/www.charles-de-flahaut.fr\\\/wordpress\\\/\"},{\"@type\":\"ListItem\",\"position\":2,\"name\":\"Histoire et patrimoine de Reyn\u00e8s (Pyr\u00e9n\u00e9es-Orientales)\"}]},{\"@type\":\"WebSite\",\"@id\":\"https:\\\/\\\/www.charles-de-flahaut.fr\\\/wordpress\\\/#website\",\"url\":\"https:\\\/\\\/www.charles-de-flahaut.fr\\\/wordpress\\\/\",\"name\":\"Histoire de France - Communiqu\u00e9s\",\"description\":\"Histoire et patrimoine\",\"publisher\":{\"@id\":\"https:\\\/\\\/www.charles-de-flahaut.fr\\\/wordpress\\\/#\\\/schema\\\/person\\\/81011c8b61bc74c05499365a506d49a9\"},\"potentialAction\":[{\"@type\":\"SearchAction\",\"target\":{\"@type\":\"EntryPoint\",\"urlTemplate\":\"https:\\\/\\\/www.charles-de-flahaut.fr\\\/wordpress\\\/?s={search_term_string}\"},\"query-input\":{\"@type\":\"PropertyValueSpecification\",\"valueRequired\":true,\"valueName\":\"search_term_string\"}}],\"inLanguage\":\"fr-FR\"},{\"@type\":[\"Person\",\"Organization\"],\"@id\":\"https:\\\/\\\/www.charles-de-flahaut.fr\\\/wordpress\\\/#\\\/schema\\\/person\\\/81011c8b61bc74c05499365a506d49a9\",\"name\":\"administrateur\",\"logo\":{\"@id\":\"https:\\\/\\\/www.charles-de-flahaut.fr\\\/wordpress\\\/#\\\/schema\\\/person\\\/image\\\/\"},\"sameAs\":[\"http:\\\/\\\/www.charles-de-flahaut.fr\",\"https:\\\/\\\/www.facebook.com\\\/Sites.HistoiredeFrance\"]},{\"@type\":\"Person\",\"@id\":\"https:\\\/\\\/www.charles-de-flahaut.fr\\\/wordpress\\\/#\\\/schema\\\/person\\\/41c41eaf9ae1d70810ff74a04a786c56\",\"name\":\"administrateur\",\"url\":\"https:\\\/\\\/www.charles-de-flahaut.fr\\\/wordpress\\\/author\\\/hist_8la_ad\\\/\"}]}<\/script>\n<!-- \/ Yoast SEO plugin. -->","yoast_head_json":{"title":"Histoire et patrimoine de Reyn\u00e8s (Pyr\u00e9n\u00e9es-Orientales) - Histoire de France - Communiqu\u00e9s","robots":{"index":"index","follow":"follow","max-snippet":"max-snippet:-1","max-image-preview":"max-image-preview:large","max-video-preview":"max-video-preview:-1"},"canonical":"https:\/\/www.charles-de-flahaut.fr\/wordpress\/histoire-et-patrimoine-de-reynes-pyrenees-orientales\/","og_locale":"fr_FR","og_type":"article","og_title":"Histoire et patrimoine de Reyn\u00e8s (Pyr\u00e9n\u00e9es-Orientales) - Histoire de France - Communiqu\u00e9s","og_description":"Histoire et patrimoine de Reyn\u00e8s (Pyr\u00e9n\u00e9es-Orientales) http:\/\/www.reynes.fr\/historique.php un site r\u00e9f\u00e9renc\u00e9 sur le nouvel\u00a0 Annuaire Historique des Communes de France Depuis les temps les plus recul\u00e9s \u00e0 nos jours, Reyn\u00e8s vit, se d\u00e9veloppe, se transforme et laisse des traces, des empreintes, dans le paysage, les demeures et les souvenirs. Quel plaisir de parcourir cette histoire, d&rsquo;imaginer &hellip; Lire la suite","og_url":"https:\/\/www.charles-de-flahaut.fr\/wordpress\/histoire-et-patrimoine-de-reynes-pyrenees-orientales\/","og_site_name":"Histoire de France - Communiqu\u00e9s","article_publisher":"https:\/\/www.facebook.com\/Sites.HistoiredeFrance","article_published_time":"2016-03-18T07:33:49+00:00","article_modified_time":"2018-02-28T10:17:10+00:00","og_image":[{"url":"http:\/\/www.charles-de-flahaut.fr\/wordpress\/wp-content\/uploads\/2016\/03\/reynes66.jpg","type":"","width":"","height":""}],"author":"administrateur","twitter_card":"summary_large_image","twitter_misc":{"\u00c9crit par":"administrateur"},"schema":{"@context":"https:\/\/schema.org","@graph":[{"@type":"Article","@id":"https:\/\/www.charles-de-flahaut.fr\/wordpress\/histoire-et-patrimoine-de-reynes-pyrenees-orientales\/#article","isPartOf":{"@id":"https:\/\/www.charles-de-flahaut.fr\/wordpress\/histoire-et-patrimoine-de-reynes-pyrenees-orientales\/"},"author":{"name":"administrateur","@id":"https:\/\/www.charles-de-flahaut.fr\/wordpress\/#\/schema\/person\/41c41eaf9ae1d70810ff74a04a786c56"},"headline":"Histoire et patrimoine de Reyn\u00e8s (Pyr\u00e9n\u00e9es-Orientales)","datePublished":"2016-03-18T07:33:49+00:00","dateModified":"2018-02-28T10:17:10+00:00","mainEntityOfPage":{"@id":"https:\/\/www.charles-de-flahaut.fr\/wordpress\/histoire-et-patrimoine-de-reynes-pyrenees-orientales\/"},"wordCount":104,"commentCount":0,"publisher":{"@id":"https:\/\/www.charles-de-flahaut.fr\/wordpress\/#\/schema\/person\/81011c8b61bc74c05499365a506d49a9"},"image":{"@id":"https:\/\/www.charles-de-flahaut.fr\/wordpress\/histoire-et-patrimoine-de-reynes-pyrenees-orientales\/#primaryimage"},"thumbnailUrl":"http:\/\/www.charles-de-flahaut.fr\/wordpress\/wp-content\/uploads\/2016\/03\/reynes66.jpg","articleSection":["66 - Pyr\u00e9n\u00e9es-Orientales","histoire locale","patrimoine"],"inLanguage":"fr-FR","potentialAction":[{"@type":"CommentAction","name":"Comment","target":["https:\/\/www.charles-de-flahaut.fr\/wordpress\/histoire-et-patrimoine-de-reynes-pyrenees-orientales\/#respond"]}]},{"@type":"WebPage","@id":"https:\/\/www.charles-de-flahaut.fr\/wordpress\/histoire-et-patrimoine-de-reynes-pyrenees-orientales\/","url":"https:\/\/www.charles-de-flahaut.fr\/wordpress\/histoire-et-patrimoine-de-reynes-pyrenees-orientales\/","name":"Histoire et patrimoine de Reyn\u00e8s (Pyr\u00e9n\u00e9es-Orientales) - Histoire de France - Communiqu\u00e9s","isPartOf":{"@id":"https:\/\/www.charles-de-flahaut.fr\/wordpress\/#website"},"primaryImageOfPage":{"@id":"https:\/\/www.charles-de-flahaut.fr\/wordpress\/histoire-et-patrimoine-de-reynes-pyrenees-orientales\/#primaryimage"},"image":{"@id":"https:\/\/www.charles-de-flahaut.fr\/wordpress\/histoire-et-patrimoine-de-reynes-pyrenees-orientales\/#primaryimage"},"thumbnailUrl":"http:\/\/www.charles-de-flahaut.fr\/wordpress\/wp-content\/uploads\/2016\/03\/reynes66.jpg","datePublished":"2016-03-18T07:33:49+00:00","dateModified":"2018-02-28T10:17:10+00:00","breadcrumb":{"@id":"https:\/\/www.charles-de-flahaut.fr\/wordpress\/histoire-et-patrimoine-de-reynes-pyrenees-orientales\/#breadcrumb"},"inLanguage":"fr-FR","potentialAction":[{"@type":"ReadAction","target":["https:\/\/www.charles-de-flahaut.fr\/wordpress\/histoire-et-patrimoine-de-reynes-pyrenees-orientales\/"]}]},{"@type":"ImageObject","inLanguage":"fr-FR","@id":"https:\/\/www.charles-de-flahaut.fr\/wordpress\/histoire-et-patrimoine-de-reynes-pyrenees-orientales\/#primaryimage","url":"http:\/\/www.charles-de-flahaut.fr\/wordpress\/wp-content\/uploads\/2016\/03\/reynes66.jpg","contentUrl":"http:\/\/www.charles-de-flahaut.fr\/wordpress\/wp-content\/uploads\/2016\/03\/reynes66.jpg"},{"@type":"BreadcrumbList","@id":"https:\/\/www.charles-de-flahaut.fr\/wordpress\/histoire-et-patrimoine-de-reynes-pyrenees-orientales\/#breadcrumb","itemListElement":[{"@type":"ListItem","position":1,"name":"Accueil","item":"https:\/\/www.charles-de-flahaut.fr\/wordpress\/"},{"@type":"ListItem","position":2,"name":"Histoire et patrimoine de Reyn\u00e8s (Pyr\u00e9n\u00e9es-Orientales)"}]},{"@type":"WebSite","@id":"https:\/\/www.charles-de-flahaut.fr\/wordpress\/#website","url":"https:\/\/www.charles-de-flahaut.fr\/wordpress\/","name":"Histoire de France - Communiqu\u00e9s","description":"Histoire et patrimoine","publisher":{"@id":"https:\/\/www.charles-de-flahaut.fr\/wordpress\/#\/schema\/person\/81011c8b61bc74c05499365a506d49a9"},"potentialAction":[{"@type":"SearchAction","target":{"@type":"EntryPoint","urlTemplate":"https:\/\/www.charles-de-flahaut.fr\/wordpress\/?s={search_term_string}"},"query-input":{"@type":"PropertyValueSpecification","valueRequired":true,"valueName":"search_term_string"}}],"inLanguage":"fr-FR"},{"@type":["Person","Organization"],"@id":"https:\/\/www.charles-de-flahaut.fr\/wordpress\/#\/schema\/person\/81011c8b61bc74c05499365a506d49a9","name":"administrateur","logo":{"@id":"https:\/\/www.charles-de-flahaut.fr\/wordpress\/#\/schema\/person\/image\/"},"sameAs":["http:\/\/www.charles-de-flahaut.fr","https:\/\/www.facebook.com\/Sites.HistoiredeFrance"]},{"@type":"Person","@id":"https:\/\/www.charles-de-flahaut.fr\/wordpress\/#\/schema\/person\/41c41eaf9ae1d70810ff74a04a786c56","name":"administrateur","url":"https:\/\/www.charles-de-flahaut.fr\/wordpress\/author\/hist_8la_ad\/"}]}},"views":251,"amp_enabled":true,"_links":{"self":[{"href":"https:\/\/www.charles-de-flahaut.fr\/wordpress\/wp-json\/wp\/v2\/posts\/26717","targetHints":{"allow":["GET"]}}],"collection":[{"href":"https:\/\/www.charles-de-flahaut.fr\/wordpress\/wp-json\/wp\/v2\/posts"}],"about":[{"href":"https:\/\/www.charles-de-flahaut.fr\/wordpress\/wp-json\/wp\/v2\/types\/post"}],"author":[{"embeddable":true,"href":"https:\/\/www.charles-de-flahaut.fr\/wordpress\/wp-json\/wp\/v2\/users\/117"}],"replies":[{"embeddable":true,"href":"https:\/\/www.charles-de-flahaut.fr\/wordpress\/wp-json\/wp\/v2\/comments?post=26717"}],"version-history":[{"count":3,"href":"https:\/\/www.charles-de-flahaut.fr\/wordpress\/wp-json\/wp\/v2\/posts\/26717\/revisions"}],"predecessor-version":[{"id":56874,"href":"https:\/\/www.charles-de-flahaut.fr\/wordpress\/wp-json\/wp\/v2\/posts\/26717\/revisions\/56874"}],"wp:attachment":[{"href":"https:\/\/www.charles-de-flahaut.fr\/wordpress\/wp-json\/wp\/v2\/media?parent=26717"}],"wp:term":[{"taxonomy":"category","embeddable":true,"href":"https:\/\/www.charles-de-flahaut.fr\/wordpress\/wp-json\/wp\/v2\/categories?post=26717"},{"taxonomy":"post_tag","embeddable":true,"href":"https:\/\/www.charles-de-flahaut.fr\/wordpress\/wp-json\/wp\/v2\/tags?post=26717"}],"curies":[{"name":"wp","href":"https:\/\/api.w.org\/{rel}","templated":true}]}}