{"id":2037,"date":"2013-05-19T12:03:15","date_gmt":"2013-05-19T11:03:15","guid":{"rendered":"http:\/\/www.charles-de-flahaut.fr\/wordpress\/?p=2037"},"modified":"2024-01-24T19:02:03","modified_gmt":"2024-01-24T18:02:03","slug":"histoire-daltillac-correze","status":"publish","type":"post","link":"https:\/\/www.charles-de-flahaut.fr\/wordpress\/histoire-daltillac-correze\/","title":{"rendered":"Histoire d&rsquo;Altillac (Corr\u00e8ze)"},"content":{"rendered":"<p>Un nouveau site r\u00e9f\u00e9renc\u00e9 sur <a href=\"http:\/\/www.histoire-communes.jpflahaut.fr\/\" target=\"_blank\" rel=\"noopener\">Annuaire Histoire<\/a> :<\/p>\n<p><strong>Histoire d&rsquo;Altillac (Corr\u00e8ze)<\/strong><br \/>\n<a href=\"http:\/\/www.altillac.com\/index.php?option=com_content&amp;view=article&amp;id=47&amp;Itemid=2\" target=\"_blank\" rel=\"noopener\">http:\/\/www.altillac.com\/index.php?option=com_content&amp;view=article&amp;id=47&amp;Itemid=2<\/a><\/p>\n<p><a href=\"http:\/\/www.charles-de-flahaut.fr\/wordpress\/wp-content\/uploads\/2013\/05\/altillac.jpg\"><img loading=\"lazy\" decoding=\"async\" class=\"alignleft wp-image-2038\" title=\"altillac\" src=\"http:\/\/www.charles-de-flahaut.fr\/wordpress\/wp-content\/uploads\/2013\/05\/altillac.jpg\" alt=\"\" width=\"158\" height=\"210\" \/><\/a>Altillac (de son nom latin Altus Locus qui veut dire le haut lieu) se trouve situ\u00e9 pour une grande part de son territoire sur les bords de la Dordogne coulant en ce lieu \u00e0 une altitude de 140 m\u00e8tres.<\/p>\n<p>Altillac poss\u00e8de \u00e9galement deux \u00e9glises : l&rsquo;une \u00e0 Fontmerle et l&rsquo;autre dans le bourg m\u00eame d&rsquo;Altillac.<\/p>\n<p><em>(photo et extrait du site de la commune &#8230; <a href=\"http:\/\/www.altillac.com\/index.php?option=com_content&amp;view=article&amp;id=47&amp;Itemid=2\" target=\"_blank\" rel=\"noopener\">lire la suite<\/a>)<\/em><\/p>\n<p><a href=\"http:\/\/www.altillac.com\/index.php?option=com_content&amp;view=article&amp;id=49&amp;Itemid=48\" target=\"_blank\" rel=\"noopener\">Plus d&rsquo;informations sur le patrimoine d&rsquo;Altillac<\/a><br \/>\n<a href=\"http:\/\/track.effiliation.com\/servlet\/effi.click?id_compteur=12733160\" target=\"_blank\" rel=\"noopener\"><br \/>\n<img decoding=\"async\" src=\"http:\/\/track.effiliation.com\/servlet\/effi.show?id_compteur=12733160\" alt=\"pub\" border=\"0\" \/><br \/>\n<\/a><br \/>\n<a href=\"https:\/\/amzn.to\/3SuJrxv\" target=\"_blank\" rel=\"noopener\"><strong>Ouvrages sur la Corr\u00e8ze<\/strong><\/a><\/p>\n","protected":false},"excerpt":{"rendered":"<p>Un nouveau site r\u00e9f\u00e9renc\u00e9 sur Annuaire Histoire : Histoire d&rsquo;Altillac (Corr\u00e8ze) http:\/\/www.altillac.com\/index.php?option=com_content&amp;view=article&amp;id=47&amp;Itemid=2 Altillac (de son nom latin Altus Locus qui veut dire le haut lieu) se trouve situ\u00e9 pour une grande part de son territoire sur les bords de la Dordogne coulant en ce lieu \u00e0 une altitude de 140 m\u00e8tres. Altillac poss\u00e8de \u00e9galement deux &hellip; <\/p>\n<p><a class=\"more-link btn\" href=\"https:\/\/www.charles-de-flahaut.fr\/wordpress\/histoire-daltillac-correze\/\">Lire la suite<\/a><\/p>\n","protected":false},"author":1,"featured_media":0,"comment_status":"open","ping_status":"open","sticky":false,"template":"","format":"standard","meta":{"footnotes":""},"categories":[108,16,8],"tags":[],"class_list":["post-2037","post","type-post","status-publish","format-standard","hentry","category-19-correze","category-histoire-regionale","category-patrimoine","item-wrap"],"yoast_head":"<!-- This site is optimized with the Yoast SEO plugin v27.5 - https:\/\/yoast.com\/product\/yoast-seo-wordpress\/ -->\n<title>Histoire d&#039;Altillac (Corr\u00e8ze) - Histoire de France - Communiqu\u00e9s<\/title>\n<meta name=\"description\" content=\"Altillac (de son nom latin Altus Locus qui veut dire le haut lieu) se trouve situ\u00e9 pour une grande part de son territoire\" \/>\n<meta name=\"robots\" content=\"index, follow, max-snippet:-1, max-image-preview:large, max-video-preview:-1\" \/>\n<link rel=\"canonical\" href=\"https:\/\/www.charles-de-flahaut.fr\/wordpress\/histoire-daltillac-correze\/\" \/>\n<meta property=\"og:locale\" content=\"fr_FR\" \/>\n<meta property=\"og:type\" content=\"article\" \/>\n<meta property=\"og:title\" content=\"Histoire d&#039;Altillac (Corr\u00e8ze) - Histoire de France - Communiqu\u00e9s\" \/>\n<meta property=\"og:description\" content=\"Altillac (de son nom latin Altus Locus qui veut dire le haut lieu) se trouve situ\u00e9 pour une grande part de son territoire\" \/>\n<meta property=\"og:url\" content=\"https:\/\/www.charles-de-flahaut.fr\/wordpress\/histoire-daltillac-correze\/\" \/>\n<meta property=\"og:site_name\" content=\"Histoire de France - Communiqu\u00e9s\" \/>\n<meta property=\"article:publisher\" content=\"https:\/\/www.facebook.com\/Sites.HistoiredeFrance\" \/>\n<meta property=\"article:author\" content=\"https:\/\/www.facebook.com\/Sites.HistoiredeFrance\" \/>\n<meta property=\"article:published_time\" content=\"2013-05-19T11:03:15+00:00\" \/>\n<meta property=\"article:modified_time\" content=\"2024-01-24T18:02:03+00:00\" \/>\n<meta property=\"og:image\" content=\"http:\/\/www.charles-de-flahaut.fr\/wordpress\/wp-content\/uploads\/2013\/05\/altillac.jpg\" \/>\n<meta name=\"author\" content=\"administrateur\" \/>\n<meta name=\"twitter:card\" content=\"summary_large_image\" \/>\n<meta name=\"twitter:label1\" content=\"\u00c9crit par\" \/>\n\t<meta name=\"twitter:data1\" content=\"administrateur\" \/>\n\t<meta name=\"twitter:label2\" content=\"Dur\u00e9e de lecture estim\u00e9e\" \/>\n\t<meta name=\"twitter:data2\" content=\"1 minute\" \/>\n<script type=\"application\/ld+json\" class=\"yoast-schema-graph\">{\"@context\":\"https:\\\/\\\/schema.org\",\"@graph\":[{\"@type\":\"Article\",\"@id\":\"https:\\\/\\\/www.charles-de-flahaut.fr\\\/wordpress\\\/histoire-daltillac-correze\\\/#article\",\"isPartOf\":{\"@id\":\"https:\\\/\\\/www.charles-de-flahaut.fr\\\/wordpress\\\/histoire-daltillac-correze\\\/\"},\"author\":{\"name\":\"administrateur\",\"@id\":\"https:\\\/\\\/www.charles-de-flahaut.fr\\\/wordpress\\\/#\\\/schema\\\/person\\\/81011c8b61bc74c05499365a506d49a9\"},\"headline\":\"Histoire d&rsquo;Altillac (Corr\u00e8ze)\",\"datePublished\":\"2013-05-19T11:03:15+00:00\",\"dateModified\":\"2024-01-24T18:02:03+00:00\",\"mainEntityOfPage\":{\"@id\":\"https:\\\/\\\/www.charles-de-flahaut.fr\\\/wordpress\\\/histoire-daltillac-correze\\\/\"},\"wordCount\":116,\"commentCount\":0,\"publisher\":{\"@id\":\"https:\\\/\\\/www.charles-de-flahaut.fr\\\/wordpress\\\/#\\\/schema\\\/person\\\/81011c8b61bc74c05499365a506d49a9\"},\"image\":{\"@id\":\"https:\\\/\\\/www.charles-de-flahaut.fr\\\/wordpress\\\/histoire-daltillac-correze\\\/#primaryimage\"},\"thumbnailUrl\":\"http:\\\/\\\/www.charles-de-flahaut.fr\\\/wordpress\\\/wp-content\\\/uploads\\\/2013\\\/05\\\/altillac.jpg\",\"articleSection\":[\"19 - Corr\u00e8ze\",\"histoire locale\",\"patrimoine\"],\"inLanguage\":\"fr-FR\",\"potentialAction\":[{\"@type\":\"CommentAction\",\"name\":\"Comment\",\"target\":[\"https:\\\/\\\/www.charles-de-flahaut.fr\\\/wordpress\\\/histoire-daltillac-correze\\\/#respond\"]}]},{\"@type\":\"WebPage\",\"@id\":\"https:\\\/\\\/www.charles-de-flahaut.fr\\\/wordpress\\\/histoire-daltillac-correze\\\/\",\"url\":\"https:\\\/\\\/www.charles-de-flahaut.fr\\\/wordpress\\\/histoire-daltillac-correze\\\/\",\"name\":\"Histoire d'Altillac (Corr\u00e8ze) - Histoire de France - Communiqu\u00e9s\",\"isPartOf\":{\"@id\":\"https:\\\/\\\/www.charles-de-flahaut.fr\\\/wordpress\\\/#website\"},\"primaryImageOfPage\":{\"@id\":\"https:\\\/\\\/www.charles-de-flahaut.fr\\\/wordpress\\\/histoire-daltillac-correze\\\/#primaryimage\"},\"image\":{\"@id\":\"https:\\\/\\\/www.charles-de-flahaut.fr\\\/wordpress\\\/histoire-daltillac-correze\\\/#primaryimage\"},\"thumbnailUrl\":\"http:\\\/\\\/www.charles-de-flahaut.fr\\\/wordpress\\\/wp-content\\\/uploads\\\/2013\\\/05\\\/altillac.jpg\",\"datePublished\":\"2013-05-19T11:03:15+00:00\",\"dateModified\":\"2024-01-24T18:02:03+00:00\",\"description\":\"Altillac (de son nom latin Altus Locus qui veut dire le haut lieu) se trouve situ\u00e9 pour une grande part de son territoire\",\"breadcrumb\":{\"@id\":\"https:\\\/\\\/www.charles-de-flahaut.fr\\\/wordpress\\\/histoire-daltillac-correze\\\/#breadcrumb\"},\"inLanguage\":\"fr-FR\",\"potentialAction\":[{\"@type\":\"ReadAction\",\"target\":[\"https:\\\/\\\/www.charles-de-flahaut.fr\\\/wordpress\\\/histoire-daltillac-correze\\\/\"]}]},{\"@type\":\"ImageObject\",\"inLanguage\":\"fr-FR\",\"@id\":\"https:\\\/\\\/www.charles-de-flahaut.fr\\\/wordpress\\\/histoire-daltillac-correze\\\/#primaryimage\",\"url\":\"http:\\\/\\\/www.charles-de-flahaut.fr\\\/wordpress\\\/wp-content\\\/uploads\\\/2013\\\/05\\\/altillac.jpg\",\"contentUrl\":\"http:\\\/\\\/www.charles-de-flahaut.fr\\\/wordpress\\\/wp-content\\\/uploads\\\/2013\\\/05\\\/altillac.jpg\"},{\"@type\":\"BreadcrumbList\",\"@id\":\"https:\\\/\\\/www.charles-de-flahaut.fr\\\/wordpress\\\/histoire-daltillac-correze\\\/#breadcrumb\",\"itemListElement\":[{\"@type\":\"ListItem\",\"position\":1,\"name\":\"Accueil\",\"item\":\"https:\\\/\\\/www.charles-de-flahaut.fr\\\/wordpress\\\/\"},{\"@type\":\"ListItem\",\"position\":2,\"name\":\"Histoire d&#8217;Altillac (Corr\u00e8ze)\"}]},{\"@type\":\"WebSite\",\"@id\":\"https:\\\/\\\/www.charles-de-flahaut.fr\\\/wordpress\\\/#website\",\"url\":\"https:\\\/\\\/www.charles-de-flahaut.fr\\\/wordpress\\\/\",\"name\":\"Histoire de France - Communiqu\u00e9s\",\"description\":\"Histoire et patrimoine\",\"publisher\":{\"@id\":\"https:\\\/\\\/www.charles-de-flahaut.fr\\\/wordpress\\\/#\\\/schema\\\/person\\\/81011c8b61bc74c05499365a506d49a9\"},\"potentialAction\":[{\"@type\":\"SearchAction\",\"target\":{\"@type\":\"EntryPoint\",\"urlTemplate\":\"https:\\\/\\\/www.charles-de-flahaut.fr\\\/wordpress\\\/?s={search_term_string}\"},\"query-input\":{\"@type\":\"PropertyValueSpecification\",\"valueRequired\":true,\"valueName\":\"search_term_string\"}}],\"inLanguage\":\"fr-FR\"},{\"@type\":[\"Person\",\"Organization\"],\"@id\":\"https:\\\/\\\/www.charles-de-flahaut.fr\\\/wordpress\\\/#\\\/schema\\\/person\\\/81011c8b61bc74c05499365a506d49a9\",\"name\":\"administrateur\",\"logo\":{\"@id\":\"https:\\\/\\\/www.charles-de-flahaut.fr\\\/wordpress\\\/#\\\/schema\\\/person\\\/image\\\/\"},\"sameAs\":[\"http:\\\/\\\/www.charles-de-flahaut.fr\",\"https:\\\/\\\/www.facebook.com\\\/Sites.HistoiredeFrance\"],\"url\":\"https:\\\/\\\/www.charles-de-flahaut.fr\\\/wordpress\\\/author\\\/admin\\\/\"}]}<\/script>\n<!-- \/ Yoast SEO plugin. -->","yoast_head_json":{"title":"Histoire d'Altillac (Corr\u00e8ze) - Histoire de France - Communiqu\u00e9s","description":"Altillac (de son nom latin Altus Locus qui veut dire le haut lieu) se trouve situ\u00e9 pour une grande part de son territoire","robots":{"index":"index","follow":"follow","max-snippet":"max-snippet:-1","max-image-preview":"max-image-preview:large","max-video-preview":"max-video-preview:-1"},"canonical":"https:\/\/www.charles-de-flahaut.fr\/wordpress\/histoire-daltillac-correze\/","og_locale":"fr_FR","og_type":"article","og_title":"Histoire d'Altillac (Corr\u00e8ze) - Histoire de France - Communiqu\u00e9s","og_description":"Altillac (de son nom latin Altus Locus qui veut dire le haut lieu) se trouve situ\u00e9 pour une grande part de son territoire","og_url":"https:\/\/www.charles-de-flahaut.fr\/wordpress\/histoire-daltillac-correze\/","og_site_name":"Histoire de France - Communiqu\u00e9s","article_publisher":"https:\/\/www.facebook.com\/Sites.HistoiredeFrance","article_author":"https:\/\/www.facebook.com\/Sites.HistoiredeFrance","article_published_time":"2013-05-19T11:03:15+00:00","article_modified_time":"2024-01-24T18:02:03+00:00","og_image":[{"url":"http:\/\/www.charles-de-flahaut.fr\/wordpress\/wp-content\/uploads\/2013\/05\/altillac.jpg","type":"","width":"","height":""}],"author":"administrateur","twitter_card":"summary_large_image","twitter_misc":{"\u00c9crit par":"administrateur","Dur\u00e9e de lecture estim\u00e9e":"1 minute"},"schema":{"@context":"https:\/\/schema.org","@graph":[{"@type":"Article","@id":"https:\/\/www.charles-de-flahaut.fr\/wordpress\/histoire-daltillac-correze\/#article","isPartOf":{"@id":"https:\/\/www.charles-de-flahaut.fr\/wordpress\/histoire-daltillac-correze\/"},"author":{"name":"administrateur","@id":"https:\/\/www.charles-de-flahaut.fr\/wordpress\/#\/schema\/person\/81011c8b61bc74c05499365a506d49a9"},"headline":"Histoire d&rsquo;Altillac (Corr\u00e8ze)","datePublished":"2013-05-19T11:03:15+00:00","dateModified":"2024-01-24T18:02:03+00:00","mainEntityOfPage":{"@id":"https:\/\/www.charles-de-flahaut.fr\/wordpress\/histoire-daltillac-correze\/"},"wordCount":116,"commentCount":0,"publisher":{"@id":"https:\/\/www.charles-de-flahaut.fr\/wordpress\/#\/schema\/person\/81011c8b61bc74c05499365a506d49a9"},"image":{"@id":"https:\/\/www.charles-de-flahaut.fr\/wordpress\/histoire-daltillac-correze\/#primaryimage"},"thumbnailUrl":"http:\/\/www.charles-de-flahaut.fr\/wordpress\/wp-content\/uploads\/2013\/05\/altillac.jpg","articleSection":["19 - Corr\u00e8ze","histoire locale","patrimoine"],"inLanguage":"fr-FR","potentialAction":[{"@type":"CommentAction","name":"Comment","target":["https:\/\/www.charles-de-flahaut.fr\/wordpress\/histoire-daltillac-correze\/#respond"]}]},{"@type":"WebPage","@id":"https:\/\/www.charles-de-flahaut.fr\/wordpress\/histoire-daltillac-correze\/","url":"https:\/\/www.charles-de-flahaut.fr\/wordpress\/histoire-daltillac-correze\/","name":"Histoire d'Altillac (Corr\u00e8ze) - Histoire de France - Communiqu\u00e9s","isPartOf":{"@id":"https:\/\/www.charles-de-flahaut.fr\/wordpress\/#website"},"primaryImageOfPage":{"@id":"https:\/\/www.charles-de-flahaut.fr\/wordpress\/histoire-daltillac-correze\/#primaryimage"},"image":{"@id":"https:\/\/www.charles-de-flahaut.fr\/wordpress\/histoire-daltillac-correze\/#primaryimage"},"thumbnailUrl":"http:\/\/www.charles-de-flahaut.fr\/wordpress\/wp-content\/uploads\/2013\/05\/altillac.jpg","datePublished":"2013-05-19T11:03:15+00:00","dateModified":"2024-01-24T18:02:03+00:00","description":"Altillac (de son nom latin Altus Locus qui veut dire le haut lieu) se trouve situ\u00e9 pour une grande part de son territoire","breadcrumb":{"@id":"https:\/\/www.charles-de-flahaut.fr\/wordpress\/histoire-daltillac-correze\/#breadcrumb"},"inLanguage":"fr-FR","potentialAction":[{"@type":"ReadAction","target":["https:\/\/www.charles-de-flahaut.fr\/wordpress\/histoire-daltillac-correze\/"]}]},{"@type":"ImageObject","inLanguage":"fr-FR","@id":"https:\/\/www.charles-de-flahaut.fr\/wordpress\/histoire-daltillac-correze\/#primaryimage","url":"http:\/\/www.charles-de-flahaut.fr\/wordpress\/wp-content\/uploads\/2013\/05\/altillac.jpg","contentUrl":"http:\/\/www.charles-de-flahaut.fr\/wordpress\/wp-content\/uploads\/2013\/05\/altillac.jpg"},{"@type":"BreadcrumbList","@id":"https:\/\/www.charles-de-flahaut.fr\/wordpress\/histoire-daltillac-correze\/#breadcrumb","itemListElement":[{"@type":"ListItem","position":1,"name":"Accueil","item":"https:\/\/www.charles-de-flahaut.fr\/wordpress\/"},{"@type":"ListItem","position":2,"name":"Histoire d&#8217;Altillac (Corr\u00e8ze)"}]},{"@type":"WebSite","@id":"https:\/\/www.charles-de-flahaut.fr\/wordpress\/#website","url":"https:\/\/www.charles-de-flahaut.fr\/wordpress\/","name":"Histoire de France - Communiqu\u00e9s","description":"Histoire et patrimoine","publisher":{"@id":"https:\/\/www.charles-de-flahaut.fr\/wordpress\/#\/schema\/person\/81011c8b61bc74c05499365a506d49a9"},"potentialAction":[{"@type":"SearchAction","target":{"@type":"EntryPoint","urlTemplate":"https:\/\/www.charles-de-flahaut.fr\/wordpress\/?s={search_term_string}"},"query-input":{"@type":"PropertyValueSpecification","valueRequired":true,"valueName":"search_term_string"}}],"inLanguage":"fr-FR"},{"@type":["Person","Organization"],"@id":"https:\/\/www.charles-de-flahaut.fr\/wordpress\/#\/schema\/person\/81011c8b61bc74c05499365a506d49a9","name":"administrateur","logo":{"@id":"https:\/\/www.charles-de-flahaut.fr\/wordpress\/#\/schema\/person\/image\/"},"sameAs":["http:\/\/www.charles-de-flahaut.fr","https:\/\/www.facebook.com\/Sites.HistoiredeFrance"],"url":"https:\/\/www.charles-de-flahaut.fr\/wordpress\/author\/admin\/"}]}},"views":1055,"amp_enabled":true,"_links":{"self":[{"href":"https:\/\/www.charles-de-flahaut.fr\/wordpress\/wp-json\/wp\/v2\/posts\/2037","targetHints":{"allow":["GET"]}}],"collection":[{"href":"https:\/\/www.charles-de-flahaut.fr\/wordpress\/wp-json\/wp\/v2\/posts"}],"about":[{"href":"https:\/\/www.charles-de-flahaut.fr\/wordpress\/wp-json\/wp\/v2\/types\/post"}],"author":[{"embeddable":true,"href":"https:\/\/www.charles-de-flahaut.fr\/wordpress\/wp-json\/wp\/v2\/users\/1"}],"replies":[{"embeddable":true,"href":"https:\/\/www.charles-de-flahaut.fr\/wordpress\/wp-json\/wp\/v2\/comments?post=2037"}],"version-history":[{"count":9,"href":"https:\/\/www.charles-de-flahaut.fr\/wordpress\/wp-json\/wp\/v2\/posts\/2037\/revisions"}],"predecessor-version":[{"id":95247,"href":"https:\/\/www.charles-de-flahaut.fr\/wordpress\/wp-json\/wp\/v2\/posts\/2037\/revisions\/95247"}],"wp:attachment":[{"href":"https:\/\/www.charles-de-flahaut.fr\/wordpress\/wp-json\/wp\/v2\/media?parent=2037"}],"wp:term":[{"taxonomy":"category","embeddable":true,"href":"https:\/\/www.charles-de-flahaut.fr\/wordpress\/wp-json\/wp\/v2\/categories?post=2037"},{"taxonomy":"post_tag","embeddable":true,"href":"https:\/\/www.charles-de-flahaut.fr\/wordpress\/wp-json\/wp\/v2\/tags?post=2037"}],"curies":[{"name":"wp","href":"https:\/\/api.w.org\/{rel}","templated":true}]}}