{"id":1747,"date":"2013-05-03T08:18:54","date_gmt":"2013-05-03T07:18:54","guid":{"rendered":"http:\/\/www.charles-de-flahaut.fr\/wordpress\/?p=1747"},"modified":"2024-01-22T09:19:23","modified_gmt":"2024-01-22T08:19:23","slug":"le-logis-de-la-chabotterie-la-guerre-de-vendee","status":"publish","type":"post","link":"https:\/\/www.charles-de-flahaut.fr\/wordpress\/le-logis-de-la-chabotterie-la-guerre-de-vendee\/","title":{"rendered":"Le Logis de la Chabotterie &#8211; La Guerre de Vend\u00e9e"},"content":{"rendered":"<p><em>un nouveau site r\u00e9f\u00e9renc\u00e9 sur <a href=\"http:\/\/www.histoire-communes.jpflahaut.fr\/\" target=\"_blank\" rel=\"noopener\">Histoire et patrimoine des villes et villages de France<\/a><\/em>\u00a0:<\/p>\n<p><strong>Le Logis de la Chabotterie &#8211; La Guerre de Vend\u00e9e<\/strong><br \/>\n<a href=\"https:\/\/www.facebook.com\/Logis.de.la.Chabotterie?ref=tn_tnmn\" target=\"_blank\" rel=\"noopener\">https:\/\/www.facebook.com\/Logis.de.la.Chabotterie?ref=tn_tnmn<\/a><\/p>\n<p><a href=\"http:\/\/www.charles-de-flahaut.fr\/wordpress\/wp-content\/uploads\/2013\/05\/chabotterie.jpg\"><img loading=\"lazy\" decoding=\"async\" class=\"alignleft size-full wp-image-1748\" title=\"chabotterie\" src=\"http:\/\/www.charles-de-flahaut.fr\/wordpress\/wp-content\/uploads\/2013\/05\/chabotterie.jpg\" alt=\"\" width=\"160\" height=\"160\" srcset=\"https:\/\/www.charles-de-flahaut.fr\/wordpress\/wp-content\/uploads\/2013\/05\/chabotterie.jpg 160w, https:\/\/www.charles-de-flahaut.fr\/wordpress\/wp-content\/uploads\/2013\/05\/chabotterie-150x150.jpg 150w\" sizes=\"auto, (max-width: 160px) 100vw, 160px\" \/><\/a>L\u2019esprit de la Vend\u00e9e souffle \u00e0 la Chabotterie, lieu de m\u00e9moire et d\u2019histoire par excellence du d\u00e9partement.<\/p>\n<p>La Chabotterie est l\u2019un des plus beaux exemples de logis bas-poitevin.<br \/>\nLa visite du site offre une vue panoramique sur la guerre de Vend\u00e9e.<\/p>\n<p><a href=\"https:\/\/amzn.to\/3vG5E2R\" target=\"_blank\" rel=\"noopener\"><strong>Ouvrages sur la Vend\u00e9e<\/strong><\/a><\/p>\n","protected":false},"excerpt":{"rendered":"<p>un nouveau site r\u00e9f\u00e9renc\u00e9 sur Histoire et patrimoine des villes et villages de France\u00a0: Le Logis de la Chabotterie &#8211; La Guerre de Vend\u00e9e https:\/\/www.facebook.com\/Logis.de.la.Chabotterie?ref=tn_tnmn L\u2019esprit de la Vend\u00e9e souffle \u00e0 la Chabotterie, lieu de m\u00e9moire et d\u2019histoire par excellence du d\u00e9partement. La Chabotterie est l\u2019un des plus beaux exemples de logis bas-poitevin. La visite &hellip; <\/p>\n<p><a class=\"more-link btn\" href=\"https:\/\/www.charles-de-flahaut.fr\/wordpress\/le-logis-de-la-chabotterie-la-guerre-de-vendee\/\">Lire la suite<\/a><\/p>\n","protected":false},"author":1,"featured_media":0,"comment_status":"open","ping_status":"open","sticky":false,"template":"","format":"standard","meta":{"footnotes":""},"categories":[173,36,16,8],"tags":[],"class_list":["post-1747","post","type-post","status-publish","format-standard","hentry","category-85-vendee","category-arts-et-histoire","category-histoire-regionale","category-patrimoine","item-wrap"],"yoast_head":"<!-- This site is optimized with the Yoast SEO plugin v27.5 - https:\/\/yoast.com\/product\/yoast-seo-wordpress\/ -->\n<title>Le Logis de la Chabotterie - La Guerre de Vend\u00e9e - Histoire de France - Communiqu\u00e9s<\/title>\n<meta name=\"description\" content=\"L\u2019esprit de la Vend\u00e9e souffle \u00e0 la Chabotterie, lieu de m\u00e9moire et d\u2019histoire par excellence du d\u00e9partement.\" \/>\n<meta name=\"robots\" content=\"index, follow, max-snippet:-1, max-image-preview:large, max-video-preview:-1\" \/>\n<link rel=\"canonical\" href=\"https:\/\/www.charles-de-flahaut.fr\/wordpress\/le-logis-de-la-chabotterie-la-guerre-de-vendee\/\" \/>\n<meta property=\"og:locale\" content=\"fr_FR\" \/>\n<meta property=\"og:type\" content=\"article\" \/>\n<meta property=\"og:title\" content=\"Le Logis de la Chabotterie - La Guerre de Vend\u00e9e - Histoire de France - Communiqu\u00e9s\" \/>\n<meta property=\"og:description\" content=\"L\u2019esprit de la Vend\u00e9e souffle \u00e0 la Chabotterie, lieu de m\u00e9moire et d\u2019histoire par excellence du d\u00e9partement.\" \/>\n<meta property=\"og:url\" content=\"https:\/\/www.charles-de-flahaut.fr\/wordpress\/le-logis-de-la-chabotterie-la-guerre-de-vendee\/\" \/>\n<meta property=\"og:site_name\" content=\"Histoire de France - Communiqu\u00e9s\" \/>\n<meta property=\"article:publisher\" content=\"https:\/\/www.facebook.com\/Sites.HistoiredeFrance\" \/>\n<meta property=\"article:author\" content=\"https:\/\/www.facebook.com\/Sites.HistoiredeFrance\" \/>\n<meta property=\"article:published_time\" content=\"2013-05-03T07:18:54+00:00\" \/>\n<meta property=\"article:modified_time\" content=\"2024-01-22T08:19:23+00:00\" \/>\n<meta property=\"og:image\" content=\"http:\/\/www.charles-de-flahaut.fr\/wordpress\/wp-content\/uploads\/2013\/05\/chabotterie.jpg\" \/>\n<meta name=\"author\" content=\"administrateur\" \/>\n<meta name=\"twitter:card\" content=\"summary_large_image\" \/>\n<meta name=\"twitter:label1\" content=\"\u00c9crit par\" \/>\n\t<meta name=\"twitter:data1\" content=\"administrateur\" \/>\n\t<meta name=\"twitter:label2\" content=\"Dur\u00e9e de lecture estim\u00e9e\" \/>\n\t<meta name=\"twitter:data2\" content=\"1 minute\" \/>\n<script type=\"application\/ld+json\" class=\"yoast-schema-graph\">{\"@context\":\"https:\\\/\\\/schema.org\",\"@graph\":[{\"@type\":\"Article\",\"@id\":\"https:\\\/\\\/www.charles-de-flahaut.fr\\\/wordpress\\\/le-logis-de-la-chabotterie-la-guerre-de-vendee\\\/#article\",\"isPartOf\":{\"@id\":\"https:\\\/\\\/www.charles-de-flahaut.fr\\\/wordpress\\\/le-logis-de-la-chabotterie-la-guerre-de-vendee\\\/\"},\"author\":{\"name\":\"administrateur\",\"@id\":\"https:\\\/\\\/www.charles-de-flahaut.fr\\\/wordpress\\\/#\\\/schema\\\/person\\\/81011c8b61bc74c05499365a506d49a9\"},\"headline\":\"Le Logis de la Chabotterie &#8211; La Guerre de Vend\u00e9e\",\"datePublished\":\"2013-05-03T07:18:54+00:00\",\"dateModified\":\"2024-01-22T08:19:23+00:00\",\"mainEntityOfPage\":{\"@id\":\"https:\\\/\\\/www.charles-de-flahaut.fr\\\/wordpress\\\/le-logis-de-la-chabotterie-la-guerre-de-vendee\\\/\"},\"wordCount\":101,\"commentCount\":0,\"publisher\":{\"@id\":\"https:\\\/\\\/www.charles-de-flahaut.fr\\\/wordpress\\\/#\\\/schema\\\/person\\\/81011c8b61bc74c05499365a506d49a9\"},\"image\":{\"@id\":\"https:\\\/\\\/www.charles-de-flahaut.fr\\\/wordpress\\\/le-logis-de-la-chabotterie-la-guerre-de-vendee\\\/#primaryimage\"},\"thumbnailUrl\":\"http:\\\/\\\/www.charles-de-flahaut.fr\\\/wordpress\\\/wp-content\\\/uploads\\\/2013\\\/05\\\/chabotterie.jpg\",\"articleSection\":[\"85 - Vend\u00e9e\",\"arts et histoire\",\"histoire locale\",\"patrimoine\"],\"inLanguage\":\"fr-FR\",\"potentialAction\":[{\"@type\":\"CommentAction\",\"name\":\"Comment\",\"target\":[\"https:\\\/\\\/www.charles-de-flahaut.fr\\\/wordpress\\\/le-logis-de-la-chabotterie-la-guerre-de-vendee\\\/#respond\"]}]},{\"@type\":\"WebPage\",\"@id\":\"https:\\\/\\\/www.charles-de-flahaut.fr\\\/wordpress\\\/le-logis-de-la-chabotterie-la-guerre-de-vendee\\\/\",\"url\":\"https:\\\/\\\/www.charles-de-flahaut.fr\\\/wordpress\\\/le-logis-de-la-chabotterie-la-guerre-de-vendee\\\/\",\"name\":\"Le Logis de la Chabotterie - La Guerre de Vend\u00e9e - Histoire de France - Communiqu\u00e9s\",\"isPartOf\":{\"@id\":\"https:\\\/\\\/www.charles-de-flahaut.fr\\\/wordpress\\\/#website\"},\"primaryImageOfPage\":{\"@id\":\"https:\\\/\\\/www.charles-de-flahaut.fr\\\/wordpress\\\/le-logis-de-la-chabotterie-la-guerre-de-vendee\\\/#primaryimage\"},\"image\":{\"@id\":\"https:\\\/\\\/www.charles-de-flahaut.fr\\\/wordpress\\\/le-logis-de-la-chabotterie-la-guerre-de-vendee\\\/#primaryimage\"},\"thumbnailUrl\":\"http:\\\/\\\/www.charles-de-flahaut.fr\\\/wordpress\\\/wp-content\\\/uploads\\\/2013\\\/05\\\/chabotterie.jpg\",\"datePublished\":\"2013-05-03T07:18:54+00:00\",\"dateModified\":\"2024-01-22T08:19:23+00:00\",\"description\":\"L\u2019esprit de la Vend\u00e9e souffle \u00e0 la Chabotterie, lieu de m\u00e9moire et d\u2019histoire par excellence du d\u00e9partement.\",\"breadcrumb\":{\"@id\":\"https:\\\/\\\/www.charles-de-flahaut.fr\\\/wordpress\\\/le-logis-de-la-chabotterie-la-guerre-de-vendee\\\/#breadcrumb\"},\"inLanguage\":\"fr-FR\",\"potentialAction\":[{\"@type\":\"ReadAction\",\"target\":[\"https:\\\/\\\/www.charles-de-flahaut.fr\\\/wordpress\\\/le-logis-de-la-chabotterie-la-guerre-de-vendee\\\/\"]}]},{\"@type\":\"ImageObject\",\"inLanguage\":\"fr-FR\",\"@id\":\"https:\\\/\\\/www.charles-de-flahaut.fr\\\/wordpress\\\/le-logis-de-la-chabotterie-la-guerre-de-vendee\\\/#primaryimage\",\"url\":\"http:\\\/\\\/www.charles-de-flahaut.fr\\\/wordpress\\\/wp-content\\\/uploads\\\/2013\\\/05\\\/chabotterie.jpg\",\"contentUrl\":\"http:\\\/\\\/www.charles-de-flahaut.fr\\\/wordpress\\\/wp-content\\\/uploads\\\/2013\\\/05\\\/chabotterie.jpg\"},{\"@type\":\"BreadcrumbList\",\"@id\":\"https:\\\/\\\/www.charles-de-flahaut.fr\\\/wordpress\\\/le-logis-de-la-chabotterie-la-guerre-de-vendee\\\/#breadcrumb\",\"itemListElement\":[{\"@type\":\"ListItem\",\"position\":1,\"name\":\"Accueil\",\"item\":\"https:\\\/\\\/www.charles-de-flahaut.fr\\\/wordpress\\\/\"},{\"@type\":\"ListItem\",\"position\":2,\"name\":\"Le Logis de la Chabotterie &#8211; La Guerre de Vend\u00e9e\"}]},{\"@type\":\"WebSite\",\"@id\":\"https:\\\/\\\/www.charles-de-flahaut.fr\\\/wordpress\\\/#website\",\"url\":\"https:\\\/\\\/www.charles-de-flahaut.fr\\\/wordpress\\\/\",\"name\":\"Histoire de France - Communiqu\u00e9s\",\"description\":\"Histoire et patrimoine\",\"publisher\":{\"@id\":\"https:\\\/\\\/www.charles-de-flahaut.fr\\\/wordpress\\\/#\\\/schema\\\/person\\\/81011c8b61bc74c05499365a506d49a9\"},\"potentialAction\":[{\"@type\":\"SearchAction\",\"target\":{\"@type\":\"EntryPoint\",\"urlTemplate\":\"https:\\\/\\\/www.charles-de-flahaut.fr\\\/wordpress\\\/?s={search_term_string}\"},\"query-input\":{\"@type\":\"PropertyValueSpecification\",\"valueRequired\":true,\"valueName\":\"search_term_string\"}}],\"inLanguage\":\"fr-FR\"},{\"@type\":[\"Person\",\"Organization\"],\"@id\":\"https:\\\/\\\/www.charles-de-flahaut.fr\\\/wordpress\\\/#\\\/schema\\\/person\\\/81011c8b61bc74c05499365a506d49a9\",\"name\":\"administrateur\",\"logo\":{\"@id\":\"https:\\\/\\\/www.charles-de-flahaut.fr\\\/wordpress\\\/#\\\/schema\\\/person\\\/image\\\/\"},\"sameAs\":[\"http:\\\/\\\/www.charles-de-flahaut.fr\",\"https:\\\/\\\/www.facebook.com\\\/Sites.HistoiredeFrance\"],\"url\":\"https:\\\/\\\/www.charles-de-flahaut.fr\\\/wordpress\\\/author\\\/admin\\\/\"}]}<\/script>\n<!-- \/ Yoast SEO plugin. -->","yoast_head_json":{"title":"Le Logis de la Chabotterie - La Guerre de Vend\u00e9e - Histoire de France - Communiqu\u00e9s","description":"L\u2019esprit de la Vend\u00e9e souffle \u00e0 la Chabotterie, lieu de m\u00e9moire et d\u2019histoire par excellence du d\u00e9partement.","robots":{"index":"index","follow":"follow","max-snippet":"max-snippet:-1","max-image-preview":"max-image-preview:large","max-video-preview":"max-video-preview:-1"},"canonical":"https:\/\/www.charles-de-flahaut.fr\/wordpress\/le-logis-de-la-chabotterie-la-guerre-de-vendee\/","og_locale":"fr_FR","og_type":"article","og_title":"Le Logis de la Chabotterie - La Guerre de Vend\u00e9e - Histoire de France - Communiqu\u00e9s","og_description":"L\u2019esprit de la Vend\u00e9e souffle \u00e0 la Chabotterie, lieu de m\u00e9moire et d\u2019histoire par excellence du d\u00e9partement.","og_url":"https:\/\/www.charles-de-flahaut.fr\/wordpress\/le-logis-de-la-chabotterie-la-guerre-de-vendee\/","og_site_name":"Histoire de France - Communiqu\u00e9s","article_publisher":"https:\/\/www.facebook.com\/Sites.HistoiredeFrance","article_author":"https:\/\/www.facebook.com\/Sites.HistoiredeFrance","article_published_time":"2013-05-03T07:18:54+00:00","article_modified_time":"2024-01-22T08:19:23+00:00","og_image":[{"url":"http:\/\/www.charles-de-flahaut.fr\/wordpress\/wp-content\/uploads\/2013\/05\/chabotterie.jpg","type":"","width":"","height":""}],"author":"administrateur","twitter_card":"summary_large_image","twitter_misc":{"\u00c9crit par":"administrateur","Dur\u00e9e de lecture estim\u00e9e":"1 minute"},"schema":{"@context":"https:\/\/schema.org","@graph":[{"@type":"Article","@id":"https:\/\/www.charles-de-flahaut.fr\/wordpress\/le-logis-de-la-chabotterie-la-guerre-de-vendee\/#article","isPartOf":{"@id":"https:\/\/www.charles-de-flahaut.fr\/wordpress\/le-logis-de-la-chabotterie-la-guerre-de-vendee\/"},"author":{"name":"administrateur","@id":"https:\/\/www.charles-de-flahaut.fr\/wordpress\/#\/schema\/person\/81011c8b61bc74c05499365a506d49a9"},"headline":"Le Logis de la Chabotterie &#8211; La Guerre de Vend\u00e9e","datePublished":"2013-05-03T07:18:54+00:00","dateModified":"2024-01-22T08:19:23+00:00","mainEntityOfPage":{"@id":"https:\/\/www.charles-de-flahaut.fr\/wordpress\/le-logis-de-la-chabotterie-la-guerre-de-vendee\/"},"wordCount":101,"commentCount":0,"publisher":{"@id":"https:\/\/www.charles-de-flahaut.fr\/wordpress\/#\/schema\/person\/81011c8b61bc74c05499365a506d49a9"},"image":{"@id":"https:\/\/www.charles-de-flahaut.fr\/wordpress\/le-logis-de-la-chabotterie-la-guerre-de-vendee\/#primaryimage"},"thumbnailUrl":"http:\/\/www.charles-de-flahaut.fr\/wordpress\/wp-content\/uploads\/2013\/05\/chabotterie.jpg","articleSection":["85 - Vend\u00e9e","arts et histoire","histoire locale","patrimoine"],"inLanguage":"fr-FR","potentialAction":[{"@type":"CommentAction","name":"Comment","target":["https:\/\/www.charles-de-flahaut.fr\/wordpress\/le-logis-de-la-chabotterie-la-guerre-de-vendee\/#respond"]}]},{"@type":"WebPage","@id":"https:\/\/www.charles-de-flahaut.fr\/wordpress\/le-logis-de-la-chabotterie-la-guerre-de-vendee\/","url":"https:\/\/www.charles-de-flahaut.fr\/wordpress\/le-logis-de-la-chabotterie-la-guerre-de-vendee\/","name":"Le Logis de la Chabotterie - La Guerre de Vend\u00e9e - Histoire de France - Communiqu\u00e9s","isPartOf":{"@id":"https:\/\/www.charles-de-flahaut.fr\/wordpress\/#website"},"primaryImageOfPage":{"@id":"https:\/\/www.charles-de-flahaut.fr\/wordpress\/le-logis-de-la-chabotterie-la-guerre-de-vendee\/#primaryimage"},"image":{"@id":"https:\/\/www.charles-de-flahaut.fr\/wordpress\/le-logis-de-la-chabotterie-la-guerre-de-vendee\/#primaryimage"},"thumbnailUrl":"http:\/\/www.charles-de-flahaut.fr\/wordpress\/wp-content\/uploads\/2013\/05\/chabotterie.jpg","datePublished":"2013-05-03T07:18:54+00:00","dateModified":"2024-01-22T08:19:23+00:00","description":"L\u2019esprit de la Vend\u00e9e souffle \u00e0 la Chabotterie, lieu de m\u00e9moire et d\u2019histoire par excellence du d\u00e9partement.","breadcrumb":{"@id":"https:\/\/www.charles-de-flahaut.fr\/wordpress\/le-logis-de-la-chabotterie-la-guerre-de-vendee\/#breadcrumb"},"inLanguage":"fr-FR","potentialAction":[{"@type":"ReadAction","target":["https:\/\/www.charles-de-flahaut.fr\/wordpress\/le-logis-de-la-chabotterie-la-guerre-de-vendee\/"]}]},{"@type":"ImageObject","inLanguage":"fr-FR","@id":"https:\/\/www.charles-de-flahaut.fr\/wordpress\/le-logis-de-la-chabotterie-la-guerre-de-vendee\/#primaryimage","url":"http:\/\/www.charles-de-flahaut.fr\/wordpress\/wp-content\/uploads\/2013\/05\/chabotterie.jpg","contentUrl":"http:\/\/www.charles-de-flahaut.fr\/wordpress\/wp-content\/uploads\/2013\/05\/chabotterie.jpg"},{"@type":"BreadcrumbList","@id":"https:\/\/www.charles-de-flahaut.fr\/wordpress\/le-logis-de-la-chabotterie-la-guerre-de-vendee\/#breadcrumb","itemListElement":[{"@type":"ListItem","position":1,"name":"Accueil","item":"https:\/\/www.charles-de-flahaut.fr\/wordpress\/"},{"@type":"ListItem","position":2,"name":"Le Logis de la Chabotterie &#8211; La Guerre de Vend\u00e9e"}]},{"@type":"WebSite","@id":"https:\/\/www.charles-de-flahaut.fr\/wordpress\/#website","url":"https:\/\/www.charles-de-flahaut.fr\/wordpress\/","name":"Histoire de France - Communiqu\u00e9s","description":"Histoire et patrimoine","publisher":{"@id":"https:\/\/www.charles-de-flahaut.fr\/wordpress\/#\/schema\/person\/81011c8b61bc74c05499365a506d49a9"},"potentialAction":[{"@type":"SearchAction","target":{"@type":"EntryPoint","urlTemplate":"https:\/\/www.charles-de-flahaut.fr\/wordpress\/?s={search_term_string}"},"query-input":{"@type":"PropertyValueSpecification","valueRequired":true,"valueName":"search_term_string"}}],"inLanguage":"fr-FR"},{"@type":["Person","Organization"],"@id":"https:\/\/www.charles-de-flahaut.fr\/wordpress\/#\/schema\/person\/81011c8b61bc74c05499365a506d49a9","name":"administrateur","logo":{"@id":"https:\/\/www.charles-de-flahaut.fr\/wordpress\/#\/schema\/person\/image\/"},"sameAs":["http:\/\/www.charles-de-flahaut.fr","https:\/\/www.facebook.com\/Sites.HistoiredeFrance"],"url":"https:\/\/www.charles-de-flahaut.fr\/wordpress\/author\/admin\/"}]}},"views":381,"amp_enabled":true,"_links":{"self":[{"href":"https:\/\/www.charles-de-flahaut.fr\/wordpress\/wp-json\/wp\/v2\/posts\/1747","targetHints":{"allow":["GET"]}}],"collection":[{"href":"https:\/\/www.charles-de-flahaut.fr\/wordpress\/wp-json\/wp\/v2\/posts"}],"about":[{"href":"https:\/\/www.charles-de-flahaut.fr\/wordpress\/wp-json\/wp\/v2\/types\/post"}],"author":[{"embeddable":true,"href":"https:\/\/www.charles-de-flahaut.fr\/wordpress\/wp-json\/wp\/v2\/users\/1"}],"replies":[{"embeddable":true,"href":"https:\/\/www.charles-de-flahaut.fr\/wordpress\/wp-json\/wp\/v2\/comments?post=1747"}],"version-history":[{"count":8,"href":"https:\/\/www.charles-de-flahaut.fr\/wordpress\/wp-json\/wp\/v2\/posts\/1747\/revisions"}],"predecessor-version":[{"id":95042,"href":"https:\/\/www.charles-de-flahaut.fr\/wordpress\/wp-json\/wp\/v2\/posts\/1747\/revisions\/95042"}],"wp:attachment":[{"href":"https:\/\/www.charles-de-flahaut.fr\/wordpress\/wp-json\/wp\/v2\/media?parent=1747"}],"wp:term":[{"taxonomy":"category","embeddable":true,"href":"https:\/\/www.charles-de-flahaut.fr\/wordpress\/wp-json\/wp\/v2\/categories?post=1747"},{"taxonomy":"post_tag","embeddable":true,"href":"https:\/\/www.charles-de-flahaut.fr\/wordpress\/wp-json\/wp\/v2\/tags?post=1747"}],"curies":[{"name":"wp","href":"https:\/\/api.w.org\/{rel}","templated":true}]}}