{"id":16438,"date":"2015-11-02T09:33:17","date_gmt":"2015-11-02T08:33:17","guid":{"rendered":"http:\/\/www.charles-de-flahaut.fr\/wordpress\/?p=16438"},"modified":"2019-11-07T20:28:14","modified_gmt":"2019-11-07T19:28:14","slug":"histoire-et-patrimoine-de-brindas-rhone","status":"publish","type":"post","link":"https:\/\/www.charles-de-flahaut.fr\/wordpress\/histoire-et-patrimoine-de-brindas-rhone\/","title":{"rendered":"Histoire et patrimoine de Brindas (Rh\u00f4ne)"},"content":{"rendered":"<p><strong>Histoire et patrimoine de Brindas (Rh\u00f4ne)<\/strong><br \/>\n<a href=\"http:\/\/www.brindas.fr\/-Histoire-et-patrimoine-.html\" target=\"_blank\" rel=\"noopener noreferrer\">http:\/\/www.brindas.fr\/-Histoire-et-patrimoine-.html<\/a><\/p>\n<p style=\"text-align: justify;\"><em><a href=\"http:\/\/www.charles-de-flahaut.fr\/wordpress\/wp-content\/uploads\/2015\/11\/brindas69.jpg\"><img loading=\"lazy\" decoding=\"async\" class=\"alignleft size-full wp-image-16439\" src=\"http:\/\/www.charles-de-flahaut.fr\/wordpress\/wp-content\/uploads\/2015\/11\/brindas69.jpg\" alt=\"brindas69\" width=\"250\" height=\"166\"><\/a>un site r\u00e9f\u00e9renc\u00e9 sur le nouvel&nbsp;&nbsp;<a href=\"http:\/\/charles-de-flahaut.fr\/annuaire-histoire-communes\" target=\"_blank\" rel=\"noopener noreferrer\">Annuaire Historique des Communes de France<\/a><\/em><\/p>\n<p style=\"text-align: justify;\">La pr\u00e9sence av\u00e9r\u00e9e des celtes S\u00e9gusiaves dans les monts du lyonnais, le nom m\u00eame de Brindas, Briandas au moyen \u00e2ge, dont la racine Bri, signifie hauteur en celte, nous laisse penser que notre village a du \u00eatre cr\u00e9\u00e9 et occup\u00e9 par les celtes S\u00e9gusiaves, c\u2019est \u00e0 dire nos anc\u00eatres les gaulois vers 300 avant J.C&#8230;<br \/>\n<em>(image et extrait du site officiel de la commune &#8230; <a href=\"http:\/\/www.brindas.fr\/-Histoire-et-patrimoine-.html\" target=\"_blank\" rel=\"noopener noreferrer\">lire la suite<\/a>)<\/em><\/p>\n<p><iframe loading=\"lazy\" style=\"width: 120px; height: 240px;\" src=\"\/\/ws-eu.amazon-adsystem.com\/widgets\/q?ServiceVersion=20070822&amp;OneJS=1&amp;Operation=GetAdHtml&amp;MarketPlace=FR&amp;source=ac&amp;ref=tf_til&amp;ad_type=product_link&amp;tracking_id=charledeflaha-21&amp;marketplace=amazon&amp;region=FR&amp;placement=2700722965&amp;asins=2700722965&amp;linkId=&amp;show_border=true&amp;link_opens_in_new_window=true\" marginwidth=\"0\" marginheight=\"0\" scrolling=\"no\" width=\"300\" height=\"150\" frameborder=\"0\"><br \/>\n<\/iframe><iframe loading=\"lazy\" style=\"width: 120px; height: 240px;\" src=\"\/\/ws-eu.amazon-adsystem.com\/widgets\/q?ServiceVersion=20070822&amp;OneJS=1&amp;Operation=GetAdHtml&amp;MarketPlace=FR&amp;source=ac&amp;ref=tf_til&amp;ad_type=product_link&amp;tracking_id=charledeflaha-21&amp;marketplace=amazon&amp;region=FR&amp;placement=2879014379&amp;asins=2879014379&amp;linkId=&amp;show_border=true&amp;link_opens_in_new_window=true\" marginwidth=\"0\" marginheight=\"0\" scrolling=\"no\" width=\"300\" height=\"150\" frameborder=\"0\"><br \/>\n<\/iframe><iframe loading=\"lazy\" style=\"width: 120px; height: 240px;\" src=\"\/\/ws-eu.amazon-adsystem.com\/widgets\/q?ServiceVersion=20070822&amp;OneJS=1&amp;Operation=GetAdHtml&amp;MarketPlace=FR&amp;source=ac&amp;ref=tf_til&amp;ad_type=product_link&amp;tracking_id=charledeflaha-21&amp;marketplace=amazon&amp;region=FR&amp;placement=2357202408&amp;asins=2357202408&amp;linkId=&amp;show_border=true&amp;link_opens_in_new_window=true\" marginwidth=\"0\" marginheight=\"0\" scrolling=\"no\" width=\"300\" height=\"150\" frameborder=\"0\"><br \/>\n<\/iframe><\/p>\n","protected":false},"excerpt":{"rendered":"<p>Histoire et patrimoine de Brindas (Rh\u00f4ne) http:\/\/www.brindas.fr\/-Histoire-et-patrimoine-.html un site r\u00e9f\u00e9renc\u00e9 sur le nouvel&nbsp;&nbsp;Annuaire Historique des Communes de France La pr\u00e9sence av\u00e9r\u00e9e des celtes S\u00e9gusiaves dans les monts du lyonnais, le nom m\u00eame de Brindas, Briandas au moyen \u00e2ge, dont la racine Bri, signifie hauteur en celte, nous laisse penser que notre village a du \u00eatre &hellip; <\/p>\n<p><a class=\"more-link btn\" href=\"https:\/\/www.charles-de-flahaut.fr\/wordpress\/histoire-et-patrimoine-de-brindas-rhone\/\">Lire la suite<\/a><\/p>\n","protected":false},"author":117,"featured_media":0,"comment_status":"open","ping_status":"open","sticky":false,"template":"","format":"standard","meta":{"footnotes":""},"categories":[157,16,8],"tags":[],"class_list":["post-16438","post","type-post","status-publish","format-standard","hentry","category-69-rhone","category-histoire-regionale","category-patrimoine","item-wrap"],"yoast_head":"<!-- This site is optimized with the Yoast SEO plugin v27.5 - https:\/\/yoast.com\/product\/yoast-seo-wordpress\/ -->\n<title>Histoire et patrimoine de Brindas (Rh\u00f4ne) - Histoire de France - Communiqu\u00e9s<\/title>\n<meta name=\"robots\" content=\"index, follow, max-snippet:-1, max-image-preview:large, max-video-preview:-1\" \/>\n<link rel=\"canonical\" href=\"https:\/\/www.charles-de-flahaut.fr\/wordpress\/histoire-et-patrimoine-de-brindas-rhone\/\" \/>\n<meta property=\"og:locale\" content=\"fr_FR\" \/>\n<meta property=\"og:type\" content=\"article\" \/>\n<meta property=\"og:title\" content=\"Histoire et patrimoine de Brindas (Rh\u00f4ne) - Histoire de France - Communiqu\u00e9s\" \/>\n<meta property=\"og:description\" content=\"Histoire et patrimoine de Brindas (Rh\u00f4ne) http:\/\/www.brindas.fr\/-Histoire-et-patrimoine-.html un site r\u00e9f\u00e9renc\u00e9 sur le nouvel&nbsp;&nbsp;Annuaire Historique des Communes de France La pr\u00e9sence av\u00e9r\u00e9e des celtes S\u00e9gusiaves dans les monts du lyonnais, le nom m\u00eame de Brindas, Briandas au moyen \u00e2ge, dont la racine Bri, signifie hauteur en celte, nous laisse penser que notre village a du \u00eatre &hellip; Lire la suite\" \/>\n<meta property=\"og:url\" content=\"https:\/\/www.charles-de-flahaut.fr\/wordpress\/histoire-et-patrimoine-de-brindas-rhone\/\" \/>\n<meta property=\"og:site_name\" content=\"Histoire de France - Communiqu\u00e9s\" \/>\n<meta property=\"article:publisher\" content=\"https:\/\/www.facebook.com\/Sites.HistoiredeFrance\" \/>\n<meta property=\"article:published_time\" content=\"2015-11-02T08:33:17+00:00\" \/>\n<meta property=\"article:modified_time\" content=\"2019-11-07T19:28:14+00:00\" \/>\n<meta property=\"og:image\" content=\"http:\/\/www.charles-de-flahaut.fr\/wordpress\/wp-content\/uploads\/2015\/11\/brindas69.jpg\" \/>\n<meta name=\"author\" content=\"administrateur\" \/>\n<meta name=\"twitter:card\" content=\"summary_large_image\" \/>\n<meta name=\"twitter:label1\" content=\"\u00c9crit par\" \/>\n\t<meta name=\"twitter:data1\" content=\"administrateur\" \/>\n\t<meta name=\"twitter:label2\" content=\"Dur\u00e9e de lecture estim\u00e9e\" \/>\n\t<meta name=\"twitter:data2\" content=\"1 minute\" \/>\n<script type=\"application\/ld+json\" class=\"yoast-schema-graph\">{\"@context\":\"https:\\\/\\\/schema.org\",\"@graph\":[{\"@type\":\"Article\",\"@id\":\"https:\\\/\\\/www.charles-de-flahaut.fr\\\/wordpress\\\/histoire-et-patrimoine-de-brindas-rhone\\\/#article\",\"isPartOf\":{\"@id\":\"https:\\\/\\\/www.charles-de-flahaut.fr\\\/wordpress\\\/histoire-et-patrimoine-de-brindas-rhone\\\/\"},\"author\":{\"name\":\"administrateur\",\"@id\":\"https:\\\/\\\/www.charles-de-flahaut.fr\\\/wordpress\\\/#\\\/schema\\\/person\\\/41c41eaf9ae1d70810ff74a04a786c56\"},\"headline\":\"Histoire et patrimoine de Brindas (Rh\u00f4ne)\",\"datePublished\":\"2015-11-02T08:33:17+00:00\",\"dateModified\":\"2019-11-07T19:28:14+00:00\",\"mainEntityOfPage\":{\"@id\":\"https:\\\/\\\/www.charles-de-flahaut.fr\\\/wordpress\\\/histoire-et-patrimoine-de-brindas-rhone\\\/\"},\"wordCount\":110,\"commentCount\":0,\"publisher\":{\"@id\":\"https:\\\/\\\/www.charles-de-flahaut.fr\\\/wordpress\\\/#\\\/schema\\\/person\\\/81011c8b61bc74c05499365a506d49a9\"},\"image\":{\"@id\":\"https:\\\/\\\/www.charles-de-flahaut.fr\\\/wordpress\\\/histoire-et-patrimoine-de-brindas-rhone\\\/#primaryimage\"},\"thumbnailUrl\":\"http:\\\/\\\/www.charles-de-flahaut.fr\\\/wordpress\\\/wp-content\\\/uploads\\\/2015\\\/11\\\/brindas69.jpg\",\"articleSection\":[\"69 - Rh\u00f4ne\",\"histoire locale\",\"patrimoine\"],\"inLanguage\":\"fr-FR\",\"potentialAction\":[{\"@type\":\"CommentAction\",\"name\":\"Comment\",\"target\":[\"https:\\\/\\\/www.charles-de-flahaut.fr\\\/wordpress\\\/histoire-et-patrimoine-de-brindas-rhone\\\/#respond\"]}]},{\"@type\":\"WebPage\",\"@id\":\"https:\\\/\\\/www.charles-de-flahaut.fr\\\/wordpress\\\/histoire-et-patrimoine-de-brindas-rhone\\\/\",\"url\":\"https:\\\/\\\/www.charles-de-flahaut.fr\\\/wordpress\\\/histoire-et-patrimoine-de-brindas-rhone\\\/\",\"name\":\"Histoire et patrimoine de Brindas (Rh\u00f4ne) - Histoire de France - Communiqu\u00e9s\",\"isPartOf\":{\"@id\":\"https:\\\/\\\/www.charles-de-flahaut.fr\\\/wordpress\\\/#website\"},\"primaryImageOfPage\":{\"@id\":\"https:\\\/\\\/www.charles-de-flahaut.fr\\\/wordpress\\\/histoire-et-patrimoine-de-brindas-rhone\\\/#primaryimage\"},\"image\":{\"@id\":\"https:\\\/\\\/www.charles-de-flahaut.fr\\\/wordpress\\\/histoire-et-patrimoine-de-brindas-rhone\\\/#primaryimage\"},\"thumbnailUrl\":\"http:\\\/\\\/www.charles-de-flahaut.fr\\\/wordpress\\\/wp-content\\\/uploads\\\/2015\\\/11\\\/brindas69.jpg\",\"datePublished\":\"2015-11-02T08:33:17+00:00\",\"dateModified\":\"2019-11-07T19:28:14+00:00\",\"breadcrumb\":{\"@id\":\"https:\\\/\\\/www.charles-de-flahaut.fr\\\/wordpress\\\/histoire-et-patrimoine-de-brindas-rhone\\\/#breadcrumb\"},\"inLanguage\":\"fr-FR\",\"potentialAction\":[{\"@type\":\"ReadAction\",\"target\":[\"https:\\\/\\\/www.charles-de-flahaut.fr\\\/wordpress\\\/histoire-et-patrimoine-de-brindas-rhone\\\/\"]}]},{\"@type\":\"ImageObject\",\"inLanguage\":\"fr-FR\",\"@id\":\"https:\\\/\\\/www.charles-de-flahaut.fr\\\/wordpress\\\/histoire-et-patrimoine-de-brindas-rhone\\\/#primaryimage\",\"url\":\"http:\\\/\\\/www.charles-de-flahaut.fr\\\/wordpress\\\/wp-content\\\/uploads\\\/2015\\\/11\\\/brindas69.jpg\",\"contentUrl\":\"http:\\\/\\\/www.charles-de-flahaut.fr\\\/wordpress\\\/wp-content\\\/uploads\\\/2015\\\/11\\\/brindas69.jpg\"},{\"@type\":\"BreadcrumbList\",\"@id\":\"https:\\\/\\\/www.charles-de-flahaut.fr\\\/wordpress\\\/histoire-et-patrimoine-de-brindas-rhone\\\/#breadcrumb\",\"itemListElement\":[{\"@type\":\"ListItem\",\"position\":1,\"name\":\"Accueil\",\"item\":\"https:\\\/\\\/www.charles-de-flahaut.fr\\\/wordpress\\\/\"},{\"@type\":\"ListItem\",\"position\":2,\"name\":\"Histoire et patrimoine de Brindas (Rh\u00f4ne)\"}]},{\"@type\":\"WebSite\",\"@id\":\"https:\\\/\\\/www.charles-de-flahaut.fr\\\/wordpress\\\/#website\",\"url\":\"https:\\\/\\\/www.charles-de-flahaut.fr\\\/wordpress\\\/\",\"name\":\"Histoire de France - Communiqu\u00e9s\",\"description\":\"Histoire et patrimoine\",\"publisher\":{\"@id\":\"https:\\\/\\\/www.charles-de-flahaut.fr\\\/wordpress\\\/#\\\/schema\\\/person\\\/81011c8b61bc74c05499365a506d49a9\"},\"potentialAction\":[{\"@type\":\"SearchAction\",\"target\":{\"@type\":\"EntryPoint\",\"urlTemplate\":\"https:\\\/\\\/www.charles-de-flahaut.fr\\\/wordpress\\\/?s={search_term_string}\"},\"query-input\":{\"@type\":\"PropertyValueSpecification\",\"valueRequired\":true,\"valueName\":\"search_term_string\"}}],\"inLanguage\":\"fr-FR\"},{\"@type\":[\"Person\",\"Organization\"],\"@id\":\"https:\\\/\\\/www.charles-de-flahaut.fr\\\/wordpress\\\/#\\\/schema\\\/person\\\/81011c8b61bc74c05499365a506d49a9\",\"name\":\"administrateur\",\"logo\":{\"@id\":\"https:\\\/\\\/www.charles-de-flahaut.fr\\\/wordpress\\\/#\\\/schema\\\/person\\\/image\\\/\"},\"sameAs\":[\"http:\\\/\\\/www.charles-de-flahaut.fr\",\"https:\\\/\\\/www.facebook.com\\\/Sites.HistoiredeFrance\"]},{\"@type\":\"Person\",\"@id\":\"https:\\\/\\\/www.charles-de-flahaut.fr\\\/wordpress\\\/#\\\/schema\\\/person\\\/41c41eaf9ae1d70810ff74a04a786c56\",\"name\":\"administrateur\",\"url\":\"https:\\\/\\\/www.charles-de-flahaut.fr\\\/wordpress\\\/author\\\/hist_8la_ad\\\/\"}]}<\/script>\n<!-- \/ Yoast SEO plugin. -->","yoast_head_json":{"title":"Histoire et patrimoine de Brindas (Rh\u00f4ne) - Histoire de France - Communiqu\u00e9s","robots":{"index":"index","follow":"follow","max-snippet":"max-snippet:-1","max-image-preview":"max-image-preview:large","max-video-preview":"max-video-preview:-1"},"canonical":"https:\/\/www.charles-de-flahaut.fr\/wordpress\/histoire-et-patrimoine-de-brindas-rhone\/","og_locale":"fr_FR","og_type":"article","og_title":"Histoire et patrimoine de Brindas (Rh\u00f4ne) - Histoire de France - Communiqu\u00e9s","og_description":"Histoire et patrimoine de Brindas (Rh\u00f4ne) http:\/\/www.brindas.fr\/-Histoire-et-patrimoine-.html un site r\u00e9f\u00e9renc\u00e9 sur le nouvel&nbsp;&nbsp;Annuaire Historique des Communes de France La pr\u00e9sence av\u00e9r\u00e9e des celtes S\u00e9gusiaves dans les monts du lyonnais, le nom m\u00eame de Brindas, Briandas au moyen \u00e2ge, dont la racine Bri, signifie hauteur en celte, nous laisse penser que notre village a du \u00eatre &hellip; Lire la suite","og_url":"https:\/\/www.charles-de-flahaut.fr\/wordpress\/histoire-et-patrimoine-de-brindas-rhone\/","og_site_name":"Histoire de France - Communiqu\u00e9s","article_publisher":"https:\/\/www.facebook.com\/Sites.HistoiredeFrance","article_published_time":"2015-11-02T08:33:17+00:00","article_modified_time":"2019-11-07T19:28:14+00:00","og_image":[{"url":"http:\/\/www.charles-de-flahaut.fr\/wordpress\/wp-content\/uploads\/2015\/11\/brindas69.jpg","type":"","width":"","height":""}],"author":"administrateur","twitter_card":"summary_large_image","twitter_misc":{"\u00c9crit par":"administrateur","Dur\u00e9e de lecture estim\u00e9e":"1 minute"},"schema":{"@context":"https:\/\/schema.org","@graph":[{"@type":"Article","@id":"https:\/\/www.charles-de-flahaut.fr\/wordpress\/histoire-et-patrimoine-de-brindas-rhone\/#article","isPartOf":{"@id":"https:\/\/www.charles-de-flahaut.fr\/wordpress\/histoire-et-patrimoine-de-brindas-rhone\/"},"author":{"name":"administrateur","@id":"https:\/\/www.charles-de-flahaut.fr\/wordpress\/#\/schema\/person\/41c41eaf9ae1d70810ff74a04a786c56"},"headline":"Histoire et patrimoine de Brindas (Rh\u00f4ne)","datePublished":"2015-11-02T08:33:17+00:00","dateModified":"2019-11-07T19:28:14+00:00","mainEntityOfPage":{"@id":"https:\/\/www.charles-de-flahaut.fr\/wordpress\/histoire-et-patrimoine-de-brindas-rhone\/"},"wordCount":110,"commentCount":0,"publisher":{"@id":"https:\/\/www.charles-de-flahaut.fr\/wordpress\/#\/schema\/person\/81011c8b61bc74c05499365a506d49a9"},"image":{"@id":"https:\/\/www.charles-de-flahaut.fr\/wordpress\/histoire-et-patrimoine-de-brindas-rhone\/#primaryimage"},"thumbnailUrl":"http:\/\/www.charles-de-flahaut.fr\/wordpress\/wp-content\/uploads\/2015\/11\/brindas69.jpg","articleSection":["69 - Rh\u00f4ne","histoire locale","patrimoine"],"inLanguage":"fr-FR","potentialAction":[{"@type":"CommentAction","name":"Comment","target":["https:\/\/www.charles-de-flahaut.fr\/wordpress\/histoire-et-patrimoine-de-brindas-rhone\/#respond"]}]},{"@type":"WebPage","@id":"https:\/\/www.charles-de-flahaut.fr\/wordpress\/histoire-et-patrimoine-de-brindas-rhone\/","url":"https:\/\/www.charles-de-flahaut.fr\/wordpress\/histoire-et-patrimoine-de-brindas-rhone\/","name":"Histoire et patrimoine de Brindas (Rh\u00f4ne) - Histoire de France - Communiqu\u00e9s","isPartOf":{"@id":"https:\/\/www.charles-de-flahaut.fr\/wordpress\/#website"},"primaryImageOfPage":{"@id":"https:\/\/www.charles-de-flahaut.fr\/wordpress\/histoire-et-patrimoine-de-brindas-rhone\/#primaryimage"},"image":{"@id":"https:\/\/www.charles-de-flahaut.fr\/wordpress\/histoire-et-patrimoine-de-brindas-rhone\/#primaryimage"},"thumbnailUrl":"http:\/\/www.charles-de-flahaut.fr\/wordpress\/wp-content\/uploads\/2015\/11\/brindas69.jpg","datePublished":"2015-11-02T08:33:17+00:00","dateModified":"2019-11-07T19:28:14+00:00","breadcrumb":{"@id":"https:\/\/www.charles-de-flahaut.fr\/wordpress\/histoire-et-patrimoine-de-brindas-rhone\/#breadcrumb"},"inLanguage":"fr-FR","potentialAction":[{"@type":"ReadAction","target":["https:\/\/www.charles-de-flahaut.fr\/wordpress\/histoire-et-patrimoine-de-brindas-rhone\/"]}]},{"@type":"ImageObject","inLanguage":"fr-FR","@id":"https:\/\/www.charles-de-flahaut.fr\/wordpress\/histoire-et-patrimoine-de-brindas-rhone\/#primaryimage","url":"http:\/\/www.charles-de-flahaut.fr\/wordpress\/wp-content\/uploads\/2015\/11\/brindas69.jpg","contentUrl":"http:\/\/www.charles-de-flahaut.fr\/wordpress\/wp-content\/uploads\/2015\/11\/brindas69.jpg"},{"@type":"BreadcrumbList","@id":"https:\/\/www.charles-de-flahaut.fr\/wordpress\/histoire-et-patrimoine-de-brindas-rhone\/#breadcrumb","itemListElement":[{"@type":"ListItem","position":1,"name":"Accueil","item":"https:\/\/www.charles-de-flahaut.fr\/wordpress\/"},{"@type":"ListItem","position":2,"name":"Histoire et patrimoine de Brindas (Rh\u00f4ne)"}]},{"@type":"WebSite","@id":"https:\/\/www.charles-de-flahaut.fr\/wordpress\/#website","url":"https:\/\/www.charles-de-flahaut.fr\/wordpress\/","name":"Histoire de France - Communiqu\u00e9s","description":"Histoire et patrimoine","publisher":{"@id":"https:\/\/www.charles-de-flahaut.fr\/wordpress\/#\/schema\/person\/81011c8b61bc74c05499365a506d49a9"},"potentialAction":[{"@type":"SearchAction","target":{"@type":"EntryPoint","urlTemplate":"https:\/\/www.charles-de-flahaut.fr\/wordpress\/?s={search_term_string}"},"query-input":{"@type":"PropertyValueSpecification","valueRequired":true,"valueName":"search_term_string"}}],"inLanguage":"fr-FR"},{"@type":["Person","Organization"],"@id":"https:\/\/www.charles-de-flahaut.fr\/wordpress\/#\/schema\/person\/81011c8b61bc74c05499365a506d49a9","name":"administrateur","logo":{"@id":"https:\/\/www.charles-de-flahaut.fr\/wordpress\/#\/schema\/person\/image\/"},"sameAs":["http:\/\/www.charles-de-flahaut.fr","https:\/\/www.facebook.com\/Sites.HistoiredeFrance"]},{"@type":"Person","@id":"https:\/\/www.charles-de-flahaut.fr\/wordpress\/#\/schema\/person\/41c41eaf9ae1d70810ff74a04a786c56","name":"administrateur","url":"https:\/\/www.charles-de-flahaut.fr\/wordpress\/author\/hist_8la_ad\/"}]}},"views":305,"amp_enabled":true,"_links":{"self":[{"href":"https:\/\/www.charles-de-flahaut.fr\/wordpress\/wp-json\/wp\/v2\/posts\/16438","targetHints":{"allow":["GET"]}}],"collection":[{"href":"https:\/\/www.charles-de-flahaut.fr\/wordpress\/wp-json\/wp\/v2\/posts"}],"about":[{"href":"https:\/\/www.charles-de-flahaut.fr\/wordpress\/wp-json\/wp\/v2\/types\/post"}],"author":[{"embeddable":true,"href":"https:\/\/www.charles-de-flahaut.fr\/wordpress\/wp-json\/wp\/v2\/users\/117"}],"replies":[{"embeddable":true,"href":"https:\/\/www.charles-de-flahaut.fr\/wordpress\/wp-json\/wp\/v2\/comments?post=16438"}],"version-history":[{"count":4,"href":"https:\/\/www.charles-de-flahaut.fr\/wordpress\/wp-json\/wp\/v2\/posts\/16438\/revisions"}],"predecessor-version":[{"id":71261,"href":"https:\/\/www.charles-de-flahaut.fr\/wordpress\/wp-json\/wp\/v2\/posts\/16438\/revisions\/71261"}],"wp:attachment":[{"href":"https:\/\/www.charles-de-flahaut.fr\/wordpress\/wp-json\/wp\/v2\/media?parent=16438"}],"wp:term":[{"taxonomy":"category","embeddable":true,"href":"https:\/\/www.charles-de-flahaut.fr\/wordpress\/wp-json\/wp\/v2\/categories?post=16438"},{"taxonomy":"post_tag","embeddable":true,"href":"https:\/\/www.charles-de-flahaut.fr\/wordpress\/wp-json\/wp\/v2\/tags?post=16438"}],"curies":[{"name":"wp","href":"https:\/\/api.w.org\/{rel}","templated":true}]}}